{"id":388247,"date":"2026-02-25T19:05:02","date_gmt":"2026-02-25T22:05:02","guid":{"rendered":"https:\/\/portaltela.pt\/noticias\/2026\/02\/25\/chega-propoe-isencao-de-imi-para-zonas-afetadas-pelo-mau-tempo\/"},"modified":"2026-02-25T19:05:02","modified_gmt":"2026-02-25T22:05:02","slug":"chega-propoe-isencao-de-imi-para-zonas-afetadas-pelo-mau-tempo","status":"publish","type":"post","link":"https:\/\/portaltela.pt\/noticias\/2026\/02\/25\/chega-propoe-isencao-de-imi-para-zonas-afetadas-pelo-mau-tempo\/","title":{"rendered":"Chega prop\u00f5e isen\u00e7\u00e3o de IMI para zonas afetadas pelo mau tempo"},"content":{"rendered":"<p>A lideran\u00e7a do Chega pediu, nesta quarta-feira, a isen\u00e7\u00e3o prolongada de IMI para habita\u00e7\u00f5es e empresas localizadas nos munic\u00edpios afetados pelas intemp\u00e9ries. A proposta surgiu ap\u00f3s um encontro entre o partido e o Governo, na resid\u00eancia oficial do Primeiro-Ministro, em S\u00e3o Bento, para analisar as linhas gerais do programa PTRR.<\/p>\n<p>Andr\u00e9 Ventura defendeu que as zonas atingidas pelo mau tempo devem beneficiar de uma isen\u00e7\u00e3o de IMI, destacando que a medida seria uma forma de justi\u00e7a face aos danos causados. O l\u00edder do Chega sublinhou a necessidade de avan\u00e7ar rapidamente no tema e de delimitar quem seria abrangido pela medida.<\/p>\n<p>De acordo com o Chega, o Governo reconheceu a possibilidade de estudar a medida, desde que com crit\u00e9rios adicionais de delimita\u00e7\u00e3o. O partido comprometeu-se a apresentar nos pr\u00f3ximos dias propostas que identifiquem concretamente os benefici\u00e1rios.<\/p>\n<p>O tema, para al\u00e9m do IMI, envolve ainda preocupa\u00e7\u00f5es com o impacto financeiro local, j\u00e1 que o IMI depende de receitas municipais. O Chega admite que \u00e9 necess\u00e1rio avaliar efeitos na receita das autarquias e nas transfer\u00eancias nacionais antes de avan\u00e7ar.<\/p>\n<h3>Propostas e impacto<\/h3>\n<p>O Chega pretende tamb\u00e9m apresentar no Parlamento um pacote de apoio excecional \u00e0 agricultura, considerando a sobreviv\u00eancia do setor prim\u00e1rio. A expectativa passa ainda pela entrega de uma isen\u00e7\u00e3o de portagens at\u00e9 ao final do ano para as zonas afetadas.<\/p>\n<p>Sobre o or\u00e7amento retificativo, Ventura mencionou que o Governo entende n\u00e3o ser necess\u00e1rio neste momento, mantendo uma possibilidade de discuss\u00e3o futura entre as partes. O l\u00edder do Chega reiterou o apelo \u00e0 passagem de reformas estruturais, sem uso de exerc\u00edcios eleitorais como amea\u00e7a.<\/p>\n","protected":false},"excerpt":{"rendered":"<ul>\n<li>O l\u00edder do Chega, Andr\u00e9 Ventura, pediu uma isen\u00e7\u00e3o prolongada de Imposto Municipal sobre Im\u00f3veis (IMI) para casas e empresas nos munic\u00edpios afetados pelo mau tempo.<\/li>\n<li>O Governo admitiu a possibilidade de estudar a medida, desde que com crit\u00e9rios de delimita\u00e7\u00e3o dos benefici\u00e1rios.<\/li>\n<li>A proposta foi apresentada ap\u00f3s um encontro na resid\u00eancia oficial do primeiro-ministro, em S\u00e3o Bento, sobre as linhas gerais do Programa de Transforma\u00e7\u00e3o, Recupera\u00e7\u00e3o e Resili\u00eancia (PTRR).<\/li>\n<li>O Chega tamb\u00e9m prop\u00f5e um pacote de apoio excecional \u00e0 agricultura e uma isen\u00e7\u00e3o de portagens at\u00e9 ao final do ano nas zonas afetadas, avaliando o impacto nas receitas municipais.<\/li>\n<li>O Governo considerou que n\u00e3o \u00e9 necess\u00e1rio um or\u00e7amento retificativo no momento; v\u00e3o ocorrer novas conversas sobre a mat\u00e9ria.<\/li>\n<\/ul>\n","protected":false},"author":2,"featured_media":388250,"comment_status":"closed","ping_status":"closed","sticky":false,"template":"","format":"standard","meta":{"footnotes":""},"categories":[1],"tags":[6115,179,150,3613,2832,1994],"class_list":["post-388247","post","type-post","status-publish","format-standard","has-post-thumbnail","hentry","category-noticias","tag-_economia","tag-agricultura","tag-habitacao","tag-impostos","tag-politica","tag-portagens"],"yoast_head":"<!-- This site is optimized with the Yoast SEO plugin v27.2 - https:\/\/yoast.com\/product\/yoast-seo-wordpress\/ -->\n<title>Chega prop\u00f5e isen\u00e7\u00e3o de IMI para zonas afetadas pelo mau tempo - Portal Tela Portugal<\/title>\n<meta name=\"robots\" content=\"index, follow, max-snippet:-1, max-image-preview:large, max-video-preview:-1\" \/>\n<meta property=\"og:locale\" content=\"pt_PT\" \/>\n<meta property=\"og:type\" content=\"article\" \/>\n<meta property=\"og:title\" content=\"Chega prop\u00f5e isen\u00e7\u00e3o de IMI para zonas afetadas pelo mau tempo - Portal Tela Portugal\" \/>\n<meta property=\"og:description\" content=\"O l\u00edder do Chega, Andr\u00e9 Ventura, pediu uma isen\u00e7\u00e3o prolongada de Imposto Municipal sobre Im\u00f3veis (IMI) para casas e empresas nos munic\u00edpios afetados pelo mau tempo. O Governo admitiu a possibilidade de estudar a medida, desde que com crit\u00e9rios de delimita\u00e7\u00e3o dos benefici\u00e1rios. A proposta foi apresentada ap\u00f3s um encontro na resid\u00eancia oficial do primeiro-ministro, em S\u00e3o Bento, sobre as linhas gerais do Programa de Transforma\u00e7\u00e3o, Recupera\u00e7\u00e3o e Resili\u00eancia (PTRR). O Chega tamb\u00e9m prop\u00f5e um pacote de apoio excecional \u00e0 agricultura e uma isen\u00e7\u00e3o de portagens at\u00e9 ao final do ano nas zonas afetadas, avaliando o impacto nas receitas municipais. O Governo considerou que n\u00e3o \u00e9 necess\u00e1rio um or\u00e7amento retificativo no momento; v\u00e3o ocorrer novas conversas sobre a mat\u00e9ria.\" \/>\n<meta property=\"og:url\" content=\"https:\/\/portaltela.pt\/noticias\/2026\/02\/25\/chega-propoe-isencao-de-imi-para-zonas-afetadas-pelo-mau-tempo\/\" \/>\n<meta property=\"og:site_name\" content=\"Portal Tela Portugal\" \/>\n<meta property=\"article:published_time\" content=\"2026-02-25T22:05:02+00:00\" \/>\n<meta name=\"author\" content=\"Telinha\" \/>\n<meta name=\"twitter:card\" content=\"summary_large_image\" \/>\n<meta name=\"twitter:label1\" content=\"Escrito por\" \/>\n\t<meta name=\"twitter:data1\" content=\"Telinha\" \/>\n\t<meta name=\"twitter:label2\" content=\"Tempo estimado de leitura\" \/>\n\t<meta name=\"twitter:data2\" content=\"1 minuto\" \/>\n<script type=\"application\/ld+json\" class=\"yoast-schema-graph\">{\"@context\":\"https:\/\/schema.org\",\"@graph\":[{\"@type\":\"Article\",\"@id\":\"https:\/\/portaltela.pt\/noticias\/2026\/02\/25\/chega-propoe-isencao-de-imi-para-zonas-afetadas-pelo-mau-tempo\/#article\",\"isPartOf\":{\"@id\":\"https:\/\/portaltela.pt\/noticias\/2026\/02\/25\/chega-propoe-isencao-de-imi-para-zonas-afetadas-pelo-mau-tempo\/\"},\"author\":{\"name\":\"Telinha\",\"@id\":\"https:\/\/portaltela.pt\/#\/schema\/person\/c4278d4a6028830caff9ee44b42d32ed\"},\"headline\":\"Chega prop\u00f5e isen\u00e7\u00e3o de IMI para zonas afetadas pelo mau tempo\",\"datePublished\":\"2026-02-25T22:05:02+00:00\",\"mainEntityOfPage\":{\"@id\":\"https:\/\/portaltela.pt\/noticias\/2026\/02\/25\/chega-propoe-isencao-de-imi-para-zonas-afetadas-pelo-mau-tempo\/\"},\"wordCount\":304,\"image\":{\"@id\":\"https:\/\/portaltela.pt\/noticias\/2026\/02\/25\/chega-propoe-isencao-de-imi-para-zonas-afetadas-pelo-mau-tempo\/#primaryimage\"},\"thumbnailUrl\":\"https:\/\/portaltela.pt\/s.01k8rhncp4jt1\/2026\/02\/img_1280x721uu2026-02-20-20-24-39-2268043-1.jpg\",\"keywords\":[\"_economia\",\"agricultura\",\"habita\u00e7\u00e3o\",\"impostos\",\"pol\u00edtica\",\"portagens\"],\"articleSection\":[\"Not\u00edcias\"],\"inLanguage\":\"pt-PT\"},{\"@type\":\"WebPage\",\"@id\":\"https:\/\/portaltela.pt\/noticias\/2026\/02\/25\/chega-propoe-isencao-de-imi-para-zonas-afetadas-pelo-mau-tempo\/\",\"url\":\"https:\/\/portaltela.pt\/noticias\/2026\/02\/25\/chega-propoe-isencao-de-imi-para-zonas-afetadas-pelo-mau-tempo\/\",\"name\":\"Chega prop\u00f5e isen\u00e7\u00e3o de IMI para zonas afetadas pelo mau tempo - Portal Tela Portugal\",\"isPartOf\":{\"@id\":\"https:\/\/portaltela.pt\/#website\"},\"primaryImageOfPage\":{\"@id\":\"https:\/\/portaltela.pt\/noticias\/2026\/02\/25\/chega-propoe-isencao-de-imi-para-zonas-afetadas-pelo-mau-tempo\/#primaryimage\"},\"image\":{\"@id\":\"https:\/\/portaltela.pt\/noticias\/2026\/02\/25\/chega-propoe-isencao-de-imi-para-zonas-afetadas-pelo-mau-tempo\/#primaryimage\"},\"thumbnailUrl\":\"https:\/\/portaltela.pt\/s.01k8rhncp4jt1\/2026\/02\/img_1280x721uu2026-02-20-20-24-39-2268043-1.jpg\",\"datePublished\":\"2026-02-25T22:05:02+00:00\",\"author\":{\"@id\":\"https:\/\/portaltela.pt\/#\/schema\/person\/c4278d4a6028830caff9ee44b42d32ed\"},\"breadcrumb\":{\"@id\":\"https:\/\/portaltela.pt\/noticias\/2026\/02\/25\/chega-propoe-isencao-de-imi-para-zonas-afetadas-pelo-mau-tempo\/#breadcrumb\"},\"inLanguage\":\"pt-PT\",\"potentialAction\":[{\"@type\":\"ReadAction\",\"target\":[\"https:\/\/portaltela.pt\/noticias\/2026\/02\/25\/chega-propoe-isencao-de-imi-para-zonas-afetadas-pelo-mau-tempo\/\"]}]},{\"@type\":\"ImageObject\",\"inLanguage\":\"pt-PT\",\"@id\":\"https:\/\/portaltela.pt\/noticias\/2026\/02\/25\/chega-propoe-isencao-de-imi-para-zonas-afetadas-pelo-mau-tempo\/#primaryimage\",\"url\":\"https:\/\/portaltela.pt\/s.01k8rhncp4jt1\/2026\/02\/img_1280x721uu2026-02-20-20-24-39-2268043-1.jpg\",\"contentUrl\":\"https:\/\/portaltela.pt\/s.01k8rhncp4jt1\/2026\/02\/img_1280x721uu2026-02-20-20-24-39-2268043-1.jpg\",\"width\":796,\"height\":448,\"caption\":\"Andr\u00e9 Ventura\"},{\"@type\":\"BreadcrumbList\",\"@id\":\"https:\/\/portaltela.pt\/noticias\/2026\/02\/25\/chega-propoe-isencao-de-imi-para-zonas-afetadas-pelo-mau-tempo\/#breadcrumb\",\"itemListElement\":[{\"@type\":\"ListItem\",\"position\":1,\"name\":\"In\u00edcio\",\"item\":\"https:\/\/portaltela.pt\/\"},{\"@type\":\"ListItem\",\"position\":2,\"name\":\"Chega prop\u00f5e isen\u00e7\u00e3o de IMI para zonas afetadas pelo mau tempo\"}]},{\"@type\":\"WebSite\",\"@id\":\"https:\/\/portaltela.pt\/#website\",\"url\":\"https:\/\/portaltela.pt\/\",\"name\":\"Portal Tela Portugal\",\"description\":\"\",\"potentialAction\":[{\"@type\":\"SearchAction\",\"target\":{\"@type\":\"EntryPoint\",\"urlTemplate\":\"https:\/\/portaltela.pt\/?s={search_term_string}\"},\"query-input\":{\"@type\":\"PropertyValueSpecification\",\"valueRequired\":true,\"valueName\":\"search_term_string\"}}],\"inLanguage\":\"pt-PT\"},{\"@type\":\"Person\",\"@id\":\"https:\/\/portaltela.pt\/#\/schema\/person\/c4278d4a6028830caff9ee44b42d32ed\",\"name\":\"Telinha\",\"image\":{\"@type\":\"ImageObject\",\"inLanguage\":\"pt-PT\",\"@id\":\"https:\/\/portaltela.pt\/s.01k8rhncp4jt1\/2025\/11\/talking-bot-125x125.png\",\"url\":\"https:\/\/portaltela.pt\/s.01k8rhncp4jt1\/2025\/11\/talking-bot-125x125.png\",\"contentUrl\":\"https:\/\/portaltela.pt\/s.01k8rhncp4jt1\/2025\/11\/talking-bot-125x125.png\",\"caption\":\"Telinha\"},\"sameAs\":[\"https:\/\/portaltela.pt\/\"],\"url\":\"https:\/\/portaltela.pt\/por\/367410592786\/\"}]}<\/script>\n<!-- \/ Yoast SEO plugin. -->","yoast_head_json":{"title":"Chega prop\u00f5e isen\u00e7\u00e3o de IMI para zonas afetadas pelo mau tempo - Portal Tela Portugal","robots":{"index":"index","follow":"follow","max-snippet":"max-snippet:-1","max-image-preview":"max-image-preview:large","max-video-preview":"max-video-preview:-1"},"og_locale":"pt_PT","og_type":"article","og_title":"Chega prop\u00f5e isen\u00e7\u00e3o de IMI para zonas afetadas pelo mau tempo - Portal Tela Portugal","og_description":"O l\u00edder do Chega, Andr\u00e9 Ventura, pediu uma isen\u00e7\u00e3o prolongada de Imposto Municipal sobre Im\u00f3veis (IMI) para casas e empresas nos munic\u00edpios afetados pelo mau tempo. O Governo admitiu a possibilidade de estudar a medida, desde que com crit\u00e9rios de delimita\u00e7\u00e3o dos benefici\u00e1rios. A proposta foi apresentada ap\u00f3s um encontro na resid\u00eancia oficial do primeiro-ministro, em S\u00e3o Bento, sobre as linhas gerais do Programa de Transforma\u00e7\u00e3o, Recupera\u00e7\u00e3o e Resili\u00eancia (PTRR). O Chega tamb\u00e9m prop\u00f5e um pacote de apoio excecional \u00e0 agricultura e uma isen\u00e7\u00e3o de portagens at\u00e9 ao final do ano nas zonas afetadas, avaliando o impacto nas receitas municipais. O Governo considerou que n\u00e3o \u00e9 necess\u00e1rio um or\u00e7amento retificativo no momento; v\u00e3o ocorrer novas conversas sobre a mat\u00e9ria.","og_url":"https:\/\/portaltela.pt\/noticias\/2026\/02\/25\/chega-propoe-isencao-de-imi-para-zonas-afetadas-pelo-mau-tempo\/","og_site_name":"Portal Tela Portugal","article_published_time":"2026-02-25T22:05:02+00:00","author":"Telinha","twitter_card":"summary_large_image","twitter_misc":{"Escrito por":"Telinha","Tempo estimado de leitura":"1 minuto"},"schema":{"@context":"https:\/\/schema.org","@graph":[{"@type":"Article","@id":"https:\/\/portaltela.pt\/noticias\/2026\/02\/25\/chega-propoe-isencao-de-imi-para-zonas-afetadas-pelo-mau-tempo\/#article","isPartOf":{"@id":"https:\/\/portaltela.pt\/noticias\/2026\/02\/25\/chega-propoe-isencao-de-imi-para-zonas-afetadas-pelo-mau-tempo\/"},"author":{"name":"Telinha","@id":"https:\/\/portaltela.pt\/#\/schema\/person\/c4278d4a6028830caff9ee44b42d32ed"},"headline":"Chega prop\u00f5e isen\u00e7\u00e3o de IMI para zonas afetadas pelo mau tempo","datePublished":"2026-02-25T22:05:02+00:00","mainEntityOfPage":{"@id":"https:\/\/portaltela.pt\/noticias\/2026\/02\/25\/chega-propoe-isencao-de-imi-para-zonas-afetadas-pelo-mau-tempo\/"},"wordCount":304,"image":{"@id":"https:\/\/portaltela.pt\/noticias\/2026\/02\/25\/chega-propoe-isencao-de-imi-para-zonas-afetadas-pelo-mau-tempo\/#primaryimage"},"thumbnailUrl":"https:\/\/portaltela.pt\/s.01k8rhncp4jt1\/2026\/02\/img_1280x721uu2026-02-20-20-24-39-2268043-1.jpg","keywords":["_economia","agricultura","habita\u00e7\u00e3o","impostos","pol\u00edtica","portagens"],"articleSection":["Not\u00edcias"],"inLanguage":"pt-PT"},{"@type":"WebPage","@id":"https:\/\/portaltela.pt\/noticias\/2026\/02\/25\/chega-propoe-isencao-de-imi-para-zonas-afetadas-pelo-mau-tempo\/","url":"https:\/\/portaltela.pt\/noticias\/2026\/02\/25\/chega-propoe-isencao-de-imi-para-zonas-afetadas-pelo-mau-tempo\/","name":"Chega prop\u00f5e isen\u00e7\u00e3o de IMI para zonas afetadas pelo mau tempo - Portal Tela Portugal","isPartOf":{"@id":"https:\/\/portaltela.pt\/#website"},"primaryImageOfPage":{"@id":"https:\/\/portaltela.pt\/noticias\/2026\/02\/25\/chega-propoe-isencao-de-imi-para-zonas-afetadas-pelo-mau-tempo\/#primaryimage"},"image":{"@id":"https:\/\/portaltela.pt\/noticias\/2026\/02\/25\/chega-propoe-isencao-de-imi-para-zonas-afetadas-pelo-mau-tempo\/#primaryimage"},"thumbnailUrl":"https:\/\/portaltela.pt\/s.01k8rhncp4jt1\/2026\/02\/img_1280x721uu2026-02-20-20-24-39-2268043-1.jpg","datePublished":"2026-02-25T22:05:02+00:00","author":{"@id":"https:\/\/portaltela.pt\/#\/schema\/person\/c4278d4a6028830caff9ee44b42d32ed"},"breadcrumb":{"@id":"https:\/\/portaltela.pt\/noticias\/2026\/02\/25\/chega-propoe-isencao-de-imi-para-zonas-afetadas-pelo-mau-tempo\/#breadcrumb"},"inLanguage":"pt-PT","potentialAction":[{"@type":"ReadAction","target":["https:\/\/portaltela.pt\/noticias\/2026\/02\/25\/chega-propoe-isencao-de-imi-para-zonas-afetadas-pelo-mau-tempo\/"]}]},{"@type":"ImageObject","inLanguage":"pt-PT","@id":"https:\/\/portaltela.pt\/noticias\/2026\/02\/25\/chega-propoe-isencao-de-imi-para-zonas-afetadas-pelo-mau-tempo\/#primaryimage","url":"https:\/\/portaltela.pt\/s.01k8rhncp4jt1\/2026\/02\/img_1280x721uu2026-02-20-20-24-39-2268043-1.jpg","contentUrl":"https:\/\/portaltela.pt\/s.01k8rhncp4jt1\/2026\/02\/img_1280x721uu2026-02-20-20-24-39-2268043-1.jpg","width":796,"height":448,"caption":"Andr\u00e9 Ventura"},{"@type":"BreadcrumbList","@id":"https:\/\/portaltela.pt\/noticias\/2026\/02\/25\/chega-propoe-isencao-de-imi-para-zonas-afetadas-pelo-mau-tempo\/#breadcrumb","itemListElement":[{"@type":"ListItem","position":1,"name":"In\u00edcio","item":"https:\/\/portaltela.pt\/"},{"@type":"ListItem","position":2,"name":"Chega prop\u00f5e isen\u00e7\u00e3o de IMI para zonas afetadas pelo mau tempo"}]},{"@type":"WebSite","@id":"https:\/\/portaltela.pt\/#website","url":"https:\/\/portaltela.pt\/","name":"Portal Tela Portugal","description":"","potentialAction":[{"@type":"SearchAction","target":{"@type":"EntryPoint","urlTemplate":"https:\/\/portaltela.pt\/?s={search_term_string}"},"query-input":{"@type":"PropertyValueSpecification","valueRequired":true,"valueName":"search_term_string"}}],"inLanguage":"pt-PT"},{"@type":"Person","@id":"https:\/\/portaltela.pt\/#\/schema\/person\/c4278d4a6028830caff9ee44b42d32ed","name":"Telinha","image":{"@type":"ImageObject","inLanguage":"pt-PT","@id":"https:\/\/portaltela.pt\/s.01k8rhncp4jt1\/2025\/11\/talking-bot-125x125.png","url":"https:\/\/portaltela.pt\/s.01k8rhncp4jt1\/2025\/11\/talking-bot-125x125.png","contentUrl":"https:\/\/portaltela.pt\/s.01k8rhncp4jt1\/2025\/11\/talking-bot-125x125.png","caption":"Telinha"},"sameAs":["https:\/\/portaltela.pt\/"],"url":"https:\/\/portaltela.pt\/por\/367410592786\/"}]}},"_links":{"self":[{"href":"https:\/\/portaltela.pt\/api\/wp\/v2\/posts\/388247","targetHints":{"allow":["GET"]}}],"collection":[{"href":"https:\/\/portaltela.pt\/api\/wp\/v2\/posts"}],"about":[{"href":"https:\/\/portaltela.pt\/api\/wp\/v2\/types\/post"}],"author":[{"embeddable":true,"href":"https:\/\/portaltela.pt\/api\/wp\/v2\/users\/2"}],"replies":[{"embeddable":true,"href":"https:\/\/portaltela.pt\/api\/wp\/v2\/comments?post=388247"}],"version-history":[{"count":0,"href":"https:\/\/portaltela.pt\/api\/wp\/v2\/posts\/388247\/revisions"}],"wp:featuredmedia":[{"embeddable":true,"href":"https:\/\/portaltela.pt\/api\/wp\/v2\/media\/388250"}],"wp:attachment":[{"href":"https:\/\/portaltela.pt\/api\/wp\/v2\/media?parent=388247"}],"wp:term":[{"taxonomy":"category","embeddable":true,"href":"https:\/\/portaltela.pt\/api\/wp\/v2\/categories?post=388247"},{"taxonomy":"post_tag","embeddable":true,"href":"https:\/\/portaltela.pt\/api\/wp\/v2\/tags?post=388247"}],"curies":[{"name":"wp","href":"https:\/\/api.w.org\/{rel}","templated":true}]}}