{"id":388242,"date":"2026-02-25T19:01:20","date_gmt":"2026-02-25T22:01:20","guid":{"rendered":"https:\/\/portaltela.pt\/noticias\/2026\/02\/25\/conselho-de-ministros-aprova-alargamento-de-apoios-nacionais-por-tempestades\/"},"modified":"2026-02-25T19:01:20","modified_gmt":"2026-02-25T22:01:20","slug":"conselho-de-ministros-aprova-alargamento-de-apoios-nacionais-por-tempestades","status":"publish","type":"post","link":"https:\/\/portaltela.pt\/noticias\/politica\/2026\/02\/25\/conselho-de-ministros-aprova-alargamento-de-apoios-nacionais-por-tempestades\/","title":{"rendered":"Conselho de Ministros aprova alargamento de apoios nacionais por tempestades"},"content":{"rendered":"<p>O Conselho de Ministros vai aprovar, na quinta-feira, o alargamento a todo o territ\u00f3rio nacional de apoios criados para munic\u00edpios em calamidade devido \u00e0s tempestades.<\/p>\n<p>A medida foi anunciada pelo primeiro-ministro Lu\u00eds Montenegro, ap\u00f3s reuni\u00f5es com todos os partidos na resid\u00eancia oficial de S\u00e3o Bento.<\/p>\n<p>Montenegro explicou que a extens\u00e3o n\u00e3o implica abranger cada concelho na totalidade, mas permitir que, em v\u00e1rias \u00e1reas, seja demonstrado um preju\u00edzo amplo o suficiente para aplicar as medidas excecionais.<\/p>\n<p>O Governo destaca a rapidez da resposta e afirma que as ajudas chegaram a fam\u00edlias e empresas, com procedimentos simplificados.<\/p>\n<p>Em Di\u00e1rio da Rep\u00fablica, um despacho confirma a amplia\u00e7\u00e3o: 22 concelhos acrescem aos 68 j\u00e1 abrangidos pela calamidade causada pela depress\u00e3o Kristin.<\/p>\n<p>A situa\u00e7\u00e3o de calamidade para 68 concelhos de Portugal continental terminou a 15 de fevereiro, mantendo-se a isen\u00e7\u00e3o de portagens nos territ\u00f3rios afetados.<\/p>\n<h3>Extens\u00e3o dos apoios<\/h3>\n<p>A decis\u00e3o de alargar as medidas a todo o territ\u00f3rio nacional visa cobrir \u00e1reas com preju\u00edzos significativos. A aplica\u00e7\u00e3o das medidas continuar\u00e1 a ser casu\u00edstica, avaliando-se caso a caso a necessidade de apoio.<\/p>\n<h3>Contexto e n\u00fameros<\/h3>\n<p>Originalmente, a calamidade foi decretada a 29 de janeiro e prorrogada. O despacho de hoje eleva o quadro de munic\u00edpios contemplados para 90. O Governo mant\u00e9m a monitoriza\u00e7\u00e3o dos impactos e a avalia\u00e7\u00e3o de novos apoios conforme evolu\u00e7\u00e3o da situa\u00e7\u00e3o.<\/p>\n","protected":false},"excerpt":{"rendered":"<ul>\n<li>O Conselho de Ministros vai aprovar, na quinta-feira, o alargamento a todo o territ\u00f3rio nacional de apoios j\u00e1 criados para munic\u00edpios em situa\u00e7\u00e3o de calamidade devido \u00e0s tempestades.<\/li>\n<li>A situa\u00e7\u00e3o de calamidade para 68 concelhos de Portugal continental terminou a 15 de fevereiro, mantendo a isen\u00e7\u00e3o de portagens nos territ\u00f3rios afetados.<\/li>\n<li>Um despacho publicado hoje acrescentou 22 concelhos aos 68, mantendo os mesmos apoios aplic\u00e1veis nos territ\u00f3rios atingidos.<\/li>\n<li>O Governo admite que os apoios podem ser aplicados a uma casa, a um bairro, a uma empresa, a uma zona industrial ou a v\u00e1rias freguesias, desde que haja preju\u00edzos suficientemente extensos.<\/li>\n<li>O primeiro-ministro, Lu\u00eds Montenegro, destacou a rapidez e a simplifica\u00e7\u00e3o dos procedimentos, recordando que houve 18 mortes e centenas de desalojados.<\/li>\n<\/ul>\n","protected":false},"author":2,"featured_media":388248,"comment_status":"closed","ping_status":"closed","sticky":false,"template":"","format":"standard","meta":{"footnotes":""},"categories":[1,5],"tags":[1211,4687,4966,34,2093,1014],"class_list":["post-388242","post","type-post","status-publish","format-standard","has-post-thumbnail","hentry","category-noticias","category-politica","tag-apoio-social","tag-calamidade-publica","tag-calamidades","tag-governo","tag-municipios","tag-portugal"],"yoast_head":"<!-- This site is optimized with the Yoast SEO plugin v27.2 - https:\/\/yoast.com\/product\/yoast-seo-wordpress\/ -->\n<title>Conselho de Ministros aprova alargamento de apoios nacionais por tempestades - Portal Tela Portugal<\/title>\n<meta name=\"robots\" content=\"index, follow, max-snippet:-1, max-image-preview:large, max-video-preview:-1\" \/>\n<meta property=\"og:locale\" content=\"pt_PT\" \/>\n<meta property=\"og:type\" content=\"article\" \/>\n<meta property=\"og:title\" content=\"Conselho de Ministros aprova alargamento de apoios nacionais por tempestades - Portal Tela Portugal\" \/>\n<meta property=\"og:description\" content=\"O Conselho de Ministros vai aprovar, na quinta-feira, o alargamento a todo o territ\u00f3rio nacional de apoios j\u00e1 criados para munic\u00edpios em situa\u00e7\u00e3o de calamidade devido \u00e0s tempestades. A situa\u00e7\u00e3o de calamidade para 68 concelhos de Portugal continental terminou a 15 de fevereiro, mantendo a isen\u00e7\u00e3o de portagens nos territ\u00f3rios afetados. Um despacho publicado hoje acrescentou 22 concelhos aos 68, mantendo os mesmos apoios aplic\u00e1veis nos territ\u00f3rios atingidos. O Governo admite que os apoios podem ser aplicados a uma casa, a um bairro, a uma empresa, a uma zona industrial ou a v\u00e1rias freguesias, desde que haja preju\u00edzos suficientemente extensos. O primeiro-ministro, Lu\u00eds Montenegro, destacou a rapidez e a simplifica\u00e7\u00e3o dos procedimentos, recordando que houve 18 mortes e centenas de desalojados.\" \/>\n<meta property=\"og:url\" content=\"https:\/\/portaltela.pt\/noticias\/2026\/02\/25\/conselho-de-ministros-aprova-alargamento-de-apoios-nacionais-por-tempestades\/\" \/>\n<meta property=\"og:site_name\" content=\"Portal Tela Portugal\" \/>\n<meta property=\"article:published_time\" content=\"2026-02-25T22:01:20+00:00\" \/>\n<meta name=\"author\" content=\"Telinha\" \/>\n<meta name=\"twitter:card\" content=\"summary_large_image\" \/>\n<meta name=\"twitter:label1\" content=\"Escrito por\" \/>\n\t<meta name=\"twitter:data1\" content=\"Telinha\" \/>\n\t<meta name=\"twitter:label2\" content=\"Tempo estimado de leitura\" \/>\n\t<meta name=\"twitter:data2\" content=\"1 minuto\" \/>\n<script type=\"application\/ld+json\" class=\"yoast-schema-graph\">{\"@context\":\"https:\/\/schema.org\",\"@graph\":[{\"@type\":\"Article\",\"@id\":\"https:\/\/portaltela.pt\/noticias\/2026\/02\/25\/conselho-de-ministros-aprova-alargamento-de-apoios-nacionais-por-tempestades\/#article\",\"isPartOf\":{\"@id\":\"https:\/\/portaltela.pt\/noticias\/2026\/02\/25\/conselho-de-ministros-aprova-alargamento-de-apoios-nacionais-por-tempestades\/\"},\"author\":{\"name\":\"Telinha\",\"@id\":\"https:\/\/portaltela.pt\/#\/schema\/person\/c4278d4a6028830caff9ee44b42d32ed\"},\"headline\":\"Conselho de Ministros aprova alargamento de apoios nacionais por tempestades\",\"datePublished\":\"2026-02-25T22:01:20+00:00\",\"mainEntityOfPage\":{\"@id\":\"https:\/\/portaltela.pt\/noticias\/2026\/02\/25\/conselho-de-ministros-aprova-alargamento-de-apoios-nacionais-por-tempestades\/\"},\"wordCount\":255,\"image\":{\"@id\":\"https:\/\/portaltela.pt\/noticias\/2026\/02\/25\/conselho-de-ministros-aprova-alargamento-de-apoios-nacionais-por-tempestades\/#primaryimage\"},\"thumbnailUrl\":\"https:\/\/portaltela.pt\/s.01k8rhncp4jt1\/2026\/02\/img_1280x721uu2026-02-20-17-03-57-2267975-1.jpg\",\"keywords\":[\"Apoio Social\",\"calamidade p\u00fablica\",\"calamidades\",\"governo\",\"munic\u00edpios\",\"Portugal\"],\"articleSection\":[\"Not\u00edcias\",\"Pol\u00edtica\"],\"inLanguage\":\"pt-PT\"},{\"@type\":\"WebPage\",\"@id\":\"https:\/\/portaltela.pt\/noticias\/2026\/02\/25\/conselho-de-ministros-aprova-alargamento-de-apoios-nacionais-por-tempestades\/\",\"url\":\"https:\/\/portaltela.pt\/noticias\/2026\/02\/25\/conselho-de-ministros-aprova-alargamento-de-apoios-nacionais-por-tempestades\/\",\"name\":\"Conselho de Ministros aprova alargamento de apoios nacionais por tempestades - Portal Tela Portugal\",\"isPartOf\":{\"@id\":\"https:\/\/portaltela.pt\/#website\"},\"primaryImageOfPage\":{\"@id\":\"https:\/\/portaltela.pt\/noticias\/2026\/02\/25\/conselho-de-ministros-aprova-alargamento-de-apoios-nacionais-por-tempestades\/#primaryimage\"},\"image\":{\"@id\":\"https:\/\/portaltela.pt\/noticias\/2026\/02\/25\/conselho-de-ministros-aprova-alargamento-de-apoios-nacionais-por-tempestades\/#primaryimage\"},\"thumbnailUrl\":\"https:\/\/portaltela.pt\/s.01k8rhncp4jt1\/2026\/02\/img_1280x721uu2026-02-20-17-03-57-2267975-1.jpg\",\"datePublished\":\"2026-02-25T22:01:20+00:00\",\"author\":{\"@id\":\"https:\/\/portaltela.pt\/#\/schema\/person\/c4278d4a6028830caff9ee44b42d32ed\"},\"breadcrumb\":{\"@id\":\"https:\/\/portaltela.pt\/noticias\/2026\/02\/25\/conselho-de-ministros-aprova-alargamento-de-apoios-nacionais-por-tempestades\/#breadcrumb\"},\"inLanguage\":\"pt-PT\",\"potentialAction\":[{\"@type\":\"ReadAction\",\"target\":[\"https:\/\/portaltela.pt\/noticias\/2026\/02\/25\/conselho-de-ministros-aprova-alargamento-de-apoios-nacionais-por-tempestades\/\"]}]},{\"@type\":\"ImageObject\",\"inLanguage\":\"pt-PT\",\"@id\":\"https:\/\/portaltela.pt\/noticias\/2026\/02\/25\/conselho-de-ministros-aprova-alargamento-de-apoios-nacionais-por-tempestades\/#primaryimage\",\"url\":\"https:\/\/portaltela.pt\/s.01k8rhncp4jt1\/2026\/02\/img_1280x721uu2026-02-20-17-03-57-2267975-1.jpg\",\"contentUrl\":\"https:\/\/portaltela.pt\/s.01k8rhncp4jt1\/2026\/02\/img_1280x721uu2026-02-20-17-03-57-2267975-1.jpg\",\"width\":796,\"height\":448,\"caption\":\"Lu\u00eds Montenegro\"},{\"@type\":\"BreadcrumbList\",\"@id\":\"https:\/\/portaltela.pt\/noticias\/2026\/02\/25\/conselho-de-ministros-aprova-alargamento-de-apoios-nacionais-por-tempestades\/#breadcrumb\",\"itemListElement\":[{\"@type\":\"ListItem\",\"position\":1,\"name\":\"In\u00edcio\",\"item\":\"https:\/\/portaltela.pt\/\"},{\"@type\":\"ListItem\",\"position\":2,\"name\":\"Conselho de Ministros aprova alargamento de apoios nacionais por tempestades\"}]},{\"@type\":\"WebSite\",\"@id\":\"https:\/\/portaltela.pt\/#website\",\"url\":\"https:\/\/portaltela.pt\/\",\"name\":\"Portal Tela Portugal\",\"description\":\"\",\"potentialAction\":[{\"@type\":\"SearchAction\",\"target\":{\"@type\":\"EntryPoint\",\"urlTemplate\":\"https:\/\/portaltela.pt\/?s={search_term_string}\"},\"query-input\":{\"@type\":\"PropertyValueSpecification\",\"valueRequired\":true,\"valueName\":\"search_term_string\"}}],\"inLanguage\":\"pt-PT\"},{\"@type\":\"Person\",\"@id\":\"https:\/\/portaltela.pt\/#\/schema\/person\/c4278d4a6028830caff9ee44b42d32ed\",\"name\":\"Telinha\",\"image\":{\"@type\":\"ImageObject\",\"inLanguage\":\"pt-PT\",\"@id\":\"https:\/\/portaltela.pt\/s.01k8rhncp4jt1\/2025\/11\/talking-bot-125x125.png\",\"url\":\"https:\/\/portaltela.pt\/s.01k8rhncp4jt1\/2025\/11\/talking-bot-125x125.png\",\"contentUrl\":\"https:\/\/portaltela.pt\/s.01k8rhncp4jt1\/2025\/11\/talking-bot-125x125.png\",\"caption\":\"Telinha\"},\"sameAs\":[\"https:\/\/portaltela.pt\/\"],\"url\":\"https:\/\/portaltela.pt\/por\/367410592786\/\"}]}<\/script>\n<!-- \/ Yoast SEO plugin. -->","yoast_head_json":{"title":"Conselho de Ministros aprova alargamento de apoios nacionais por tempestades - Portal Tela Portugal","robots":{"index":"index","follow":"follow","max-snippet":"max-snippet:-1","max-image-preview":"max-image-preview:large","max-video-preview":"max-video-preview:-1"},"og_locale":"pt_PT","og_type":"article","og_title":"Conselho de Ministros aprova alargamento de apoios nacionais por tempestades - Portal Tela Portugal","og_description":"O Conselho de Ministros vai aprovar, na quinta-feira, o alargamento a todo o territ\u00f3rio nacional de apoios j\u00e1 criados para munic\u00edpios em situa\u00e7\u00e3o de calamidade devido \u00e0s tempestades. A situa\u00e7\u00e3o de calamidade para 68 concelhos de Portugal continental terminou a 15 de fevereiro, mantendo a isen\u00e7\u00e3o de portagens nos territ\u00f3rios afetados. Um despacho publicado hoje acrescentou 22 concelhos aos 68, mantendo os mesmos apoios aplic\u00e1veis nos territ\u00f3rios atingidos. O Governo admite que os apoios podem ser aplicados a uma casa, a um bairro, a uma empresa, a uma zona industrial ou a v\u00e1rias freguesias, desde que haja preju\u00edzos suficientemente extensos. O primeiro-ministro, Lu\u00eds Montenegro, destacou a rapidez e a simplifica\u00e7\u00e3o dos procedimentos, recordando que houve 18 mortes e centenas de desalojados.","og_url":"https:\/\/portaltela.pt\/noticias\/2026\/02\/25\/conselho-de-ministros-aprova-alargamento-de-apoios-nacionais-por-tempestades\/","og_site_name":"Portal Tela Portugal","article_published_time":"2026-02-25T22:01:20+00:00","author":"Telinha","twitter_card":"summary_large_image","twitter_misc":{"Escrito por":"Telinha","Tempo estimado de leitura":"1 minuto"},"schema":{"@context":"https:\/\/schema.org","@graph":[{"@type":"Article","@id":"https:\/\/portaltela.pt\/noticias\/2026\/02\/25\/conselho-de-ministros-aprova-alargamento-de-apoios-nacionais-por-tempestades\/#article","isPartOf":{"@id":"https:\/\/portaltela.pt\/noticias\/2026\/02\/25\/conselho-de-ministros-aprova-alargamento-de-apoios-nacionais-por-tempestades\/"},"author":{"name":"Telinha","@id":"https:\/\/portaltela.pt\/#\/schema\/person\/c4278d4a6028830caff9ee44b42d32ed"},"headline":"Conselho de Ministros aprova alargamento de apoios nacionais por tempestades","datePublished":"2026-02-25T22:01:20+00:00","mainEntityOfPage":{"@id":"https:\/\/portaltela.pt\/noticias\/2026\/02\/25\/conselho-de-ministros-aprova-alargamento-de-apoios-nacionais-por-tempestades\/"},"wordCount":255,"image":{"@id":"https:\/\/portaltela.pt\/noticias\/2026\/02\/25\/conselho-de-ministros-aprova-alargamento-de-apoios-nacionais-por-tempestades\/#primaryimage"},"thumbnailUrl":"https:\/\/portaltela.pt\/s.01k8rhncp4jt1\/2026\/02\/img_1280x721uu2026-02-20-17-03-57-2267975-1.jpg","keywords":["Apoio Social","calamidade p\u00fablica","calamidades","governo","munic\u00edpios","Portugal"],"articleSection":["Not\u00edcias","Pol\u00edtica"],"inLanguage":"pt-PT"},{"@type":"WebPage","@id":"https:\/\/portaltela.pt\/noticias\/2026\/02\/25\/conselho-de-ministros-aprova-alargamento-de-apoios-nacionais-por-tempestades\/","url":"https:\/\/portaltela.pt\/noticias\/2026\/02\/25\/conselho-de-ministros-aprova-alargamento-de-apoios-nacionais-por-tempestades\/","name":"Conselho de Ministros aprova alargamento de apoios nacionais por tempestades - Portal Tela Portugal","isPartOf":{"@id":"https:\/\/portaltela.pt\/#website"},"primaryImageOfPage":{"@id":"https:\/\/portaltela.pt\/noticias\/2026\/02\/25\/conselho-de-ministros-aprova-alargamento-de-apoios-nacionais-por-tempestades\/#primaryimage"},"image":{"@id":"https:\/\/portaltela.pt\/noticias\/2026\/02\/25\/conselho-de-ministros-aprova-alargamento-de-apoios-nacionais-por-tempestades\/#primaryimage"},"thumbnailUrl":"https:\/\/portaltela.pt\/s.01k8rhncp4jt1\/2026\/02\/img_1280x721uu2026-02-20-17-03-57-2267975-1.jpg","datePublished":"2026-02-25T22:01:20+00:00","author":{"@id":"https:\/\/portaltela.pt\/#\/schema\/person\/c4278d4a6028830caff9ee44b42d32ed"},"breadcrumb":{"@id":"https:\/\/portaltela.pt\/noticias\/2026\/02\/25\/conselho-de-ministros-aprova-alargamento-de-apoios-nacionais-por-tempestades\/#breadcrumb"},"inLanguage":"pt-PT","potentialAction":[{"@type":"ReadAction","target":["https:\/\/portaltela.pt\/noticias\/2026\/02\/25\/conselho-de-ministros-aprova-alargamento-de-apoios-nacionais-por-tempestades\/"]}]},{"@type":"ImageObject","inLanguage":"pt-PT","@id":"https:\/\/portaltela.pt\/noticias\/2026\/02\/25\/conselho-de-ministros-aprova-alargamento-de-apoios-nacionais-por-tempestades\/#primaryimage","url":"https:\/\/portaltela.pt\/s.01k8rhncp4jt1\/2026\/02\/img_1280x721uu2026-02-20-17-03-57-2267975-1.jpg","contentUrl":"https:\/\/portaltela.pt\/s.01k8rhncp4jt1\/2026\/02\/img_1280x721uu2026-02-20-17-03-57-2267975-1.jpg","width":796,"height":448,"caption":"Lu\u00eds Montenegro"},{"@type":"BreadcrumbList","@id":"https:\/\/portaltela.pt\/noticias\/2026\/02\/25\/conselho-de-ministros-aprova-alargamento-de-apoios-nacionais-por-tempestades\/#breadcrumb","itemListElement":[{"@type":"ListItem","position":1,"name":"In\u00edcio","item":"https:\/\/portaltela.pt\/"},{"@type":"ListItem","position":2,"name":"Conselho de Ministros aprova alargamento de apoios nacionais por tempestades"}]},{"@type":"WebSite","@id":"https:\/\/portaltela.pt\/#website","url":"https:\/\/portaltela.pt\/","name":"Portal Tela Portugal","description":"","potentialAction":[{"@type":"SearchAction","target":{"@type":"EntryPoint","urlTemplate":"https:\/\/portaltela.pt\/?s={search_term_string}"},"query-input":{"@type":"PropertyValueSpecification","valueRequired":true,"valueName":"search_term_string"}}],"inLanguage":"pt-PT"},{"@type":"Person","@id":"https:\/\/portaltela.pt\/#\/schema\/person\/c4278d4a6028830caff9ee44b42d32ed","name":"Telinha","image":{"@type":"ImageObject","inLanguage":"pt-PT","@id":"https:\/\/portaltela.pt\/s.01k8rhncp4jt1\/2025\/11\/talking-bot-125x125.png","url":"https:\/\/portaltela.pt\/s.01k8rhncp4jt1\/2025\/11\/talking-bot-125x125.png","contentUrl":"https:\/\/portaltela.pt\/s.01k8rhncp4jt1\/2025\/11\/talking-bot-125x125.png","caption":"Telinha"},"sameAs":["https:\/\/portaltela.pt\/"],"url":"https:\/\/portaltela.pt\/por\/367410592786\/"}]}},"_links":{"self":[{"href":"https:\/\/portaltela.pt\/api\/wp\/v2\/posts\/388242","targetHints":{"allow":["GET"]}}],"collection":[{"href":"https:\/\/portaltela.pt\/api\/wp\/v2\/posts"}],"about":[{"href":"https:\/\/portaltela.pt\/api\/wp\/v2\/types\/post"}],"author":[{"embeddable":true,"href":"https:\/\/portaltela.pt\/api\/wp\/v2\/users\/2"}],"replies":[{"embeddable":true,"href":"https:\/\/portaltela.pt\/api\/wp\/v2\/comments?post=388242"}],"version-history":[{"count":0,"href":"https:\/\/portaltela.pt\/api\/wp\/v2\/posts\/388242\/revisions"}],"wp:featuredmedia":[{"embeddable":true,"href":"https:\/\/portaltela.pt\/api\/wp\/v2\/media\/388248"}],"wp:attachment":[{"href":"https:\/\/portaltela.pt\/api\/wp\/v2\/media?parent=388242"}],"wp:term":[{"taxonomy":"category","embeddable":true,"href":"https:\/\/portaltela.pt\/api\/wp\/v2\/categories?post=388242"},{"taxonomy":"post_tag","embeddable":true,"href":"https:\/\/portaltela.pt\/api\/wp\/v2\/tags?post=388242"}],"curies":[{"name":"wp","href":"https:\/\/api.w.org\/{rel}","templated":true}]}}