{"id":388225,"date":"2026-02-25T18:49:19","date_gmt":"2026-02-25T21:49:19","guid":{"rendered":"https:\/\/portaltela.pt\/noticias\/2026\/02\/25\/moussa-camara-renova-com-o-mafra-ate-2031\/"},"modified":"2026-02-25T18:49:19","modified_gmt":"2026-02-25T21:49:19","slug":"moussa-camara-renova-com-o-mafra-ate-2031","status":"publish","type":"post","link":"https:\/\/portaltela.pt\/desporto\/futebol\/2026\/02\/25\/moussa-camara-renova-com-o-mafra-ate-2031\/","title":{"rendered":"Moussa Camar\u00e1 renova com o Mafra at\u00e9 2031"},"content":{"rendered":"<p>O Mafra anunciou a renova\u00e7\u00e3o do contrato com o defesa-central Moussa Camar\u00e1 at\u00e9 2031. O maliano, de 21 anos, chegou ao clube em 2024 e a op\u00e7\u00e3o de compra foi acionada no ver\u00e3o passado, mantendo o jogador em a\u00e7\u00e3o por mais duas \u00e9pocas.<\/p>\n<p>A renova\u00e7\u00e3o estende o v\u00ednculo por mais dois anos, ap\u00f3s a assinatura inicial at\u00e9 2029. Camar\u00e1 tem vindo a afirmar-se como uma pe\u00e7a consistente da defesa do Mafra.<\/p>\n<p>Na presente \u00e9poca, o central suma 1 golo em 18 jogos pela equipa. O jogador tem demonstrado consist\u00eancia no eixo da defesa, contribuindo para a estabilidade defensiva do clube.<\/p>\n<h3>Detalhes da renova\u00e7\u00e3o<\/h3>\n<ul>\n<li><strong>Elemento<\/strong>: Moussa Camar\u00e1, defesa-central maliano, 21 anos.<\/li>\n<li><strong>Per\u00edodo<\/strong>: contrato at\u00e9 2031, com extens\u00e3o de duas \u00e9pocas.<\/li>\n<\/ul>\n","protected":false},"excerpt":{"rendered":"<ul>\n<li>O Mafra anunciou a renova\u00e7\u00e3o com o defesa central Moussa Camar\u00e1 at\u00e9 2031.<\/li>\n<li>O jogador maliano, de 21 anos, chegou ao Mafra em 2024 e j\u00e1 tinha visto a op\u00e7\u00e3o de compra ativada no ver\u00e3o passado, quando assinou at\u00e9 2029.<\/li>\n<li>O v\u00ednculo foi prolongado por mais duas \u00e9pocas, at\u00e9 2031.<\/li>\n<li>Nesta temporada, Camar\u00e1 soma 1 golo em 18 jogos pelo Mafra.<\/li>\n<li>A renova\u00e7\u00e3o mant\u00e9m o d\u00e9fense central como pe\u00e7a-chave do plantel para o projeto desportivo do clube.<\/li>\n<\/ul>\n","protected":false},"author":2,"featured_media":388232,"comment_status":"closed","ping_status":"closed","sticky":false,"template":"","format":"standard","meta":{"footnotes":""},"categories":[21,24],"tags":[1125,4077,32,242,2600],"class_list":["post-388225","post","type-post","status-publish","format-standard","has-post-thumbnail","hentry","category-desporto","category-futebol","tag-contratos","tag-defesa-central","tag-futebol","tag-jogadores","tag-mafra"],"yoast_head":"<!-- This site is optimized with the Yoast SEO plugin v27.2 - https:\/\/yoast.com\/product\/yoast-seo-wordpress\/ -->\n<title>Moussa Camar\u00e1 renova com o Mafra at\u00e9 2031 - Portal Tela Portugal<\/title>\n<meta name=\"robots\" content=\"index, follow, max-snippet:-1, max-image-preview:large, max-video-preview:-1\" \/>\n<meta property=\"og:locale\" content=\"pt_PT\" \/>\n<meta property=\"og:type\" content=\"article\" \/>\n<meta property=\"og:title\" content=\"Moussa Camar\u00e1 renova com o Mafra at\u00e9 2031 - Portal Tela Portugal\" \/>\n<meta property=\"og:description\" content=\"O Mafra anunciou a renova\u00e7\u00e3o com o defesa central Moussa Camar\u00e1 at\u00e9 2031. O jogador maliano, de 21 anos, chegou ao Mafra em 2024 e j\u00e1 tinha visto a op\u00e7\u00e3o de compra ativada no ver\u00e3o passado, quando assinou at\u00e9 2029. O v\u00ednculo foi prolongado por mais duas \u00e9pocas, at\u00e9 2031. Nesta temporada, Camar\u00e1 soma 1 golo em 18 jogos pelo Mafra. A renova\u00e7\u00e3o mant\u00e9m o d\u00e9fense central como pe\u00e7a-chave do plantel para o projeto desportivo do clube.\" \/>\n<meta property=\"og:url\" content=\"https:\/\/portaltela.pt\/noticias\/2026\/02\/25\/moussa-camara-renova-com-o-mafra-ate-2031\/\" \/>\n<meta property=\"og:site_name\" content=\"Portal Tela Portugal\" \/>\n<meta property=\"article:published_time\" content=\"2026-02-25T21:49:19+00:00\" \/>\n<meta name=\"author\" content=\"Telinha\" \/>\n<meta name=\"twitter:card\" content=\"summary_large_image\" \/>\n<meta name=\"twitter:label1\" content=\"Escrito por\" \/>\n\t<meta name=\"twitter:data1\" content=\"Telinha\" \/>\n\t<meta name=\"twitter:label2\" content=\"Tempo estimado de leitura\" \/>\n\t<meta name=\"twitter:data2\" content=\"1 minuto\" \/>\n<script type=\"application\/ld+json\" class=\"yoast-schema-graph\">{\"@context\":\"https:\/\/schema.org\",\"@graph\":[{\"@type\":\"Article\",\"@id\":\"https:\/\/portaltela.pt\/noticias\/2026\/02\/25\/moussa-camara-renova-com-o-mafra-ate-2031\/#article\",\"isPartOf\":{\"@id\":\"https:\/\/portaltela.pt\/noticias\/2026\/02\/25\/moussa-camara-renova-com-o-mafra-ate-2031\/\"},\"author\":{\"name\":\"Telinha\",\"@id\":\"https:\/\/portaltela.pt\/#\/schema\/person\/c4278d4a6028830caff9ee44b42d32ed\"},\"headline\":\"Moussa Camar\u00e1 renova com o Mafra at\u00e9 2031\",\"datePublished\":\"2026-02-25T21:49:19+00:00\",\"mainEntityOfPage\":{\"@id\":\"https:\/\/portaltela.pt\/noticias\/2026\/02\/25\/moussa-camara-renova-com-o-mafra-ate-2031\/\"},\"wordCount\":130,\"image\":{\"@id\":\"https:\/\/portaltela.pt\/noticias\/2026\/02\/25\/moussa-camara-renova-com-o-mafra-ate-2031\/#primaryimage\"},\"thumbnailUrl\":\"https:\/\/portaltela.pt\/s.01k8rhncp4jt1\/2026\/02\/img_920x518uu2026-02-25-21-42-52-2423711.jpg\",\"keywords\":[\"contratos\",\"defesa-central\",\"futebol\",\"jogadores\",\"Mafra\"],\"articleSection\":[\"Desporto\",\"Futebol\"],\"inLanguage\":\"pt-PT\"},{\"@type\":\"WebPage\",\"@id\":\"https:\/\/portaltela.pt\/noticias\/2026\/02\/25\/moussa-camara-renova-com-o-mafra-ate-2031\/\",\"url\":\"https:\/\/portaltela.pt\/noticias\/2026\/02\/25\/moussa-camara-renova-com-o-mafra-ate-2031\/\",\"name\":\"Moussa Camar\u00e1 renova com o Mafra at\u00e9 2031 - Portal Tela Portugal\",\"isPartOf\":{\"@id\":\"https:\/\/portaltela.pt\/#website\"},\"primaryImageOfPage\":{\"@id\":\"https:\/\/portaltela.pt\/noticias\/2026\/02\/25\/moussa-camara-renova-com-o-mafra-ate-2031\/#primaryimage\"},\"image\":{\"@id\":\"https:\/\/portaltela.pt\/noticias\/2026\/02\/25\/moussa-camara-renova-com-o-mafra-ate-2031\/#primaryimage\"},\"thumbnailUrl\":\"https:\/\/portaltela.pt\/s.01k8rhncp4jt1\/2026\/02\/img_920x518uu2026-02-25-21-42-52-2423711.jpg\",\"datePublished\":\"2026-02-25T21:49:19+00:00\",\"author\":{\"@id\":\"https:\/\/portaltela.pt\/#\/schema\/person\/c4278d4a6028830caff9ee44b42d32ed\"},\"breadcrumb\":{\"@id\":\"https:\/\/portaltela.pt\/noticias\/2026\/02\/25\/moussa-camara-renova-com-o-mafra-ate-2031\/#breadcrumb\"},\"inLanguage\":\"pt-PT\",\"potentialAction\":[{\"@type\":\"ReadAction\",\"target\":[\"https:\/\/portaltela.pt\/noticias\/2026\/02\/25\/moussa-camara-renova-com-o-mafra-ate-2031\/\"]}]},{\"@type\":\"ImageObject\",\"inLanguage\":\"pt-PT\",\"@id\":\"https:\/\/portaltela.pt\/noticias\/2026\/02\/25\/moussa-camara-renova-com-o-mafra-ate-2031\/#primaryimage\",\"url\":\"https:\/\/portaltela.pt\/s.01k8rhncp4jt1\/2026\/02\/img_920x518uu2026-02-25-21-42-52-2423711.jpg\",\"contentUrl\":\"https:\/\/portaltela.pt\/s.01k8rhncp4jt1\/2026\/02\/img_920x518uu2026-02-25-21-42-52-2423711.jpg\",\"width\":796,\"height\":448,\"caption\":\"Moussa Camar\u00e1\"},{\"@type\":\"BreadcrumbList\",\"@id\":\"https:\/\/portaltela.pt\/noticias\/2026\/02\/25\/moussa-camara-renova-com-o-mafra-ate-2031\/#breadcrumb\",\"itemListElement\":[{\"@type\":\"ListItem\",\"position\":1,\"name\":\"In\u00edcio\",\"item\":\"https:\/\/portaltela.pt\/\"},{\"@type\":\"ListItem\",\"position\":2,\"name\":\"Moussa Camar\u00e1 renova com o Mafra at\u00e9 2031\"}]},{\"@type\":\"WebSite\",\"@id\":\"https:\/\/portaltela.pt\/#website\",\"url\":\"https:\/\/portaltela.pt\/\",\"name\":\"Portal Tela Portugal\",\"description\":\"\",\"potentialAction\":[{\"@type\":\"SearchAction\",\"target\":{\"@type\":\"EntryPoint\",\"urlTemplate\":\"https:\/\/portaltela.pt\/?s={search_term_string}\"},\"query-input\":{\"@type\":\"PropertyValueSpecification\",\"valueRequired\":true,\"valueName\":\"search_term_string\"}}],\"inLanguage\":\"pt-PT\"},{\"@type\":\"Person\",\"@id\":\"https:\/\/portaltela.pt\/#\/schema\/person\/c4278d4a6028830caff9ee44b42d32ed\",\"name\":\"Telinha\",\"image\":{\"@type\":\"ImageObject\",\"inLanguage\":\"pt-PT\",\"@id\":\"https:\/\/portaltela.pt\/s.01k8rhncp4jt1\/2025\/11\/talking-bot-125x125.png\",\"url\":\"https:\/\/portaltela.pt\/s.01k8rhncp4jt1\/2025\/11\/talking-bot-125x125.png\",\"contentUrl\":\"https:\/\/portaltela.pt\/s.01k8rhncp4jt1\/2025\/11\/talking-bot-125x125.png\",\"caption\":\"Telinha\"},\"sameAs\":[\"https:\/\/portaltela.pt\/\"],\"url\":\"https:\/\/portaltela.pt\/por\/367410592786\/\"}]}<\/script>\n<!-- \/ Yoast SEO plugin. -->","yoast_head_json":{"title":"Moussa Camar\u00e1 renova com o Mafra at\u00e9 2031 - Portal Tela Portugal","robots":{"index":"index","follow":"follow","max-snippet":"max-snippet:-1","max-image-preview":"max-image-preview:large","max-video-preview":"max-video-preview:-1"},"og_locale":"pt_PT","og_type":"article","og_title":"Moussa Camar\u00e1 renova com o Mafra at\u00e9 2031 - Portal Tela Portugal","og_description":"O Mafra anunciou a renova\u00e7\u00e3o com o defesa central Moussa Camar\u00e1 at\u00e9 2031. O jogador maliano, de 21 anos, chegou ao Mafra em 2024 e j\u00e1 tinha visto a op\u00e7\u00e3o de compra ativada no ver\u00e3o passado, quando assinou at\u00e9 2029. O v\u00ednculo foi prolongado por mais duas \u00e9pocas, at\u00e9 2031. Nesta temporada, Camar\u00e1 soma 1 golo em 18 jogos pelo Mafra. A renova\u00e7\u00e3o mant\u00e9m o d\u00e9fense central como pe\u00e7a-chave do plantel para o projeto desportivo do clube.","og_url":"https:\/\/portaltela.pt\/noticias\/2026\/02\/25\/moussa-camara-renova-com-o-mafra-ate-2031\/","og_site_name":"Portal Tela Portugal","article_published_time":"2026-02-25T21:49:19+00:00","author":"Telinha","twitter_card":"summary_large_image","twitter_misc":{"Escrito por":"Telinha","Tempo estimado de leitura":"1 minuto"},"schema":{"@context":"https:\/\/schema.org","@graph":[{"@type":"Article","@id":"https:\/\/portaltela.pt\/noticias\/2026\/02\/25\/moussa-camara-renova-com-o-mafra-ate-2031\/#article","isPartOf":{"@id":"https:\/\/portaltela.pt\/noticias\/2026\/02\/25\/moussa-camara-renova-com-o-mafra-ate-2031\/"},"author":{"name":"Telinha","@id":"https:\/\/portaltela.pt\/#\/schema\/person\/c4278d4a6028830caff9ee44b42d32ed"},"headline":"Moussa Camar\u00e1 renova com o Mafra at\u00e9 2031","datePublished":"2026-02-25T21:49:19+00:00","mainEntityOfPage":{"@id":"https:\/\/portaltela.pt\/noticias\/2026\/02\/25\/moussa-camara-renova-com-o-mafra-ate-2031\/"},"wordCount":130,"image":{"@id":"https:\/\/portaltela.pt\/noticias\/2026\/02\/25\/moussa-camara-renova-com-o-mafra-ate-2031\/#primaryimage"},"thumbnailUrl":"https:\/\/portaltela.pt\/s.01k8rhncp4jt1\/2026\/02\/img_920x518uu2026-02-25-21-42-52-2423711.jpg","keywords":["contratos","defesa-central","futebol","jogadores","Mafra"],"articleSection":["Desporto","Futebol"],"inLanguage":"pt-PT"},{"@type":"WebPage","@id":"https:\/\/portaltela.pt\/noticias\/2026\/02\/25\/moussa-camara-renova-com-o-mafra-ate-2031\/","url":"https:\/\/portaltela.pt\/noticias\/2026\/02\/25\/moussa-camara-renova-com-o-mafra-ate-2031\/","name":"Moussa Camar\u00e1 renova com o Mafra at\u00e9 2031 - Portal Tela Portugal","isPartOf":{"@id":"https:\/\/portaltela.pt\/#website"},"primaryImageOfPage":{"@id":"https:\/\/portaltela.pt\/noticias\/2026\/02\/25\/moussa-camara-renova-com-o-mafra-ate-2031\/#primaryimage"},"image":{"@id":"https:\/\/portaltela.pt\/noticias\/2026\/02\/25\/moussa-camara-renova-com-o-mafra-ate-2031\/#primaryimage"},"thumbnailUrl":"https:\/\/portaltela.pt\/s.01k8rhncp4jt1\/2026\/02\/img_920x518uu2026-02-25-21-42-52-2423711.jpg","datePublished":"2026-02-25T21:49:19+00:00","author":{"@id":"https:\/\/portaltela.pt\/#\/schema\/person\/c4278d4a6028830caff9ee44b42d32ed"},"breadcrumb":{"@id":"https:\/\/portaltela.pt\/noticias\/2026\/02\/25\/moussa-camara-renova-com-o-mafra-ate-2031\/#breadcrumb"},"inLanguage":"pt-PT","potentialAction":[{"@type":"ReadAction","target":["https:\/\/portaltela.pt\/noticias\/2026\/02\/25\/moussa-camara-renova-com-o-mafra-ate-2031\/"]}]},{"@type":"ImageObject","inLanguage":"pt-PT","@id":"https:\/\/portaltela.pt\/noticias\/2026\/02\/25\/moussa-camara-renova-com-o-mafra-ate-2031\/#primaryimage","url":"https:\/\/portaltela.pt\/s.01k8rhncp4jt1\/2026\/02\/img_920x518uu2026-02-25-21-42-52-2423711.jpg","contentUrl":"https:\/\/portaltela.pt\/s.01k8rhncp4jt1\/2026\/02\/img_920x518uu2026-02-25-21-42-52-2423711.jpg","width":796,"height":448,"caption":"Moussa Camar\u00e1"},{"@type":"BreadcrumbList","@id":"https:\/\/portaltela.pt\/noticias\/2026\/02\/25\/moussa-camara-renova-com-o-mafra-ate-2031\/#breadcrumb","itemListElement":[{"@type":"ListItem","position":1,"name":"In\u00edcio","item":"https:\/\/portaltela.pt\/"},{"@type":"ListItem","position":2,"name":"Moussa Camar\u00e1 renova com o Mafra at\u00e9 2031"}]},{"@type":"WebSite","@id":"https:\/\/portaltela.pt\/#website","url":"https:\/\/portaltela.pt\/","name":"Portal Tela Portugal","description":"","potentialAction":[{"@type":"SearchAction","target":{"@type":"EntryPoint","urlTemplate":"https:\/\/portaltela.pt\/?s={search_term_string}"},"query-input":{"@type":"PropertyValueSpecification","valueRequired":true,"valueName":"search_term_string"}}],"inLanguage":"pt-PT"},{"@type":"Person","@id":"https:\/\/portaltela.pt\/#\/schema\/person\/c4278d4a6028830caff9ee44b42d32ed","name":"Telinha","image":{"@type":"ImageObject","inLanguage":"pt-PT","@id":"https:\/\/portaltela.pt\/s.01k8rhncp4jt1\/2025\/11\/talking-bot-125x125.png","url":"https:\/\/portaltela.pt\/s.01k8rhncp4jt1\/2025\/11\/talking-bot-125x125.png","contentUrl":"https:\/\/portaltela.pt\/s.01k8rhncp4jt1\/2025\/11\/talking-bot-125x125.png","caption":"Telinha"},"sameAs":["https:\/\/portaltela.pt\/"],"url":"https:\/\/portaltela.pt\/por\/367410592786\/"}]}},"_links":{"self":[{"href":"https:\/\/portaltela.pt\/api\/wp\/v2\/posts\/388225","targetHints":{"allow":["GET"]}}],"collection":[{"href":"https:\/\/portaltela.pt\/api\/wp\/v2\/posts"}],"about":[{"href":"https:\/\/portaltela.pt\/api\/wp\/v2\/types\/post"}],"author":[{"embeddable":true,"href":"https:\/\/portaltela.pt\/api\/wp\/v2\/users\/2"}],"replies":[{"embeddable":true,"href":"https:\/\/portaltela.pt\/api\/wp\/v2\/comments?post=388225"}],"version-history":[{"count":0,"href":"https:\/\/portaltela.pt\/api\/wp\/v2\/posts\/388225\/revisions"}],"wp:featuredmedia":[{"embeddable":true,"href":"https:\/\/portaltela.pt\/api\/wp\/v2\/media\/388232"}],"wp:attachment":[{"href":"https:\/\/portaltela.pt\/api\/wp\/v2\/media?parent=388225"}],"wp:term":[{"taxonomy":"category","embeddable":true,"href":"https:\/\/portaltela.pt\/api\/wp\/v2\/categories?post=388225"},{"taxonomy":"post_tag","embeddable":true,"href":"https:\/\/portaltela.pt\/api\/wp\/v2\/tags?post=388225"}],"curies":[{"name":"wp","href":"https:\/\/api.w.org\/{rel}","templated":true}]}}