{"id":388213,"date":"2026-02-25T18:34:11","date_gmt":"2026-02-25T21:34:11","guid":{"rendered":"https:\/\/portaltela.pt\/noticias\/2026\/02\/25\/rali-de-portugal-em-2026-tera-23-especiais-e-345-km-cronometrados\/"},"modified":"2026-02-25T18:34:11","modified_gmt":"2026-02-25T21:34:11","slug":"rali-de-portugal-em-2026-tera-23-especiais-e-345-km-cronometrados","status":"publish","type":"post","link":"https:\/\/portaltela.pt\/desporto\/2026\/02\/25\/rali-de-portugal-em-2026-tera-23-especiais-e-345-km-cronometrados\/","title":{"rendered":"Rali de Portugal em 2026 ter\u00e1 23 especiais e 345 km cronometrados"},"content":{"rendered":"<p>O Rali de Portugal vai decorrer entre 7 e 10 de maio de 2026, com 23 especiais e 345 quil\u00f3metros cronometrados, num total de 1.862 previstos para a sexta ronda do WRC. A apresenta\u00e7\u00e3o oficial ocorreu na Bolsa de Turismo de Lisboa (BTL). A competi\u00e7\u00e3o come\u00e7a um dia mais cedo, com o shakedown marcado para 6 de maio em Baltar.<\/p>\n<p>A base operacional mant\u00e9m-se na Exponor, em Matosinhos, com a mudan\u00e7a para Viseu prevista apenas para 2027. Coimbra recebe a partida oficial, marcando o in\u00edcio da prova em terra, com tr\u00eas tro\u00e7os no dia de abertura: dois em terra e uma superespecial citadina.<\/p>\n<p>Na sexta-feira, o foco \u00e9 na regi\u00e3o Centro, passando por Mort\u00e1gua, Arganil, Lous\u00e3 e G\u00f3is. S\u00e1bado leva a caravana ao Norte, incluindo Felgueiras, Cabeceiras de Basto, Amarante e Paredes, encerrando com a superespecial de Lousada. O domingo decide tudo com Vieira do Minho e Fafe, sendo este \u00faltimo a powerstage com 15 pontos para os cinco mais r\u00e1pidos.<\/p>\n<h3>Novidades e impacto econ\u00f3mico<\/h3>\n<p>Um estudo divulgado tamb\u00e9m na quarta-feira, realizado pela Universidade do Algarve, aponta que o Rali de Portugal 2025 gerou cerca de 193 milh\u00f5es de euros de impacto econ\u00f3mico e atraiu aproximadamente um milh\u00e3o de espetadores ao longo dos quatro dias. O ACP, organizador, afirma que a edi\u00e7\u00e3o de 2026 surge mais forte, com maior visibilidade internacional.<\/p>\n<p>Carlos Barbosa, presidente do ACP, real\u00e7a o orgulho de manter Portugal no pelot\u00e3o mundial e a paix\u00e3o dos adeptos como combust\u00edvel para a prova. Carlos Abade, presidente do Turismo de Portugal, descreve o rali como evento bandeira do turismo nacional, que atrai visitantes a regi\u00f5es de baixa densidade. Rui Ventura, presidente do Turismo da Regi\u00e3o Centro, sublinha a coes\u00e3o territorial gerada pela prova. Lu\u00eds Pedro Martins, \u00e0 frente do Turismo da Regi\u00e3o Norte, refor\u00e7a o papel descentralizador do rali.<\/p>\n<p>S\u00e9bastien Ogier (Toyota Yaris) sagrou-se vencedor em 2025, somando o s\u00e9timo triunfo no evento e refor\u00e7ando o seu dom\u00ednio no campeonato. O piloto franc\u00eas totalizou seis vit\u00f3rias em 14 provas do WRC nesse ano. A organiza\u00e7\u00e3o adianta que a edi\u00e7\u00e3o de 2026 promete manter o mesmo esp\u00edrito e a dedica\u00e7\u00e3o dos f\u00e3s portugueses.<\/p>\n<h3>Perspetivas para 2026<\/h3>\n<p>A edi\u00e7\u00e3o de 2026 decorrer\u00e1 de 7 a 10 de maio, mantendo a tradi\u00e7\u00e3o de encerrar com powerstage em Fafe e com passagem por Vieira do Minho. A prova volta a distribuir pontos significativos na derradeira classificativa, refor\u00e7ando o equil\u00edbrio da competi\u00e7\u00e3o. O formato mant\u00e9m o equil\u00edbrio entre tro\u00e7os de terra e as zonas de asfalto onde aplic\u00e1vel.<\/p>\n","protected":false},"excerpt":{"rendered":"<ul>\n<li>O Rali de Portugal realiza-se de 7 a 10 de maio de 2026, com 23 especiais e 345 quil\u00f3metros cronometrados, num total de 1.862 km.<\/li>\n<li>A apresenta\u00e7\u00e3o ocorreu na Bolsa de Turismo de Lisboa e o shakedown acontece a 6 de maio, um dia antes do habitual; a base operacional mant\u00e9m-se na Exponor (Matosinhos) com transfer\u00eancia para Viseu em 2027.<\/li>\n<li>O arranque competitivo \u00e9 em Coimbra, a 7 de maio, com in\u00edcio em terra e tr\u00eas tro\u00e7os no primeiro dia.<\/li>\n<li>O itiner\u00e1rio inclui \u00c1gueda, Sever do Vouga, Albergaria-a-Velha, Figueira da Foz, Mort\u00e1gua, Arganil, Lous\u00e3, G\u00f3is, Felgueiras, Cabeceiras de Basto, Amarante, Paredes e encerra com Vieira do Minho e Fafe no powerstage.<\/li>\n<li>O estudo de impacto econ\u00f3mico de 2025 aponta cerca de 193 milh\u00f5es de euros de rendimento e quase um milh\u00e3o de espetadores; o campe\u00e3o de 2025 foi S\u00e9bastien Ogier.<\/li>\n<\/ul>\n","protected":false},"author":2,"featured_media":388220,"comment_status":"closed","ping_status":"closed","sticky":false,"template":"","format":"standard","meta":{"footnotes":""},"categories":[21],"tags":[1303,1070,152,1147,3495,1014],"class_list":["post-388213","post","type-post","status-publish","format-standard","has-post-thumbnail","hentry","category-desporto","tag-amarante","tag-coimbra","tag-desporto","tag-fafe","tag-lousa","tag-portugal"],"yoast_head":"<!-- This site is optimized with the Yoast SEO plugin v27.2 - https:\/\/yoast.com\/product\/yoast-seo-wordpress\/ -->\n<title>Rali de Portugal em 2026 ter\u00e1 23 especiais e 345 km cronometrados - Portal Tela Portugal<\/title>\n<meta name=\"robots\" content=\"index, follow, max-snippet:-1, max-image-preview:large, max-video-preview:-1\" \/>\n<meta property=\"og:locale\" content=\"pt_PT\" \/>\n<meta property=\"og:type\" content=\"article\" \/>\n<meta property=\"og:title\" content=\"Rali de Portugal em 2026 ter\u00e1 23 especiais e 345 km cronometrados - Portal Tela Portugal\" \/>\n<meta property=\"og:description\" content=\"O Rali de Portugal realiza-se de 7 a 10 de maio de 2026, com 23 especiais e 345 quil\u00f3metros cronometrados, num total de 1.862 km. A apresenta\u00e7\u00e3o ocorreu na Bolsa de Turismo de Lisboa e o shakedown acontece a 6 de maio, um dia antes do habitual; a base operacional mant\u00e9m-se na Exponor (Matosinhos) com transfer\u00eancia para Viseu em 2027. O arranque competitivo \u00e9 em Coimbra, a 7 de maio, com in\u00edcio em terra e tr\u00eas tro\u00e7os no primeiro dia. O itiner\u00e1rio inclui \u00c1gueda, Sever do Vouga, Albergaria-a-Velha, Figueira da Foz, Mort\u00e1gua, Arganil, Lous\u00e3, G\u00f3is, Felgueiras, Cabeceiras de Basto, Amarante, Paredes e encerra com Vieira do Minho e Fafe no powerstage. O estudo de impacto econ\u00f3mico de 2025 aponta cerca de 193 milh\u00f5es de euros de rendimento e quase um milh\u00e3o de espetadores; o campe\u00e3o de 2025 foi S\u00e9bastien Ogier.\" \/>\n<meta property=\"og:url\" content=\"https:\/\/portaltela.pt\/noticias\/2026\/02\/25\/rali-de-portugal-em-2026-tera-23-especiais-e-345-km-cronometrados\/\" \/>\n<meta property=\"og:site_name\" content=\"Portal Tela Portugal\" \/>\n<meta property=\"article:published_time\" content=\"2026-02-25T21:34:11+00:00\" \/>\n<meta name=\"author\" content=\"Telinha\" \/>\n<meta name=\"twitter:card\" content=\"summary_large_image\" \/>\n<meta name=\"twitter:label1\" content=\"Escrito por\" \/>\n\t<meta name=\"twitter:data1\" content=\"Telinha\" \/>\n\t<meta name=\"twitter:label2\" content=\"Tempo estimado de leitura\" \/>\n\t<meta name=\"twitter:data2\" content=\"2 minutos\" \/>\n<script type=\"application\/ld+json\" class=\"yoast-schema-graph\">{\"@context\":\"https:\/\/schema.org\",\"@graph\":[{\"@type\":\"Article\",\"@id\":\"https:\/\/portaltela.pt\/noticias\/2026\/02\/25\/rali-de-portugal-em-2026-tera-23-especiais-e-345-km-cronometrados\/#article\",\"isPartOf\":{\"@id\":\"https:\/\/portaltela.pt\/noticias\/2026\/02\/25\/rali-de-portugal-em-2026-tera-23-especiais-e-345-km-cronometrados\/\"},\"author\":{\"name\":\"Telinha\",\"@id\":\"https:\/\/portaltela.pt\/#\/schema\/person\/c4278d4a6028830caff9ee44b42d32ed\"},\"headline\":\"Rali de Portugal em 2026 ter\u00e1 23 especiais e 345 km cronometrados\",\"datePublished\":\"2026-02-25T21:34:11+00:00\",\"mainEntityOfPage\":{\"@id\":\"https:\/\/portaltela.pt\/noticias\/2026\/02\/25\/rali-de-portugal-em-2026-tera-23-especiais-e-345-km-cronometrados\/\"},\"wordCount\":452,\"image\":{\"@id\":\"https:\/\/portaltela.pt\/noticias\/2026\/02\/25\/rali-de-portugal-em-2026-tera-23-especiais-e-345-km-cronometrados\/#primaryimage\"},\"thumbnailUrl\":\"https:\/\/portaltela.pt\/s.01k8rhncp4jt1\/2026\/02\/img_920x518uu2026-02-25-21-33-19-2423708.jpg\",\"keywords\":[\"Amarante\",\"Coimbra\",\"desporto\",\"Fafe\",\"Lous\u00e3\",\"Portugal\"],\"articleSection\":[\"Desporto\"],\"inLanguage\":\"pt-PT\"},{\"@type\":\"WebPage\",\"@id\":\"https:\/\/portaltela.pt\/noticias\/2026\/02\/25\/rali-de-portugal-em-2026-tera-23-especiais-e-345-km-cronometrados\/\",\"url\":\"https:\/\/portaltela.pt\/noticias\/2026\/02\/25\/rali-de-portugal-em-2026-tera-23-especiais-e-345-km-cronometrados\/\",\"name\":\"Rali de Portugal em 2026 ter\u00e1 23 especiais e 345 km cronometrados - Portal Tela Portugal\",\"isPartOf\":{\"@id\":\"https:\/\/portaltela.pt\/#website\"},\"primaryImageOfPage\":{\"@id\":\"https:\/\/portaltela.pt\/noticias\/2026\/02\/25\/rali-de-portugal-em-2026-tera-23-especiais-e-345-km-cronometrados\/#primaryimage\"},\"image\":{\"@id\":\"https:\/\/portaltela.pt\/noticias\/2026\/02\/25\/rali-de-portugal-em-2026-tera-23-especiais-e-345-km-cronometrados\/#primaryimage\"},\"thumbnailUrl\":\"https:\/\/portaltela.pt\/s.01k8rhncp4jt1\/2026\/02\/img_920x518uu2026-02-25-21-33-19-2423708.jpg\",\"datePublished\":\"2026-02-25T21:34:11+00:00\",\"author\":{\"@id\":\"https:\/\/portaltela.pt\/#\/schema\/person\/c4278d4a6028830caff9ee44b42d32ed\"},\"breadcrumb\":{\"@id\":\"https:\/\/portaltela.pt\/noticias\/2026\/02\/25\/rali-de-portugal-em-2026-tera-23-especiais-e-345-km-cronometrados\/#breadcrumb\"},\"inLanguage\":\"pt-PT\",\"potentialAction\":[{\"@type\":\"ReadAction\",\"target\":[\"https:\/\/portaltela.pt\/noticias\/2026\/02\/25\/rali-de-portugal-em-2026-tera-23-especiais-e-345-km-cronometrados\/\"]}]},{\"@type\":\"ImageObject\",\"inLanguage\":\"pt-PT\",\"@id\":\"https:\/\/portaltela.pt\/noticias\/2026\/02\/25\/rali-de-portugal-em-2026-tera-23-especiais-e-345-km-cronometrados\/#primaryimage\",\"url\":\"https:\/\/portaltela.pt\/s.01k8rhncp4jt1\/2026\/02\/img_920x518uu2026-02-25-21-33-19-2423708.jpg\",\"contentUrl\":\"https:\/\/portaltela.pt\/s.01k8rhncp4jt1\/2026\/02\/img_920x518uu2026-02-25-21-33-19-2423708.jpg\",\"width\":796,\"height\":448,\"caption\":\"Rali de Portugal\"},{\"@type\":\"BreadcrumbList\",\"@id\":\"https:\/\/portaltela.pt\/noticias\/2026\/02\/25\/rali-de-portugal-em-2026-tera-23-especiais-e-345-km-cronometrados\/#breadcrumb\",\"itemListElement\":[{\"@type\":\"ListItem\",\"position\":1,\"name\":\"In\u00edcio\",\"item\":\"https:\/\/portaltela.pt\/\"},{\"@type\":\"ListItem\",\"position\":2,\"name\":\"Rali de Portugal em 2026 ter\u00e1 23 especiais e 345 km cronometrados\"}]},{\"@type\":\"WebSite\",\"@id\":\"https:\/\/portaltela.pt\/#website\",\"url\":\"https:\/\/portaltela.pt\/\",\"name\":\"Portal Tela Portugal\",\"description\":\"\",\"potentialAction\":[{\"@type\":\"SearchAction\",\"target\":{\"@type\":\"EntryPoint\",\"urlTemplate\":\"https:\/\/portaltela.pt\/?s={search_term_string}\"},\"query-input\":{\"@type\":\"PropertyValueSpecification\",\"valueRequired\":true,\"valueName\":\"search_term_string\"}}],\"inLanguage\":\"pt-PT\"},{\"@type\":\"Person\",\"@id\":\"https:\/\/portaltela.pt\/#\/schema\/person\/c4278d4a6028830caff9ee44b42d32ed\",\"name\":\"Telinha\",\"image\":{\"@type\":\"ImageObject\",\"inLanguage\":\"pt-PT\",\"@id\":\"https:\/\/portaltela.pt\/s.01k8rhncp4jt1\/2025\/11\/talking-bot-125x125.png\",\"url\":\"https:\/\/portaltela.pt\/s.01k8rhncp4jt1\/2025\/11\/talking-bot-125x125.png\",\"contentUrl\":\"https:\/\/portaltela.pt\/s.01k8rhncp4jt1\/2025\/11\/talking-bot-125x125.png\",\"caption\":\"Telinha\"},\"sameAs\":[\"https:\/\/portaltela.pt\/\"],\"url\":\"https:\/\/portaltela.pt\/por\/367410592786\/\"}]}<\/script>\n<!-- \/ Yoast SEO plugin. -->","yoast_head_json":{"title":"Rali de Portugal em 2026 ter\u00e1 23 especiais e 345 km cronometrados - Portal Tela Portugal","robots":{"index":"index","follow":"follow","max-snippet":"max-snippet:-1","max-image-preview":"max-image-preview:large","max-video-preview":"max-video-preview:-1"},"og_locale":"pt_PT","og_type":"article","og_title":"Rali de Portugal em 2026 ter\u00e1 23 especiais e 345 km cronometrados - Portal Tela Portugal","og_description":"O Rali de Portugal realiza-se de 7 a 10 de maio de 2026, com 23 especiais e 345 quil\u00f3metros cronometrados, num total de 1.862 km. A apresenta\u00e7\u00e3o ocorreu na Bolsa de Turismo de Lisboa e o shakedown acontece a 6 de maio, um dia antes do habitual; a base operacional mant\u00e9m-se na Exponor (Matosinhos) com transfer\u00eancia para Viseu em 2027. O arranque competitivo \u00e9 em Coimbra, a 7 de maio, com in\u00edcio em terra e tr\u00eas tro\u00e7os no primeiro dia. O itiner\u00e1rio inclui \u00c1gueda, Sever do Vouga, Albergaria-a-Velha, Figueira da Foz, Mort\u00e1gua, Arganil, Lous\u00e3, G\u00f3is, Felgueiras, Cabeceiras de Basto, Amarante, Paredes e encerra com Vieira do Minho e Fafe no powerstage. O estudo de impacto econ\u00f3mico de 2025 aponta cerca de 193 milh\u00f5es de euros de rendimento e quase um milh\u00e3o de espetadores; o campe\u00e3o de 2025 foi S\u00e9bastien Ogier.","og_url":"https:\/\/portaltela.pt\/noticias\/2026\/02\/25\/rali-de-portugal-em-2026-tera-23-especiais-e-345-km-cronometrados\/","og_site_name":"Portal Tela Portugal","article_published_time":"2026-02-25T21:34:11+00:00","author":"Telinha","twitter_card":"summary_large_image","twitter_misc":{"Escrito por":"Telinha","Tempo estimado de leitura":"2 minutos"},"schema":{"@context":"https:\/\/schema.org","@graph":[{"@type":"Article","@id":"https:\/\/portaltela.pt\/noticias\/2026\/02\/25\/rali-de-portugal-em-2026-tera-23-especiais-e-345-km-cronometrados\/#article","isPartOf":{"@id":"https:\/\/portaltela.pt\/noticias\/2026\/02\/25\/rali-de-portugal-em-2026-tera-23-especiais-e-345-km-cronometrados\/"},"author":{"name":"Telinha","@id":"https:\/\/portaltela.pt\/#\/schema\/person\/c4278d4a6028830caff9ee44b42d32ed"},"headline":"Rali de Portugal em 2026 ter\u00e1 23 especiais e 345 km cronometrados","datePublished":"2026-02-25T21:34:11+00:00","mainEntityOfPage":{"@id":"https:\/\/portaltela.pt\/noticias\/2026\/02\/25\/rali-de-portugal-em-2026-tera-23-especiais-e-345-km-cronometrados\/"},"wordCount":452,"image":{"@id":"https:\/\/portaltela.pt\/noticias\/2026\/02\/25\/rali-de-portugal-em-2026-tera-23-especiais-e-345-km-cronometrados\/#primaryimage"},"thumbnailUrl":"https:\/\/portaltela.pt\/s.01k8rhncp4jt1\/2026\/02\/img_920x518uu2026-02-25-21-33-19-2423708.jpg","keywords":["Amarante","Coimbra","desporto","Fafe","Lous\u00e3","Portugal"],"articleSection":["Desporto"],"inLanguage":"pt-PT"},{"@type":"WebPage","@id":"https:\/\/portaltela.pt\/noticias\/2026\/02\/25\/rali-de-portugal-em-2026-tera-23-especiais-e-345-km-cronometrados\/","url":"https:\/\/portaltela.pt\/noticias\/2026\/02\/25\/rali-de-portugal-em-2026-tera-23-especiais-e-345-km-cronometrados\/","name":"Rali de Portugal em 2026 ter\u00e1 23 especiais e 345 km cronometrados - Portal Tela Portugal","isPartOf":{"@id":"https:\/\/portaltela.pt\/#website"},"primaryImageOfPage":{"@id":"https:\/\/portaltela.pt\/noticias\/2026\/02\/25\/rali-de-portugal-em-2026-tera-23-especiais-e-345-km-cronometrados\/#primaryimage"},"image":{"@id":"https:\/\/portaltela.pt\/noticias\/2026\/02\/25\/rali-de-portugal-em-2026-tera-23-especiais-e-345-km-cronometrados\/#primaryimage"},"thumbnailUrl":"https:\/\/portaltela.pt\/s.01k8rhncp4jt1\/2026\/02\/img_920x518uu2026-02-25-21-33-19-2423708.jpg","datePublished":"2026-02-25T21:34:11+00:00","author":{"@id":"https:\/\/portaltela.pt\/#\/schema\/person\/c4278d4a6028830caff9ee44b42d32ed"},"breadcrumb":{"@id":"https:\/\/portaltela.pt\/noticias\/2026\/02\/25\/rali-de-portugal-em-2026-tera-23-especiais-e-345-km-cronometrados\/#breadcrumb"},"inLanguage":"pt-PT","potentialAction":[{"@type":"ReadAction","target":["https:\/\/portaltela.pt\/noticias\/2026\/02\/25\/rali-de-portugal-em-2026-tera-23-especiais-e-345-km-cronometrados\/"]}]},{"@type":"ImageObject","inLanguage":"pt-PT","@id":"https:\/\/portaltela.pt\/noticias\/2026\/02\/25\/rali-de-portugal-em-2026-tera-23-especiais-e-345-km-cronometrados\/#primaryimage","url":"https:\/\/portaltela.pt\/s.01k8rhncp4jt1\/2026\/02\/img_920x518uu2026-02-25-21-33-19-2423708.jpg","contentUrl":"https:\/\/portaltela.pt\/s.01k8rhncp4jt1\/2026\/02\/img_920x518uu2026-02-25-21-33-19-2423708.jpg","width":796,"height":448,"caption":"Rali de Portugal"},{"@type":"BreadcrumbList","@id":"https:\/\/portaltela.pt\/noticias\/2026\/02\/25\/rali-de-portugal-em-2026-tera-23-especiais-e-345-km-cronometrados\/#breadcrumb","itemListElement":[{"@type":"ListItem","position":1,"name":"In\u00edcio","item":"https:\/\/portaltela.pt\/"},{"@type":"ListItem","position":2,"name":"Rali de Portugal em 2026 ter\u00e1 23 especiais e 345 km cronometrados"}]},{"@type":"WebSite","@id":"https:\/\/portaltela.pt\/#website","url":"https:\/\/portaltela.pt\/","name":"Portal Tela Portugal","description":"","potentialAction":[{"@type":"SearchAction","target":{"@type":"EntryPoint","urlTemplate":"https:\/\/portaltela.pt\/?s={search_term_string}"},"query-input":{"@type":"PropertyValueSpecification","valueRequired":true,"valueName":"search_term_string"}}],"inLanguage":"pt-PT"},{"@type":"Person","@id":"https:\/\/portaltela.pt\/#\/schema\/person\/c4278d4a6028830caff9ee44b42d32ed","name":"Telinha","image":{"@type":"ImageObject","inLanguage":"pt-PT","@id":"https:\/\/portaltela.pt\/s.01k8rhncp4jt1\/2025\/11\/talking-bot-125x125.png","url":"https:\/\/portaltela.pt\/s.01k8rhncp4jt1\/2025\/11\/talking-bot-125x125.png","contentUrl":"https:\/\/portaltela.pt\/s.01k8rhncp4jt1\/2025\/11\/talking-bot-125x125.png","caption":"Telinha"},"sameAs":["https:\/\/portaltela.pt\/"],"url":"https:\/\/portaltela.pt\/por\/367410592786\/"}]}},"_links":{"self":[{"href":"https:\/\/portaltela.pt\/api\/wp\/v2\/posts\/388213","targetHints":{"allow":["GET"]}}],"collection":[{"href":"https:\/\/portaltela.pt\/api\/wp\/v2\/posts"}],"about":[{"href":"https:\/\/portaltela.pt\/api\/wp\/v2\/types\/post"}],"author":[{"embeddable":true,"href":"https:\/\/portaltela.pt\/api\/wp\/v2\/users\/2"}],"replies":[{"embeddable":true,"href":"https:\/\/portaltela.pt\/api\/wp\/v2\/comments?post=388213"}],"version-history":[{"count":0,"href":"https:\/\/portaltela.pt\/api\/wp\/v2\/posts\/388213\/revisions"}],"wp:featuredmedia":[{"embeddable":true,"href":"https:\/\/portaltela.pt\/api\/wp\/v2\/media\/388220"}],"wp:attachment":[{"href":"https:\/\/portaltela.pt\/api\/wp\/v2\/media?parent=388213"}],"wp:term":[{"taxonomy":"category","embeddable":true,"href":"https:\/\/portaltela.pt\/api\/wp\/v2\/categories?post=388213"},{"taxonomy":"post_tag","embeddable":true,"href":"https:\/\/portaltela.pt\/api\/wp\/v2\/tags?post=388213"}],"curies":[{"name":"wp","href":"https:\/\/api.w.org\/{rel}","templated":true}]}}