{"id":388211,"date":"2026-02-25T15:49:00","date_gmt":"2026-02-25T18:49:00","guid":{"rendered":"https:\/\/portaltela.pt\/noticias\/2026\/02\/25\/morre-antonio-tejero-lider-do-golpe-de-23-de-fevereiro-em-espanha\/"},"modified":"2026-02-25T15:49:00","modified_gmt":"2026-02-25T18:49:00","slug":"morre-antonio-tejero-lider-do-golpe-de-23-de-fevereiro-em-espanha","status":"publish","type":"post","link":"https:\/\/portaltela.pt\/noticias\/internacional\/2026\/02\/25\/morre-antonio-tejero-lider-do-golpe-de-23-de-fevereiro-em-espanha\/","title":{"rendered":"Morre Antonio Tejero, l\u00edder do golpe de 23 de fevereiro em Espanha"},"content":{"rendered":"<p>O tenente-coronel Antonio Tejero, mentor da tentativa de golpe de Estado de 23 de fevereiro de 1981 em Espanha, morreu nesta quarta-feira aos 93 anos. A morte ocorreu dois dias depois do 45.\u00ba anivers\u00e1rio do golpe e no mesmo dia em que o Governo desclassificou documentos relacionados com o epis\u00f3dio. A fam\u00edlia divulgou a not\u00edcia, afirmando que Tejero recebeu a extrema-un\u00e7\u00e3o e a b\u00ean\u00e7\u00e3o papal.<\/p>\n<p>Nascido em abril de 1932, em Alhaur\u00edn el Grande, M\u00e1laga, Tejero era tenente-general da Guarda Civil em 1981. Foi expulso do corpo ap\u00f3s liderar o golpe, tendo sido condenado a 30 anos de pris\u00e3o por rebeli\u00e3o militar, cumprindo metade da pena e sendo libertado em 1996.<\/p>\n<p>Ficou conhecido pela ordem Todos parados, que interrompeu a vota\u00e7\u00e3o no Parlamento durante a posse de Leopoldo Calvo-Sotelo como primeiro-ministro. Tejero entrou no Parlamento com cerca de 250 guardas armados, ordenando que todos se deitassem no ch\u00e3o; tiros foram disparados para o ar, sem ferimentos.<\/p>\n<p>O objetivo do levante era interromper o processo democr\u00e1tico e aproveitar o descontentamento militar para restaurar o autoritarismo. O golpe fracassou ap\u00f3s um discurso do rei Juan Carlos I, transmitido pela televis\u00e3o, que deixou claro o apoio \u00e0s institui\u00e7\u00f5es constitucionais. Tejero rendeu-se pouco depois.<\/p>\n","protected":false},"excerpt":{"rendered":"<ul>\n<li>Morreu o tenente-coronel Antonio Tejero, aos 93 anos, nesta quarta-feira, 25 de fevereiro de 2026, dois dias ap\u00f3s o 45.\u00ba anivers\u00e1rio da tentativa de golpe de 23 de fevereiro de 1981.<\/li>\n<li>Tejero ficou conhecido por liderar a tentativa de golpe de Estado em Espanha, ao ordenar que 250 guardas civis alinhassem e disparassem para o ar, interrompendo a vota\u00e7\u00e3o no Parlamento.<\/li>\n<li>A a\u00e7\u00e3o visava reverter o ordenamento democr\u00e1tico, com o desfecho marcado pela resist\u00eancia de deputados e governantes, e terminou com o pronunciamento do rei Juan Carlos e a rendi\u00e7\u00e3o de Tejero.<\/li>\n<li>Ao longo da vida, foi expulso da Guarda Civil (ingressou em 1951) e cumpriu cerca de metade de uma condena\u00e7\u00e3o de 30 anos por rebeli\u00e3o militar, sendo libertado em 1996.<\/li>\n<li>A fam\u00edlia divulgou uma nota de despedida, mencionando que Tejero morreu rodeado pelos filhos e pedindo ora\u00e7\u00f5es pelo seu descanso.<\/li>\n<\/ul>\n","protected":false},"author":2,"featured_media":388217,"comment_status":"closed","ping_status":"closed","sticky":false,"template":"","format":"standard","meta":{"footnotes":""},"categories":[4,1],"tags":[2795,2031,4299,937,299,6377],"class_list":["post-388211","post","type-post","status-publish","format-standard","has-post-thumbnail","hentry","category-internacional","category-noticias","tag-democracia","tag-espanha","tag-forca-aerea","tag-golpe-de-estado","tag-historia","tag-rebeliao"],"yoast_head":"<!-- This site is optimized with the Yoast SEO plugin v27.2 - https:\/\/yoast.com\/product\/yoast-seo-wordpress\/ -->\n<title>Morre Antonio Tejero, l\u00edder do golpe de 23 de fevereiro em Espanha - Portal Tela Portugal<\/title>\n<meta name=\"robots\" content=\"index, follow, max-snippet:-1, max-image-preview:large, max-video-preview:-1\" \/>\n<meta property=\"og:locale\" content=\"pt_PT\" \/>\n<meta property=\"og:type\" content=\"article\" \/>\n<meta property=\"og:title\" content=\"Morre Antonio Tejero, l\u00edder do golpe de 23 de fevereiro em Espanha - Portal Tela Portugal\" \/>\n<meta property=\"og:description\" content=\"Morreu o tenente-coronel Antonio Tejero, aos 93 anos, nesta quarta-feira, 25 de fevereiro de 2026, dois dias ap\u00f3s o 45.\u00ba anivers\u00e1rio da tentativa de golpe de 23 de fevereiro de 1981. Tejero ficou conhecido por liderar a tentativa de golpe de Estado em Espanha, ao ordenar que 250 guardas civis alinhassem e disparassem para o ar, interrompendo a vota\u00e7\u00e3o no Parlamento. A a\u00e7\u00e3o visava reverter o ordenamento democr\u00e1tico, com o desfecho marcado pela resist\u00eancia de deputados e governantes, e terminou com o pronunciamento do rei Juan Carlos e a rendi\u00e7\u00e3o de Tejero. Ao longo da vida, foi expulso da Guarda Civil (ingressou em 1951) e cumpriu cerca de metade de uma condena\u00e7\u00e3o de 30 anos por rebeli\u00e3o militar, sendo libertado em 1996. A fam\u00edlia divulgou uma nota de despedida, mencionando que Tejero morreu rodeado pelos filhos e pedindo ora\u00e7\u00f5es pelo seu descanso.\" \/>\n<meta property=\"og:url\" content=\"https:\/\/portaltela.pt\/noticias\/2026\/02\/25\/morre-antonio-tejero-lider-do-golpe-de-23-de-fevereiro-em-espanha\/\" \/>\n<meta property=\"og:site_name\" content=\"Portal Tela Portugal\" \/>\n<meta property=\"article:published_time\" content=\"2026-02-25T18:49:00+00:00\" \/>\n<meta name=\"author\" content=\"Telinha\" \/>\n<meta name=\"twitter:card\" content=\"summary_large_image\" \/>\n<meta name=\"twitter:label1\" content=\"Escrito por\" \/>\n\t<meta name=\"twitter:data1\" content=\"Telinha\" \/>\n\t<meta name=\"twitter:label2\" content=\"Tempo estimado de leitura\" \/>\n\t<meta name=\"twitter:data2\" content=\"1 minuto\" \/>\n<script type=\"application\/ld+json\" class=\"yoast-schema-graph\">{\"@context\":\"https:\/\/schema.org\",\"@graph\":[{\"@type\":\"Article\",\"@id\":\"https:\/\/portaltela.pt\/noticias\/2026\/02\/25\/morre-antonio-tejero-lider-do-golpe-de-23-de-fevereiro-em-espanha\/#article\",\"isPartOf\":{\"@id\":\"https:\/\/portaltela.pt\/noticias\/2026\/02\/25\/morre-antonio-tejero-lider-do-golpe-de-23-de-fevereiro-em-espanha\/\"},\"author\":{\"name\":\"Telinha\",\"@id\":\"https:\/\/portaltela.pt\/#\/schema\/person\/c4278d4a6028830caff9ee44b42d32ed\"},\"headline\":\"Morre Antonio Tejero, l\u00edder do golpe de 23 de fevereiro em Espanha\",\"datePublished\":\"2026-02-25T18:49:00+00:00\",\"mainEntityOfPage\":{\"@id\":\"https:\/\/portaltela.pt\/noticias\/2026\/02\/25\/morre-antonio-tejero-lider-do-golpe-de-23-de-fevereiro-em-espanha\/\"},\"wordCount\":221,\"image\":{\"@id\":\"https:\/\/portaltela.pt\/noticias\/2026\/02\/25\/morre-antonio-tejero-lider-do-golpe-de-23-de-fevereiro-em-espanha\/#primaryimage\"},\"thumbnailUrl\":\"https:\/\/portaltela.pt\/s.01k8rhncp4jt1\/2026\/02\/img_1500x1000uu2026-02-25-18-48-20-2268992.jpg\",\"keywords\":[\"democracia\",\"Espanha\",\"For\u00e7a A\u00e9rea\",\"golpe de Estado\",\"hist\u00f3ria\",\"rebeli\u00e3o\"],\"articleSection\":[\"Internacional\",\"Not\u00edcias\"],\"inLanguage\":\"pt-PT\"},{\"@type\":\"WebPage\",\"@id\":\"https:\/\/portaltela.pt\/noticias\/2026\/02\/25\/morre-antonio-tejero-lider-do-golpe-de-23-de-fevereiro-em-espanha\/\",\"url\":\"https:\/\/portaltela.pt\/noticias\/2026\/02\/25\/morre-antonio-tejero-lider-do-golpe-de-23-de-fevereiro-em-espanha\/\",\"name\":\"Morre Antonio Tejero, l\u00edder do golpe de 23 de fevereiro em Espanha - Portal Tela Portugal\",\"isPartOf\":{\"@id\":\"https:\/\/portaltela.pt\/#website\"},\"primaryImageOfPage\":{\"@id\":\"https:\/\/portaltela.pt\/noticias\/2026\/02\/25\/morre-antonio-tejero-lider-do-golpe-de-23-de-fevereiro-em-espanha\/#primaryimage\"},\"image\":{\"@id\":\"https:\/\/portaltela.pt\/noticias\/2026\/02\/25\/morre-antonio-tejero-lider-do-golpe-de-23-de-fevereiro-em-espanha\/#primaryimage\"},\"thumbnailUrl\":\"https:\/\/portaltela.pt\/s.01k8rhncp4jt1\/2026\/02\/img_1500x1000uu2026-02-25-18-48-20-2268992.jpg\",\"datePublished\":\"2026-02-25T18:49:00+00:00\",\"author\":{\"@id\":\"https:\/\/portaltela.pt\/#\/schema\/person\/c4278d4a6028830caff9ee44b42d32ed\"},\"breadcrumb\":{\"@id\":\"https:\/\/portaltela.pt\/noticias\/2026\/02\/25\/morre-antonio-tejero-lider-do-golpe-de-23-de-fevereiro-em-espanha\/#breadcrumb\"},\"inLanguage\":\"pt-PT\",\"potentialAction\":[{\"@type\":\"ReadAction\",\"target\":[\"https:\/\/portaltela.pt\/noticias\/2026\/02\/25\/morre-antonio-tejero-lider-do-golpe-de-23-de-fevereiro-em-espanha\/\"]}]},{\"@type\":\"ImageObject\",\"inLanguage\":\"pt-PT\",\"@id\":\"https:\/\/portaltela.pt\/noticias\/2026\/02\/25\/morre-antonio-tejero-lider-do-golpe-de-23-de-fevereiro-em-espanha\/#primaryimage\",\"url\":\"https:\/\/portaltela.pt\/s.01k8rhncp4jt1\/2026\/02\/img_1500x1000uu2026-02-25-18-48-20-2268992.jpg\",\"contentUrl\":\"https:\/\/portaltela.pt\/s.01k8rhncp4jt1\/2026\/02\/img_1500x1000uu2026-02-25-18-48-20-2268992.jpg\",\"width\":796,\"height\":448,\"caption\":\"Antonio Tejero liderou tentativa de golpe de Estado falhada no parlamento espanhol em 1981\"},{\"@type\":\"BreadcrumbList\",\"@id\":\"https:\/\/portaltela.pt\/noticias\/2026\/02\/25\/morre-antonio-tejero-lider-do-golpe-de-23-de-fevereiro-em-espanha\/#breadcrumb\",\"itemListElement\":[{\"@type\":\"ListItem\",\"position\":1,\"name\":\"In\u00edcio\",\"item\":\"https:\/\/portaltela.pt\/\"},{\"@type\":\"ListItem\",\"position\":2,\"name\":\"Morre Antonio Tejero, l\u00edder do golpe de 23 de fevereiro em Espanha\"}]},{\"@type\":\"WebSite\",\"@id\":\"https:\/\/portaltela.pt\/#website\",\"url\":\"https:\/\/portaltela.pt\/\",\"name\":\"Portal Tela Portugal\",\"description\":\"\",\"potentialAction\":[{\"@type\":\"SearchAction\",\"target\":{\"@type\":\"EntryPoint\",\"urlTemplate\":\"https:\/\/portaltela.pt\/?s={search_term_string}\"},\"query-input\":{\"@type\":\"PropertyValueSpecification\",\"valueRequired\":true,\"valueName\":\"search_term_string\"}}],\"inLanguage\":\"pt-PT\"},{\"@type\":\"Person\",\"@id\":\"https:\/\/portaltela.pt\/#\/schema\/person\/c4278d4a6028830caff9ee44b42d32ed\",\"name\":\"Telinha\",\"image\":{\"@type\":\"ImageObject\",\"inLanguage\":\"pt-PT\",\"@id\":\"https:\/\/portaltela.pt\/s.01k8rhncp4jt1\/2025\/11\/talking-bot-125x125.png\",\"url\":\"https:\/\/portaltela.pt\/s.01k8rhncp4jt1\/2025\/11\/talking-bot-125x125.png\",\"contentUrl\":\"https:\/\/portaltela.pt\/s.01k8rhncp4jt1\/2025\/11\/talking-bot-125x125.png\",\"caption\":\"Telinha\"},\"sameAs\":[\"https:\/\/portaltela.pt\/\"],\"url\":\"https:\/\/portaltela.pt\/por\/367410592786\/\"}]}<\/script>\n<!-- \/ Yoast SEO plugin. -->","yoast_head_json":{"title":"Morre Antonio Tejero, l\u00edder do golpe de 23 de fevereiro em Espanha - Portal Tela Portugal","robots":{"index":"index","follow":"follow","max-snippet":"max-snippet:-1","max-image-preview":"max-image-preview:large","max-video-preview":"max-video-preview:-1"},"og_locale":"pt_PT","og_type":"article","og_title":"Morre Antonio Tejero, l\u00edder do golpe de 23 de fevereiro em Espanha - Portal Tela Portugal","og_description":"Morreu o tenente-coronel Antonio Tejero, aos 93 anos, nesta quarta-feira, 25 de fevereiro de 2026, dois dias ap\u00f3s o 45.\u00ba anivers\u00e1rio da tentativa de golpe de 23 de fevereiro de 1981. Tejero ficou conhecido por liderar a tentativa de golpe de Estado em Espanha, ao ordenar que 250 guardas civis alinhassem e disparassem para o ar, interrompendo a vota\u00e7\u00e3o no Parlamento. A a\u00e7\u00e3o visava reverter o ordenamento democr\u00e1tico, com o desfecho marcado pela resist\u00eancia de deputados e governantes, e terminou com o pronunciamento do rei Juan Carlos e a rendi\u00e7\u00e3o de Tejero. Ao longo da vida, foi expulso da Guarda Civil (ingressou em 1951) e cumpriu cerca de metade de uma condena\u00e7\u00e3o de 30 anos por rebeli\u00e3o militar, sendo libertado em 1996. A fam\u00edlia divulgou uma nota de despedida, mencionando que Tejero morreu rodeado pelos filhos e pedindo ora\u00e7\u00f5es pelo seu descanso.","og_url":"https:\/\/portaltela.pt\/noticias\/2026\/02\/25\/morre-antonio-tejero-lider-do-golpe-de-23-de-fevereiro-em-espanha\/","og_site_name":"Portal Tela Portugal","article_published_time":"2026-02-25T18:49:00+00:00","author":"Telinha","twitter_card":"summary_large_image","twitter_misc":{"Escrito por":"Telinha","Tempo estimado de leitura":"1 minuto"},"schema":{"@context":"https:\/\/schema.org","@graph":[{"@type":"Article","@id":"https:\/\/portaltela.pt\/noticias\/2026\/02\/25\/morre-antonio-tejero-lider-do-golpe-de-23-de-fevereiro-em-espanha\/#article","isPartOf":{"@id":"https:\/\/portaltela.pt\/noticias\/2026\/02\/25\/morre-antonio-tejero-lider-do-golpe-de-23-de-fevereiro-em-espanha\/"},"author":{"name":"Telinha","@id":"https:\/\/portaltela.pt\/#\/schema\/person\/c4278d4a6028830caff9ee44b42d32ed"},"headline":"Morre Antonio Tejero, l\u00edder do golpe de 23 de fevereiro em Espanha","datePublished":"2026-02-25T18:49:00+00:00","mainEntityOfPage":{"@id":"https:\/\/portaltela.pt\/noticias\/2026\/02\/25\/morre-antonio-tejero-lider-do-golpe-de-23-de-fevereiro-em-espanha\/"},"wordCount":221,"image":{"@id":"https:\/\/portaltela.pt\/noticias\/2026\/02\/25\/morre-antonio-tejero-lider-do-golpe-de-23-de-fevereiro-em-espanha\/#primaryimage"},"thumbnailUrl":"https:\/\/portaltela.pt\/s.01k8rhncp4jt1\/2026\/02\/img_1500x1000uu2026-02-25-18-48-20-2268992.jpg","keywords":["democracia","Espanha","For\u00e7a A\u00e9rea","golpe de Estado","hist\u00f3ria","rebeli\u00e3o"],"articleSection":["Internacional","Not\u00edcias"],"inLanguage":"pt-PT"},{"@type":"WebPage","@id":"https:\/\/portaltela.pt\/noticias\/2026\/02\/25\/morre-antonio-tejero-lider-do-golpe-de-23-de-fevereiro-em-espanha\/","url":"https:\/\/portaltela.pt\/noticias\/2026\/02\/25\/morre-antonio-tejero-lider-do-golpe-de-23-de-fevereiro-em-espanha\/","name":"Morre Antonio Tejero, l\u00edder do golpe de 23 de fevereiro em Espanha - Portal Tela Portugal","isPartOf":{"@id":"https:\/\/portaltela.pt\/#website"},"primaryImageOfPage":{"@id":"https:\/\/portaltela.pt\/noticias\/2026\/02\/25\/morre-antonio-tejero-lider-do-golpe-de-23-de-fevereiro-em-espanha\/#primaryimage"},"image":{"@id":"https:\/\/portaltela.pt\/noticias\/2026\/02\/25\/morre-antonio-tejero-lider-do-golpe-de-23-de-fevereiro-em-espanha\/#primaryimage"},"thumbnailUrl":"https:\/\/portaltela.pt\/s.01k8rhncp4jt1\/2026\/02\/img_1500x1000uu2026-02-25-18-48-20-2268992.jpg","datePublished":"2026-02-25T18:49:00+00:00","author":{"@id":"https:\/\/portaltela.pt\/#\/schema\/person\/c4278d4a6028830caff9ee44b42d32ed"},"breadcrumb":{"@id":"https:\/\/portaltela.pt\/noticias\/2026\/02\/25\/morre-antonio-tejero-lider-do-golpe-de-23-de-fevereiro-em-espanha\/#breadcrumb"},"inLanguage":"pt-PT","potentialAction":[{"@type":"ReadAction","target":["https:\/\/portaltela.pt\/noticias\/2026\/02\/25\/morre-antonio-tejero-lider-do-golpe-de-23-de-fevereiro-em-espanha\/"]}]},{"@type":"ImageObject","inLanguage":"pt-PT","@id":"https:\/\/portaltela.pt\/noticias\/2026\/02\/25\/morre-antonio-tejero-lider-do-golpe-de-23-de-fevereiro-em-espanha\/#primaryimage","url":"https:\/\/portaltela.pt\/s.01k8rhncp4jt1\/2026\/02\/img_1500x1000uu2026-02-25-18-48-20-2268992.jpg","contentUrl":"https:\/\/portaltela.pt\/s.01k8rhncp4jt1\/2026\/02\/img_1500x1000uu2026-02-25-18-48-20-2268992.jpg","width":796,"height":448,"caption":"Antonio Tejero liderou tentativa de golpe de Estado falhada no parlamento espanhol em 1981"},{"@type":"BreadcrumbList","@id":"https:\/\/portaltela.pt\/noticias\/2026\/02\/25\/morre-antonio-tejero-lider-do-golpe-de-23-de-fevereiro-em-espanha\/#breadcrumb","itemListElement":[{"@type":"ListItem","position":1,"name":"In\u00edcio","item":"https:\/\/portaltela.pt\/"},{"@type":"ListItem","position":2,"name":"Morre Antonio Tejero, l\u00edder do golpe de 23 de fevereiro em Espanha"}]},{"@type":"WebSite","@id":"https:\/\/portaltela.pt\/#website","url":"https:\/\/portaltela.pt\/","name":"Portal Tela Portugal","description":"","potentialAction":[{"@type":"SearchAction","target":{"@type":"EntryPoint","urlTemplate":"https:\/\/portaltela.pt\/?s={search_term_string}"},"query-input":{"@type":"PropertyValueSpecification","valueRequired":true,"valueName":"search_term_string"}}],"inLanguage":"pt-PT"},{"@type":"Person","@id":"https:\/\/portaltela.pt\/#\/schema\/person\/c4278d4a6028830caff9ee44b42d32ed","name":"Telinha","image":{"@type":"ImageObject","inLanguage":"pt-PT","@id":"https:\/\/portaltela.pt\/s.01k8rhncp4jt1\/2025\/11\/talking-bot-125x125.png","url":"https:\/\/portaltela.pt\/s.01k8rhncp4jt1\/2025\/11\/talking-bot-125x125.png","contentUrl":"https:\/\/portaltela.pt\/s.01k8rhncp4jt1\/2025\/11\/talking-bot-125x125.png","caption":"Telinha"},"sameAs":["https:\/\/portaltela.pt\/"],"url":"https:\/\/portaltela.pt\/por\/367410592786\/"}]}},"_links":{"self":[{"href":"https:\/\/portaltela.pt\/api\/wp\/v2\/posts\/388211","targetHints":{"allow":["GET"]}}],"collection":[{"href":"https:\/\/portaltela.pt\/api\/wp\/v2\/posts"}],"about":[{"href":"https:\/\/portaltela.pt\/api\/wp\/v2\/types\/post"}],"author":[{"embeddable":true,"href":"https:\/\/portaltela.pt\/api\/wp\/v2\/users\/2"}],"replies":[{"embeddable":true,"href":"https:\/\/portaltela.pt\/api\/wp\/v2\/comments?post=388211"}],"version-history":[{"count":0,"href":"https:\/\/portaltela.pt\/api\/wp\/v2\/posts\/388211\/revisions"}],"wp:featuredmedia":[{"embeddable":true,"href":"https:\/\/portaltela.pt\/api\/wp\/v2\/media\/388217"}],"wp:attachment":[{"href":"https:\/\/portaltela.pt\/api\/wp\/v2\/media?parent=388211"}],"wp:term":[{"taxonomy":"category","embeddable":true,"href":"https:\/\/portaltela.pt\/api\/wp\/v2\/categories?post=388211"},{"taxonomy":"post_tag","embeddable":true,"href":"https:\/\/portaltela.pt\/api\/wp\/v2\/tags?post=388211"}],"curies":[{"name":"wp","href":"https:\/\/api.w.org\/{rel}","templated":true}]}}