{"id":388197,"date":"2026-02-25T18:28:27","date_gmt":"2026-02-25T21:28:27","guid":{"rendered":"https:\/\/portaltela.pt\/noticias\/2026\/02\/25\/ministro-da-administracao-interna-reune-se-com-chefes-da-gnr-e-psp\/"},"modified":"2026-02-25T18:28:27","modified_gmt":"2026-02-25T21:28:27","slug":"ministro-da-administracao-interna-reune-se-com-chefes-da-gnr-e-psp","status":"publish","type":"post","link":"https:\/\/portaltela.pt\/noticias\/2026\/02\/25\/ministro-da-administracao-interna-reune-se-com-chefes-da-gnr-e-psp\/","title":{"rendered":"Ministro da Administra\u00e7\u00e3o Interna re\u00fane-se com chefes da GNR e PSP"},"content":{"rendered":"<p>O ministro da Administra\u00e7\u00e3o Interna, Lu\u00eds Neves, reuniu-se nesta quarta-feira com o Comandante-Geral da GNR, Rui Veloso, e com o Diretor Nacional da PSP, Lu\u00eds Carrilho, no Minist\u00e9rio. O encontro refor\u00e7ou o objetivo de abrir um novo ciclo de di\u00e1logo e coopera\u00e7\u00e3o com as For\u00e7as de Seguran\u00e7a, num contexto de maior exig\u00eancia para a seguran\u00e7a interna.<\/p>\n<p>Participaram ainda o secret\u00e1rio de Estado Adjunto e da Administra\u00e7\u00e3o Interna, Paulo Sim\u00f5es Ribeiro, o secret\u00e1rio de Estado da Administra\u00e7\u00e3o Interna, Telmo Correia, e o Secret\u00e1rio de Estado da Prote\u00e7\u00e3o Civil, Rui Rocha. A reuni\u00e3o manteve o tom institucional e focou estrat\u00e9gias de atua\u00e7\u00e3o conjunta.<\/p>\n<h3>Participantes presentes<\/h3>\n<p>Lu\u00eds Neves tomou posse na manh\u00e3 desta segunda-feira, no Pal\u00e1cio de Bel\u00e9m, substituindo Maria L\u00facia Amaral, que se demitiu na sequ\u00eancia de recentes conturbos pol\u00edticos. A nomea\u00e7\u00e3o foi anunciada no fim de semana anterior.<\/p>\n","protected":false},"excerpt":{"rendered":"<ul>\n<li>O ministro da Administra\u00e7\u00e3o Interna, Lu\u00eds Neves, reuniu-se no minist\u00e9rio com o Comandante-Geral da GNR, Tenente-General Rui Veloso, e com o Diretor Nacional da PSP, Superintendente-Chefe Lu\u00eds Carrilho.<\/li>\n<li>O encontro desta quarta-feira foi descrito pelo minist\u00e9rio como o in\u00edcio de um novo ciclo de di\u00e1logo e coopera\u00e7\u00e3o estrat\u00e9gica com as For\u00e7as de Seguran\u00e7a, num contexto particularmente exigente para a seguran\u00e7a interna.<\/li>\n<li>Estiveram presentes ainda o secret\u00e1rio de Estado Adjunto e da Administra\u00e7\u00e3o Interna, Paulo Sim\u00f5es Ribeiro, o secret\u00e1rio de Estado da Administra\u00e7\u00e3o Interna, Telmo Correia, e o Secret\u00e1rio de Estado da Prote\u00e7\u00e3o Civil, Rui Rocha.<\/li>\n<li>A nomea\u00e7\u00e3o de Lu\u00eds Neves para o cargo foi anunciada no fim de semana passado, substituindo Maria L\u00facia Amaral, que se demitiu na sequ\u00eancia do conjunto de crises que afetou o pa\u00eds.<\/li>\n<li>Lu\u00eds Neves tomou posse na manh\u00e3 de segunda-feira, no Pal\u00e1cio de Bel\u00e9m.<\/li>\n<\/ul>\n","protected":false},"author":2,"featured_media":388203,"comment_status":"closed","ping_status":"closed","sticky":false,"template":"","format":"standard","meta":{"footnotes":""},"categories":[1],"tags":[5163,5798,168,6229,3418,250],"class_list":["post-388197","post","type-post","status-publish","format-standard","has-post-thumbnail","hentry","category-noticias","tag-a-guarda","tag-administracao-interna","tag-administracao-publica","tag-luis-neves","tag-policia-de-seguranca-publica","tag-seguranca-publica"],"yoast_head":"<!-- This site is optimized with the Yoast SEO plugin v27.2 - https:\/\/yoast.com\/product\/yoast-seo-wordpress\/ -->\n<title>Ministro da Administra\u00e7\u00e3o Interna re\u00fane-se com chefes da GNR e PSP - Portal Tela Portugal<\/title>\n<meta name=\"robots\" content=\"index, follow, max-snippet:-1, max-image-preview:large, max-video-preview:-1\" \/>\n<meta property=\"og:locale\" content=\"pt_PT\" \/>\n<meta property=\"og:type\" content=\"article\" \/>\n<meta property=\"og:title\" content=\"Ministro da Administra\u00e7\u00e3o Interna re\u00fane-se com chefes da GNR e PSP - Portal Tela Portugal\" \/>\n<meta property=\"og:description\" content=\"O ministro da Administra\u00e7\u00e3o Interna, Lu\u00eds Neves, reuniu-se no minist\u00e9rio com o Comandante-Geral da GNR, Tenente-General Rui Veloso, e com o Diretor Nacional da PSP, Superintendente-Chefe Lu\u00eds Carrilho. O encontro desta quarta-feira foi descrito pelo minist\u00e9rio como o in\u00edcio de um novo ciclo de di\u00e1logo e coopera\u00e7\u00e3o estrat\u00e9gica com as For\u00e7as de Seguran\u00e7a, num contexto particularmente exigente para a seguran\u00e7a interna. Estiveram presentes ainda o secret\u00e1rio de Estado Adjunto e da Administra\u00e7\u00e3o Interna, Paulo Sim\u00f5es Ribeiro, o secret\u00e1rio de Estado da Administra\u00e7\u00e3o Interna, Telmo Correia, e o Secret\u00e1rio de Estado da Prote\u00e7\u00e3o Civil, Rui Rocha. A nomea\u00e7\u00e3o de Lu\u00eds Neves para o cargo foi anunciada no fim de semana passado, substituindo Maria L\u00facia Amaral, que se demitiu na sequ\u00eancia do conjunto de crises que afetou o pa\u00eds. Lu\u00eds Neves tomou posse na manh\u00e3 de segunda-feira, no Pal\u00e1cio de Bel\u00e9m.\" \/>\n<meta property=\"og:url\" content=\"https:\/\/portaltela.pt\/noticias\/2026\/02\/25\/ministro-da-administracao-interna-reune-se-com-chefes-da-gnr-e-psp\/\" \/>\n<meta property=\"og:site_name\" content=\"Portal Tela Portugal\" \/>\n<meta property=\"article:published_time\" content=\"2026-02-25T21:28:27+00:00\" \/>\n<meta name=\"author\" content=\"Telinha\" \/>\n<meta name=\"twitter:card\" content=\"summary_large_image\" \/>\n<meta name=\"twitter:label1\" content=\"Escrito por\" \/>\n\t<meta name=\"twitter:data1\" content=\"Telinha\" \/>\n\t<meta name=\"twitter:label2\" content=\"Tempo estimado de leitura\" \/>\n\t<meta name=\"twitter:data2\" content=\"1 minuto\" \/>\n<script type=\"application\/ld+json\" class=\"yoast-schema-graph\">{\"@context\":\"https:\/\/schema.org\",\"@graph\":[{\"@type\":\"Article\",\"@id\":\"https:\/\/portaltela.pt\/noticias\/2026\/02\/25\/ministro-da-administracao-interna-reune-se-com-chefes-da-gnr-e-psp\/#article\",\"isPartOf\":{\"@id\":\"https:\/\/portaltela.pt\/noticias\/2026\/02\/25\/ministro-da-administracao-interna-reune-se-com-chefes-da-gnr-e-psp\/\"},\"author\":{\"name\":\"Telinha\",\"@id\":\"https:\/\/portaltela.pt\/#\/schema\/person\/c4278d4a6028830caff9ee44b42d32ed\"},\"headline\":\"Ministro da Administra\u00e7\u00e3o Interna re\u00fane-se com chefes da GNR e PSP\",\"datePublished\":\"2026-02-25T21:28:27+00:00\",\"mainEntityOfPage\":{\"@id\":\"https:\/\/portaltela.pt\/noticias\/2026\/02\/25\/ministro-da-administracao-interna-reune-se-com-chefes-da-gnr-e-psp\/\"},\"wordCount\":178,\"image\":{\"@id\":\"https:\/\/portaltela.pt\/noticias\/2026\/02\/25\/ministro-da-administracao-interna-reune-se-com-chefes-da-gnr-e-psp\/#primaryimage\"},\"thumbnailUrl\":\"https:\/\/portaltela.pt\/s.01k8rhncp4jt1\/2026\/02\/img_1500x1000uu2026-02-25-21-27-53-2269037.jpg\",\"keywords\":[\"A Guarda\",\"Administra\u00e7\u00e3o Interna\",\"administra\u00e7\u00e3o p\u00fablica\",\"Lu\u00eds Neves\",\"Pol\u00edcia de Seguran\u00e7a P\u00fablica\",\"seguran\u00e7a p\u00fablica\"],\"articleSection\":[\"Not\u00edcias\"],\"inLanguage\":\"pt-PT\"},{\"@type\":\"WebPage\",\"@id\":\"https:\/\/portaltela.pt\/noticias\/2026\/02\/25\/ministro-da-administracao-interna-reune-se-com-chefes-da-gnr-e-psp\/\",\"url\":\"https:\/\/portaltela.pt\/noticias\/2026\/02\/25\/ministro-da-administracao-interna-reune-se-com-chefes-da-gnr-e-psp\/\",\"name\":\"Ministro da Administra\u00e7\u00e3o Interna re\u00fane-se com chefes da GNR e PSP - Portal Tela Portugal\",\"isPartOf\":{\"@id\":\"https:\/\/portaltela.pt\/#website\"},\"primaryImageOfPage\":{\"@id\":\"https:\/\/portaltela.pt\/noticias\/2026\/02\/25\/ministro-da-administracao-interna-reune-se-com-chefes-da-gnr-e-psp\/#primaryimage\"},\"image\":{\"@id\":\"https:\/\/portaltela.pt\/noticias\/2026\/02\/25\/ministro-da-administracao-interna-reune-se-com-chefes-da-gnr-e-psp\/#primaryimage\"},\"thumbnailUrl\":\"https:\/\/portaltela.pt\/s.01k8rhncp4jt1\/2026\/02\/img_1500x1000uu2026-02-25-21-27-53-2269037.jpg\",\"datePublished\":\"2026-02-25T21:28:27+00:00\",\"author\":{\"@id\":\"https:\/\/portaltela.pt\/#\/schema\/person\/c4278d4a6028830caff9ee44b42d32ed\"},\"breadcrumb\":{\"@id\":\"https:\/\/portaltela.pt\/noticias\/2026\/02\/25\/ministro-da-administracao-interna-reune-se-com-chefes-da-gnr-e-psp\/#breadcrumb\"},\"inLanguage\":\"pt-PT\",\"potentialAction\":[{\"@type\":\"ReadAction\",\"target\":[\"https:\/\/portaltela.pt\/noticias\/2026\/02\/25\/ministro-da-administracao-interna-reune-se-com-chefes-da-gnr-e-psp\/\"]}]},{\"@type\":\"ImageObject\",\"inLanguage\":\"pt-PT\",\"@id\":\"https:\/\/portaltela.pt\/noticias\/2026\/02\/25\/ministro-da-administracao-interna-reune-se-com-chefes-da-gnr-e-psp\/#primaryimage\",\"url\":\"https:\/\/portaltela.pt\/s.01k8rhncp4jt1\/2026\/02\/img_1500x1000uu2026-02-25-21-27-53-2269037.jpg\",\"contentUrl\":\"https:\/\/portaltela.pt\/s.01k8rhncp4jt1\/2026\/02\/img_1500x1000uu2026-02-25-21-27-53-2269037.jpg\",\"width\":796,\"height\":448,\"caption\":\"Ministro da Administra\u00e7\u00e3o Interna reunido com Comandante-Geral da GNR e Diretor Nacional da PSP\"},{\"@type\":\"BreadcrumbList\",\"@id\":\"https:\/\/portaltela.pt\/noticias\/2026\/02\/25\/ministro-da-administracao-interna-reune-se-com-chefes-da-gnr-e-psp\/#breadcrumb\",\"itemListElement\":[{\"@type\":\"ListItem\",\"position\":1,\"name\":\"In\u00edcio\",\"item\":\"https:\/\/portaltela.pt\/\"},{\"@type\":\"ListItem\",\"position\":2,\"name\":\"Ministro da Administra\u00e7\u00e3o Interna re\u00fane-se com chefes da GNR e PSP\"}]},{\"@type\":\"WebSite\",\"@id\":\"https:\/\/portaltela.pt\/#website\",\"url\":\"https:\/\/portaltela.pt\/\",\"name\":\"Portal Tela Portugal\",\"description\":\"\",\"potentialAction\":[{\"@type\":\"SearchAction\",\"target\":{\"@type\":\"EntryPoint\",\"urlTemplate\":\"https:\/\/portaltela.pt\/?s={search_term_string}\"},\"query-input\":{\"@type\":\"PropertyValueSpecification\",\"valueRequired\":true,\"valueName\":\"search_term_string\"}}],\"inLanguage\":\"pt-PT\"},{\"@type\":\"Person\",\"@id\":\"https:\/\/portaltela.pt\/#\/schema\/person\/c4278d4a6028830caff9ee44b42d32ed\",\"name\":\"Telinha\",\"image\":{\"@type\":\"ImageObject\",\"inLanguage\":\"pt-PT\",\"@id\":\"https:\/\/portaltela.pt\/s.01k8rhncp4jt1\/2025\/11\/talking-bot-125x125.png\",\"url\":\"https:\/\/portaltela.pt\/s.01k8rhncp4jt1\/2025\/11\/talking-bot-125x125.png\",\"contentUrl\":\"https:\/\/portaltela.pt\/s.01k8rhncp4jt1\/2025\/11\/talking-bot-125x125.png\",\"caption\":\"Telinha\"},\"sameAs\":[\"https:\/\/portaltela.pt\/\"],\"url\":\"https:\/\/portaltela.pt\/por\/367410592786\/\"}]}<\/script>\n<!-- \/ Yoast SEO plugin. -->","yoast_head_json":{"title":"Ministro da Administra\u00e7\u00e3o Interna re\u00fane-se com chefes da GNR e PSP - Portal Tela Portugal","robots":{"index":"index","follow":"follow","max-snippet":"max-snippet:-1","max-image-preview":"max-image-preview:large","max-video-preview":"max-video-preview:-1"},"og_locale":"pt_PT","og_type":"article","og_title":"Ministro da Administra\u00e7\u00e3o Interna re\u00fane-se com chefes da GNR e PSP - Portal Tela Portugal","og_description":"O ministro da Administra\u00e7\u00e3o Interna, Lu\u00eds Neves, reuniu-se no minist\u00e9rio com o Comandante-Geral da GNR, Tenente-General Rui Veloso, e com o Diretor Nacional da PSP, Superintendente-Chefe Lu\u00eds Carrilho. O encontro desta quarta-feira foi descrito pelo minist\u00e9rio como o in\u00edcio de um novo ciclo de di\u00e1logo e coopera\u00e7\u00e3o estrat\u00e9gica com as For\u00e7as de Seguran\u00e7a, num contexto particularmente exigente para a seguran\u00e7a interna. Estiveram presentes ainda o secret\u00e1rio de Estado Adjunto e da Administra\u00e7\u00e3o Interna, Paulo Sim\u00f5es Ribeiro, o secret\u00e1rio de Estado da Administra\u00e7\u00e3o Interna, Telmo Correia, e o Secret\u00e1rio de Estado da Prote\u00e7\u00e3o Civil, Rui Rocha. A nomea\u00e7\u00e3o de Lu\u00eds Neves para o cargo foi anunciada no fim de semana passado, substituindo Maria L\u00facia Amaral, que se demitiu na sequ\u00eancia do conjunto de crises que afetou o pa\u00eds. Lu\u00eds Neves tomou posse na manh\u00e3 de segunda-feira, no Pal\u00e1cio de Bel\u00e9m.","og_url":"https:\/\/portaltela.pt\/noticias\/2026\/02\/25\/ministro-da-administracao-interna-reune-se-com-chefes-da-gnr-e-psp\/","og_site_name":"Portal Tela Portugal","article_published_time":"2026-02-25T21:28:27+00:00","author":"Telinha","twitter_card":"summary_large_image","twitter_misc":{"Escrito por":"Telinha","Tempo estimado de leitura":"1 minuto"},"schema":{"@context":"https:\/\/schema.org","@graph":[{"@type":"Article","@id":"https:\/\/portaltela.pt\/noticias\/2026\/02\/25\/ministro-da-administracao-interna-reune-se-com-chefes-da-gnr-e-psp\/#article","isPartOf":{"@id":"https:\/\/portaltela.pt\/noticias\/2026\/02\/25\/ministro-da-administracao-interna-reune-se-com-chefes-da-gnr-e-psp\/"},"author":{"name":"Telinha","@id":"https:\/\/portaltela.pt\/#\/schema\/person\/c4278d4a6028830caff9ee44b42d32ed"},"headline":"Ministro da Administra\u00e7\u00e3o Interna re\u00fane-se com chefes da GNR e PSP","datePublished":"2026-02-25T21:28:27+00:00","mainEntityOfPage":{"@id":"https:\/\/portaltela.pt\/noticias\/2026\/02\/25\/ministro-da-administracao-interna-reune-se-com-chefes-da-gnr-e-psp\/"},"wordCount":178,"image":{"@id":"https:\/\/portaltela.pt\/noticias\/2026\/02\/25\/ministro-da-administracao-interna-reune-se-com-chefes-da-gnr-e-psp\/#primaryimage"},"thumbnailUrl":"https:\/\/portaltela.pt\/s.01k8rhncp4jt1\/2026\/02\/img_1500x1000uu2026-02-25-21-27-53-2269037.jpg","keywords":["A Guarda","Administra\u00e7\u00e3o Interna","administra\u00e7\u00e3o p\u00fablica","Lu\u00eds Neves","Pol\u00edcia de Seguran\u00e7a P\u00fablica","seguran\u00e7a p\u00fablica"],"articleSection":["Not\u00edcias"],"inLanguage":"pt-PT"},{"@type":"WebPage","@id":"https:\/\/portaltela.pt\/noticias\/2026\/02\/25\/ministro-da-administracao-interna-reune-se-com-chefes-da-gnr-e-psp\/","url":"https:\/\/portaltela.pt\/noticias\/2026\/02\/25\/ministro-da-administracao-interna-reune-se-com-chefes-da-gnr-e-psp\/","name":"Ministro da Administra\u00e7\u00e3o Interna re\u00fane-se com chefes da GNR e PSP - Portal Tela Portugal","isPartOf":{"@id":"https:\/\/portaltela.pt\/#website"},"primaryImageOfPage":{"@id":"https:\/\/portaltela.pt\/noticias\/2026\/02\/25\/ministro-da-administracao-interna-reune-se-com-chefes-da-gnr-e-psp\/#primaryimage"},"image":{"@id":"https:\/\/portaltela.pt\/noticias\/2026\/02\/25\/ministro-da-administracao-interna-reune-se-com-chefes-da-gnr-e-psp\/#primaryimage"},"thumbnailUrl":"https:\/\/portaltela.pt\/s.01k8rhncp4jt1\/2026\/02\/img_1500x1000uu2026-02-25-21-27-53-2269037.jpg","datePublished":"2026-02-25T21:28:27+00:00","author":{"@id":"https:\/\/portaltela.pt\/#\/schema\/person\/c4278d4a6028830caff9ee44b42d32ed"},"breadcrumb":{"@id":"https:\/\/portaltela.pt\/noticias\/2026\/02\/25\/ministro-da-administracao-interna-reune-se-com-chefes-da-gnr-e-psp\/#breadcrumb"},"inLanguage":"pt-PT","potentialAction":[{"@type":"ReadAction","target":["https:\/\/portaltela.pt\/noticias\/2026\/02\/25\/ministro-da-administracao-interna-reune-se-com-chefes-da-gnr-e-psp\/"]}]},{"@type":"ImageObject","inLanguage":"pt-PT","@id":"https:\/\/portaltela.pt\/noticias\/2026\/02\/25\/ministro-da-administracao-interna-reune-se-com-chefes-da-gnr-e-psp\/#primaryimage","url":"https:\/\/portaltela.pt\/s.01k8rhncp4jt1\/2026\/02\/img_1500x1000uu2026-02-25-21-27-53-2269037.jpg","contentUrl":"https:\/\/portaltela.pt\/s.01k8rhncp4jt1\/2026\/02\/img_1500x1000uu2026-02-25-21-27-53-2269037.jpg","width":796,"height":448,"caption":"Ministro da Administra\u00e7\u00e3o Interna reunido com Comandante-Geral da GNR e Diretor Nacional da PSP"},{"@type":"BreadcrumbList","@id":"https:\/\/portaltela.pt\/noticias\/2026\/02\/25\/ministro-da-administracao-interna-reune-se-com-chefes-da-gnr-e-psp\/#breadcrumb","itemListElement":[{"@type":"ListItem","position":1,"name":"In\u00edcio","item":"https:\/\/portaltela.pt\/"},{"@type":"ListItem","position":2,"name":"Ministro da Administra\u00e7\u00e3o Interna re\u00fane-se com chefes da GNR e PSP"}]},{"@type":"WebSite","@id":"https:\/\/portaltela.pt\/#website","url":"https:\/\/portaltela.pt\/","name":"Portal Tela Portugal","description":"","potentialAction":[{"@type":"SearchAction","target":{"@type":"EntryPoint","urlTemplate":"https:\/\/portaltela.pt\/?s={search_term_string}"},"query-input":{"@type":"PropertyValueSpecification","valueRequired":true,"valueName":"search_term_string"}}],"inLanguage":"pt-PT"},{"@type":"Person","@id":"https:\/\/portaltela.pt\/#\/schema\/person\/c4278d4a6028830caff9ee44b42d32ed","name":"Telinha","image":{"@type":"ImageObject","inLanguage":"pt-PT","@id":"https:\/\/portaltela.pt\/s.01k8rhncp4jt1\/2025\/11\/talking-bot-125x125.png","url":"https:\/\/portaltela.pt\/s.01k8rhncp4jt1\/2025\/11\/talking-bot-125x125.png","contentUrl":"https:\/\/portaltela.pt\/s.01k8rhncp4jt1\/2025\/11\/talking-bot-125x125.png","caption":"Telinha"},"sameAs":["https:\/\/portaltela.pt\/"],"url":"https:\/\/portaltela.pt\/por\/367410592786\/"}]}},"_links":{"self":[{"href":"https:\/\/portaltela.pt\/api\/wp\/v2\/posts\/388197","targetHints":{"allow":["GET"]}}],"collection":[{"href":"https:\/\/portaltela.pt\/api\/wp\/v2\/posts"}],"about":[{"href":"https:\/\/portaltela.pt\/api\/wp\/v2\/types\/post"}],"author":[{"embeddable":true,"href":"https:\/\/portaltela.pt\/api\/wp\/v2\/users\/2"}],"replies":[{"embeddable":true,"href":"https:\/\/portaltela.pt\/api\/wp\/v2\/comments?post=388197"}],"version-history":[{"count":0,"href":"https:\/\/portaltela.pt\/api\/wp\/v2\/posts\/388197\/revisions"}],"wp:featuredmedia":[{"embeddable":true,"href":"https:\/\/portaltela.pt\/api\/wp\/v2\/media\/388203"}],"wp:attachment":[{"href":"https:\/\/portaltela.pt\/api\/wp\/v2\/media?parent=388197"}],"wp:term":[{"taxonomy":"category","embeddable":true,"href":"https:\/\/portaltela.pt\/api\/wp\/v2\/categories?post=388197"},{"taxonomy":"post_tag","embeddable":true,"href":"https:\/\/portaltela.pt\/api\/wp\/v2\/tags?post=388197"}],"curies":[{"name":"wp","href":"https:\/\/api.w.org\/{rel}","templated":true}]}}