{"id":388193,"date":"2026-02-25T17:56:00","date_gmt":"2026-02-25T20:56:00","guid":{"rendered":"https:\/\/portaltela.pt\/noticias\/2026\/02\/25\/regiao-norte-cria-plataforma-para-definir-estrategias-de-inovacao-na-saude\/"},"modified":"2026-02-25T17:56:00","modified_gmt":"2026-02-25T20:56:00","slug":"regiao-norte-cria-plataforma-para-definir-estrategias-de-inovacao-na-saude","status":"publish","type":"post","link":"https:\/\/portaltela.pt\/noticias\/2026\/02\/25\/regiao-norte-cria-plataforma-para-definir-estrategias-de-inovacao-na-saude\/","title":{"rendered":"Regi\u00e3o Norte cria plataforma para definir estrat\u00e9gias de inova\u00e7\u00e3o na sa\u00fade"},"content":{"rendered":"<p>A regi\u00e3o Norte cria uma plataforma para definir estrat\u00e9gias de inova\u00e7\u00e3o na sa\u00fade. O projeto Bridges4Health re\u00fane mais de 30 institui\u00e7\u00f5es da \u00e1rea da sa\u00fade em Braga para definir prioridades de financiamento e a\u00e7\u00f5es conjuntas. A sess\u00e3o marca o lan\u00e7amento da Plataforma Regional de Especializa\u00e7\u00e3o Inteligente em Ci\u00eancias da Vida e da Sa\u00fade.<\/p>\n<p>Bridges4Health \u00e9 coordenado pelo i3S, do Porto, em parceria com o 2CA-Braga. O objetivo \u00e9 mobilizar o ecossistema regional para orientar pol\u00edticas de financiamento at\u00e9 2030 e fortalecer a participa\u00e7\u00e3o econ\u00f3mica na \u00e1rea da sa\u00fade. A iniciativa recebe financiamento europeu atrav\u00e9s do Norte 2030 e Portugal 2030.<\/p>\n<p>O encontro, que decorre no Espa\u00e7o Vita, envolve institutos de investiga\u00e7\u00e3o, centros cl\u00ednicos, unidades hospitalares, empresas e autoridades regionais. A sess\u00e3o ter\u00e1 como foco criar quatro grupos de trabalho com \u00e1reas priorit\u00e1rias para o desenvolvimento.<\/p>\n<h3>Estrutura e objetivos<\/h3>\n<p>Claudio Sunkel, diretor do i3S, indica que a ideia \u00e9 criar um quadro de participa\u00e7\u00e3o regional na defini\u00e7\u00e3o de pol\u00edticas p\u00fablicas. O objetivo \u00e9 que a CCDR-N receba contributos para orientar concursos e \u00e1reas de financiamento nos pr\u00f3ximos anos.<\/p>\n<p>O projeto Bridges4Health promete consolidar liga\u00e7\u00f5es entre ci\u00eancia, ind\u00fastria e sa\u00fade. Segundo a organiza\u00e7\u00e3o, pretende transformar descobertas em produtos e servi\u00e7os que respondam aos desafios da regi\u00e3o e da Europa.<\/p>\n<p>Jorge Pedrosa, presidente do 2CA-Braga, afirma que o projeto visa estimular empreendedorismo, coopera\u00e7\u00e3o internacional e a transi\u00e7\u00e3o industrial. A meta \u00e9 posicionar o Norte como polo de excel\u00eancia em ci\u00eancias da vida, a n\u00edvel nacional e europeu.<\/p>\n<h3>Abordagens e dom\u00ednios<\/h3>\n<p>O programa foca quatro dom\u00ednios: medicina de precis\u00e3o, investiga\u00e7\u00e3o cl\u00ednica, dispositivos e tecnologias biom\u00e9dicas, e microbioma e sa\u00fade. A inten\u00e7\u00e3o \u00e9 utilizar o potencial cient\u00edfico instalado e a din\u00e2mica empresarial da regi\u00e3o para gerar projetos-\u00e2ncora antes do Ver\u00e3o.<\/p>\n","protected":false},"excerpt":{"rendered":"<ul>\n<li>Regi\u00e3o Norte cria a Plataforma Regional de Especializa\u00e7\u00e3o Inteligente em Ci\u00eancias da Vida e da Sa\u00fade, chamada Bridges4Health, para definir estrat\u00e9gias e prioridades de financiamento.<\/li>\n<li>O projeto foca quatro dom\u00ednios estrat\u00e9gicos: medicina de precis\u00e3o; investiga\u00e7\u00e3o cl\u00ednica; dispositivos e tecnologias biom\u00e9dicas; e microbioma e sa\u00fade.<\/li>\n<li>Mais de 30 institui\u00e7\u00f5es da \u00e1rea da sa\u00fade do Norte v\u00e3o reunir-se em Braga para apresentar contribui\u00e7\u00f5es e formar quatro grupos de trabalho.<\/li>\n<li>A iniciativa \u00e9 coordenada pelo Instituto de Investiga\u00e7\u00e3o e Inova\u00e7\u00e3o em Sa\u00fade da Universidade do Porto (i3S) e pelo Centro Cl\u00ednico Acad\u00e9mico de Braga (2CA-Braga), com cofinanciamento da Uni\u00e3o Europeia atrav\u00e9s do Norte 2030 e do Portugal 2030.<\/li>\n<li>O objetivo \u00e9 mobilizar o ecossistema regional, criar projetos\u2011\u00e2ncora at\u00e9 ao ver\u00e3o e posicionar o Norte como polo de refer\u00eancia em ci\u00eancias da vida e sa\u00fade a n\u00edvel nacional e europeu.<\/li>\n<\/ul>\n","protected":false},"author":2,"featured_media":388201,"comment_status":"closed","ping_status":"closed","sticky":false,"template":"","format":"standard","meta":{"footnotes":""},"categories":[1],"tags":[1992,33,215,4481,6261,172],"class_list":["post-388193","post","type-post","status-publish","format-standard","has-post-thumbnail","hentry","category-noticias","tag-ciencia","tag-inovacao","tag-investigacao","tag-norte-2030","tag-regiao-norte","tag-saude"],"yoast_head":"<!-- This site is optimized with the Yoast SEO plugin v27.2 - https:\/\/yoast.com\/product\/yoast-seo-wordpress\/ -->\n<title>Regi\u00e3o Norte cria plataforma para definir estrat\u00e9gias de inova\u00e7\u00e3o na sa\u00fade - Portal Tela Portugal<\/title>\n<meta name=\"robots\" content=\"index, follow, max-snippet:-1, max-image-preview:large, max-video-preview:-1\" \/>\n<meta property=\"og:locale\" content=\"pt_PT\" \/>\n<meta property=\"og:type\" content=\"article\" \/>\n<meta property=\"og:title\" content=\"Regi\u00e3o Norte cria plataforma para definir estrat\u00e9gias de inova\u00e7\u00e3o na sa\u00fade - Portal Tela Portugal\" \/>\n<meta property=\"og:description\" content=\"Regi\u00e3o Norte cria a Plataforma Regional de Especializa\u00e7\u00e3o Inteligente em Ci\u00eancias da Vida e da Sa\u00fade, chamada Bridges4Health, para definir estrat\u00e9gias e prioridades de financiamento. O projeto foca quatro dom\u00ednios estrat\u00e9gicos: medicina de precis\u00e3o; investiga\u00e7\u00e3o cl\u00ednica; dispositivos e tecnologias biom\u00e9dicas; e microbioma e sa\u00fade. Mais de 30 institui\u00e7\u00f5es da \u00e1rea da sa\u00fade do Norte v\u00e3o reunir-se em Braga para apresentar contribui\u00e7\u00f5es e formar quatro grupos de trabalho. A iniciativa \u00e9 coordenada pelo Instituto de Investiga\u00e7\u00e3o e Inova\u00e7\u00e3o em Sa\u00fade da Universidade do Porto (i3S) e pelo Centro Cl\u00ednico Acad\u00e9mico de Braga (2CA-Braga), com cofinanciamento da Uni\u00e3o Europeia atrav\u00e9s do Norte 2030 e do Portugal 2030. O objetivo \u00e9 mobilizar o ecossistema regional, criar projetos\u2011\u00e2ncora at\u00e9 ao ver\u00e3o e posicionar o Norte como polo de refer\u00eancia em ci\u00eancias da vida e sa\u00fade a n\u00edvel nacional e europeu.\" \/>\n<meta property=\"og:url\" content=\"https:\/\/portaltela.pt\/noticias\/2026\/02\/25\/regiao-norte-cria-plataforma-para-definir-estrategias-de-inovacao-na-saude\/\" \/>\n<meta property=\"og:site_name\" content=\"Portal Tela Portugal\" \/>\n<meta property=\"article:published_time\" content=\"2026-02-25T20:56:00+00:00\" \/>\n<meta name=\"author\" content=\"Telinha\" \/>\n<meta name=\"twitter:card\" content=\"summary_large_image\" \/>\n<meta name=\"twitter:label1\" content=\"Escrito por\" \/>\n\t<meta name=\"twitter:data1\" content=\"Telinha\" \/>\n\t<meta name=\"twitter:label2\" content=\"Tempo estimado de leitura\" \/>\n\t<meta name=\"twitter:data2\" content=\"2 minutos\" \/>\n<script type=\"application\/ld+json\" class=\"yoast-schema-graph\">{\"@context\":\"https:\/\/schema.org\",\"@graph\":[{\"@type\":\"Article\",\"@id\":\"https:\/\/portaltela.pt\/noticias\/2026\/02\/25\/regiao-norte-cria-plataforma-para-definir-estrategias-de-inovacao-na-saude\/#article\",\"isPartOf\":{\"@id\":\"https:\/\/portaltela.pt\/noticias\/2026\/02\/25\/regiao-norte-cria-plataforma-para-definir-estrategias-de-inovacao-na-saude\/\"},\"author\":{\"name\":\"Telinha\",\"@id\":\"https:\/\/portaltela.pt\/#\/schema\/person\/c4278d4a6028830caff9ee44b42d32ed\"},\"headline\":\"Regi\u00e3o Norte cria plataforma para definir estrat\u00e9gias de inova\u00e7\u00e3o na sa\u00fade\",\"datePublished\":\"2026-02-25T20:56:00+00:00\",\"mainEntityOfPage\":{\"@id\":\"https:\/\/portaltela.pt\/noticias\/2026\/02\/25\/regiao-norte-cria-plataforma-para-definir-estrategias-de-inovacao-na-saude\/\"},\"wordCount\":348,\"image\":{\"@id\":\"https:\/\/portaltela.pt\/noticias\/2026\/02\/25\/regiao-norte-cria-plataforma-para-definir-estrategias-de-inovacao-na-saude\/#primaryimage\"},\"thumbnailUrl\":\"https:\/\/portaltela.pt\/s.01k8rhncp4jt1\/2026\/02\/2069834.jpg\",\"keywords\":[\"ci\u00eancia\",\"inova\u00e7\u00e3o\",\"investiga\u00e7\u00e3o\",\"NORTE 2030\",\"Regi\u00e3o Norte\",\"sa\u00fade\"],\"articleSection\":[\"Not\u00edcias\"],\"inLanguage\":\"pt-PT\"},{\"@type\":\"WebPage\",\"@id\":\"https:\/\/portaltela.pt\/noticias\/2026\/02\/25\/regiao-norte-cria-plataforma-para-definir-estrategias-de-inovacao-na-saude\/\",\"url\":\"https:\/\/portaltela.pt\/noticias\/2026\/02\/25\/regiao-norte-cria-plataforma-para-definir-estrategias-de-inovacao-na-saude\/\",\"name\":\"Regi\u00e3o Norte cria plataforma para definir estrat\u00e9gias de inova\u00e7\u00e3o na sa\u00fade - Portal Tela Portugal\",\"isPartOf\":{\"@id\":\"https:\/\/portaltela.pt\/#website\"},\"primaryImageOfPage\":{\"@id\":\"https:\/\/portaltela.pt\/noticias\/2026\/02\/25\/regiao-norte-cria-plataforma-para-definir-estrategias-de-inovacao-na-saude\/#primaryimage\"},\"image\":{\"@id\":\"https:\/\/portaltela.pt\/noticias\/2026\/02\/25\/regiao-norte-cria-plataforma-para-definir-estrategias-de-inovacao-na-saude\/#primaryimage\"},\"thumbnailUrl\":\"https:\/\/portaltela.pt\/s.01k8rhncp4jt1\/2026\/02\/2069834.jpg\",\"datePublished\":\"2026-02-25T20:56:00+00:00\",\"author\":{\"@id\":\"https:\/\/portaltela.pt\/#\/schema\/person\/c4278d4a6028830caff9ee44b42d32ed\"},\"breadcrumb\":{\"@id\":\"https:\/\/portaltela.pt\/noticias\/2026\/02\/25\/regiao-norte-cria-plataforma-para-definir-estrategias-de-inovacao-na-saude\/#breadcrumb\"},\"inLanguage\":\"pt-PT\",\"potentialAction\":[{\"@type\":\"ReadAction\",\"target\":[\"https:\/\/portaltela.pt\/noticias\/2026\/02\/25\/regiao-norte-cria-plataforma-para-definir-estrategias-de-inovacao-na-saude\/\"]}]},{\"@type\":\"ImageObject\",\"inLanguage\":\"pt-PT\",\"@id\":\"https:\/\/portaltela.pt\/noticias\/2026\/02\/25\/regiao-norte-cria-plataforma-para-definir-estrategias-de-inovacao-na-saude\/#primaryimage\",\"url\":\"https:\/\/portaltela.pt\/s.01k8rhncp4jt1\/2026\/02\/2069834.jpg\",\"contentUrl\":\"https:\/\/portaltela.pt\/s.01k8rhncp4jt1\/2026\/02\/2069834.jpg\",\"width\":796,\"height\":448,\"caption\":\"A regi\u00e3o Norte do pa\u00eds tem uma concentra\u00e7\u00e3o significativa de institui\u00e7\u00f5es na \u00e1rea da sa\u00fade\"},{\"@type\":\"BreadcrumbList\",\"@id\":\"https:\/\/portaltela.pt\/noticias\/2026\/02\/25\/regiao-norte-cria-plataforma-para-definir-estrategias-de-inovacao-na-saude\/#breadcrumb\",\"itemListElement\":[{\"@type\":\"ListItem\",\"position\":1,\"name\":\"In\u00edcio\",\"item\":\"https:\/\/portaltela.pt\/\"},{\"@type\":\"ListItem\",\"position\":2,\"name\":\"Regi\u00e3o Norte cria plataforma para definir estrat\u00e9gias de inova\u00e7\u00e3o na sa\u00fade\"}]},{\"@type\":\"WebSite\",\"@id\":\"https:\/\/portaltela.pt\/#website\",\"url\":\"https:\/\/portaltela.pt\/\",\"name\":\"Portal Tela Portugal\",\"description\":\"\",\"potentialAction\":[{\"@type\":\"SearchAction\",\"target\":{\"@type\":\"EntryPoint\",\"urlTemplate\":\"https:\/\/portaltela.pt\/?s={search_term_string}\"},\"query-input\":{\"@type\":\"PropertyValueSpecification\",\"valueRequired\":true,\"valueName\":\"search_term_string\"}}],\"inLanguage\":\"pt-PT\"},{\"@type\":\"Person\",\"@id\":\"https:\/\/portaltela.pt\/#\/schema\/person\/c4278d4a6028830caff9ee44b42d32ed\",\"name\":\"Telinha\",\"image\":{\"@type\":\"ImageObject\",\"inLanguage\":\"pt-PT\",\"@id\":\"https:\/\/portaltela.pt\/s.01k8rhncp4jt1\/2025\/11\/talking-bot-125x125.png\",\"url\":\"https:\/\/portaltela.pt\/s.01k8rhncp4jt1\/2025\/11\/talking-bot-125x125.png\",\"contentUrl\":\"https:\/\/portaltela.pt\/s.01k8rhncp4jt1\/2025\/11\/talking-bot-125x125.png\",\"caption\":\"Telinha\"},\"sameAs\":[\"https:\/\/portaltela.pt\/\"],\"url\":\"https:\/\/portaltela.pt\/por\/367410592786\/\"}]}<\/script>\n<!-- \/ Yoast SEO plugin. -->","yoast_head_json":{"title":"Regi\u00e3o Norte cria plataforma para definir estrat\u00e9gias de inova\u00e7\u00e3o na sa\u00fade - Portal Tela Portugal","robots":{"index":"index","follow":"follow","max-snippet":"max-snippet:-1","max-image-preview":"max-image-preview:large","max-video-preview":"max-video-preview:-1"},"og_locale":"pt_PT","og_type":"article","og_title":"Regi\u00e3o Norte cria plataforma para definir estrat\u00e9gias de inova\u00e7\u00e3o na sa\u00fade - Portal Tela Portugal","og_description":"Regi\u00e3o Norte cria a Plataforma Regional de Especializa\u00e7\u00e3o Inteligente em Ci\u00eancias da Vida e da Sa\u00fade, chamada Bridges4Health, para definir estrat\u00e9gias e prioridades de financiamento. O projeto foca quatro dom\u00ednios estrat\u00e9gicos: medicina de precis\u00e3o; investiga\u00e7\u00e3o cl\u00ednica; dispositivos e tecnologias biom\u00e9dicas; e microbioma e sa\u00fade. Mais de 30 institui\u00e7\u00f5es da \u00e1rea da sa\u00fade do Norte v\u00e3o reunir-se em Braga para apresentar contribui\u00e7\u00f5es e formar quatro grupos de trabalho. A iniciativa \u00e9 coordenada pelo Instituto de Investiga\u00e7\u00e3o e Inova\u00e7\u00e3o em Sa\u00fade da Universidade do Porto (i3S) e pelo Centro Cl\u00ednico Acad\u00e9mico de Braga (2CA-Braga), com cofinanciamento da Uni\u00e3o Europeia atrav\u00e9s do Norte 2030 e do Portugal 2030. O objetivo \u00e9 mobilizar o ecossistema regional, criar projetos\u2011\u00e2ncora at\u00e9 ao ver\u00e3o e posicionar o Norte como polo de refer\u00eancia em ci\u00eancias da vida e sa\u00fade a n\u00edvel nacional e europeu.","og_url":"https:\/\/portaltela.pt\/noticias\/2026\/02\/25\/regiao-norte-cria-plataforma-para-definir-estrategias-de-inovacao-na-saude\/","og_site_name":"Portal Tela Portugal","article_published_time":"2026-02-25T20:56:00+00:00","author":"Telinha","twitter_card":"summary_large_image","twitter_misc":{"Escrito por":"Telinha","Tempo estimado de leitura":"2 minutos"},"schema":{"@context":"https:\/\/schema.org","@graph":[{"@type":"Article","@id":"https:\/\/portaltela.pt\/noticias\/2026\/02\/25\/regiao-norte-cria-plataforma-para-definir-estrategias-de-inovacao-na-saude\/#article","isPartOf":{"@id":"https:\/\/portaltela.pt\/noticias\/2026\/02\/25\/regiao-norte-cria-plataforma-para-definir-estrategias-de-inovacao-na-saude\/"},"author":{"name":"Telinha","@id":"https:\/\/portaltela.pt\/#\/schema\/person\/c4278d4a6028830caff9ee44b42d32ed"},"headline":"Regi\u00e3o Norte cria plataforma para definir estrat\u00e9gias de inova\u00e7\u00e3o na sa\u00fade","datePublished":"2026-02-25T20:56:00+00:00","mainEntityOfPage":{"@id":"https:\/\/portaltela.pt\/noticias\/2026\/02\/25\/regiao-norte-cria-plataforma-para-definir-estrategias-de-inovacao-na-saude\/"},"wordCount":348,"image":{"@id":"https:\/\/portaltela.pt\/noticias\/2026\/02\/25\/regiao-norte-cria-plataforma-para-definir-estrategias-de-inovacao-na-saude\/#primaryimage"},"thumbnailUrl":"https:\/\/portaltela.pt\/s.01k8rhncp4jt1\/2026\/02\/2069834.jpg","keywords":["ci\u00eancia","inova\u00e7\u00e3o","investiga\u00e7\u00e3o","NORTE 2030","Regi\u00e3o Norte","sa\u00fade"],"articleSection":["Not\u00edcias"],"inLanguage":"pt-PT"},{"@type":"WebPage","@id":"https:\/\/portaltela.pt\/noticias\/2026\/02\/25\/regiao-norte-cria-plataforma-para-definir-estrategias-de-inovacao-na-saude\/","url":"https:\/\/portaltela.pt\/noticias\/2026\/02\/25\/regiao-norte-cria-plataforma-para-definir-estrategias-de-inovacao-na-saude\/","name":"Regi\u00e3o Norte cria plataforma para definir estrat\u00e9gias de inova\u00e7\u00e3o na sa\u00fade - Portal Tela Portugal","isPartOf":{"@id":"https:\/\/portaltela.pt\/#website"},"primaryImageOfPage":{"@id":"https:\/\/portaltela.pt\/noticias\/2026\/02\/25\/regiao-norte-cria-plataforma-para-definir-estrategias-de-inovacao-na-saude\/#primaryimage"},"image":{"@id":"https:\/\/portaltela.pt\/noticias\/2026\/02\/25\/regiao-norte-cria-plataforma-para-definir-estrategias-de-inovacao-na-saude\/#primaryimage"},"thumbnailUrl":"https:\/\/portaltela.pt\/s.01k8rhncp4jt1\/2026\/02\/2069834.jpg","datePublished":"2026-02-25T20:56:00+00:00","author":{"@id":"https:\/\/portaltela.pt\/#\/schema\/person\/c4278d4a6028830caff9ee44b42d32ed"},"breadcrumb":{"@id":"https:\/\/portaltela.pt\/noticias\/2026\/02\/25\/regiao-norte-cria-plataforma-para-definir-estrategias-de-inovacao-na-saude\/#breadcrumb"},"inLanguage":"pt-PT","potentialAction":[{"@type":"ReadAction","target":["https:\/\/portaltela.pt\/noticias\/2026\/02\/25\/regiao-norte-cria-plataforma-para-definir-estrategias-de-inovacao-na-saude\/"]}]},{"@type":"ImageObject","inLanguage":"pt-PT","@id":"https:\/\/portaltela.pt\/noticias\/2026\/02\/25\/regiao-norte-cria-plataforma-para-definir-estrategias-de-inovacao-na-saude\/#primaryimage","url":"https:\/\/portaltela.pt\/s.01k8rhncp4jt1\/2026\/02\/2069834.jpg","contentUrl":"https:\/\/portaltela.pt\/s.01k8rhncp4jt1\/2026\/02\/2069834.jpg","width":796,"height":448,"caption":"A regi\u00e3o Norte do pa\u00eds tem uma concentra\u00e7\u00e3o significativa de institui\u00e7\u00f5es na \u00e1rea da sa\u00fade"},{"@type":"BreadcrumbList","@id":"https:\/\/portaltela.pt\/noticias\/2026\/02\/25\/regiao-norte-cria-plataforma-para-definir-estrategias-de-inovacao-na-saude\/#breadcrumb","itemListElement":[{"@type":"ListItem","position":1,"name":"In\u00edcio","item":"https:\/\/portaltela.pt\/"},{"@type":"ListItem","position":2,"name":"Regi\u00e3o Norte cria plataforma para definir estrat\u00e9gias de inova\u00e7\u00e3o na sa\u00fade"}]},{"@type":"WebSite","@id":"https:\/\/portaltela.pt\/#website","url":"https:\/\/portaltela.pt\/","name":"Portal Tela Portugal","description":"","potentialAction":[{"@type":"SearchAction","target":{"@type":"EntryPoint","urlTemplate":"https:\/\/portaltela.pt\/?s={search_term_string}"},"query-input":{"@type":"PropertyValueSpecification","valueRequired":true,"valueName":"search_term_string"}}],"inLanguage":"pt-PT"},{"@type":"Person","@id":"https:\/\/portaltela.pt\/#\/schema\/person\/c4278d4a6028830caff9ee44b42d32ed","name":"Telinha","image":{"@type":"ImageObject","inLanguage":"pt-PT","@id":"https:\/\/portaltela.pt\/s.01k8rhncp4jt1\/2025\/11\/talking-bot-125x125.png","url":"https:\/\/portaltela.pt\/s.01k8rhncp4jt1\/2025\/11\/talking-bot-125x125.png","contentUrl":"https:\/\/portaltela.pt\/s.01k8rhncp4jt1\/2025\/11\/talking-bot-125x125.png","caption":"Telinha"},"sameAs":["https:\/\/portaltela.pt\/"],"url":"https:\/\/portaltela.pt\/por\/367410592786\/"}]}},"_links":{"self":[{"href":"https:\/\/portaltela.pt\/api\/wp\/v2\/posts\/388193","targetHints":{"allow":["GET"]}}],"collection":[{"href":"https:\/\/portaltela.pt\/api\/wp\/v2\/posts"}],"about":[{"href":"https:\/\/portaltela.pt\/api\/wp\/v2\/types\/post"}],"author":[{"embeddable":true,"href":"https:\/\/portaltela.pt\/api\/wp\/v2\/users\/2"}],"replies":[{"embeddable":true,"href":"https:\/\/portaltela.pt\/api\/wp\/v2\/comments?post=388193"}],"version-history":[{"count":0,"href":"https:\/\/portaltela.pt\/api\/wp\/v2\/posts\/388193\/revisions"}],"wp:featuredmedia":[{"embeddable":true,"href":"https:\/\/portaltela.pt\/api\/wp\/v2\/media\/388201"}],"wp:attachment":[{"href":"https:\/\/portaltela.pt\/api\/wp\/v2\/media?parent=388193"}],"wp:term":[{"taxonomy":"category","embeddable":true,"href":"https:\/\/portaltela.pt\/api\/wp\/v2\/categories?post=388193"},{"taxonomy":"post_tag","embeddable":true,"href":"https:\/\/portaltela.pt\/api\/wp\/v2\/tags?post=388193"}],"curies":[{"name":"wp","href":"https:\/\/api.w.org\/{rel}","templated":true}]}}