{"id":388177,"date":"2026-02-25T17:51:24","date_gmt":"2026-02-25T20:51:24","guid":{"rendered":"https:\/\/portaltela.pt\/noticias\/2026\/02\/25\/ivete-sangalo-entra-nas-urgencias-com-ferimentos-no-rosto\/"},"modified":"2026-02-25T17:51:24","modified_gmt":"2026-02-25T20:51:24","slug":"ivete-sangalo-entra-nas-urgencias-com-ferimentos-no-rosto","status":"publish","type":"post","link":"https:\/\/portaltela.pt\/noticias\/2026\/02\/25\/ivete-sangalo-entra-nas-urgencias-com-ferimentos-no-rosto\/","title":{"rendered":"Ivete Sangalo entra nas urg\u00eancias com ferimentos no rosto"},"content":{"rendered":"<p>Ivete Sangalo sofreu uma queda violenta em casa durante um epis\u00f3dio de sa\u00fade na madrugada de hoje e foi conduzida com urg\u00eancia ao hospital, onde teve ferimentos na cara.<\/p>\n<p>A cantora partilhou um v\u00eddeo nas redes sociais a explicar o sucedido, referindo uma infec\u00e7\u00e3o intestinal violenta, tratada como virose. A madrugada incluiu diarreia intensa, desidrata\u00e7\u00e3o e queda de tens\u00e3o arterial.<\/p>\n<p>No v\u00eddeo gravado na cama do hospital, Ivete pediu aos f\u00e3s para n\u00e3o se alarmarem, agradeceu as ora\u00e7\u00f5es e o carinho, e descreveu o conjunto de sintomas que a levou ao tratamento m\u00e9dico.<\/p>\n<p>N\u00e3o foram fornecidos detalhes sobre o estado de sa\u00fade atual ou previs\u00f5es de alta, nem sobre o tipo de unidade hospitalar envolvida. A equipa m\u00e9dica n\u00e3o difereu informa\u00e7\u00f5es adicionais p\u00fablicas neste momento.<\/p>\n","protected":false},"excerpt":{"rendered":"<ul>\n<li>Ivete Sangalo foi transportada de urg\u00eancia para o hospital ap\u00f3s uma queda em casa, associada a um epis\u00f3dio de sa\u00fade.<\/li>\n<li>A cantora explicou nas redes sociais que sofreu uma infec\u00e7\u00e3o intestinal violenta, uma virose.<\/li>\n<li>Na noite anterior acordou com diarreia intensa e desidrata\u00e7\u00e3o, o que baixou a press\u00e3o arterial e originou a queda.<\/li>\n<li>Conservou ferimentos na cara, resultantes da queda.<\/li>\n<li>No v\u00eddeo, agradeceu as ora\u00e7\u00f5es e o carinho dos f\u00e3s e tranquilizou que est\u00e1 tudo bem.<\/li>\n<\/ul>\n","protected":false},"author":2,"featured_media":388179,"comment_status":"closed","ping_status":"closed","sticky":false,"template":"","format":"standard","meta":{"footnotes":""},"categories":[12,1],"tags":[76,3449,633,3239,172,1899],"class_list":["post-388177","post","type-post","status-publish","format-standard","has-post-thumbnail","hentry","category-entretenimento","category-noticias","tag-celebridades","tag-feridos","tag-hospital","tag-infeccao","tag-saude","tag-urgencias"],"yoast_head":"<!-- This site is optimized with the Yoast SEO plugin v27.2 - https:\/\/yoast.com\/product\/yoast-seo-wordpress\/ -->\n<title>Ivete Sangalo entra nas urg\u00eancias com ferimentos no rosto - Portal Tela Portugal<\/title>\n<meta name=\"robots\" content=\"index, follow, max-snippet:-1, max-image-preview:large, max-video-preview:-1\" \/>\n<meta property=\"og:locale\" content=\"pt_PT\" \/>\n<meta property=\"og:type\" content=\"article\" \/>\n<meta property=\"og:title\" content=\"Ivete Sangalo entra nas urg\u00eancias com ferimentos no rosto - Portal Tela Portugal\" \/>\n<meta property=\"og:description\" content=\"Ivete Sangalo foi transportada de urg\u00eancia para o hospital ap\u00f3s uma queda em casa, associada a um epis\u00f3dio de sa\u00fade. A cantora explicou nas redes sociais que sofreu uma infec\u00e7\u00e3o intestinal violenta, uma virose. Na noite anterior acordou com diarreia intensa e desidrata\u00e7\u00e3o, o que baixou a press\u00e3o arterial e originou a queda. Conservou ferimentos na cara, resultantes da queda. No v\u00eddeo, agradeceu as ora\u00e7\u00f5es e o carinho dos f\u00e3s e tranquilizou que est\u00e1 tudo bem.\" \/>\n<meta property=\"og:url\" content=\"https:\/\/portaltela.pt\/noticias\/2026\/02\/25\/ivete-sangalo-entra-nas-urgencias-com-ferimentos-no-rosto\/\" \/>\n<meta property=\"og:site_name\" content=\"Portal Tela Portugal\" \/>\n<meta property=\"article:published_time\" content=\"2026-02-25T20:51:24+00:00\" \/>\n<meta name=\"author\" content=\"Telinha\" \/>\n<meta name=\"twitter:card\" content=\"summary_large_image\" \/>\n<meta name=\"twitter:label1\" content=\"Escrito por\" \/>\n\t<meta name=\"twitter:data1\" content=\"Telinha\" \/>\n\t<meta name=\"twitter:label2\" content=\"Tempo estimado de leitura\" \/>\n\t<meta name=\"twitter:data2\" content=\"1 minuto\" \/>\n<script type=\"application\/ld+json\" class=\"yoast-schema-graph\">{\"@context\":\"https:\/\/schema.org\",\"@graph\":[{\"@type\":\"Article\",\"@id\":\"https:\/\/portaltela.pt\/noticias\/2026\/02\/25\/ivete-sangalo-entra-nas-urgencias-com-ferimentos-no-rosto\/#article\",\"isPartOf\":{\"@id\":\"https:\/\/portaltela.pt\/noticias\/2026\/02\/25\/ivete-sangalo-entra-nas-urgencias-com-ferimentos-no-rosto\/\"},\"author\":{\"name\":\"Telinha\",\"@id\":\"https:\/\/portaltela.pt\/#\/schema\/person\/c4278d4a6028830caff9ee44b42d32ed\"},\"headline\":\"Ivete Sangalo entra nas urg\u00eancias com ferimentos no rosto\",\"datePublished\":\"2026-02-25T20:51:24+00:00\",\"mainEntityOfPage\":{\"@id\":\"https:\/\/portaltela.pt\/noticias\/2026\/02\/25\/ivete-sangalo-entra-nas-urgencias-com-ferimentos-no-rosto\/\"},\"wordCount\":154,\"image\":{\"@id\":\"https:\/\/portaltela.pt\/noticias\/2026\/02\/25\/ivete-sangalo-entra-nas-urgencias-com-ferimentos-no-rosto\/#primaryimage\"},\"thumbnailUrl\":\"https:\/\/portaltela.pt\/s.01k8rhncp4jt1\/2026\/02\/img_1500x1000uu2018-02-10-15-35-00-2128851.jpg\",\"keywords\":[\"celebridades\",\"feridos\",\"hospital\",\"infec\u00e7\u00e3o\",\"sa\u00fade\",\"urg\u00eancias\"],\"articleSection\":[\"Entretenimento\",\"Not\u00edcias\"],\"inLanguage\":\"pt-PT\"},{\"@type\":\"WebPage\",\"@id\":\"https:\/\/portaltela.pt\/noticias\/2026\/02\/25\/ivete-sangalo-entra-nas-urgencias-com-ferimentos-no-rosto\/\",\"url\":\"https:\/\/portaltela.pt\/noticias\/2026\/02\/25\/ivete-sangalo-entra-nas-urgencias-com-ferimentos-no-rosto\/\",\"name\":\"Ivete Sangalo entra nas urg\u00eancias com ferimentos no rosto - Portal Tela Portugal\",\"isPartOf\":{\"@id\":\"https:\/\/portaltela.pt\/#website\"},\"primaryImageOfPage\":{\"@id\":\"https:\/\/portaltela.pt\/noticias\/2026\/02\/25\/ivete-sangalo-entra-nas-urgencias-com-ferimentos-no-rosto\/#primaryimage\"},\"image\":{\"@id\":\"https:\/\/portaltela.pt\/noticias\/2026\/02\/25\/ivete-sangalo-entra-nas-urgencias-com-ferimentos-no-rosto\/#primaryimage\"},\"thumbnailUrl\":\"https:\/\/portaltela.pt\/s.01k8rhncp4jt1\/2026\/02\/img_1500x1000uu2018-02-10-15-35-00-2128851.jpg\",\"datePublished\":\"2026-02-25T20:51:24+00:00\",\"author\":{\"@id\":\"https:\/\/portaltela.pt\/#\/schema\/person\/c4278d4a6028830caff9ee44b42d32ed\"},\"breadcrumb\":{\"@id\":\"https:\/\/portaltela.pt\/noticias\/2026\/02\/25\/ivete-sangalo-entra-nas-urgencias-com-ferimentos-no-rosto\/#breadcrumb\"},\"inLanguage\":\"pt-PT\",\"potentialAction\":[{\"@type\":\"ReadAction\",\"target\":[\"https:\/\/portaltela.pt\/noticias\/2026\/02\/25\/ivete-sangalo-entra-nas-urgencias-com-ferimentos-no-rosto\/\"]}]},{\"@type\":\"ImageObject\",\"inLanguage\":\"pt-PT\",\"@id\":\"https:\/\/portaltela.pt\/noticias\/2026\/02\/25\/ivete-sangalo-entra-nas-urgencias-com-ferimentos-no-rosto\/#primaryimage\",\"url\":\"https:\/\/portaltela.pt\/s.01k8rhncp4jt1\/2026\/02\/img_1500x1000uu2018-02-10-15-35-00-2128851.jpg\",\"contentUrl\":\"https:\/\/portaltela.pt\/s.01k8rhncp4jt1\/2026\/02\/img_1500x1000uu2018-02-10-15-35-00-2128851.jpg\",\"width\":796,\"height\":448,\"caption\":\"Ivete Sangalo\"},{\"@type\":\"BreadcrumbList\",\"@id\":\"https:\/\/portaltela.pt\/noticias\/2026\/02\/25\/ivete-sangalo-entra-nas-urgencias-com-ferimentos-no-rosto\/#breadcrumb\",\"itemListElement\":[{\"@type\":\"ListItem\",\"position\":1,\"name\":\"In\u00edcio\",\"item\":\"https:\/\/portaltela.pt\/\"},{\"@type\":\"ListItem\",\"position\":2,\"name\":\"Ivete Sangalo entra nas urg\u00eancias com ferimentos no rosto\"}]},{\"@type\":\"WebSite\",\"@id\":\"https:\/\/portaltela.pt\/#website\",\"url\":\"https:\/\/portaltela.pt\/\",\"name\":\"Portal Tela Portugal\",\"description\":\"\",\"potentialAction\":[{\"@type\":\"SearchAction\",\"target\":{\"@type\":\"EntryPoint\",\"urlTemplate\":\"https:\/\/portaltela.pt\/?s={search_term_string}\"},\"query-input\":{\"@type\":\"PropertyValueSpecification\",\"valueRequired\":true,\"valueName\":\"search_term_string\"}}],\"inLanguage\":\"pt-PT\"},{\"@type\":\"Person\",\"@id\":\"https:\/\/portaltela.pt\/#\/schema\/person\/c4278d4a6028830caff9ee44b42d32ed\",\"name\":\"Telinha\",\"image\":{\"@type\":\"ImageObject\",\"inLanguage\":\"pt-PT\",\"@id\":\"https:\/\/portaltela.pt\/s.01k8rhncp4jt1\/2025\/11\/talking-bot-125x125.png\",\"url\":\"https:\/\/portaltela.pt\/s.01k8rhncp4jt1\/2025\/11\/talking-bot-125x125.png\",\"contentUrl\":\"https:\/\/portaltela.pt\/s.01k8rhncp4jt1\/2025\/11\/talking-bot-125x125.png\",\"caption\":\"Telinha\"},\"sameAs\":[\"https:\/\/portaltela.pt\/\"],\"url\":\"https:\/\/portaltela.pt\/por\/367410592786\/\"}]}<\/script>\n<!-- \/ Yoast SEO plugin. -->","yoast_head_json":{"title":"Ivete Sangalo entra nas urg\u00eancias com ferimentos no rosto - Portal Tela Portugal","robots":{"index":"index","follow":"follow","max-snippet":"max-snippet:-1","max-image-preview":"max-image-preview:large","max-video-preview":"max-video-preview:-1"},"og_locale":"pt_PT","og_type":"article","og_title":"Ivete Sangalo entra nas urg\u00eancias com ferimentos no rosto - Portal Tela Portugal","og_description":"Ivete Sangalo foi transportada de urg\u00eancia para o hospital ap\u00f3s uma queda em casa, associada a um epis\u00f3dio de sa\u00fade. A cantora explicou nas redes sociais que sofreu uma infec\u00e7\u00e3o intestinal violenta, uma virose. Na noite anterior acordou com diarreia intensa e desidrata\u00e7\u00e3o, o que baixou a press\u00e3o arterial e originou a queda. Conservou ferimentos na cara, resultantes da queda. No v\u00eddeo, agradeceu as ora\u00e7\u00f5es e o carinho dos f\u00e3s e tranquilizou que est\u00e1 tudo bem.","og_url":"https:\/\/portaltela.pt\/noticias\/2026\/02\/25\/ivete-sangalo-entra-nas-urgencias-com-ferimentos-no-rosto\/","og_site_name":"Portal Tela Portugal","article_published_time":"2026-02-25T20:51:24+00:00","author":"Telinha","twitter_card":"summary_large_image","twitter_misc":{"Escrito por":"Telinha","Tempo estimado de leitura":"1 minuto"},"schema":{"@context":"https:\/\/schema.org","@graph":[{"@type":"Article","@id":"https:\/\/portaltela.pt\/noticias\/2026\/02\/25\/ivete-sangalo-entra-nas-urgencias-com-ferimentos-no-rosto\/#article","isPartOf":{"@id":"https:\/\/portaltela.pt\/noticias\/2026\/02\/25\/ivete-sangalo-entra-nas-urgencias-com-ferimentos-no-rosto\/"},"author":{"name":"Telinha","@id":"https:\/\/portaltela.pt\/#\/schema\/person\/c4278d4a6028830caff9ee44b42d32ed"},"headline":"Ivete Sangalo entra nas urg\u00eancias com ferimentos no rosto","datePublished":"2026-02-25T20:51:24+00:00","mainEntityOfPage":{"@id":"https:\/\/portaltela.pt\/noticias\/2026\/02\/25\/ivete-sangalo-entra-nas-urgencias-com-ferimentos-no-rosto\/"},"wordCount":154,"image":{"@id":"https:\/\/portaltela.pt\/noticias\/2026\/02\/25\/ivete-sangalo-entra-nas-urgencias-com-ferimentos-no-rosto\/#primaryimage"},"thumbnailUrl":"https:\/\/portaltela.pt\/s.01k8rhncp4jt1\/2026\/02\/img_1500x1000uu2018-02-10-15-35-00-2128851.jpg","keywords":["celebridades","feridos","hospital","infec\u00e7\u00e3o","sa\u00fade","urg\u00eancias"],"articleSection":["Entretenimento","Not\u00edcias"],"inLanguage":"pt-PT"},{"@type":"WebPage","@id":"https:\/\/portaltela.pt\/noticias\/2026\/02\/25\/ivete-sangalo-entra-nas-urgencias-com-ferimentos-no-rosto\/","url":"https:\/\/portaltela.pt\/noticias\/2026\/02\/25\/ivete-sangalo-entra-nas-urgencias-com-ferimentos-no-rosto\/","name":"Ivete Sangalo entra nas urg\u00eancias com ferimentos no rosto - Portal Tela Portugal","isPartOf":{"@id":"https:\/\/portaltela.pt\/#website"},"primaryImageOfPage":{"@id":"https:\/\/portaltela.pt\/noticias\/2026\/02\/25\/ivete-sangalo-entra-nas-urgencias-com-ferimentos-no-rosto\/#primaryimage"},"image":{"@id":"https:\/\/portaltela.pt\/noticias\/2026\/02\/25\/ivete-sangalo-entra-nas-urgencias-com-ferimentos-no-rosto\/#primaryimage"},"thumbnailUrl":"https:\/\/portaltela.pt\/s.01k8rhncp4jt1\/2026\/02\/img_1500x1000uu2018-02-10-15-35-00-2128851.jpg","datePublished":"2026-02-25T20:51:24+00:00","author":{"@id":"https:\/\/portaltela.pt\/#\/schema\/person\/c4278d4a6028830caff9ee44b42d32ed"},"breadcrumb":{"@id":"https:\/\/portaltela.pt\/noticias\/2026\/02\/25\/ivete-sangalo-entra-nas-urgencias-com-ferimentos-no-rosto\/#breadcrumb"},"inLanguage":"pt-PT","potentialAction":[{"@type":"ReadAction","target":["https:\/\/portaltela.pt\/noticias\/2026\/02\/25\/ivete-sangalo-entra-nas-urgencias-com-ferimentos-no-rosto\/"]}]},{"@type":"ImageObject","inLanguage":"pt-PT","@id":"https:\/\/portaltela.pt\/noticias\/2026\/02\/25\/ivete-sangalo-entra-nas-urgencias-com-ferimentos-no-rosto\/#primaryimage","url":"https:\/\/portaltela.pt\/s.01k8rhncp4jt1\/2026\/02\/img_1500x1000uu2018-02-10-15-35-00-2128851.jpg","contentUrl":"https:\/\/portaltela.pt\/s.01k8rhncp4jt1\/2026\/02\/img_1500x1000uu2018-02-10-15-35-00-2128851.jpg","width":796,"height":448,"caption":"Ivete Sangalo"},{"@type":"BreadcrumbList","@id":"https:\/\/portaltela.pt\/noticias\/2026\/02\/25\/ivete-sangalo-entra-nas-urgencias-com-ferimentos-no-rosto\/#breadcrumb","itemListElement":[{"@type":"ListItem","position":1,"name":"In\u00edcio","item":"https:\/\/portaltela.pt\/"},{"@type":"ListItem","position":2,"name":"Ivete Sangalo entra nas urg\u00eancias com ferimentos no rosto"}]},{"@type":"WebSite","@id":"https:\/\/portaltela.pt\/#website","url":"https:\/\/portaltela.pt\/","name":"Portal Tela Portugal","description":"","potentialAction":[{"@type":"SearchAction","target":{"@type":"EntryPoint","urlTemplate":"https:\/\/portaltela.pt\/?s={search_term_string}"},"query-input":{"@type":"PropertyValueSpecification","valueRequired":true,"valueName":"search_term_string"}}],"inLanguage":"pt-PT"},{"@type":"Person","@id":"https:\/\/portaltela.pt\/#\/schema\/person\/c4278d4a6028830caff9ee44b42d32ed","name":"Telinha","image":{"@type":"ImageObject","inLanguage":"pt-PT","@id":"https:\/\/portaltela.pt\/s.01k8rhncp4jt1\/2025\/11\/talking-bot-125x125.png","url":"https:\/\/portaltela.pt\/s.01k8rhncp4jt1\/2025\/11\/talking-bot-125x125.png","contentUrl":"https:\/\/portaltela.pt\/s.01k8rhncp4jt1\/2025\/11\/talking-bot-125x125.png","caption":"Telinha"},"sameAs":["https:\/\/portaltela.pt\/"],"url":"https:\/\/portaltela.pt\/por\/367410592786\/"}]}},"_links":{"self":[{"href":"https:\/\/portaltela.pt\/api\/wp\/v2\/posts\/388177","targetHints":{"allow":["GET"]}}],"collection":[{"href":"https:\/\/portaltela.pt\/api\/wp\/v2\/posts"}],"about":[{"href":"https:\/\/portaltela.pt\/api\/wp\/v2\/types\/post"}],"author":[{"embeddable":true,"href":"https:\/\/portaltela.pt\/api\/wp\/v2\/users\/2"}],"replies":[{"embeddable":true,"href":"https:\/\/portaltela.pt\/api\/wp\/v2\/comments?post=388177"}],"version-history":[{"count":0,"href":"https:\/\/portaltela.pt\/api\/wp\/v2\/posts\/388177\/revisions"}],"wp:featuredmedia":[{"embeddable":true,"href":"https:\/\/portaltela.pt\/api\/wp\/v2\/media\/388179"}],"wp:attachment":[{"href":"https:\/\/portaltela.pt\/api\/wp\/v2\/media?parent=388177"}],"wp:term":[{"taxonomy":"category","embeddable":true,"href":"https:\/\/portaltela.pt\/api\/wp\/v2\/categories?post=388177"},{"taxonomy":"post_tag","embeddable":true,"href":"https:\/\/portaltela.pt\/api\/wp\/v2\/tags?post=388177"}],"curies":[{"name":"wp","href":"https:\/\/api.w.org\/{rel}","templated":true}]}}