{"id":388141,"date":"2026-02-25T16:53:00","date_gmt":"2026-02-25T19:53:00","guid":{"rendered":"https:\/\/portaltela.pt\/noticias\/2026\/02\/25\/solucao-para-descongestionar-o-vci-em-concretizacao-tecnica-e-processual\/"},"modified":"2026-02-25T16:53:00","modified_gmt":"2026-02-25T19:53:00","slug":"solucao-para-descongestionar-o-vci-em-concretizacao-tecnica-e-processual","status":"publish","type":"post","link":"https:\/\/portaltela.pt\/noticias\/2026\/02\/25\/solucao-para-descongestionar-o-vci-em-concretizacao-tecnica-e-processual\/","title":{"rendered":"Solu\u00e7\u00e3o para descongestionar o VCI em concretiza\u00e7\u00e3o t\u00e9cnica e processual"},"content":{"rendered":"<p>O Governo afirma que a solu\u00e7\u00e3o para descongestionar a Via de Cintura Interna (VCI) passa pela concretiza\u00e7\u00e3o t\u00e9cnica e processual. A afirma\u00e7\u00e3o surge ap\u00f3s a entrada em vigor da isen\u00e7\u00e3o de portagens para ve\u00edculos pesados na Circular Regional Exterior do Porto (CREP).<\/p>\n<p>A resposta oficial do Minist\u00e9rio das Infraestruturas e Habita\u00e7\u00e3o, enviada \u00e0 Lusa, indica que a fase atual envolve articula\u00e7\u00e3o com v\u00e1rias entidades. Participam a ANSR, a GNR, a PSP e os munic\u00edpios do Porto e de Gaia para operacionalizar a solu\u00e7\u00e3o de desilhamento da VCI.<\/p>\n<p>Estas medidas emergem na sequ\u00eancia da decis\u00e3o tomada pelo presidente da C\u00e2mara do Porto, que anunciou a proibi\u00e7\u00e3o de passagem de pesados na VCI, ap\u00f3s a entrada em vigor da isen\u00e7\u00e3o de portagens na CREP\/A41. A norma clarifica que a isen\u00e7\u00e3o se aplica aos pesados das classes 3 e 4.<\/p>\n<p>A legisla\u00e7\u00e3o publicada no Di\u00e1rio da Rep\u00fablica inclui a suspens\u00e3o de portagens nas A41 CREP, A19 e A8, com retroatividade a janeiro. Ve\u00edculos de mercadorias poder\u00e3o solicitar reembolso dos custos de portagem desde 1 de janeiro, mediante apresenta\u00e7\u00e3o de comprovativos aos fornecedores de servi\u00e7o.<\/p>\n<p>Sobre o valor e o \u00e2mbito financeiro, o Governo n\u00e3o disponibilizou um c\u00e1lculo oficial de impacto. Em novembro, o ministro estimou cerca de 10 milh\u00f5es de euros anuais para uma isen\u00e7\u00e3o total nas horas de ponta, sem confirmar o montante final.<\/p>\n<h3>Medidas carregadas de custos para as vias regionais<\/h3>\n<p>O deputado Frederico Francisco indicou que a isen\u00e7\u00e3o n\u00e3o tinha sido aplicada em janeiro, apesar de aprovada no OE2026. O PS viu aprovada a medida contra o entendimento de PSD e CDS-PP, com o apoio de v\u00e1rios partidos. Pedro Duarte j\u00e1 tinha indicado, no final do ano passado, que prop\u00f4s a restri\u00e7\u00e3o de passagem de pesados na CREP para horas de ponta.<\/p>\n","protected":false},"excerpt":{"rendered":"<ul>\n<li>O Governo informou que a solu\u00e7\u00e3o para descongestionar a Via de Cintura Interna (VCI) est\u00e1 na concretiza\u00e7\u00e3o t\u00e9cnica e processual, em curso.<\/li>\n<li>A medida envolve articula\u00e7\u00e3o com a Autoridade Nacional de Seguran\u00e7a Rodovi\u00e1ria (ANSR), a Guarda Nacional Republicana (GNR), a Pol\u00edcia de Seguran\u00e7a P\u00fablica (PSP) e os munic\u00edpios do Porto e Gaia.<\/li>\n<li>A a\u00e7\u00e3o acontece ap\u00f3s a entrada em vigor da isen\u00e7\u00e3o de portagens para pesados na Circular Regional Exterior do Porto (CREP), visando a operacionaliza\u00e7\u00e3o da solu\u00e7\u00e3o de descongest\u00e3o da VCI.<\/li>\n<li>A lei publicada clarifica a isen\u00e7\u00e3o para ve\u00edculos pesados das classes 3 e 4 nas vias CREP, A41, A19 e A8, retroativa a 1 de janeiro.<\/li>\n<li>Os reembolsos para portagens j\u00e1 pagas podem ser solicitados aos fornecedores de servi\u00e7o de portagem; o custo total da isen\u00e7\u00e3o foi estimado anteriormente em cerca de 10 milh\u00f5es de euros.<\/li>\n<\/ul>\n","protected":false},"author":2,"featured_media":388147,"comment_status":"closed","ping_status":"closed","sticky":false,"template":"","format":"standard","meta":{"footnotes":""},"categories":[1],"tags":[1761,1615,1994,982,4971,4353],"class_list":["post-388141","post","type-post","status-publish","format-standard","has-post-thumbnail","hentry","category-noticias","tag-gaia","tag-infraestrutura","tag-portagens","tag-porto","tag-transporte-rodoviario","tag-vias-publicas"],"yoast_head":"<!-- This site is optimized with the Yoast SEO plugin v27.2 - https:\/\/yoast.com\/product\/yoast-seo-wordpress\/ -->\n<title>Solu\u00e7\u00e3o para descongestionar o VCI em concretiza\u00e7\u00e3o t\u00e9cnica e processual - Portal Tela Portugal<\/title>\n<meta name=\"robots\" content=\"index, follow, max-snippet:-1, max-image-preview:large, max-video-preview:-1\" \/>\n<meta property=\"og:locale\" content=\"pt_PT\" \/>\n<meta property=\"og:type\" content=\"article\" \/>\n<meta property=\"og:title\" content=\"Solu\u00e7\u00e3o para descongestionar o VCI em concretiza\u00e7\u00e3o t\u00e9cnica e processual - Portal Tela Portugal\" \/>\n<meta property=\"og:description\" content=\"O Governo informou que a solu\u00e7\u00e3o para descongestionar a Via de Cintura Interna (VCI) est\u00e1 na concretiza\u00e7\u00e3o t\u00e9cnica e processual, em curso. A medida envolve articula\u00e7\u00e3o com a Autoridade Nacional de Seguran\u00e7a Rodovi\u00e1ria (ANSR), a Guarda Nacional Republicana (GNR), a Pol\u00edcia de Seguran\u00e7a P\u00fablica (PSP) e os munic\u00edpios do Porto e Gaia. A a\u00e7\u00e3o acontece ap\u00f3s a entrada em vigor da isen\u00e7\u00e3o de portagens para pesados na Circular Regional Exterior do Porto (CREP), visando a operacionaliza\u00e7\u00e3o da solu\u00e7\u00e3o de descongest\u00e3o da VCI. A lei publicada clarifica a isen\u00e7\u00e3o para ve\u00edculos pesados das classes 3 e 4 nas vias CREP, A41, A19 e A8, retroativa a 1 de janeiro. Os reembolsos para portagens j\u00e1 pagas podem ser solicitados aos fornecedores de servi\u00e7o de portagem; o custo total da isen\u00e7\u00e3o foi estimado anteriormente em cerca de 10 milh\u00f5es de euros.\" \/>\n<meta property=\"og:url\" content=\"https:\/\/portaltela.pt\/noticias\/2026\/02\/25\/solucao-para-descongestionar-o-vci-em-concretizacao-tecnica-e-processual\/\" \/>\n<meta property=\"og:site_name\" content=\"Portal Tela Portugal\" \/>\n<meta property=\"article:published_time\" content=\"2026-02-25T19:53:00+00:00\" \/>\n<meta name=\"author\" content=\"Telinha\" \/>\n<meta name=\"twitter:card\" content=\"summary_large_image\" \/>\n<meta name=\"twitter:label1\" content=\"Escrito por\" \/>\n\t<meta name=\"twitter:data1\" content=\"Telinha\" \/>\n\t<meta name=\"twitter:label2\" content=\"Tempo estimado de leitura\" \/>\n\t<meta name=\"twitter:data2\" content=\"2 minutos\" \/>\n<script type=\"application\/ld+json\" class=\"yoast-schema-graph\">{\"@context\":\"https:\/\/schema.org\",\"@graph\":[{\"@type\":\"Article\",\"@id\":\"https:\/\/portaltela.pt\/noticias\/2026\/02\/25\/solucao-para-descongestionar-o-vci-em-concretizacao-tecnica-e-processual\/#article\",\"isPartOf\":{\"@id\":\"https:\/\/portaltela.pt\/noticias\/2026\/02\/25\/solucao-para-descongestionar-o-vci-em-concretizacao-tecnica-e-processual\/\"},\"author\":{\"name\":\"Telinha\",\"@id\":\"https:\/\/portaltela.pt\/#\/schema\/person\/c4278d4a6028830caff9ee44b42d32ed\"},\"headline\":\"Solu\u00e7\u00e3o para descongestionar o VCI em concretiza\u00e7\u00e3o t\u00e9cnica e processual\",\"datePublished\":\"2026-02-25T19:53:00+00:00\",\"mainEntityOfPage\":{\"@id\":\"https:\/\/portaltela.pt\/noticias\/2026\/02\/25\/solucao-para-descongestionar-o-vci-em-concretizacao-tecnica-e-processual\/\"},\"wordCount\":338,\"image\":{\"@id\":\"https:\/\/portaltela.pt\/noticias\/2026\/02\/25\/solucao-para-descongestionar-o-vci-em-concretizacao-tecnica-e-processual\/#primaryimage\"},\"thumbnailUrl\":\"https:\/\/portaltela.pt\/s.01k8rhncp4jt1\/2026\/02\/image-1873.jpg\",\"keywords\":[\"Gaia\",\"infraestrutura\",\"portagens\",\"Porto\",\"transporte rodovi\u00e1rio\",\"vias p\u00fablicas\"],\"articleSection\":[\"Not\u00edcias\"],\"inLanguage\":\"pt-PT\"},{\"@type\":\"WebPage\",\"@id\":\"https:\/\/portaltela.pt\/noticias\/2026\/02\/25\/solucao-para-descongestionar-o-vci-em-concretizacao-tecnica-e-processual\/\",\"url\":\"https:\/\/portaltela.pt\/noticias\/2026\/02\/25\/solucao-para-descongestionar-o-vci-em-concretizacao-tecnica-e-processual\/\",\"name\":\"Solu\u00e7\u00e3o para descongestionar o VCI em concretiza\u00e7\u00e3o t\u00e9cnica e processual - Portal Tela Portugal\",\"isPartOf\":{\"@id\":\"https:\/\/portaltela.pt\/#website\"},\"primaryImageOfPage\":{\"@id\":\"https:\/\/portaltela.pt\/noticias\/2026\/02\/25\/solucao-para-descongestionar-o-vci-em-concretizacao-tecnica-e-processual\/#primaryimage\"},\"image\":{\"@id\":\"https:\/\/portaltela.pt\/noticias\/2026\/02\/25\/solucao-para-descongestionar-o-vci-em-concretizacao-tecnica-e-processual\/#primaryimage\"},\"thumbnailUrl\":\"https:\/\/portaltela.pt\/s.01k8rhncp4jt1\/2026\/02\/image-1873.jpg\",\"datePublished\":\"2026-02-25T19:53:00+00:00\",\"author\":{\"@id\":\"https:\/\/portaltela.pt\/#\/schema\/person\/c4278d4a6028830caff9ee44b42d32ed\"},\"breadcrumb\":{\"@id\":\"https:\/\/portaltela.pt\/noticias\/2026\/02\/25\/solucao-para-descongestionar-o-vci-em-concretizacao-tecnica-e-processual\/#breadcrumb\"},\"inLanguage\":\"pt-PT\",\"potentialAction\":[{\"@type\":\"ReadAction\",\"target\":[\"https:\/\/portaltela.pt\/noticias\/2026\/02\/25\/solucao-para-descongestionar-o-vci-em-concretizacao-tecnica-e-processual\/\"]}]},{\"@type\":\"ImageObject\",\"inLanguage\":\"pt-PT\",\"@id\":\"https:\/\/portaltela.pt\/noticias\/2026\/02\/25\/solucao-para-descongestionar-o-vci-em-concretizacao-tecnica-e-processual\/#primaryimage\",\"url\":\"https:\/\/portaltela.pt\/s.01k8rhncp4jt1\/2026\/02\/image-1873.jpg\",\"contentUrl\":\"https:\/\/portaltela.pt\/s.01k8rhncp4jt1\/2026\/02\/image-1873.jpg\",\"width\":796,\"height\":448,\"caption\":\"Governo disse que a solu\u00e7\u00e3o para descongestionar a Via de Cintura Interna est\u00e1 em \\\"concretiza\u00e7\u00e3o t\u00e9cnica e processual\\\"\"},{\"@type\":\"BreadcrumbList\",\"@id\":\"https:\/\/portaltela.pt\/noticias\/2026\/02\/25\/solucao-para-descongestionar-o-vci-em-concretizacao-tecnica-e-processual\/#breadcrumb\",\"itemListElement\":[{\"@type\":\"ListItem\",\"position\":1,\"name\":\"In\u00edcio\",\"item\":\"https:\/\/portaltela.pt\/\"},{\"@type\":\"ListItem\",\"position\":2,\"name\":\"Solu\u00e7\u00e3o para descongestionar o VCI em concretiza\u00e7\u00e3o t\u00e9cnica e processual\"}]},{\"@type\":\"WebSite\",\"@id\":\"https:\/\/portaltela.pt\/#website\",\"url\":\"https:\/\/portaltela.pt\/\",\"name\":\"Portal Tela Portugal\",\"description\":\"\",\"potentialAction\":[{\"@type\":\"SearchAction\",\"target\":{\"@type\":\"EntryPoint\",\"urlTemplate\":\"https:\/\/portaltela.pt\/?s={search_term_string}\"},\"query-input\":{\"@type\":\"PropertyValueSpecification\",\"valueRequired\":true,\"valueName\":\"search_term_string\"}}],\"inLanguage\":\"pt-PT\"},{\"@type\":\"Person\",\"@id\":\"https:\/\/portaltela.pt\/#\/schema\/person\/c4278d4a6028830caff9ee44b42d32ed\",\"name\":\"Telinha\",\"image\":{\"@type\":\"ImageObject\",\"inLanguage\":\"pt-PT\",\"@id\":\"https:\/\/portaltela.pt\/s.01k8rhncp4jt1\/2025\/11\/talking-bot-125x125.png\",\"url\":\"https:\/\/portaltela.pt\/s.01k8rhncp4jt1\/2025\/11\/talking-bot-125x125.png\",\"contentUrl\":\"https:\/\/portaltela.pt\/s.01k8rhncp4jt1\/2025\/11\/talking-bot-125x125.png\",\"caption\":\"Telinha\"},\"sameAs\":[\"https:\/\/portaltela.pt\/\"],\"url\":\"https:\/\/portaltela.pt\/por\/367410592786\/\"}]}<\/script>\n<!-- \/ Yoast SEO plugin. -->","yoast_head_json":{"title":"Solu\u00e7\u00e3o para descongestionar o VCI em concretiza\u00e7\u00e3o t\u00e9cnica e processual - Portal Tela Portugal","robots":{"index":"index","follow":"follow","max-snippet":"max-snippet:-1","max-image-preview":"max-image-preview:large","max-video-preview":"max-video-preview:-1"},"og_locale":"pt_PT","og_type":"article","og_title":"Solu\u00e7\u00e3o para descongestionar o VCI em concretiza\u00e7\u00e3o t\u00e9cnica e processual - Portal Tela Portugal","og_description":"O Governo informou que a solu\u00e7\u00e3o para descongestionar a Via de Cintura Interna (VCI) est\u00e1 na concretiza\u00e7\u00e3o t\u00e9cnica e processual, em curso. A medida envolve articula\u00e7\u00e3o com a Autoridade Nacional de Seguran\u00e7a Rodovi\u00e1ria (ANSR), a Guarda Nacional Republicana (GNR), a Pol\u00edcia de Seguran\u00e7a P\u00fablica (PSP) e os munic\u00edpios do Porto e Gaia. A a\u00e7\u00e3o acontece ap\u00f3s a entrada em vigor da isen\u00e7\u00e3o de portagens para pesados na Circular Regional Exterior do Porto (CREP), visando a operacionaliza\u00e7\u00e3o da solu\u00e7\u00e3o de descongest\u00e3o da VCI. A lei publicada clarifica a isen\u00e7\u00e3o para ve\u00edculos pesados das classes 3 e 4 nas vias CREP, A41, A19 e A8, retroativa a 1 de janeiro. Os reembolsos para portagens j\u00e1 pagas podem ser solicitados aos fornecedores de servi\u00e7o de portagem; o custo total da isen\u00e7\u00e3o foi estimado anteriormente em cerca de 10 milh\u00f5es de euros.","og_url":"https:\/\/portaltela.pt\/noticias\/2026\/02\/25\/solucao-para-descongestionar-o-vci-em-concretizacao-tecnica-e-processual\/","og_site_name":"Portal Tela Portugal","article_published_time":"2026-02-25T19:53:00+00:00","author":"Telinha","twitter_card":"summary_large_image","twitter_misc":{"Escrito por":"Telinha","Tempo estimado de leitura":"2 minutos"},"schema":{"@context":"https:\/\/schema.org","@graph":[{"@type":"Article","@id":"https:\/\/portaltela.pt\/noticias\/2026\/02\/25\/solucao-para-descongestionar-o-vci-em-concretizacao-tecnica-e-processual\/#article","isPartOf":{"@id":"https:\/\/portaltela.pt\/noticias\/2026\/02\/25\/solucao-para-descongestionar-o-vci-em-concretizacao-tecnica-e-processual\/"},"author":{"name":"Telinha","@id":"https:\/\/portaltela.pt\/#\/schema\/person\/c4278d4a6028830caff9ee44b42d32ed"},"headline":"Solu\u00e7\u00e3o para descongestionar o VCI em concretiza\u00e7\u00e3o t\u00e9cnica e processual","datePublished":"2026-02-25T19:53:00+00:00","mainEntityOfPage":{"@id":"https:\/\/portaltela.pt\/noticias\/2026\/02\/25\/solucao-para-descongestionar-o-vci-em-concretizacao-tecnica-e-processual\/"},"wordCount":338,"image":{"@id":"https:\/\/portaltela.pt\/noticias\/2026\/02\/25\/solucao-para-descongestionar-o-vci-em-concretizacao-tecnica-e-processual\/#primaryimage"},"thumbnailUrl":"https:\/\/portaltela.pt\/s.01k8rhncp4jt1\/2026\/02\/image-1873.jpg","keywords":["Gaia","infraestrutura","portagens","Porto","transporte rodovi\u00e1rio","vias p\u00fablicas"],"articleSection":["Not\u00edcias"],"inLanguage":"pt-PT"},{"@type":"WebPage","@id":"https:\/\/portaltela.pt\/noticias\/2026\/02\/25\/solucao-para-descongestionar-o-vci-em-concretizacao-tecnica-e-processual\/","url":"https:\/\/portaltela.pt\/noticias\/2026\/02\/25\/solucao-para-descongestionar-o-vci-em-concretizacao-tecnica-e-processual\/","name":"Solu\u00e7\u00e3o para descongestionar o VCI em concretiza\u00e7\u00e3o t\u00e9cnica e processual - Portal Tela Portugal","isPartOf":{"@id":"https:\/\/portaltela.pt\/#website"},"primaryImageOfPage":{"@id":"https:\/\/portaltela.pt\/noticias\/2026\/02\/25\/solucao-para-descongestionar-o-vci-em-concretizacao-tecnica-e-processual\/#primaryimage"},"image":{"@id":"https:\/\/portaltela.pt\/noticias\/2026\/02\/25\/solucao-para-descongestionar-o-vci-em-concretizacao-tecnica-e-processual\/#primaryimage"},"thumbnailUrl":"https:\/\/portaltela.pt\/s.01k8rhncp4jt1\/2026\/02\/image-1873.jpg","datePublished":"2026-02-25T19:53:00+00:00","author":{"@id":"https:\/\/portaltela.pt\/#\/schema\/person\/c4278d4a6028830caff9ee44b42d32ed"},"breadcrumb":{"@id":"https:\/\/portaltela.pt\/noticias\/2026\/02\/25\/solucao-para-descongestionar-o-vci-em-concretizacao-tecnica-e-processual\/#breadcrumb"},"inLanguage":"pt-PT","potentialAction":[{"@type":"ReadAction","target":["https:\/\/portaltela.pt\/noticias\/2026\/02\/25\/solucao-para-descongestionar-o-vci-em-concretizacao-tecnica-e-processual\/"]}]},{"@type":"ImageObject","inLanguage":"pt-PT","@id":"https:\/\/portaltela.pt\/noticias\/2026\/02\/25\/solucao-para-descongestionar-o-vci-em-concretizacao-tecnica-e-processual\/#primaryimage","url":"https:\/\/portaltela.pt\/s.01k8rhncp4jt1\/2026\/02\/image-1873.jpg","contentUrl":"https:\/\/portaltela.pt\/s.01k8rhncp4jt1\/2026\/02\/image-1873.jpg","width":796,"height":448,"caption":"Governo disse que a solu\u00e7\u00e3o para descongestionar a Via de Cintura Interna est\u00e1 em \"concretiza\u00e7\u00e3o t\u00e9cnica e processual\""},{"@type":"BreadcrumbList","@id":"https:\/\/portaltela.pt\/noticias\/2026\/02\/25\/solucao-para-descongestionar-o-vci-em-concretizacao-tecnica-e-processual\/#breadcrumb","itemListElement":[{"@type":"ListItem","position":1,"name":"In\u00edcio","item":"https:\/\/portaltela.pt\/"},{"@type":"ListItem","position":2,"name":"Solu\u00e7\u00e3o para descongestionar o VCI em concretiza\u00e7\u00e3o t\u00e9cnica e processual"}]},{"@type":"WebSite","@id":"https:\/\/portaltela.pt\/#website","url":"https:\/\/portaltela.pt\/","name":"Portal Tela Portugal","description":"","potentialAction":[{"@type":"SearchAction","target":{"@type":"EntryPoint","urlTemplate":"https:\/\/portaltela.pt\/?s={search_term_string}"},"query-input":{"@type":"PropertyValueSpecification","valueRequired":true,"valueName":"search_term_string"}}],"inLanguage":"pt-PT"},{"@type":"Person","@id":"https:\/\/portaltela.pt\/#\/schema\/person\/c4278d4a6028830caff9ee44b42d32ed","name":"Telinha","image":{"@type":"ImageObject","inLanguage":"pt-PT","@id":"https:\/\/portaltela.pt\/s.01k8rhncp4jt1\/2025\/11\/talking-bot-125x125.png","url":"https:\/\/portaltela.pt\/s.01k8rhncp4jt1\/2025\/11\/talking-bot-125x125.png","contentUrl":"https:\/\/portaltela.pt\/s.01k8rhncp4jt1\/2025\/11\/talking-bot-125x125.png","caption":"Telinha"},"sameAs":["https:\/\/portaltela.pt\/"],"url":"https:\/\/portaltela.pt\/por\/367410592786\/"}]}},"_links":{"self":[{"href":"https:\/\/portaltela.pt\/api\/wp\/v2\/posts\/388141","targetHints":{"allow":["GET"]}}],"collection":[{"href":"https:\/\/portaltela.pt\/api\/wp\/v2\/posts"}],"about":[{"href":"https:\/\/portaltela.pt\/api\/wp\/v2\/types\/post"}],"author":[{"embeddable":true,"href":"https:\/\/portaltela.pt\/api\/wp\/v2\/users\/2"}],"replies":[{"embeddable":true,"href":"https:\/\/portaltela.pt\/api\/wp\/v2\/comments?post=388141"}],"version-history":[{"count":0,"href":"https:\/\/portaltela.pt\/api\/wp\/v2\/posts\/388141\/revisions"}],"wp:featuredmedia":[{"embeddable":true,"href":"https:\/\/portaltela.pt\/api\/wp\/v2\/media\/388147"}],"wp:attachment":[{"href":"https:\/\/portaltela.pt\/api\/wp\/v2\/media?parent=388141"}],"wp:term":[{"taxonomy":"category","embeddable":true,"href":"https:\/\/portaltela.pt\/api\/wp\/v2\/categories?post=388141"},{"taxonomy":"post_tag","embeddable":true,"href":"https:\/\/portaltela.pt\/api\/wp\/v2\/tags?post=388141"}],"curies":[{"name":"wp","href":"https:\/\/api.w.org\/{rel}","templated":true}]}}