{"id":388135,"date":"2026-02-25T17:13:32","date_gmt":"2026-02-25T20:13:32","guid":{"rendered":"https:\/\/portaltela.pt\/noticias\/2026\/02\/25\/mulher-em-estado-grave-apos-queda-de-telhado-danificado-pelo-mau-tempo-em-leiria\/"},"modified":"2026-02-25T17:13:32","modified_gmt":"2026-02-25T20:13:32","slug":"mulher-em-estado-grave-apos-queda-de-telhado-danificado-pelo-mau-tempo-em-leiria","status":"publish","type":"post","link":"https:\/\/portaltela.pt\/noticias\/2026\/02\/25\/mulher-em-estado-grave-apos-queda-de-telhado-danificado-pelo-mau-tempo-em-leiria\/","title":{"rendered":"Mulher em estado grave ap\u00f3s queda de telhado danificado pelo mau tempo em Leiria"},"content":{"rendered":"<p>Uma mulher ficou gravemente ferida ao cair de um telhado danificado pelo mau tempo em Vale da Catarina, Caranguejeira, Leiria, nesta quarta-feira.<\/p>\n<p>A v\u00edtima trabalha numa empresa de montagem de estruturas met\u00e1licas e telhados e prestava servi\u00e7o numa firma de madeiras afetada pela intemp\u00e9rie, segundo o CM apurou.<\/p>\n<p>O acidente ocorreu entre as 18h00 e as 18h30 e a mulher foi encaminhada para o hospital de Leiria.<\/p>\n<p>A tempestade deixou o telhado da empresa de madeiras indispon\u00edvel devido aos estragos causados.<\/p>\n","protected":false},"excerpt":{"rendered":"<ul>\n<li>Mulher ficou gravemente ferida ao cair de um telhado em Vale da Catarina, Caranguejeira, Leiria, nesta quarta-feira.<\/li>\n<li>A v\u00edtima trabalha numa empresa de montagem de estruturas met\u00e1licas e telhados e prestava servi\u00e7o numa empresa de madeiras afetada pelo mau tempo.<\/li>\n<li>A tempestade deixou o telhado da empresa de madeiras danificado.<\/li>\n<li>O acidente ocorreu entre as 18h00 e as 18h30.<\/li>\n<li>A v\u00edtima foi encaminhada para o hospital de Leiria.<\/li>\n<\/ul>\n","protected":false},"author":2,"featured_media":388143,"comment_status":"closed","ping_status":"closed","sticky":false,"template":"","format":"standard","meta":{"footnotes":""},"categories":[1],"tags":[5487,718,3449,3764,1385,6376],"class_list":["post-388135","post","type-post","status-publish","format-standard","has-post-thumbnail","hentry","category-noticias","tag-acidente","tag-construcao","tag-feridos","tag-feridos-graves","tag-leiria","tag-madeiras"],"yoast_head":"<!-- This site is optimized with the Yoast SEO plugin v27.2 - https:\/\/yoast.com\/product\/yoast-seo-wordpress\/ -->\n<title>Mulher em estado grave ap\u00f3s queda de telhado danificado pelo mau tempo em Leiria - Portal Tela Portugal<\/title>\n<meta name=\"robots\" content=\"index, follow, max-snippet:-1, max-image-preview:large, max-video-preview:-1\" \/>\n<meta property=\"og:locale\" content=\"pt_PT\" \/>\n<meta property=\"og:type\" content=\"article\" \/>\n<meta property=\"og:title\" content=\"Mulher em estado grave ap\u00f3s queda de telhado danificado pelo mau tempo em Leiria - Portal Tela Portugal\" \/>\n<meta property=\"og:description\" content=\"Mulher ficou gravemente ferida ao cair de um telhado em Vale da Catarina, Caranguejeira, Leiria, nesta quarta-feira. A v\u00edtima trabalha numa empresa de montagem de estruturas met\u00e1licas e telhados e prestava servi\u00e7o numa empresa de madeiras afetada pelo mau tempo. A tempestade deixou o telhado da empresa de madeiras danificado. O acidente ocorreu entre as 18h00 e as 18h30. A v\u00edtima foi encaminhada para o hospital de Leiria.\" \/>\n<meta property=\"og:url\" content=\"https:\/\/portaltela.pt\/noticias\/2026\/02\/25\/mulher-em-estado-grave-apos-queda-de-telhado-danificado-pelo-mau-tempo-em-leiria\/\" \/>\n<meta property=\"og:site_name\" content=\"Portal Tela Portugal\" \/>\n<meta property=\"article:published_time\" content=\"2026-02-25T20:13:32+00:00\" \/>\n<meta name=\"author\" content=\"Telinha\" \/>\n<meta name=\"twitter:card\" content=\"summary_large_image\" \/>\n<meta name=\"twitter:label1\" content=\"Escrito por\" \/>\n\t<meta name=\"twitter:data1\" content=\"Telinha\" \/>\n<script type=\"application\/ld+json\" class=\"yoast-schema-graph\">{\"@context\":\"https:\/\/schema.org\",\"@graph\":[{\"@type\":\"Article\",\"@id\":\"https:\/\/portaltela.pt\/noticias\/2026\/02\/25\/mulher-em-estado-grave-apos-queda-de-telhado-danificado-pelo-mau-tempo-em-leiria\/#article\",\"isPartOf\":{\"@id\":\"https:\/\/portaltela.pt\/noticias\/2026\/02\/25\/mulher-em-estado-grave-apos-queda-de-telhado-danificado-pelo-mau-tempo-em-leiria\/\"},\"author\":{\"name\":\"Telinha\",\"@id\":\"https:\/\/portaltela.pt\/#\/schema\/person\/c4278d4a6028830caff9ee44b42d32ed\"},\"headline\":\"Mulher em estado grave ap\u00f3s queda de telhado danificado pelo mau tempo em Leiria\",\"datePublished\":\"2026-02-25T20:13:32+00:00\",\"mainEntityOfPage\":{\"@id\":\"https:\/\/portaltela.pt\/noticias\/2026\/02\/25\/mulher-em-estado-grave-apos-queda-de-telhado-danificado-pelo-mau-tempo-em-leiria\/\"},\"wordCount\":101,\"image\":{\"@id\":\"https:\/\/portaltela.pt\/noticias\/2026\/02\/25\/mulher-em-estado-grave-apos-queda-de-telhado-danificado-pelo-mau-tempo-em-leiria\/#primaryimage\"},\"thumbnailUrl\":\"https:\/\/portaltela.pt\/s.01k8rhncp4jt1\/2026\/02\/img_1500x1000uu2022-09-29-15-18-00-1188683-10.jpg\",\"keywords\":[\"acidente\",\"Constru\u00e7\u00e3o\",\"feridos\",\"feridos graves\",\"Leiria\",\"madeiras\"],\"articleSection\":[\"Not\u00edcias\"],\"inLanguage\":\"pt-PT\"},{\"@type\":\"WebPage\",\"@id\":\"https:\/\/portaltela.pt\/noticias\/2026\/02\/25\/mulher-em-estado-grave-apos-queda-de-telhado-danificado-pelo-mau-tempo-em-leiria\/\",\"url\":\"https:\/\/portaltela.pt\/noticias\/2026\/02\/25\/mulher-em-estado-grave-apos-queda-de-telhado-danificado-pelo-mau-tempo-em-leiria\/\",\"name\":\"Mulher em estado grave ap\u00f3s queda de telhado danificado pelo mau tempo em Leiria - Portal Tela Portugal\",\"isPartOf\":{\"@id\":\"https:\/\/portaltela.pt\/#website\"},\"primaryImageOfPage\":{\"@id\":\"https:\/\/portaltela.pt\/noticias\/2026\/02\/25\/mulher-em-estado-grave-apos-queda-de-telhado-danificado-pelo-mau-tempo-em-leiria\/#primaryimage\"},\"image\":{\"@id\":\"https:\/\/portaltela.pt\/noticias\/2026\/02\/25\/mulher-em-estado-grave-apos-queda-de-telhado-danificado-pelo-mau-tempo-em-leiria\/#primaryimage\"},\"thumbnailUrl\":\"https:\/\/portaltela.pt\/s.01k8rhncp4jt1\/2026\/02\/img_1500x1000uu2022-09-29-15-18-00-1188683-10.jpg\",\"datePublished\":\"2026-02-25T20:13:32+00:00\",\"author\":{\"@id\":\"https:\/\/portaltela.pt\/#\/schema\/person\/c4278d4a6028830caff9ee44b42d32ed\"},\"breadcrumb\":{\"@id\":\"https:\/\/portaltela.pt\/noticias\/2026\/02\/25\/mulher-em-estado-grave-apos-queda-de-telhado-danificado-pelo-mau-tempo-em-leiria\/#breadcrumb\"},\"inLanguage\":\"pt-PT\",\"potentialAction\":[{\"@type\":\"ReadAction\",\"target\":[\"https:\/\/portaltela.pt\/noticias\/2026\/02\/25\/mulher-em-estado-grave-apos-queda-de-telhado-danificado-pelo-mau-tempo-em-leiria\/\"]}]},{\"@type\":\"ImageObject\",\"inLanguage\":\"pt-PT\",\"@id\":\"https:\/\/portaltela.pt\/noticias\/2026\/02\/25\/mulher-em-estado-grave-apos-queda-de-telhado-danificado-pelo-mau-tempo-em-leiria\/#primaryimage\",\"url\":\"https:\/\/portaltela.pt\/s.01k8rhncp4jt1\/2026\/02\/img_1500x1000uu2022-09-29-15-18-00-1188683-10.jpg\",\"contentUrl\":\"https:\/\/portaltela.pt\/s.01k8rhncp4jt1\/2026\/02\/img_1500x1000uu2022-09-29-15-18-00-1188683-10.jpg\",\"width\":796,\"height\":448,\"caption\":\"Bombeiros\"},{\"@type\":\"BreadcrumbList\",\"@id\":\"https:\/\/portaltela.pt\/noticias\/2026\/02\/25\/mulher-em-estado-grave-apos-queda-de-telhado-danificado-pelo-mau-tempo-em-leiria\/#breadcrumb\",\"itemListElement\":[{\"@type\":\"ListItem\",\"position\":1,\"name\":\"In\u00edcio\",\"item\":\"https:\/\/portaltela.pt\/\"},{\"@type\":\"ListItem\",\"position\":2,\"name\":\"Mulher em estado grave ap\u00f3s queda de telhado danificado pelo mau tempo em Leiria\"}]},{\"@type\":\"WebSite\",\"@id\":\"https:\/\/portaltela.pt\/#website\",\"url\":\"https:\/\/portaltela.pt\/\",\"name\":\"Portal Tela Portugal\",\"description\":\"\",\"potentialAction\":[{\"@type\":\"SearchAction\",\"target\":{\"@type\":\"EntryPoint\",\"urlTemplate\":\"https:\/\/portaltela.pt\/?s={search_term_string}\"},\"query-input\":{\"@type\":\"PropertyValueSpecification\",\"valueRequired\":true,\"valueName\":\"search_term_string\"}}],\"inLanguage\":\"pt-PT\"},{\"@type\":\"Person\",\"@id\":\"https:\/\/portaltela.pt\/#\/schema\/person\/c4278d4a6028830caff9ee44b42d32ed\",\"name\":\"Telinha\",\"image\":{\"@type\":\"ImageObject\",\"inLanguage\":\"pt-PT\",\"@id\":\"https:\/\/portaltela.pt\/s.01k8rhncp4jt1\/2025\/11\/talking-bot-125x125.png\",\"url\":\"https:\/\/portaltela.pt\/s.01k8rhncp4jt1\/2025\/11\/talking-bot-125x125.png\",\"contentUrl\":\"https:\/\/portaltela.pt\/s.01k8rhncp4jt1\/2025\/11\/talking-bot-125x125.png\",\"caption\":\"Telinha\"},\"sameAs\":[\"https:\/\/portaltela.pt\/\"],\"url\":\"https:\/\/portaltela.pt\/por\/367410592786\/\"}]}<\/script>\n<!-- \/ Yoast SEO plugin. -->","yoast_head_json":{"title":"Mulher em estado grave ap\u00f3s queda de telhado danificado pelo mau tempo em Leiria - Portal Tela Portugal","robots":{"index":"index","follow":"follow","max-snippet":"max-snippet:-1","max-image-preview":"max-image-preview:large","max-video-preview":"max-video-preview:-1"},"og_locale":"pt_PT","og_type":"article","og_title":"Mulher em estado grave ap\u00f3s queda de telhado danificado pelo mau tempo em Leiria - Portal Tela Portugal","og_description":"Mulher ficou gravemente ferida ao cair de um telhado em Vale da Catarina, Caranguejeira, Leiria, nesta quarta-feira. A v\u00edtima trabalha numa empresa de montagem de estruturas met\u00e1licas e telhados e prestava servi\u00e7o numa empresa de madeiras afetada pelo mau tempo. A tempestade deixou o telhado da empresa de madeiras danificado. O acidente ocorreu entre as 18h00 e as 18h30. A v\u00edtima foi encaminhada para o hospital de Leiria.","og_url":"https:\/\/portaltela.pt\/noticias\/2026\/02\/25\/mulher-em-estado-grave-apos-queda-de-telhado-danificado-pelo-mau-tempo-em-leiria\/","og_site_name":"Portal Tela Portugal","article_published_time":"2026-02-25T20:13:32+00:00","author":"Telinha","twitter_card":"summary_large_image","twitter_misc":{"Escrito por":"Telinha"},"schema":{"@context":"https:\/\/schema.org","@graph":[{"@type":"Article","@id":"https:\/\/portaltela.pt\/noticias\/2026\/02\/25\/mulher-em-estado-grave-apos-queda-de-telhado-danificado-pelo-mau-tempo-em-leiria\/#article","isPartOf":{"@id":"https:\/\/portaltela.pt\/noticias\/2026\/02\/25\/mulher-em-estado-grave-apos-queda-de-telhado-danificado-pelo-mau-tempo-em-leiria\/"},"author":{"name":"Telinha","@id":"https:\/\/portaltela.pt\/#\/schema\/person\/c4278d4a6028830caff9ee44b42d32ed"},"headline":"Mulher em estado grave ap\u00f3s queda de telhado danificado pelo mau tempo em Leiria","datePublished":"2026-02-25T20:13:32+00:00","mainEntityOfPage":{"@id":"https:\/\/portaltela.pt\/noticias\/2026\/02\/25\/mulher-em-estado-grave-apos-queda-de-telhado-danificado-pelo-mau-tempo-em-leiria\/"},"wordCount":101,"image":{"@id":"https:\/\/portaltela.pt\/noticias\/2026\/02\/25\/mulher-em-estado-grave-apos-queda-de-telhado-danificado-pelo-mau-tempo-em-leiria\/#primaryimage"},"thumbnailUrl":"https:\/\/portaltela.pt\/s.01k8rhncp4jt1\/2026\/02\/img_1500x1000uu2022-09-29-15-18-00-1188683-10.jpg","keywords":["acidente","Constru\u00e7\u00e3o","feridos","feridos graves","Leiria","madeiras"],"articleSection":["Not\u00edcias"],"inLanguage":"pt-PT"},{"@type":"WebPage","@id":"https:\/\/portaltela.pt\/noticias\/2026\/02\/25\/mulher-em-estado-grave-apos-queda-de-telhado-danificado-pelo-mau-tempo-em-leiria\/","url":"https:\/\/portaltela.pt\/noticias\/2026\/02\/25\/mulher-em-estado-grave-apos-queda-de-telhado-danificado-pelo-mau-tempo-em-leiria\/","name":"Mulher em estado grave ap\u00f3s queda de telhado danificado pelo mau tempo em Leiria - Portal Tela Portugal","isPartOf":{"@id":"https:\/\/portaltela.pt\/#website"},"primaryImageOfPage":{"@id":"https:\/\/portaltela.pt\/noticias\/2026\/02\/25\/mulher-em-estado-grave-apos-queda-de-telhado-danificado-pelo-mau-tempo-em-leiria\/#primaryimage"},"image":{"@id":"https:\/\/portaltela.pt\/noticias\/2026\/02\/25\/mulher-em-estado-grave-apos-queda-de-telhado-danificado-pelo-mau-tempo-em-leiria\/#primaryimage"},"thumbnailUrl":"https:\/\/portaltela.pt\/s.01k8rhncp4jt1\/2026\/02\/img_1500x1000uu2022-09-29-15-18-00-1188683-10.jpg","datePublished":"2026-02-25T20:13:32+00:00","author":{"@id":"https:\/\/portaltela.pt\/#\/schema\/person\/c4278d4a6028830caff9ee44b42d32ed"},"breadcrumb":{"@id":"https:\/\/portaltela.pt\/noticias\/2026\/02\/25\/mulher-em-estado-grave-apos-queda-de-telhado-danificado-pelo-mau-tempo-em-leiria\/#breadcrumb"},"inLanguage":"pt-PT","potentialAction":[{"@type":"ReadAction","target":["https:\/\/portaltela.pt\/noticias\/2026\/02\/25\/mulher-em-estado-grave-apos-queda-de-telhado-danificado-pelo-mau-tempo-em-leiria\/"]}]},{"@type":"ImageObject","inLanguage":"pt-PT","@id":"https:\/\/portaltela.pt\/noticias\/2026\/02\/25\/mulher-em-estado-grave-apos-queda-de-telhado-danificado-pelo-mau-tempo-em-leiria\/#primaryimage","url":"https:\/\/portaltela.pt\/s.01k8rhncp4jt1\/2026\/02\/img_1500x1000uu2022-09-29-15-18-00-1188683-10.jpg","contentUrl":"https:\/\/portaltela.pt\/s.01k8rhncp4jt1\/2026\/02\/img_1500x1000uu2022-09-29-15-18-00-1188683-10.jpg","width":796,"height":448,"caption":"Bombeiros"},{"@type":"BreadcrumbList","@id":"https:\/\/portaltela.pt\/noticias\/2026\/02\/25\/mulher-em-estado-grave-apos-queda-de-telhado-danificado-pelo-mau-tempo-em-leiria\/#breadcrumb","itemListElement":[{"@type":"ListItem","position":1,"name":"In\u00edcio","item":"https:\/\/portaltela.pt\/"},{"@type":"ListItem","position":2,"name":"Mulher em estado grave ap\u00f3s queda de telhado danificado pelo mau tempo em Leiria"}]},{"@type":"WebSite","@id":"https:\/\/portaltela.pt\/#website","url":"https:\/\/portaltela.pt\/","name":"Portal Tela Portugal","description":"","potentialAction":[{"@type":"SearchAction","target":{"@type":"EntryPoint","urlTemplate":"https:\/\/portaltela.pt\/?s={search_term_string}"},"query-input":{"@type":"PropertyValueSpecification","valueRequired":true,"valueName":"search_term_string"}}],"inLanguage":"pt-PT"},{"@type":"Person","@id":"https:\/\/portaltela.pt\/#\/schema\/person\/c4278d4a6028830caff9ee44b42d32ed","name":"Telinha","image":{"@type":"ImageObject","inLanguage":"pt-PT","@id":"https:\/\/portaltela.pt\/s.01k8rhncp4jt1\/2025\/11\/talking-bot-125x125.png","url":"https:\/\/portaltela.pt\/s.01k8rhncp4jt1\/2025\/11\/talking-bot-125x125.png","contentUrl":"https:\/\/portaltela.pt\/s.01k8rhncp4jt1\/2025\/11\/talking-bot-125x125.png","caption":"Telinha"},"sameAs":["https:\/\/portaltela.pt\/"],"url":"https:\/\/portaltela.pt\/por\/367410592786\/"}]}},"_links":{"self":[{"href":"https:\/\/portaltela.pt\/api\/wp\/v2\/posts\/388135","targetHints":{"allow":["GET"]}}],"collection":[{"href":"https:\/\/portaltela.pt\/api\/wp\/v2\/posts"}],"about":[{"href":"https:\/\/portaltela.pt\/api\/wp\/v2\/types\/post"}],"author":[{"embeddable":true,"href":"https:\/\/portaltela.pt\/api\/wp\/v2\/users\/2"}],"replies":[{"embeddable":true,"href":"https:\/\/portaltela.pt\/api\/wp\/v2\/comments?post=388135"}],"version-history":[{"count":0,"href":"https:\/\/portaltela.pt\/api\/wp\/v2\/posts\/388135\/revisions"}],"wp:featuredmedia":[{"embeddable":true,"href":"https:\/\/portaltela.pt\/api\/wp\/v2\/media\/388143"}],"wp:attachment":[{"href":"https:\/\/portaltela.pt\/api\/wp\/v2\/media?parent=388135"}],"wp:term":[{"taxonomy":"category","embeddable":true,"href":"https:\/\/portaltela.pt\/api\/wp\/v2\/categories?post=388135"},{"taxonomy":"post_tag","embeddable":true,"href":"https:\/\/portaltela.pt\/api\/wp\/v2\/tags?post=388135"}],"curies":[{"name":"wp","href":"https:\/\/api.w.org\/{rel}","templated":true}]}}