{"id":388134,"date":"2026-02-25T17:11:00","date_gmt":"2026-02-25T20:11:00","guid":{"rendered":"https:\/\/portaltela.pt\/noticias\/2026\/02\/25\/saviola-nao-gosta-de-comparacoes-entre-mastantuono-e-yamal\/"},"modified":"2026-02-25T17:11:00","modified_gmt":"2026-02-25T20:11:00","slug":"saviola-nao-gosta-de-comparacoes-entre-mastantuono-e-yamal","status":"publish","type":"post","link":"https:\/\/portaltela.pt\/desporto\/futebol\/2026\/02\/25\/saviola-nao-gosta-de-comparacoes-entre-mastantuono-e-yamal\/","title":{"rendered":"Saviola n\u00e3o gosta de compara\u00e7\u00f5es entre Mastantuono e Yamal"},"content":{"rendered":"<p>O ex-jogador Javier Saviola, atualmente atento \u00e0 atualidade do Barcelona e do Real Madrid, comentou as compara\u00e7\u00f5es entre Lamine Yamal e Franco Mastantuono. A an\u00e1lise surge na altura em que se discute o talento de jovens promessas dos clubes espanh\u00f3is.<\/p>\n<p>Saviola afirmou que esse tipo de compara\u00e7\u00e3o prejudica Mastantuono, j\u00e1 que Yamal n\u00e3o precisou de um per\u00edodo de adapta\u00e7\u00e3o. O argentino, que treinou com Yamal nos escal\u00f5es de forma\u00e7\u00e3o do Bar\u00e7a, afirmou perceber desde cedo que o jovem \u00e9 diferente e tem uma personalidade fora do comum.<\/p>\n<p>A compara\u00e7\u00e3o com o processo de adapta\u00e7\u00e3o de Mastantuono \u00e9, segundo o antigo jogador, complicada neste momento. No entanto, assegurou que, quando Mastantuono terminar essa fase, poder\u00e1 surgir uma avalia\u00e7\u00e3o sobre a vers\u00e3o que ir\u00e1 apresentar.<\/p>\n<p>Saviola chegou ao Barcelona aos 19 anos, numa \u00e9poca em que Zidane brilhava pelo Real Madrid, e as compara\u00e7\u00f5es entre os dois futebolistas surgiram de forma imediata, ainda que apresentassem caracter\u00edsticas distintas. Ele referiu que essas compara\u00e7\u00f5es nem sempre s\u00e3o justas.<\/p>\n","protected":false},"excerpt":{"rendered":"<ul>\n<li>O argentino Javier Saviola criticou as compara\u00e7\u00f5es entre Lamine Yamal e Franco Mastantuono.<\/li>\n<li>Afirmou que esse tipo de compara\u00e7\u00e3o prejudica Mastantuono, pois Yamal n\u00e3o precisou de um per\u00edodo de adapta\u00e7\u00e3o.<\/li>\n<li>Saviola disse ter trabalhado com Yamal nos escal\u00f5es de forma\u00e7\u00e3o do Barcelona e j\u00e1 ver a sua personalidade como fora do normal.<\/li>\n<li>Sobre Mastantuono, disse que o processo de adapta\u00e7\u00e3o \u00e9 diferente e s\u00f3 ap\u00f3s essa fase se poder\u00e1 entender a vers\u00e3o dele.<\/li>\n<li>Relembrou ainda que algu\u00e9m tentou compar\u00e1-lo a Yamal no in\u00edcio da carreira, o que o fez rir, uma vez que Yamal era um jogador muito completo em campo.<\/li>\n<\/ul>\n","protected":false},"author":2,"featured_media":388144,"comment_status":"closed","ping_status":"closed","sticky":false,"template":"","format":"standard","meta":{"footnotes":""},"categories":[21,24],"tags":[152,2681,32,3338,2844,2794],"class_list":["post-388134","post","type-post","status-publish","format-standard","has-post-thumbnail","hentry","category-desporto","category-futebol","tag-desporto","tag-desporto-internacional","tag-futebol","tag-futebol-internacional","tag-jovens","tag-lamine-yamal"],"yoast_head":"<!-- This site is optimized with the Yoast SEO plugin v27.2 - https:\/\/yoast.com\/product\/yoast-seo-wordpress\/ -->\n<title>Saviola n\u00e3o gosta de compara\u00e7\u00f5es entre Mastantuono e Yamal - Portal Tela Portugal<\/title>\n<meta name=\"robots\" content=\"index, follow, max-snippet:-1, max-image-preview:large, max-video-preview:-1\" \/>\n<meta property=\"og:locale\" content=\"pt_PT\" \/>\n<meta property=\"og:type\" content=\"article\" \/>\n<meta property=\"og:title\" content=\"Saviola n\u00e3o gosta de compara\u00e7\u00f5es entre Mastantuono e Yamal - Portal Tela Portugal\" \/>\n<meta property=\"og:description\" content=\"O argentino Javier Saviola criticou as compara\u00e7\u00f5es entre Lamine Yamal e Franco Mastantuono. Afirmou que esse tipo de compara\u00e7\u00e3o prejudica Mastantuono, pois Yamal n\u00e3o precisou de um per\u00edodo de adapta\u00e7\u00e3o. Saviola disse ter trabalhado com Yamal nos escal\u00f5es de forma\u00e7\u00e3o do Barcelona e j\u00e1 ver a sua personalidade como fora do normal. Sobre Mastantuono, disse que o processo de adapta\u00e7\u00e3o \u00e9 diferente e s\u00f3 ap\u00f3s essa fase se poder\u00e1 entender a vers\u00e3o dele. Relembrou ainda que algu\u00e9m tentou compar\u00e1-lo a Yamal no in\u00edcio da carreira, o que o fez rir, uma vez que Yamal era um jogador muito completo em campo.\" \/>\n<meta property=\"og:url\" content=\"https:\/\/portaltela.pt\/noticias\/2026\/02\/25\/saviola-nao-gosta-de-comparacoes-entre-mastantuono-e-yamal\/\" \/>\n<meta property=\"og:site_name\" content=\"Portal Tela Portugal\" \/>\n<meta property=\"article:published_time\" content=\"2026-02-25T20:11:00+00:00\" \/>\n<meta name=\"author\" content=\"Telinha\" \/>\n<meta name=\"twitter:card\" content=\"summary_large_image\" \/>\n<meta name=\"twitter:label1\" content=\"Escrito por\" \/>\n\t<meta name=\"twitter:data1\" content=\"Telinha\" \/>\n\t<meta name=\"twitter:label2\" content=\"Tempo estimado de leitura\" \/>\n\t<meta name=\"twitter:data2\" content=\"1 minuto\" \/>\n<script type=\"application\/ld+json\" class=\"yoast-schema-graph\">{\"@context\":\"https:\/\/schema.org\",\"@graph\":[{\"@type\":\"Article\",\"@id\":\"https:\/\/portaltela.pt\/noticias\/2026\/02\/25\/saviola-nao-gosta-de-comparacoes-entre-mastantuono-e-yamal\/#article\",\"isPartOf\":{\"@id\":\"https:\/\/portaltela.pt\/noticias\/2026\/02\/25\/saviola-nao-gosta-de-comparacoes-entre-mastantuono-e-yamal\/\"},\"author\":{\"name\":\"Telinha\",\"@id\":\"https:\/\/portaltela.pt\/#\/schema\/person\/c4278d4a6028830caff9ee44b42d32ed\"},\"headline\":\"Saviola n\u00e3o gosta de compara\u00e7\u00f5es entre Mastantuono e Yamal\",\"datePublished\":\"2026-02-25T20:11:00+00:00\",\"mainEntityOfPage\":{\"@id\":\"https:\/\/portaltela.pt\/noticias\/2026\/02\/25\/saviola-nao-gosta-de-comparacoes-entre-mastantuono-e-yamal\/\"},\"wordCount\":189,\"image\":{\"@id\":\"https:\/\/portaltela.pt\/noticias\/2026\/02\/25\/saviola-nao-gosta-de-comparacoes-entre-mastantuono-e-yamal\/#primaryimage\"},\"thumbnailUrl\":\"https:\/\/portaltela.pt\/s.01k8rhncp4jt1\/2026\/02\/img_920x518uu2026-02-25-20-10-45-2423676.jpg\",\"keywords\":[\"desporto\",\"desporto internacional\",\"futebol\",\"futebol internacional\",\"jovens\",\"Lamine Yamal\"],\"articleSection\":[\"Desporto\",\"Futebol\"],\"inLanguage\":\"pt-PT\"},{\"@type\":\"WebPage\",\"@id\":\"https:\/\/portaltela.pt\/noticias\/2026\/02\/25\/saviola-nao-gosta-de-comparacoes-entre-mastantuono-e-yamal\/\",\"url\":\"https:\/\/portaltela.pt\/noticias\/2026\/02\/25\/saviola-nao-gosta-de-comparacoes-entre-mastantuono-e-yamal\/\",\"name\":\"Saviola n\u00e3o gosta de compara\u00e7\u00f5es entre Mastantuono e Yamal - Portal Tela Portugal\",\"isPartOf\":{\"@id\":\"https:\/\/portaltela.pt\/#website\"},\"primaryImageOfPage\":{\"@id\":\"https:\/\/portaltela.pt\/noticias\/2026\/02\/25\/saviola-nao-gosta-de-comparacoes-entre-mastantuono-e-yamal\/#primaryimage\"},\"image\":{\"@id\":\"https:\/\/portaltela.pt\/noticias\/2026\/02\/25\/saviola-nao-gosta-de-comparacoes-entre-mastantuono-e-yamal\/#primaryimage\"},\"thumbnailUrl\":\"https:\/\/portaltela.pt\/s.01k8rhncp4jt1\/2026\/02\/img_920x518uu2026-02-25-20-10-45-2423676.jpg\",\"datePublished\":\"2026-02-25T20:11:00+00:00\",\"author\":{\"@id\":\"https:\/\/portaltela.pt\/#\/schema\/person\/c4278d4a6028830caff9ee44b42d32ed\"},\"breadcrumb\":{\"@id\":\"https:\/\/portaltela.pt\/noticias\/2026\/02\/25\/saviola-nao-gosta-de-comparacoes-entre-mastantuono-e-yamal\/#breadcrumb\"},\"inLanguage\":\"pt-PT\",\"potentialAction\":[{\"@type\":\"ReadAction\",\"target\":[\"https:\/\/portaltela.pt\/noticias\/2026\/02\/25\/saviola-nao-gosta-de-comparacoes-entre-mastantuono-e-yamal\/\"]}]},{\"@type\":\"ImageObject\",\"inLanguage\":\"pt-PT\",\"@id\":\"https:\/\/portaltela.pt\/noticias\/2026\/02\/25\/saviola-nao-gosta-de-comparacoes-entre-mastantuono-e-yamal\/#primaryimage\",\"url\":\"https:\/\/portaltela.pt\/s.01k8rhncp4jt1\/2026\/02\/img_920x518uu2026-02-25-20-10-45-2423676.jpg\",\"contentUrl\":\"https:\/\/portaltela.pt\/s.01k8rhncp4jt1\/2026\/02\/img_920x518uu2026-02-25-20-10-45-2423676.jpg\",\"width\":796,\"height\":448,\"caption\":\"Mastantuono em destaque\"},{\"@type\":\"BreadcrumbList\",\"@id\":\"https:\/\/portaltela.pt\/noticias\/2026\/02\/25\/saviola-nao-gosta-de-comparacoes-entre-mastantuono-e-yamal\/#breadcrumb\",\"itemListElement\":[{\"@type\":\"ListItem\",\"position\":1,\"name\":\"In\u00edcio\",\"item\":\"https:\/\/portaltela.pt\/\"},{\"@type\":\"ListItem\",\"position\":2,\"name\":\"Saviola n\u00e3o gosta de compara\u00e7\u00f5es entre Mastantuono e Yamal\"}]},{\"@type\":\"WebSite\",\"@id\":\"https:\/\/portaltela.pt\/#website\",\"url\":\"https:\/\/portaltela.pt\/\",\"name\":\"Portal Tela Portugal\",\"description\":\"\",\"potentialAction\":[{\"@type\":\"SearchAction\",\"target\":{\"@type\":\"EntryPoint\",\"urlTemplate\":\"https:\/\/portaltela.pt\/?s={search_term_string}\"},\"query-input\":{\"@type\":\"PropertyValueSpecification\",\"valueRequired\":true,\"valueName\":\"search_term_string\"}}],\"inLanguage\":\"pt-PT\"},{\"@type\":\"Person\",\"@id\":\"https:\/\/portaltela.pt\/#\/schema\/person\/c4278d4a6028830caff9ee44b42d32ed\",\"name\":\"Telinha\",\"image\":{\"@type\":\"ImageObject\",\"inLanguage\":\"pt-PT\",\"@id\":\"https:\/\/portaltela.pt\/s.01k8rhncp4jt1\/2025\/11\/talking-bot-125x125.png\",\"url\":\"https:\/\/portaltela.pt\/s.01k8rhncp4jt1\/2025\/11\/talking-bot-125x125.png\",\"contentUrl\":\"https:\/\/portaltela.pt\/s.01k8rhncp4jt1\/2025\/11\/talking-bot-125x125.png\",\"caption\":\"Telinha\"},\"sameAs\":[\"https:\/\/portaltela.pt\/\"],\"url\":\"https:\/\/portaltela.pt\/por\/367410592786\/\"}]}<\/script>\n<!-- \/ Yoast SEO plugin. -->","yoast_head_json":{"title":"Saviola n\u00e3o gosta de compara\u00e7\u00f5es entre Mastantuono e Yamal - Portal Tela Portugal","robots":{"index":"index","follow":"follow","max-snippet":"max-snippet:-1","max-image-preview":"max-image-preview:large","max-video-preview":"max-video-preview:-1"},"og_locale":"pt_PT","og_type":"article","og_title":"Saviola n\u00e3o gosta de compara\u00e7\u00f5es entre Mastantuono e Yamal - Portal Tela Portugal","og_description":"O argentino Javier Saviola criticou as compara\u00e7\u00f5es entre Lamine Yamal e Franco Mastantuono. Afirmou que esse tipo de compara\u00e7\u00e3o prejudica Mastantuono, pois Yamal n\u00e3o precisou de um per\u00edodo de adapta\u00e7\u00e3o. Saviola disse ter trabalhado com Yamal nos escal\u00f5es de forma\u00e7\u00e3o do Barcelona e j\u00e1 ver a sua personalidade como fora do normal. Sobre Mastantuono, disse que o processo de adapta\u00e7\u00e3o \u00e9 diferente e s\u00f3 ap\u00f3s essa fase se poder\u00e1 entender a vers\u00e3o dele. Relembrou ainda que algu\u00e9m tentou compar\u00e1-lo a Yamal no in\u00edcio da carreira, o que o fez rir, uma vez que Yamal era um jogador muito completo em campo.","og_url":"https:\/\/portaltela.pt\/noticias\/2026\/02\/25\/saviola-nao-gosta-de-comparacoes-entre-mastantuono-e-yamal\/","og_site_name":"Portal Tela Portugal","article_published_time":"2026-02-25T20:11:00+00:00","author":"Telinha","twitter_card":"summary_large_image","twitter_misc":{"Escrito por":"Telinha","Tempo estimado de leitura":"1 minuto"},"schema":{"@context":"https:\/\/schema.org","@graph":[{"@type":"Article","@id":"https:\/\/portaltela.pt\/noticias\/2026\/02\/25\/saviola-nao-gosta-de-comparacoes-entre-mastantuono-e-yamal\/#article","isPartOf":{"@id":"https:\/\/portaltela.pt\/noticias\/2026\/02\/25\/saviola-nao-gosta-de-comparacoes-entre-mastantuono-e-yamal\/"},"author":{"name":"Telinha","@id":"https:\/\/portaltela.pt\/#\/schema\/person\/c4278d4a6028830caff9ee44b42d32ed"},"headline":"Saviola n\u00e3o gosta de compara\u00e7\u00f5es entre Mastantuono e Yamal","datePublished":"2026-02-25T20:11:00+00:00","mainEntityOfPage":{"@id":"https:\/\/portaltela.pt\/noticias\/2026\/02\/25\/saviola-nao-gosta-de-comparacoes-entre-mastantuono-e-yamal\/"},"wordCount":189,"image":{"@id":"https:\/\/portaltela.pt\/noticias\/2026\/02\/25\/saviola-nao-gosta-de-comparacoes-entre-mastantuono-e-yamal\/#primaryimage"},"thumbnailUrl":"https:\/\/portaltela.pt\/s.01k8rhncp4jt1\/2026\/02\/img_920x518uu2026-02-25-20-10-45-2423676.jpg","keywords":["desporto","desporto internacional","futebol","futebol internacional","jovens","Lamine Yamal"],"articleSection":["Desporto","Futebol"],"inLanguage":"pt-PT"},{"@type":"WebPage","@id":"https:\/\/portaltela.pt\/noticias\/2026\/02\/25\/saviola-nao-gosta-de-comparacoes-entre-mastantuono-e-yamal\/","url":"https:\/\/portaltela.pt\/noticias\/2026\/02\/25\/saviola-nao-gosta-de-comparacoes-entre-mastantuono-e-yamal\/","name":"Saviola n\u00e3o gosta de compara\u00e7\u00f5es entre Mastantuono e Yamal - Portal Tela Portugal","isPartOf":{"@id":"https:\/\/portaltela.pt\/#website"},"primaryImageOfPage":{"@id":"https:\/\/portaltela.pt\/noticias\/2026\/02\/25\/saviola-nao-gosta-de-comparacoes-entre-mastantuono-e-yamal\/#primaryimage"},"image":{"@id":"https:\/\/portaltela.pt\/noticias\/2026\/02\/25\/saviola-nao-gosta-de-comparacoes-entre-mastantuono-e-yamal\/#primaryimage"},"thumbnailUrl":"https:\/\/portaltela.pt\/s.01k8rhncp4jt1\/2026\/02\/img_920x518uu2026-02-25-20-10-45-2423676.jpg","datePublished":"2026-02-25T20:11:00+00:00","author":{"@id":"https:\/\/portaltela.pt\/#\/schema\/person\/c4278d4a6028830caff9ee44b42d32ed"},"breadcrumb":{"@id":"https:\/\/portaltela.pt\/noticias\/2026\/02\/25\/saviola-nao-gosta-de-comparacoes-entre-mastantuono-e-yamal\/#breadcrumb"},"inLanguage":"pt-PT","potentialAction":[{"@type":"ReadAction","target":["https:\/\/portaltela.pt\/noticias\/2026\/02\/25\/saviola-nao-gosta-de-comparacoes-entre-mastantuono-e-yamal\/"]}]},{"@type":"ImageObject","inLanguage":"pt-PT","@id":"https:\/\/portaltela.pt\/noticias\/2026\/02\/25\/saviola-nao-gosta-de-comparacoes-entre-mastantuono-e-yamal\/#primaryimage","url":"https:\/\/portaltela.pt\/s.01k8rhncp4jt1\/2026\/02\/img_920x518uu2026-02-25-20-10-45-2423676.jpg","contentUrl":"https:\/\/portaltela.pt\/s.01k8rhncp4jt1\/2026\/02\/img_920x518uu2026-02-25-20-10-45-2423676.jpg","width":796,"height":448,"caption":"Mastantuono em destaque"},{"@type":"BreadcrumbList","@id":"https:\/\/portaltela.pt\/noticias\/2026\/02\/25\/saviola-nao-gosta-de-comparacoes-entre-mastantuono-e-yamal\/#breadcrumb","itemListElement":[{"@type":"ListItem","position":1,"name":"In\u00edcio","item":"https:\/\/portaltela.pt\/"},{"@type":"ListItem","position":2,"name":"Saviola n\u00e3o gosta de compara\u00e7\u00f5es entre Mastantuono e Yamal"}]},{"@type":"WebSite","@id":"https:\/\/portaltela.pt\/#website","url":"https:\/\/portaltela.pt\/","name":"Portal Tela Portugal","description":"","potentialAction":[{"@type":"SearchAction","target":{"@type":"EntryPoint","urlTemplate":"https:\/\/portaltela.pt\/?s={search_term_string}"},"query-input":{"@type":"PropertyValueSpecification","valueRequired":true,"valueName":"search_term_string"}}],"inLanguage":"pt-PT"},{"@type":"Person","@id":"https:\/\/portaltela.pt\/#\/schema\/person\/c4278d4a6028830caff9ee44b42d32ed","name":"Telinha","image":{"@type":"ImageObject","inLanguage":"pt-PT","@id":"https:\/\/portaltela.pt\/s.01k8rhncp4jt1\/2025\/11\/talking-bot-125x125.png","url":"https:\/\/portaltela.pt\/s.01k8rhncp4jt1\/2025\/11\/talking-bot-125x125.png","contentUrl":"https:\/\/portaltela.pt\/s.01k8rhncp4jt1\/2025\/11\/talking-bot-125x125.png","caption":"Telinha"},"sameAs":["https:\/\/portaltela.pt\/"],"url":"https:\/\/portaltela.pt\/por\/367410592786\/"}]}},"_links":{"self":[{"href":"https:\/\/portaltela.pt\/api\/wp\/v2\/posts\/388134","targetHints":{"allow":["GET"]}}],"collection":[{"href":"https:\/\/portaltela.pt\/api\/wp\/v2\/posts"}],"about":[{"href":"https:\/\/portaltela.pt\/api\/wp\/v2\/types\/post"}],"author":[{"embeddable":true,"href":"https:\/\/portaltela.pt\/api\/wp\/v2\/users\/2"}],"replies":[{"embeddable":true,"href":"https:\/\/portaltela.pt\/api\/wp\/v2\/comments?post=388134"}],"version-history":[{"count":0,"href":"https:\/\/portaltela.pt\/api\/wp\/v2\/posts\/388134\/revisions"}],"wp:featuredmedia":[{"embeddable":true,"href":"https:\/\/portaltela.pt\/api\/wp\/v2\/media\/388144"}],"wp:attachment":[{"href":"https:\/\/portaltela.pt\/api\/wp\/v2\/media?parent=388134"}],"wp:term":[{"taxonomy":"category","embeddable":true,"href":"https:\/\/portaltela.pt\/api\/wp\/v2\/categories?post=388134"},{"taxonomy":"post_tag","embeddable":true,"href":"https:\/\/portaltela.pt\/api\/wp\/v2\/tags?post=388134"}],"curies":[{"name":"wp","href":"https:\/\/api.w.org\/{rel}","templated":true}]}}