{"id":388129,"date":"2026-02-25T17:14:00","date_gmt":"2026-02-25T20:14:00","guid":{"rendered":"https:\/\/portaltela.pt\/noticias\/2026\/02\/25\/chega-propoe-isentar-zonas-afetadas-pelo-mau-tempo-de-imi\/"},"modified":"2026-02-25T17:14:00","modified_gmt":"2026-02-25T20:14:00","slug":"chega-propoe-isentar-zonas-afetadas-pelo-mau-tempo-de-imi","status":"publish","type":"post","link":"https:\/\/portaltela.pt\/noticias\/politica\/2026\/02\/25\/chega-propoe-isentar-zonas-afetadas-pelo-mau-tempo-de-imi\/","title":{"rendered":"Chega prop\u00f5e isentar zonas afetadas pelo mau tempo de IMI"},"content":{"rendered":"<p>O Chega apresentou uma proposta para isentar do IMI as zonas afetadas pelo mau tempo, numa tentativa de respostas fiscais mais r\u00e1pidas a comunidades atingidas.<\/p>\n<p>A iniciativa envolve uma poss\u00edvel exce\u00e7\u00e3o tempor\u00e1ria ou geogr\u00e1fica, ainda por detalhar pelo partido. A not\u00edcia n\u00e3o fornece pormenores sobre prazos ou regi\u00f5es.<\/p>\n<p>O conte\u00fado completo est\u00e1 dispon\u00edvel apenas para subscritores.<\/p>\n","protected":false},"excerpt":{"rendered":"<ul>\n<li>O Chega defende isentar de Imposto Municipal sobre Im\u00f3veis (IMI) as zonas afetadas pelo mau tempo.<\/li>\n<li>A proposta visa aliviar o fardo fiscal nesses locais atingidos por condi\u00e7\u00f5es meteorol\u00f3gicas adversas.<\/li>\n<li>O conte\u00fado completo da not\u00edcia permanece dispon\u00edvel apenas para subscritores.<\/li>\n<li>N\u00e3o h\u00e1 informa\u00e7\u00f5es adicionais verific\u00e1veis dispon\u00edveis no p\u00fablico.<\/li>\n<\/ul>\n","protected":false},"author":2,"featured_media":388138,"comment_status":"closed","ping_status":"closed","sticky":false,"template":"","format":"standard","meta":{"footnotes":""},"categories":[1,5],"tags":[6115,2142,1208,3613,2832],"class_list":["post-388129","post","type-post","status-publish","format-standard","has-post-thumbnail","hentry","category-noticias","category-politica","tag-_economia","tag-chega","tag-imi","tag-impostos","tag-politica"],"yoast_head":"<!-- This site is optimized with the Yoast SEO plugin v27.2 - https:\/\/yoast.com\/product\/yoast-seo-wordpress\/ -->\n<title>Chega prop\u00f5e isentar zonas afetadas pelo mau tempo de IMI - Portal Tela Portugal<\/title>\n<meta name=\"robots\" content=\"index, follow, max-snippet:-1, max-image-preview:large, max-video-preview:-1\" \/>\n<meta property=\"og:locale\" content=\"pt_PT\" \/>\n<meta property=\"og:type\" content=\"article\" \/>\n<meta property=\"og:title\" content=\"Chega prop\u00f5e isentar zonas afetadas pelo mau tempo de IMI - Portal Tela Portugal\" \/>\n<meta property=\"og:description\" content=\"O Chega defende isentar de Imposto Municipal sobre Im\u00f3veis (IMI) as zonas afetadas pelo mau tempo. A proposta visa aliviar o fardo fiscal nesses locais atingidos por condi\u00e7\u00f5es meteorol\u00f3gicas adversas. O conte\u00fado completo da not\u00edcia permanece dispon\u00edvel apenas para subscritores. N\u00e3o h\u00e1 informa\u00e7\u00f5es adicionais verific\u00e1veis dispon\u00edveis no p\u00fablico.\" \/>\n<meta property=\"og:url\" content=\"https:\/\/portaltela.pt\/noticias\/2026\/02\/25\/chega-propoe-isentar-zonas-afetadas-pelo-mau-tempo-de-imi\/\" \/>\n<meta property=\"og:site_name\" content=\"Portal Tela Portugal\" \/>\n<meta property=\"article:published_time\" content=\"2026-02-25T20:14:00+00:00\" \/>\n<meta name=\"author\" content=\"Telinha\" \/>\n<meta name=\"twitter:card\" content=\"summary_large_image\" \/>\n<meta name=\"twitter:label1\" content=\"Escrito por\" \/>\n\t<meta name=\"twitter:data1\" content=\"Telinha\" \/>\n<script type=\"application\/ld+json\" class=\"yoast-schema-graph\">{\"@context\":\"https:\/\/schema.org\",\"@graph\":[{\"@type\":\"Article\",\"@id\":\"https:\/\/portaltela.pt\/noticias\/2026\/02\/25\/chega-propoe-isentar-zonas-afetadas-pelo-mau-tempo-de-imi\/#article\",\"isPartOf\":{\"@id\":\"https:\/\/portaltela.pt\/noticias\/2026\/02\/25\/chega-propoe-isentar-zonas-afetadas-pelo-mau-tempo-de-imi\/\"},\"author\":{\"name\":\"Telinha\",\"@id\":\"https:\/\/portaltela.pt\/#\/schema\/person\/c4278d4a6028830caff9ee44b42d32ed\"},\"headline\":\"Chega prop\u00f5e isentar zonas afetadas pelo mau tempo de IMI\",\"datePublished\":\"2026-02-25T20:14:00+00:00\",\"mainEntityOfPage\":{\"@id\":\"https:\/\/portaltela.pt\/noticias\/2026\/02\/25\/chega-propoe-isentar-zonas-afetadas-pelo-mau-tempo-de-imi\/\"},\"wordCount\":77,\"image\":{\"@id\":\"https:\/\/portaltela.pt\/noticias\/2026\/02\/25\/chega-propoe-isentar-zonas-afetadas-pelo-mau-tempo-de-imi\/#primaryimage\"},\"thumbnailUrl\":\"https:\/\/portaltela.pt\/s.01k8rhncp4jt1\/2026\/02\/CACHE_780X1200_ANALOG_WATERMARKED_46640624_4279250_25022026074946.jpg\",\"keywords\":[\"_economia\",\"CHEGA\",\"IMI\",\"impostos\",\"pol\u00edtica\"],\"articleSection\":[\"Not\u00edcias\",\"Pol\u00edtica\"],\"inLanguage\":\"pt-PT\"},{\"@type\":\"WebPage\",\"@id\":\"https:\/\/portaltela.pt\/noticias\/2026\/02\/25\/chega-propoe-isentar-zonas-afetadas-pelo-mau-tempo-de-imi\/\",\"url\":\"https:\/\/portaltela.pt\/noticias\/2026\/02\/25\/chega-propoe-isentar-zonas-afetadas-pelo-mau-tempo-de-imi\/\",\"name\":\"Chega prop\u00f5e isentar zonas afetadas pelo mau tempo de IMI - Portal Tela Portugal\",\"isPartOf\":{\"@id\":\"https:\/\/portaltela.pt\/#website\"},\"primaryImageOfPage\":{\"@id\":\"https:\/\/portaltela.pt\/noticias\/2026\/02\/25\/chega-propoe-isentar-zonas-afetadas-pelo-mau-tempo-de-imi\/#primaryimage\"},\"image\":{\"@id\":\"https:\/\/portaltela.pt\/noticias\/2026\/02\/25\/chega-propoe-isentar-zonas-afetadas-pelo-mau-tempo-de-imi\/#primaryimage\"},\"thumbnailUrl\":\"https:\/\/portaltela.pt\/s.01k8rhncp4jt1\/2026\/02\/CACHE_780X1200_ANALOG_WATERMARKED_46640624_4279250_25022026074946.jpg\",\"datePublished\":\"2026-02-25T20:14:00+00:00\",\"author\":{\"@id\":\"https:\/\/portaltela.pt\/#\/schema\/person\/c4278d4a6028830caff9ee44b42d32ed\"},\"breadcrumb\":{\"@id\":\"https:\/\/portaltela.pt\/noticias\/2026\/02\/25\/chega-propoe-isentar-zonas-afetadas-pelo-mau-tempo-de-imi\/#breadcrumb\"},\"inLanguage\":\"pt-PT\",\"potentialAction\":[{\"@type\":\"ReadAction\",\"target\":[\"https:\/\/portaltela.pt\/noticias\/2026\/02\/25\/chega-propoe-isentar-zonas-afetadas-pelo-mau-tempo-de-imi\/\"]}]},{\"@type\":\"ImageObject\",\"inLanguage\":\"pt-PT\",\"@id\":\"https:\/\/portaltela.pt\/noticias\/2026\/02\/25\/chega-propoe-isentar-zonas-afetadas-pelo-mau-tempo-de-imi\/#primaryimage\",\"url\":\"https:\/\/portaltela.pt\/s.01k8rhncp4jt1\/2026\/02\/CACHE_780X1200_ANALOG_WATERMARKED_46640624_4279250_25022026074946.jpg\",\"contentUrl\":\"https:\/\/portaltela.pt\/s.01k8rhncp4jt1\/2026\/02\/CACHE_780X1200_ANALOG_WATERMARKED_46640624_4279250_25022026074946.jpg\",\"width\":796,\"height\":448,\"caption\":\"Chega quer zonas afetadas pelo mau tempo isentas de IMI\"},{\"@type\":\"BreadcrumbList\",\"@id\":\"https:\/\/portaltela.pt\/noticias\/2026\/02\/25\/chega-propoe-isentar-zonas-afetadas-pelo-mau-tempo-de-imi\/#breadcrumb\",\"itemListElement\":[{\"@type\":\"ListItem\",\"position\":1,\"name\":\"In\u00edcio\",\"item\":\"https:\/\/portaltela.pt\/\"},{\"@type\":\"ListItem\",\"position\":2,\"name\":\"Chega prop\u00f5e isentar zonas afetadas pelo mau tempo de IMI\"}]},{\"@type\":\"WebSite\",\"@id\":\"https:\/\/portaltela.pt\/#website\",\"url\":\"https:\/\/portaltela.pt\/\",\"name\":\"Portal Tela Portugal\",\"description\":\"\",\"potentialAction\":[{\"@type\":\"SearchAction\",\"target\":{\"@type\":\"EntryPoint\",\"urlTemplate\":\"https:\/\/portaltela.pt\/?s={search_term_string}\"},\"query-input\":{\"@type\":\"PropertyValueSpecification\",\"valueRequired\":true,\"valueName\":\"search_term_string\"}}],\"inLanguage\":\"pt-PT\"},{\"@type\":\"Person\",\"@id\":\"https:\/\/portaltela.pt\/#\/schema\/person\/c4278d4a6028830caff9ee44b42d32ed\",\"name\":\"Telinha\",\"image\":{\"@type\":\"ImageObject\",\"inLanguage\":\"pt-PT\",\"@id\":\"https:\/\/portaltela.pt\/s.01k8rhncp4jt1\/2025\/11\/talking-bot-125x125.png\",\"url\":\"https:\/\/portaltela.pt\/s.01k8rhncp4jt1\/2025\/11\/talking-bot-125x125.png\",\"contentUrl\":\"https:\/\/portaltela.pt\/s.01k8rhncp4jt1\/2025\/11\/talking-bot-125x125.png\",\"caption\":\"Telinha\"},\"sameAs\":[\"https:\/\/portaltela.pt\/\"],\"url\":\"https:\/\/portaltela.pt\/por\/367410592786\/\"}]}<\/script>\n<!-- \/ Yoast SEO plugin. -->","yoast_head_json":{"title":"Chega prop\u00f5e isentar zonas afetadas pelo mau tempo de IMI - Portal Tela Portugal","robots":{"index":"index","follow":"follow","max-snippet":"max-snippet:-1","max-image-preview":"max-image-preview:large","max-video-preview":"max-video-preview:-1"},"og_locale":"pt_PT","og_type":"article","og_title":"Chega prop\u00f5e isentar zonas afetadas pelo mau tempo de IMI - Portal Tela Portugal","og_description":"O Chega defende isentar de Imposto Municipal sobre Im\u00f3veis (IMI) as zonas afetadas pelo mau tempo. A proposta visa aliviar o fardo fiscal nesses locais atingidos por condi\u00e7\u00f5es meteorol\u00f3gicas adversas. O conte\u00fado completo da not\u00edcia permanece dispon\u00edvel apenas para subscritores. N\u00e3o h\u00e1 informa\u00e7\u00f5es adicionais verific\u00e1veis dispon\u00edveis no p\u00fablico.","og_url":"https:\/\/portaltela.pt\/noticias\/2026\/02\/25\/chega-propoe-isentar-zonas-afetadas-pelo-mau-tempo-de-imi\/","og_site_name":"Portal Tela Portugal","article_published_time":"2026-02-25T20:14:00+00:00","author":"Telinha","twitter_card":"summary_large_image","twitter_misc":{"Escrito por":"Telinha"},"schema":{"@context":"https:\/\/schema.org","@graph":[{"@type":"Article","@id":"https:\/\/portaltela.pt\/noticias\/2026\/02\/25\/chega-propoe-isentar-zonas-afetadas-pelo-mau-tempo-de-imi\/#article","isPartOf":{"@id":"https:\/\/portaltela.pt\/noticias\/2026\/02\/25\/chega-propoe-isentar-zonas-afetadas-pelo-mau-tempo-de-imi\/"},"author":{"name":"Telinha","@id":"https:\/\/portaltela.pt\/#\/schema\/person\/c4278d4a6028830caff9ee44b42d32ed"},"headline":"Chega prop\u00f5e isentar zonas afetadas pelo mau tempo de IMI","datePublished":"2026-02-25T20:14:00+00:00","mainEntityOfPage":{"@id":"https:\/\/portaltela.pt\/noticias\/2026\/02\/25\/chega-propoe-isentar-zonas-afetadas-pelo-mau-tempo-de-imi\/"},"wordCount":77,"image":{"@id":"https:\/\/portaltela.pt\/noticias\/2026\/02\/25\/chega-propoe-isentar-zonas-afetadas-pelo-mau-tempo-de-imi\/#primaryimage"},"thumbnailUrl":"https:\/\/portaltela.pt\/s.01k8rhncp4jt1\/2026\/02\/CACHE_780X1200_ANALOG_WATERMARKED_46640624_4279250_25022026074946.jpg","keywords":["_economia","CHEGA","IMI","impostos","pol\u00edtica"],"articleSection":["Not\u00edcias","Pol\u00edtica"],"inLanguage":"pt-PT"},{"@type":"WebPage","@id":"https:\/\/portaltela.pt\/noticias\/2026\/02\/25\/chega-propoe-isentar-zonas-afetadas-pelo-mau-tempo-de-imi\/","url":"https:\/\/portaltela.pt\/noticias\/2026\/02\/25\/chega-propoe-isentar-zonas-afetadas-pelo-mau-tempo-de-imi\/","name":"Chega prop\u00f5e isentar zonas afetadas pelo mau tempo de IMI - Portal Tela Portugal","isPartOf":{"@id":"https:\/\/portaltela.pt\/#website"},"primaryImageOfPage":{"@id":"https:\/\/portaltela.pt\/noticias\/2026\/02\/25\/chega-propoe-isentar-zonas-afetadas-pelo-mau-tempo-de-imi\/#primaryimage"},"image":{"@id":"https:\/\/portaltela.pt\/noticias\/2026\/02\/25\/chega-propoe-isentar-zonas-afetadas-pelo-mau-tempo-de-imi\/#primaryimage"},"thumbnailUrl":"https:\/\/portaltela.pt\/s.01k8rhncp4jt1\/2026\/02\/CACHE_780X1200_ANALOG_WATERMARKED_46640624_4279250_25022026074946.jpg","datePublished":"2026-02-25T20:14:00+00:00","author":{"@id":"https:\/\/portaltela.pt\/#\/schema\/person\/c4278d4a6028830caff9ee44b42d32ed"},"breadcrumb":{"@id":"https:\/\/portaltela.pt\/noticias\/2026\/02\/25\/chega-propoe-isentar-zonas-afetadas-pelo-mau-tempo-de-imi\/#breadcrumb"},"inLanguage":"pt-PT","potentialAction":[{"@type":"ReadAction","target":["https:\/\/portaltela.pt\/noticias\/2026\/02\/25\/chega-propoe-isentar-zonas-afetadas-pelo-mau-tempo-de-imi\/"]}]},{"@type":"ImageObject","inLanguage":"pt-PT","@id":"https:\/\/portaltela.pt\/noticias\/2026\/02\/25\/chega-propoe-isentar-zonas-afetadas-pelo-mau-tempo-de-imi\/#primaryimage","url":"https:\/\/portaltela.pt\/s.01k8rhncp4jt1\/2026\/02\/CACHE_780X1200_ANALOG_WATERMARKED_46640624_4279250_25022026074946.jpg","contentUrl":"https:\/\/portaltela.pt\/s.01k8rhncp4jt1\/2026\/02\/CACHE_780X1200_ANALOG_WATERMARKED_46640624_4279250_25022026074946.jpg","width":796,"height":448,"caption":"Chega quer zonas afetadas pelo mau tempo isentas de IMI"},{"@type":"BreadcrumbList","@id":"https:\/\/portaltela.pt\/noticias\/2026\/02\/25\/chega-propoe-isentar-zonas-afetadas-pelo-mau-tempo-de-imi\/#breadcrumb","itemListElement":[{"@type":"ListItem","position":1,"name":"In\u00edcio","item":"https:\/\/portaltela.pt\/"},{"@type":"ListItem","position":2,"name":"Chega prop\u00f5e isentar zonas afetadas pelo mau tempo de IMI"}]},{"@type":"WebSite","@id":"https:\/\/portaltela.pt\/#website","url":"https:\/\/portaltela.pt\/","name":"Portal Tela Portugal","description":"","potentialAction":[{"@type":"SearchAction","target":{"@type":"EntryPoint","urlTemplate":"https:\/\/portaltela.pt\/?s={search_term_string}"},"query-input":{"@type":"PropertyValueSpecification","valueRequired":true,"valueName":"search_term_string"}}],"inLanguage":"pt-PT"},{"@type":"Person","@id":"https:\/\/portaltela.pt\/#\/schema\/person\/c4278d4a6028830caff9ee44b42d32ed","name":"Telinha","image":{"@type":"ImageObject","inLanguage":"pt-PT","@id":"https:\/\/portaltela.pt\/s.01k8rhncp4jt1\/2025\/11\/talking-bot-125x125.png","url":"https:\/\/portaltela.pt\/s.01k8rhncp4jt1\/2025\/11\/talking-bot-125x125.png","contentUrl":"https:\/\/portaltela.pt\/s.01k8rhncp4jt1\/2025\/11\/talking-bot-125x125.png","caption":"Telinha"},"sameAs":["https:\/\/portaltela.pt\/"],"url":"https:\/\/portaltela.pt\/por\/367410592786\/"}]}},"_links":{"self":[{"href":"https:\/\/portaltela.pt\/api\/wp\/v2\/posts\/388129","targetHints":{"allow":["GET"]}}],"collection":[{"href":"https:\/\/portaltela.pt\/api\/wp\/v2\/posts"}],"about":[{"href":"https:\/\/portaltela.pt\/api\/wp\/v2\/types\/post"}],"author":[{"embeddable":true,"href":"https:\/\/portaltela.pt\/api\/wp\/v2\/users\/2"}],"replies":[{"embeddable":true,"href":"https:\/\/portaltela.pt\/api\/wp\/v2\/comments?post=388129"}],"version-history":[{"count":0,"href":"https:\/\/portaltela.pt\/api\/wp\/v2\/posts\/388129\/revisions"}],"wp:featuredmedia":[{"embeddable":true,"href":"https:\/\/portaltela.pt\/api\/wp\/v2\/media\/388138"}],"wp:attachment":[{"href":"https:\/\/portaltela.pt\/api\/wp\/v2\/media?parent=388129"}],"wp:term":[{"taxonomy":"category","embeddable":true,"href":"https:\/\/portaltela.pt\/api\/wp\/v2\/categories?post=388129"},{"taxonomy":"post_tag","embeddable":true,"href":"https:\/\/portaltela.pt\/api\/wp\/v2\/tags?post=388129"}],"curies":[{"name":"wp","href":"https:\/\/api.w.org\/{rel}","templated":true}]}}