{"id":388118,"date":"2026-02-25T16:55:14","date_gmt":"2026-02-25T19:55:14","guid":{"rendered":"https:\/\/portaltela.pt\/noticias\/2026\/02\/25\/governo-aponta-solucao-tecnica-e-processual-para-descongestionar-o-vci\/"},"modified":"2026-02-25T16:55:14","modified_gmt":"2026-02-25T19:55:14","slug":"governo-aponta-solucao-tecnica-e-processual-para-descongestionar-o-vci","status":"publish","type":"post","link":"https:\/\/portaltela.pt\/noticias\/2026\/02\/25\/governo-aponta-solucao-tecnica-e-processual-para-descongestionar-o-vci\/","title":{"rendered":"Governo aponta solu\u00e7\u00e3o t\u00e9cnica e processual para descongestionar o VCI"},"content":{"rendered":"<p>O Governo revelou, nesta quarta-feira, que a solu\u00e7\u00e3o para descongestionar a Via de Cintura Interna (VCI) passa pela concretiza\u00e7\u00e3o t\u00e9cnica e processual. A medida surge na sequ\u00eancia da entrada em vigor da isen\u00e7\u00e3o de portagens para pesados na Circular Regional Exterior do Porto (CREP).<\/p>\n<p>Segundo uma resposta oficial do Minist\u00e9rio das Infraestruturas e Habita\u00e7\u00e3o, a fase atual envolve a articula\u00e7\u00e3o com v\u00e1rias entidades, entre as quais a ANSR, a GNR e a PSP, bem como com os munic\u00edpios do Porto e de Gaia, de forma a operacionalizar a luta contra a congest\u00e3o na VCI. A gest\u00e3o da medida est\u00e1 dependente de procedimentos t\u00e9cnicos e administrativos.<\/p>\n<p>A Lusa questionou o minist\u00e9rio sobre a solu\u00e7\u00e3o acordada com o Governo e com o presidente da C\u00e2mara do Porto para limitar a circula\u00e7\u00e3o de pesados na VCI em determinadas alturas, mas o foco dispon\u00edvel passa pela implementa\u00e7\u00e3o que se encontra em curso.<\/p>\n<p>A legisla\u00e7\u00e3o publicada em Di\u00e1rio da Rep\u00fablica clarificou a suspens\u00e3o de portagens para ve\u00edculos pesados nas vias CREP, A41, A19 e A8, incluindo uma retroatividade a janeiro. A isen\u00e7\u00e3o, aplic\u00e1vel a ve\u00edculos das classes 3 e 4, entrou em vigor na quarta-feira.<\/p>\n<p>Quem pagou portagens desde 1 de janeiro pode solicitar reembolso ao fornecedor do servi\u00e7o de portagem, conforme a lei. Os reembolsos dependem de pedido por parte dos utilizadores afetados. A gest\u00e3o financeira dos reembolsos e o custo total da medida permanecem sem n\u00fameros oficiais.<\/p>\n<p>Antes de entrar em vigor, o Governo j\u00e1 tinha sido questionado sobre o impacto or\u00e7amental da isen\u00e7\u00e3o total e n\u00e3o forneceu resposta imediata. Em novembro, o ministro estimou que uma isen\u00e7\u00e3o nas horas de ponta poderia custar cerca de 10 milh\u00f5es de euros ao OE2026.<\/p>\n<p>J\u00e1 no final do ano passado, o presidente da \u00c1rea Metropolitana do Porto e da C\u00e2mara do Porto revelou a inten\u00e7\u00e3o de propor a proibi\u00e7\u00e3o de passagem de pesados na VCI durante as horas de maior movimento, como complemento \u00e0 CREP\/A41. Em fevereiro, confirmou que o Governo aceitou a proposta.<\/p>\n","protected":false},"excerpt":{"rendered":"<ul>\n<li>O Governo disse que a solu\u00e7\u00e3o para descongestionar a Via de Cintura Interna (VCI) est\u00e1 em concretiza\u00e7\u00e3o t\u00e9cnica e processual, envolvendo a Autoridade Nacional de Seguran\u00e7a Rodovi\u00e1ria, a Guarda Nacional Republicana e a Pol\u00edcia de Seguran\u00e7a P\u00fablica, bem como os munic\u00edpios do Porto e Gaia.<\/li>\n<li>A medida acompanha a entrada em vigor da isen\u00e7\u00e3o de portagens para pesados na Circular Regional Exterior do Porto (CREP), clarificando que ficam abrangidos os ve\u00edculos das classes tr\u00eas e quatro do sistema de tarifas.<\/li>\n<li>Os reembolsos a quem pagou portagens desde 1 de janeiro ficam garantidos pelo fornecedor de servi\u00e7o de portagens, mediante solicita\u00e7\u00e3o.<\/li>\n<li>O presidente da C\u00e2mara do Porto, Pedro Duarte, revelou ter acordado com o Governo a proibi\u00e7\u00e3o de passagem de pesados na VCI em horas de ponta, como complemento \u00e0 CREP, proposta j\u00e1 aceite pelo Governo.<\/li>\n<li>Estima-se que a isen\u00e7\u00e3o possa ter impacto or\u00e7amental significativo, com refer\u00eancias a cerca de 10 milh\u00f5es de euros, embora o Governo n\u00e3o tenha confirmado o valor atual.<\/li>\n<\/ul>\n","protected":false},"author":2,"featured_media":388124,"comment_status":"closed","ping_status":"closed","sticky":false,"template":"","format":"standard","meta":{"footnotes":""},"categories":[1],"tags":[6007,1761,1615,1994,982,192],"class_list":["post-388118","post","type-post","status-publish","format-standard","has-post-thumbnail","hentry","category-noticias","tag-congestoes","tag-gaia","tag-infraestrutura","tag-portagens","tag-porto","tag-transporte"],"yoast_head":"<!-- This site is optimized with the Yoast SEO plugin v27.2 - https:\/\/yoast.com\/product\/yoast-seo-wordpress\/ -->\n<title>Governo aponta solu\u00e7\u00e3o t\u00e9cnica e processual para descongestionar o VCI - Portal Tela Portugal<\/title>\n<meta name=\"robots\" content=\"index, follow, max-snippet:-1, max-image-preview:large, max-video-preview:-1\" \/>\n<meta property=\"og:locale\" content=\"pt_PT\" \/>\n<meta property=\"og:type\" content=\"article\" \/>\n<meta property=\"og:title\" content=\"Governo aponta solu\u00e7\u00e3o t\u00e9cnica e processual para descongestionar o VCI - Portal Tela Portugal\" \/>\n<meta property=\"og:description\" content=\"O Governo disse que a solu\u00e7\u00e3o para descongestionar a Via de Cintura Interna (VCI) est\u00e1 em concretiza\u00e7\u00e3o t\u00e9cnica e processual, envolvendo a Autoridade Nacional de Seguran\u00e7a Rodovi\u00e1ria, a Guarda Nacional Republicana e a Pol\u00edcia de Seguran\u00e7a P\u00fablica, bem como os munic\u00edpios do Porto e Gaia. A medida acompanha a entrada em vigor da isen\u00e7\u00e3o de portagens para pesados na Circular Regional Exterior do Porto (CREP), clarificando que ficam abrangidos os ve\u00edculos das classes tr\u00eas e quatro do sistema de tarifas. Os reembolsos a quem pagou portagens desde 1 de janeiro ficam garantidos pelo fornecedor de servi\u00e7o de portagens, mediante solicita\u00e7\u00e3o. O presidente da C\u00e2mara do Porto, Pedro Duarte, revelou ter acordado com o Governo a proibi\u00e7\u00e3o de passagem de pesados na VCI em horas de ponta, como complemento \u00e0 CREP, proposta j\u00e1 aceite pelo Governo. Estima-se que a isen\u00e7\u00e3o possa ter impacto or\u00e7amental significativo, com refer\u00eancias a cerca de 10 milh\u00f5es de euros, embora o Governo n\u00e3o tenha confirmado o valor atual.\" \/>\n<meta property=\"og:url\" content=\"https:\/\/portaltela.pt\/noticias\/2026\/02\/25\/governo-aponta-solucao-tecnica-e-processual-para-descongestionar-o-vci\/\" \/>\n<meta property=\"og:site_name\" content=\"Portal Tela Portugal\" \/>\n<meta property=\"article:published_time\" content=\"2026-02-25T19:55:14+00:00\" \/>\n<meta name=\"author\" content=\"Telinha\" \/>\n<meta name=\"twitter:card\" content=\"summary_large_image\" \/>\n<meta name=\"twitter:label1\" content=\"Escrito por\" \/>\n\t<meta name=\"twitter:data1\" content=\"Telinha\" \/>\n\t<meta name=\"twitter:label2\" content=\"Tempo estimado de leitura\" \/>\n\t<meta name=\"twitter:data2\" content=\"2 minutos\" \/>\n<script type=\"application\/ld+json\" class=\"yoast-schema-graph\">{\"@context\":\"https:\/\/schema.org\",\"@graph\":[{\"@type\":\"Article\",\"@id\":\"https:\/\/portaltela.pt\/noticias\/2026\/02\/25\/governo-aponta-solucao-tecnica-e-processual-para-descongestionar-o-vci\/#article\",\"isPartOf\":{\"@id\":\"https:\/\/portaltela.pt\/noticias\/2026\/02\/25\/governo-aponta-solucao-tecnica-e-processual-para-descongestionar-o-vci\/\"},\"author\":{\"name\":\"Telinha\",\"@id\":\"https:\/\/portaltela.pt\/#\/schema\/person\/c4278d4a6028830caff9ee44b42d32ed\"},\"headline\":\"Governo aponta solu\u00e7\u00e3o t\u00e9cnica e processual para descongestionar o VCI\",\"datePublished\":\"2026-02-25T19:55:14+00:00\",\"mainEntityOfPage\":{\"@id\":\"https:\/\/portaltela.pt\/noticias\/2026\/02\/25\/governo-aponta-solucao-tecnica-e-processual-para-descongestionar-o-vci\/\"},\"wordCount\":375,\"image\":{\"@id\":\"https:\/\/portaltela.pt\/noticias\/2026\/02\/25\/governo-aponta-solucao-tecnica-e-processual-para-descongestionar-o-vci\/#primaryimage\"},\"thumbnailUrl\":\"https:\/\/portaltela.pt\/s.01k8rhncp4jt1\/2026\/02\/img_1500x1000uu2025-05-03-17-06-31-2206429.jpg\",\"keywords\":[\"congest\u00f5es\",\"Gaia\",\"infraestrutura\",\"portagens\",\"Porto\",\"transporte\"],\"articleSection\":[\"Not\u00edcias\"],\"inLanguage\":\"pt-PT\"},{\"@type\":\"WebPage\",\"@id\":\"https:\/\/portaltela.pt\/noticias\/2026\/02\/25\/governo-aponta-solucao-tecnica-e-processual-para-descongestionar-o-vci\/\",\"url\":\"https:\/\/portaltela.pt\/noticias\/2026\/02\/25\/governo-aponta-solucao-tecnica-e-processual-para-descongestionar-o-vci\/\",\"name\":\"Governo aponta solu\u00e7\u00e3o t\u00e9cnica e processual para descongestionar o VCI - Portal Tela Portugal\",\"isPartOf\":{\"@id\":\"https:\/\/portaltela.pt\/#website\"},\"primaryImageOfPage\":{\"@id\":\"https:\/\/portaltela.pt\/noticias\/2026\/02\/25\/governo-aponta-solucao-tecnica-e-processual-para-descongestionar-o-vci\/#primaryimage\"},\"image\":{\"@id\":\"https:\/\/portaltela.pt\/noticias\/2026\/02\/25\/governo-aponta-solucao-tecnica-e-processual-para-descongestionar-o-vci\/#primaryimage\"},\"thumbnailUrl\":\"https:\/\/portaltela.pt\/s.01k8rhncp4jt1\/2026\/02\/img_1500x1000uu2025-05-03-17-06-31-2206429.jpg\",\"datePublished\":\"2026-02-25T19:55:14+00:00\",\"author\":{\"@id\":\"https:\/\/portaltela.pt\/#\/schema\/person\/c4278d4a6028830caff9ee44b42d32ed\"},\"breadcrumb\":{\"@id\":\"https:\/\/portaltela.pt\/noticias\/2026\/02\/25\/governo-aponta-solucao-tecnica-e-processual-para-descongestionar-o-vci\/#breadcrumb\"},\"inLanguage\":\"pt-PT\",\"potentialAction\":[{\"@type\":\"ReadAction\",\"target\":[\"https:\/\/portaltela.pt\/noticias\/2026\/02\/25\/governo-aponta-solucao-tecnica-e-processual-para-descongestionar-o-vci\/\"]}]},{\"@type\":\"ImageObject\",\"inLanguage\":\"pt-PT\",\"@id\":\"https:\/\/portaltela.pt\/noticias\/2026\/02\/25\/governo-aponta-solucao-tecnica-e-processual-para-descongestionar-o-vci\/#primaryimage\",\"url\":\"https:\/\/portaltela.pt\/s.01k8rhncp4jt1\/2026\/02\/img_1500x1000uu2025-05-03-17-06-31-2206429.jpg\",\"contentUrl\":\"https:\/\/portaltela.pt\/s.01k8rhncp4jt1\/2026\/02\/img_1500x1000uu2025-05-03-17-06-31-2206429.jpg\",\"width\":1500,\"height\":1000,\"caption\":\"VCI no Porto\"},{\"@type\":\"BreadcrumbList\",\"@id\":\"https:\/\/portaltela.pt\/noticias\/2026\/02\/25\/governo-aponta-solucao-tecnica-e-processual-para-descongestionar-o-vci\/#breadcrumb\",\"itemListElement\":[{\"@type\":\"ListItem\",\"position\":1,\"name\":\"In\u00edcio\",\"item\":\"https:\/\/portaltela.pt\/\"},{\"@type\":\"ListItem\",\"position\":2,\"name\":\"Governo aponta solu\u00e7\u00e3o t\u00e9cnica e processual para descongestionar o VCI\"}]},{\"@type\":\"WebSite\",\"@id\":\"https:\/\/portaltela.pt\/#website\",\"url\":\"https:\/\/portaltela.pt\/\",\"name\":\"Portal Tela Portugal\",\"description\":\"\",\"potentialAction\":[{\"@type\":\"SearchAction\",\"target\":{\"@type\":\"EntryPoint\",\"urlTemplate\":\"https:\/\/portaltela.pt\/?s={search_term_string}\"},\"query-input\":{\"@type\":\"PropertyValueSpecification\",\"valueRequired\":true,\"valueName\":\"search_term_string\"}}],\"inLanguage\":\"pt-PT\"},{\"@type\":\"Person\",\"@id\":\"https:\/\/portaltela.pt\/#\/schema\/person\/c4278d4a6028830caff9ee44b42d32ed\",\"name\":\"Telinha\",\"image\":{\"@type\":\"ImageObject\",\"inLanguage\":\"pt-PT\",\"@id\":\"https:\/\/portaltela.pt\/s.01k8rhncp4jt1\/2025\/11\/talking-bot-125x125.png\",\"url\":\"https:\/\/portaltela.pt\/s.01k8rhncp4jt1\/2025\/11\/talking-bot-125x125.png\",\"contentUrl\":\"https:\/\/portaltela.pt\/s.01k8rhncp4jt1\/2025\/11\/talking-bot-125x125.png\",\"caption\":\"Telinha\"},\"sameAs\":[\"https:\/\/portaltela.pt\/\"],\"url\":\"https:\/\/portaltela.pt\/por\/367410592786\/\"}]}<\/script>\n<!-- \/ Yoast SEO plugin. -->","yoast_head_json":{"title":"Governo aponta solu\u00e7\u00e3o t\u00e9cnica e processual para descongestionar o VCI - Portal Tela Portugal","robots":{"index":"index","follow":"follow","max-snippet":"max-snippet:-1","max-image-preview":"max-image-preview:large","max-video-preview":"max-video-preview:-1"},"og_locale":"pt_PT","og_type":"article","og_title":"Governo aponta solu\u00e7\u00e3o t\u00e9cnica e processual para descongestionar o VCI - Portal Tela Portugal","og_description":"O Governo disse que a solu\u00e7\u00e3o para descongestionar a Via de Cintura Interna (VCI) est\u00e1 em concretiza\u00e7\u00e3o t\u00e9cnica e processual, envolvendo a Autoridade Nacional de Seguran\u00e7a Rodovi\u00e1ria, a Guarda Nacional Republicana e a Pol\u00edcia de Seguran\u00e7a P\u00fablica, bem como os munic\u00edpios do Porto e Gaia. A medida acompanha a entrada em vigor da isen\u00e7\u00e3o de portagens para pesados na Circular Regional Exterior do Porto (CREP), clarificando que ficam abrangidos os ve\u00edculos das classes tr\u00eas e quatro do sistema de tarifas. Os reembolsos a quem pagou portagens desde 1 de janeiro ficam garantidos pelo fornecedor de servi\u00e7o de portagens, mediante solicita\u00e7\u00e3o. O presidente da C\u00e2mara do Porto, Pedro Duarte, revelou ter acordado com o Governo a proibi\u00e7\u00e3o de passagem de pesados na VCI em horas de ponta, como complemento \u00e0 CREP, proposta j\u00e1 aceite pelo Governo. Estima-se que a isen\u00e7\u00e3o possa ter impacto or\u00e7amental significativo, com refer\u00eancias a cerca de 10 milh\u00f5es de euros, embora o Governo n\u00e3o tenha confirmado o valor atual.","og_url":"https:\/\/portaltela.pt\/noticias\/2026\/02\/25\/governo-aponta-solucao-tecnica-e-processual-para-descongestionar-o-vci\/","og_site_name":"Portal Tela Portugal","article_published_time":"2026-02-25T19:55:14+00:00","author":"Telinha","twitter_card":"summary_large_image","twitter_misc":{"Escrito por":"Telinha","Tempo estimado de leitura":"2 minutos"},"schema":{"@context":"https:\/\/schema.org","@graph":[{"@type":"Article","@id":"https:\/\/portaltela.pt\/noticias\/2026\/02\/25\/governo-aponta-solucao-tecnica-e-processual-para-descongestionar-o-vci\/#article","isPartOf":{"@id":"https:\/\/portaltela.pt\/noticias\/2026\/02\/25\/governo-aponta-solucao-tecnica-e-processual-para-descongestionar-o-vci\/"},"author":{"name":"Telinha","@id":"https:\/\/portaltela.pt\/#\/schema\/person\/c4278d4a6028830caff9ee44b42d32ed"},"headline":"Governo aponta solu\u00e7\u00e3o t\u00e9cnica e processual para descongestionar o VCI","datePublished":"2026-02-25T19:55:14+00:00","mainEntityOfPage":{"@id":"https:\/\/portaltela.pt\/noticias\/2026\/02\/25\/governo-aponta-solucao-tecnica-e-processual-para-descongestionar-o-vci\/"},"wordCount":375,"image":{"@id":"https:\/\/portaltela.pt\/noticias\/2026\/02\/25\/governo-aponta-solucao-tecnica-e-processual-para-descongestionar-o-vci\/#primaryimage"},"thumbnailUrl":"https:\/\/portaltela.pt\/s.01k8rhncp4jt1\/2026\/02\/img_1500x1000uu2025-05-03-17-06-31-2206429.jpg","keywords":["congest\u00f5es","Gaia","infraestrutura","portagens","Porto","transporte"],"articleSection":["Not\u00edcias"],"inLanguage":"pt-PT"},{"@type":"WebPage","@id":"https:\/\/portaltela.pt\/noticias\/2026\/02\/25\/governo-aponta-solucao-tecnica-e-processual-para-descongestionar-o-vci\/","url":"https:\/\/portaltela.pt\/noticias\/2026\/02\/25\/governo-aponta-solucao-tecnica-e-processual-para-descongestionar-o-vci\/","name":"Governo aponta solu\u00e7\u00e3o t\u00e9cnica e processual para descongestionar o VCI - Portal Tela Portugal","isPartOf":{"@id":"https:\/\/portaltela.pt\/#website"},"primaryImageOfPage":{"@id":"https:\/\/portaltela.pt\/noticias\/2026\/02\/25\/governo-aponta-solucao-tecnica-e-processual-para-descongestionar-o-vci\/#primaryimage"},"image":{"@id":"https:\/\/portaltela.pt\/noticias\/2026\/02\/25\/governo-aponta-solucao-tecnica-e-processual-para-descongestionar-o-vci\/#primaryimage"},"thumbnailUrl":"https:\/\/portaltela.pt\/s.01k8rhncp4jt1\/2026\/02\/img_1500x1000uu2025-05-03-17-06-31-2206429.jpg","datePublished":"2026-02-25T19:55:14+00:00","author":{"@id":"https:\/\/portaltela.pt\/#\/schema\/person\/c4278d4a6028830caff9ee44b42d32ed"},"breadcrumb":{"@id":"https:\/\/portaltela.pt\/noticias\/2026\/02\/25\/governo-aponta-solucao-tecnica-e-processual-para-descongestionar-o-vci\/#breadcrumb"},"inLanguage":"pt-PT","potentialAction":[{"@type":"ReadAction","target":["https:\/\/portaltela.pt\/noticias\/2026\/02\/25\/governo-aponta-solucao-tecnica-e-processual-para-descongestionar-o-vci\/"]}]},{"@type":"ImageObject","inLanguage":"pt-PT","@id":"https:\/\/portaltela.pt\/noticias\/2026\/02\/25\/governo-aponta-solucao-tecnica-e-processual-para-descongestionar-o-vci\/#primaryimage","url":"https:\/\/portaltela.pt\/s.01k8rhncp4jt1\/2026\/02\/img_1500x1000uu2025-05-03-17-06-31-2206429.jpg","contentUrl":"https:\/\/portaltela.pt\/s.01k8rhncp4jt1\/2026\/02\/img_1500x1000uu2025-05-03-17-06-31-2206429.jpg","width":1500,"height":1000,"caption":"VCI no Porto"},{"@type":"BreadcrumbList","@id":"https:\/\/portaltela.pt\/noticias\/2026\/02\/25\/governo-aponta-solucao-tecnica-e-processual-para-descongestionar-o-vci\/#breadcrumb","itemListElement":[{"@type":"ListItem","position":1,"name":"In\u00edcio","item":"https:\/\/portaltela.pt\/"},{"@type":"ListItem","position":2,"name":"Governo aponta solu\u00e7\u00e3o t\u00e9cnica e processual para descongestionar o VCI"}]},{"@type":"WebSite","@id":"https:\/\/portaltela.pt\/#website","url":"https:\/\/portaltela.pt\/","name":"Portal Tela Portugal","description":"","potentialAction":[{"@type":"SearchAction","target":{"@type":"EntryPoint","urlTemplate":"https:\/\/portaltela.pt\/?s={search_term_string}"},"query-input":{"@type":"PropertyValueSpecification","valueRequired":true,"valueName":"search_term_string"}}],"inLanguage":"pt-PT"},{"@type":"Person","@id":"https:\/\/portaltela.pt\/#\/schema\/person\/c4278d4a6028830caff9ee44b42d32ed","name":"Telinha","image":{"@type":"ImageObject","inLanguage":"pt-PT","@id":"https:\/\/portaltela.pt\/s.01k8rhncp4jt1\/2025\/11\/talking-bot-125x125.png","url":"https:\/\/portaltela.pt\/s.01k8rhncp4jt1\/2025\/11\/talking-bot-125x125.png","contentUrl":"https:\/\/portaltela.pt\/s.01k8rhncp4jt1\/2025\/11\/talking-bot-125x125.png","caption":"Telinha"},"sameAs":["https:\/\/portaltela.pt\/"],"url":"https:\/\/portaltela.pt\/por\/367410592786\/"}]}},"_links":{"self":[{"href":"https:\/\/portaltela.pt\/api\/wp\/v2\/posts\/388118","targetHints":{"allow":["GET"]}}],"collection":[{"href":"https:\/\/portaltela.pt\/api\/wp\/v2\/posts"}],"about":[{"href":"https:\/\/portaltela.pt\/api\/wp\/v2\/types\/post"}],"author":[{"embeddable":true,"href":"https:\/\/portaltela.pt\/api\/wp\/v2\/users\/2"}],"replies":[{"embeddable":true,"href":"https:\/\/portaltela.pt\/api\/wp\/v2\/comments?post=388118"}],"version-history":[{"count":0,"href":"https:\/\/portaltela.pt\/api\/wp\/v2\/posts\/388118\/revisions"}],"wp:featuredmedia":[{"embeddable":true,"href":"https:\/\/portaltela.pt\/api\/wp\/v2\/media\/388124"}],"wp:attachment":[{"href":"https:\/\/portaltela.pt\/api\/wp\/v2\/media?parent=388118"}],"wp:term":[{"taxonomy":"category","embeddable":true,"href":"https:\/\/portaltela.pt\/api\/wp\/v2\/categories?post=388118"},{"taxonomy":"post_tag","embeddable":true,"href":"https:\/\/portaltela.pt\/api\/wp\/v2\/tags?post=388118"}],"curies":[{"name":"wp","href":"https:\/\/api.w.org\/{rel}","templated":true}]}}