{"id":388091,"date":"2026-02-25T16:41:00","date_gmt":"2026-02-25T19:41:00","guid":{"rendered":"https:\/\/portaltela.pt\/noticias\/2026\/02\/25\/nuno-santos-descreve-recuperacao-dificil-de-lesao-grave\/"},"modified":"2026-02-25T16:41:00","modified_gmt":"2026-02-25T19:41:00","slug":"nuno-santos-descreve-recuperacao-dificil-de-lesao-grave","status":"publish","type":"post","link":"https:\/\/portaltela.pt\/desporto\/futebol\/2026\/02\/25\/nuno-santos-descreve-recuperacao-dificil-de-lesao-grave\/","title":{"rendered":"Nuno Santos descreve recupera\u00e7\u00e3o dif\u00edcil de les\u00e3o grave"},"content":{"rendered":"<p>Nuno Santos, jogador do Sporting, sofreu uma rotura total do tend\u00e3o rotuliano do joelho direito a 26 de outubro de 2024. A les\u00e3o afastou-o dos relvados por 15 meses, num caminho marcado por uma recupera\u00e7\u00e3o longa e por d\u00favidas sobre o regresso.<\/p>\n<p>O processo foi acompanhado pelo clube de Alvalade, com o atleta a voltar a pisar o relvado a 19 de novembro de 2025. A reintegra\u00e7\u00e3o ao grupo ocorreu apenas em 27 de janeiro, marcando um momento simb\u00f3lico para o esquerdino de 31 anos.<\/p>\n<p>No caminho de reconstru\u00e7\u00e3o, o regresso ganhou contornos expressivos quando Nuno voltou a competir a 5 de fevereiro, frente ao AVS SAD, permanecendo em campo 43 minutos. O departamento m\u00e9dico e a equipa t\u00e9cnica acompanharam de perto cada passo da recupera\u00e7\u00e3o.<\/p>\n<h3>Recupera\u00e7\u00e3o e retorno<\/h3>\n<p>O percurso foi descrito pela equipa m\u00e9dica e pelo fisioterapeuta como exigente e devastador ao in\u00edcio, com o atleta a superar momentos de menor \u00e2nimo. O m\u00e9dico destacou que a les\u00e3o \u00e9 uma das mais graves enfrentadas por um jogador, mas reconheceu a capacidade de Nuno para vencer o desafio.<\/p>\n<p>A recupera\u00e7\u00e3o \u00e9 apresentada como um trunfo da gest\u00e3o desportiva do Sporting, que aposta na continuidade do percurso de Nuno no objetivo do clube de Rui Borges de vencer competi\u00e7\u00f5es. O testemunho do clube refor\u00e7a a confian\u00e7a na evolu\u00e7\u00e3o positiva do jogador.<\/p>\n","protected":false},"excerpt":{"rendered":"<ul>\n<li>O jogador Nuno Santos sofreu rotura total do tend\u00e3o rotuliano do joelho direito a 26 de outubro de 2024, levando a um afastamento prolongado.<\/li>\n<li>Passou por uma recupera\u00e7\u00e3o demorada e chegou a ponderar pendurar as botas durante o processo.<\/li>\n<li>Voltou a pisar o relvado a 19 de novembro de 2025, sendo reintegrado ao grupo apenas a 27 de janeiro passado.<\/li>\n<li>Recuperou a 5 de fevereiro, entrando em campo frente ao AVS SAD, com 43 minutos de jogo.<\/li>\n<li>O departamento m\u00e9dico e o fisioterapeuta elogiaram a resili\u00eancia de Nuno Santos, apontando que supera uma das les\u00f5es mais graves que um jogador pode ter.<\/li>\n<\/ul>\n","protected":false},"author":2,"featured_media":388100,"comment_status":"closed","ping_status":"closed","sticky":false,"template":"","format":"standard","meta":{"footnotes":""},"categories":[21,24],"tags":[1984,32,2799,2538,6346,1652],"class_list":["post-388091","post","type-post","status-publish","format-standard","has-post-thumbnail","hentry","category-desporto","category-futebol","tag-avs-sad","tag-futebol","tag-joelhos","tag-lesoes","tag-recuperacao","tag-sporting"],"yoast_head":"<!-- This site is optimized with the Yoast SEO plugin v27.2 - https:\/\/yoast.com\/product\/yoast-seo-wordpress\/ -->\n<title>Nuno Santos descreve recupera\u00e7\u00e3o dif\u00edcil de les\u00e3o grave - Portal Tela Portugal<\/title>\n<meta name=\"robots\" content=\"index, follow, max-snippet:-1, max-image-preview:large, max-video-preview:-1\" \/>\n<meta property=\"og:locale\" content=\"pt_PT\" \/>\n<meta property=\"og:type\" content=\"article\" \/>\n<meta property=\"og:title\" content=\"Nuno Santos descreve recupera\u00e7\u00e3o dif\u00edcil de les\u00e3o grave - Portal Tela Portugal\" \/>\n<meta property=\"og:description\" content=\"O jogador Nuno Santos sofreu rotura total do tend\u00e3o rotuliano do joelho direito a 26 de outubro de 2024, levando a um afastamento prolongado. Passou por uma recupera\u00e7\u00e3o demorada e chegou a ponderar pendurar as botas durante o processo. Voltou a pisar o relvado a 19 de novembro de 2025, sendo reintegrado ao grupo apenas a 27 de janeiro passado. Recuperou a 5 de fevereiro, entrando em campo frente ao AVS SAD, com 43 minutos de jogo. O departamento m\u00e9dico e o fisioterapeuta elogiaram a resili\u00eancia de Nuno Santos, apontando que supera uma das les\u00f5es mais graves que um jogador pode ter.\" \/>\n<meta property=\"og:url\" content=\"https:\/\/portaltela.pt\/noticias\/2026\/02\/25\/nuno-santos-descreve-recuperacao-dificil-de-lesao-grave\/\" \/>\n<meta property=\"og:site_name\" content=\"Portal Tela Portugal\" \/>\n<meta property=\"article:published_time\" content=\"2026-02-25T19:41:00+00:00\" \/>\n<meta name=\"author\" content=\"Telinha\" \/>\n<meta name=\"twitter:card\" content=\"summary_large_image\" \/>\n<meta name=\"twitter:label1\" content=\"Escrito por\" \/>\n\t<meta name=\"twitter:data1\" content=\"Telinha\" \/>\n\t<meta name=\"twitter:label2\" content=\"Tempo estimado de leitura\" \/>\n\t<meta name=\"twitter:data2\" content=\"1 minuto\" \/>\n<script type=\"application\/ld+json\" class=\"yoast-schema-graph\">{\"@context\":\"https:\/\/schema.org\",\"@graph\":[{\"@type\":\"Article\",\"@id\":\"https:\/\/portaltela.pt\/noticias\/2026\/02\/25\/nuno-santos-descreve-recuperacao-dificil-de-lesao-grave\/#article\",\"isPartOf\":{\"@id\":\"https:\/\/portaltela.pt\/noticias\/2026\/02\/25\/nuno-santos-descreve-recuperacao-dificil-de-lesao-grave\/\"},\"author\":{\"name\":\"Telinha\",\"@id\":\"https:\/\/portaltela.pt\/#\/schema\/person\/c4278d4a6028830caff9ee44b42d32ed\"},\"headline\":\"Nuno Santos descreve recupera\u00e7\u00e3o dif\u00edcil de les\u00e3o grave\",\"datePublished\":\"2026-02-25T19:41:00+00:00\",\"mainEntityOfPage\":{\"@id\":\"https:\/\/portaltela.pt\/noticias\/2026\/02\/25\/nuno-santos-descreve-recuperacao-dificil-de-lesao-grave\/\"},\"wordCount\":242,\"image\":{\"@id\":\"https:\/\/portaltela.pt\/noticias\/2026\/02\/25\/nuno-santos-descreve-recuperacao-dificil-de-lesao-grave\/#primaryimage\"},\"thumbnailUrl\":\"https:\/\/portaltela.pt\/s.01k8rhncp4jt1\/2026\/02\/img_1200x721uu2026-02-25-18-28-24-2423643.jpg\",\"keywords\":[\"AVS SAD\",\"futebol\",\"joelhos\",\"les\u00f5es\",\"recupera\u00e7\u00e3o\",\"Sporting\"],\"articleSection\":[\"Desporto\",\"Futebol\"],\"inLanguage\":\"pt-PT\"},{\"@type\":\"WebPage\",\"@id\":\"https:\/\/portaltela.pt\/noticias\/2026\/02\/25\/nuno-santos-descreve-recuperacao-dificil-de-lesao-grave\/\",\"url\":\"https:\/\/portaltela.pt\/noticias\/2026\/02\/25\/nuno-santos-descreve-recuperacao-dificil-de-lesao-grave\/\",\"name\":\"Nuno Santos descreve recupera\u00e7\u00e3o dif\u00edcil de les\u00e3o grave - Portal Tela Portugal\",\"isPartOf\":{\"@id\":\"https:\/\/portaltela.pt\/#website\"},\"primaryImageOfPage\":{\"@id\":\"https:\/\/portaltela.pt\/noticias\/2026\/02\/25\/nuno-santos-descreve-recuperacao-dificil-de-lesao-grave\/#primaryimage\"},\"image\":{\"@id\":\"https:\/\/portaltela.pt\/noticias\/2026\/02\/25\/nuno-santos-descreve-recuperacao-dificil-de-lesao-grave\/#primaryimage\"},\"thumbnailUrl\":\"https:\/\/portaltela.pt\/s.01k8rhncp4jt1\/2026\/02\/img_1200x721uu2026-02-25-18-28-24-2423643.jpg\",\"datePublished\":\"2026-02-25T19:41:00+00:00\",\"author\":{\"@id\":\"https:\/\/portaltela.pt\/#\/schema\/person\/c4278d4a6028830caff9ee44b42d32ed\"},\"breadcrumb\":{\"@id\":\"https:\/\/portaltela.pt\/noticias\/2026\/02\/25\/nuno-santos-descreve-recuperacao-dificil-de-lesao-grave\/#breadcrumb\"},\"inLanguage\":\"pt-PT\",\"potentialAction\":[{\"@type\":\"ReadAction\",\"target\":[\"https:\/\/portaltela.pt\/noticias\/2026\/02\/25\/nuno-santos-descreve-recuperacao-dificil-de-lesao-grave\/\"]}]},{\"@type\":\"ImageObject\",\"inLanguage\":\"pt-PT\",\"@id\":\"https:\/\/portaltela.pt\/noticias\/2026\/02\/25\/nuno-santos-descreve-recuperacao-dificil-de-lesao-grave\/#primaryimage\",\"url\":\"https:\/\/portaltela.pt\/s.01k8rhncp4jt1\/2026\/02\/img_1200x721uu2026-02-25-18-28-24-2423643.jpg\",\"contentUrl\":\"https:\/\/portaltela.pt\/s.01k8rhncp4jt1\/2026\/02\/img_1200x721uu2026-02-25-18-28-24-2423643.jpg\",\"width\":796,\"height\":448,\"caption\":\"A recupera\u00e7\u00e3o de Nuno Santos\"},{\"@type\":\"BreadcrumbList\",\"@id\":\"https:\/\/portaltela.pt\/noticias\/2026\/02\/25\/nuno-santos-descreve-recuperacao-dificil-de-lesao-grave\/#breadcrumb\",\"itemListElement\":[{\"@type\":\"ListItem\",\"position\":1,\"name\":\"In\u00edcio\",\"item\":\"https:\/\/portaltela.pt\/\"},{\"@type\":\"ListItem\",\"position\":2,\"name\":\"Nuno Santos descreve recupera\u00e7\u00e3o dif\u00edcil de les\u00e3o grave\"}]},{\"@type\":\"WebSite\",\"@id\":\"https:\/\/portaltela.pt\/#website\",\"url\":\"https:\/\/portaltela.pt\/\",\"name\":\"Portal Tela Portugal\",\"description\":\"\",\"potentialAction\":[{\"@type\":\"SearchAction\",\"target\":{\"@type\":\"EntryPoint\",\"urlTemplate\":\"https:\/\/portaltela.pt\/?s={search_term_string}\"},\"query-input\":{\"@type\":\"PropertyValueSpecification\",\"valueRequired\":true,\"valueName\":\"search_term_string\"}}],\"inLanguage\":\"pt-PT\"},{\"@type\":\"Person\",\"@id\":\"https:\/\/portaltela.pt\/#\/schema\/person\/c4278d4a6028830caff9ee44b42d32ed\",\"name\":\"Telinha\",\"image\":{\"@type\":\"ImageObject\",\"inLanguage\":\"pt-PT\",\"@id\":\"https:\/\/portaltela.pt\/s.01k8rhncp4jt1\/2025\/11\/talking-bot-125x125.png\",\"url\":\"https:\/\/portaltela.pt\/s.01k8rhncp4jt1\/2025\/11\/talking-bot-125x125.png\",\"contentUrl\":\"https:\/\/portaltela.pt\/s.01k8rhncp4jt1\/2025\/11\/talking-bot-125x125.png\",\"caption\":\"Telinha\"},\"sameAs\":[\"https:\/\/portaltela.pt\/\"],\"url\":\"https:\/\/portaltela.pt\/por\/367410592786\/\"}]}<\/script>\n<!-- \/ Yoast SEO plugin. -->","yoast_head_json":{"title":"Nuno Santos descreve recupera\u00e7\u00e3o dif\u00edcil de les\u00e3o grave - Portal Tela Portugal","robots":{"index":"index","follow":"follow","max-snippet":"max-snippet:-1","max-image-preview":"max-image-preview:large","max-video-preview":"max-video-preview:-1"},"og_locale":"pt_PT","og_type":"article","og_title":"Nuno Santos descreve recupera\u00e7\u00e3o dif\u00edcil de les\u00e3o grave - Portal Tela Portugal","og_description":"O jogador Nuno Santos sofreu rotura total do tend\u00e3o rotuliano do joelho direito a 26 de outubro de 2024, levando a um afastamento prolongado. Passou por uma recupera\u00e7\u00e3o demorada e chegou a ponderar pendurar as botas durante o processo. Voltou a pisar o relvado a 19 de novembro de 2025, sendo reintegrado ao grupo apenas a 27 de janeiro passado. Recuperou a 5 de fevereiro, entrando em campo frente ao AVS SAD, com 43 minutos de jogo. O departamento m\u00e9dico e o fisioterapeuta elogiaram a resili\u00eancia de Nuno Santos, apontando que supera uma das les\u00f5es mais graves que um jogador pode ter.","og_url":"https:\/\/portaltela.pt\/noticias\/2026\/02\/25\/nuno-santos-descreve-recuperacao-dificil-de-lesao-grave\/","og_site_name":"Portal Tela Portugal","article_published_time":"2026-02-25T19:41:00+00:00","author":"Telinha","twitter_card":"summary_large_image","twitter_misc":{"Escrito por":"Telinha","Tempo estimado de leitura":"1 minuto"},"schema":{"@context":"https:\/\/schema.org","@graph":[{"@type":"Article","@id":"https:\/\/portaltela.pt\/noticias\/2026\/02\/25\/nuno-santos-descreve-recuperacao-dificil-de-lesao-grave\/#article","isPartOf":{"@id":"https:\/\/portaltela.pt\/noticias\/2026\/02\/25\/nuno-santos-descreve-recuperacao-dificil-de-lesao-grave\/"},"author":{"name":"Telinha","@id":"https:\/\/portaltela.pt\/#\/schema\/person\/c4278d4a6028830caff9ee44b42d32ed"},"headline":"Nuno Santos descreve recupera\u00e7\u00e3o dif\u00edcil de les\u00e3o grave","datePublished":"2026-02-25T19:41:00+00:00","mainEntityOfPage":{"@id":"https:\/\/portaltela.pt\/noticias\/2026\/02\/25\/nuno-santos-descreve-recuperacao-dificil-de-lesao-grave\/"},"wordCount":242,"image":{"@id":"https:\/\/portaltela.pt\/noticias\/2026\/02\/25\/nuno-santos-descreve-recuperacao-dificil-de-lesao-grave\/#primaryimage"},"thumbnailUrl":"https:\/\/portaltela.pt\/s.01k8rhncp4jt1\/2026\/02\/img_1200x721uu2026-02-25-18-28-24-2423643.jpg","keywords":["AVS SAD","futebol","joelhos","les\u00f5es","recupera\u00e7\u00e3o","Sporting"],"articleSection":["Desporto","Futebol"],"inLanguage":"pt-PT"},{"@type":"WebPage","@id":"https:\/\/portaltela.pt\/noticias\/2026\/02\/25\/nuno-santos-descreve-recuperacao-dificil-de-lesao-grave\/","url":"https:\/\/portaltela.pt\/noticias\/2026\/02\/25\/nuno-santos-descreve-recuperacao-dificil-de-lesao-grave\/","name":"Nuno Santos descreve recupera\u00e7\u00e3o dif\u00edcil de les\u00e3o grave - Portal Tela Portugal","isPartOf":{"@id":"https:\/\/portaltela.pt\/#website"},"primaryImageOfPage":{"@id":"https:\/\/portaltela.pt\/noticias\/2026\/02\/25\/nuno-santos-descreve-recuperacao-dificil-de-lesao-grave\/#primaryimage"},"image":{"@id":"https:\/\/portaltela.pt\/noticias\/2026\/02\/25\/nuno-santos-descreve-recuperacao-dificil-de-lesao-grave\/#primaryimage"},"thumbnailUrl":"https:\/\/portaltela.pt\/s.01k8rhncp4jt1\/2026\/02\/img_1200x721uu2026-02-25-18-28-24-2423643.jpg","datePublished":"2026-02-25T19:41:00+00:00","author":{"@id":"https:\/\/portaltela.pt\/#\/schema\/person\/c4278d4a6028830caff9ee44b42d32ed"},"breadcrumb":{"@id":"https:\/\/portaltela.pt\/noticias\/2026\/02\/25\/nuno-santos-descreve-recuperacao-dificil-de-lesao-grave\/#breadcrumb"},"inLanguage":"pt-PT","potentialAction":[{"@type":"ReadAction","target":["https:\/\/portaltela.pt\/noticias\/2026\/02\/25\/nuno-santos-descreve-recuperacao-dificil-de-lesao-grave\/"]}]},{"@type":"ImageObject","inLanguage":"pt-PT","@id":"https:\/\/portaltela.pt\/noticias\/2026\/02\/25\/nuno-santos-descreve-recuperacao-dificil-de-lesao-grave\/#primaryimage","url":"https:\/\/portaltela.pt\/s.01k8rhncp4jt1\/2026\/02\/img_1200x721uu2026-02-25-18-28-24-2423643.jpg","contentUrl":"https:\/\/portaltela.pt\/s.01k8rhncp4jt1\/2026\/02\/img_1200x721uu2026-02-25-18-28-24-2423643.jpg","width":796,"height":448,"caption":"A recupera\u00e7\u00e3o de Nuno Santos"},{"@type":"BreadcrumbList","@id":"https:\/\/portaltela.pt\/noticias\/2026\/02\/25\/nuno-santos-descreve-recuperacao-dificil-de-lesao-grave\/#breadcrumb","itemListElement":[{"@type":"ListItem","position":1,"name":"In\u00edcio","item":"https:\/\/portaltela.pt\/"},{"@type":"ListItem","position":2,"name":"Nuno Santos descreve recupera\u00e7\u00e3o dif\u00edcil de les\u00e3o grave"}]},{"@type":"WebSite","@id":"https:\/\/portaltela.pt\/#website","url":"https:\/\/portaltela.pt\/","name":"Portal Tela Portugal","description":"","potentialAction":[{"@type":"SearchAction","target":{"@type":"EntryPoint","urlTemplate":"https:\/\/portaltela.pt\/?s={search_term_string}"},"query-input":{"@type":"PropertyValueSpecification","valueRequired":true,"valueName":"search_term_string"}}],"inLanguage":"pt-PT"},{"@type":"Person","@id":"https:\/\/portaltela.pt\/#\/schema\/person\/c4278d4a6028830caff9ee44b42d32ed","name":"Telinha","image":{"@type":"ImageObject","inLanguage":"pt-PT","@id":"https:\/\/portaltela.pt\/s.01k8rhncp4jt1\/2025\/11\/talking-bot-125x125.png","url":"https:\/\/portaltela.pt\/s.01k8rhncp4jt1\/2025\/11\/talking-bot-125x125.png","contentUrl":"https:\/\/portaltela.pt\/s.01k8rhncp4jt1\/2025\/11\/talking-bot-125x125.png","caption":"Telinha"},"sameAs":["https:\/\/portaltela.pt\/"],"url":"https:\/\/portaltela.pt\/por\/367410592786\/"}]}},"_links":{"self":[{"href":"https:\/\/portaltela.pt\/api\/wp\/v2\/posts\/388091","targetHints":{"allow":["GET"]}}],"collection":[{"href":"https:\/\/portaltela.pt\/api\/wp\/v2\/posts"}],"about":[{"href":"https:\/\/portaltela.pt\/api\/wp\/v2\/types\/post"}],"author":[{"embeddable":true,"href":"https:\/\/portaltela.pt\/api\/wp\/v2\/users\/2"}],"replies":[{"embeddable":true,"href":"https:\/\/portaltela.pt\/api\/wp\/v2\/comments?post=388091"}],"version-history":[{"count":0,"href":"https:\/\/portaltela.pt\/api\/wp\/v2\/posts\/388091\/revisions"}],"wp:featuredmedia":[{"embeddable":true,"href":"https:\/\/portaltela.pt\/api\/wp\/v2\/media\/388100"}],"wp:attachment":[{"href":"https:\/\/portaltela.pt\/api\/wp\/v2\/media?parent=388091"}],"wp:term":[{"taxonomy":"category","embeddable":true,"href":"https:\/\/portaltela.pt\/api\/wp\/v2\/categories?post=388091"},{"taxonomy":"post_tag","embeddable":true,"href":"https:\/\/portaltela.pt\/api\/wp\/v2\/tags?post=388091"}],"curies":[{"name":"wp","href":"https:\/\/api.w.org\/{rel}","templated":true}]}}