{"id":388087,"date":"2026-02-25T16:41:42","date_gmt":"2026-02-25T19:41:42","guid":{"rendered":"https:\/\/portaltela.pt\/noticias\/2026\/02\/25\/cnpd-propoe-responsabilizar-pais-por-acesso-indevido-de-menores-a-internet\/"},"modified":"2026-02-25T16:41:42","modified_gmt":"2026-02-25T19:41:42","slug":"cnpd-propoe-responsabilizar-pais-por-acesso-indevido-de-menores-a-internet","status":"publish","type":"post","link":"https:\/\/portaltela.pt\/noticias\/2026\/02\/25\/cnpd-propoe-responsabilizar-pais-por-acesso-indevido-de-menores-a-internet\/","title":{"rendered":"CNPD prop\u00f5e responsabilizar pais por acesso indevido de menores \u00e0 internet"},"content":{"rendered":"<p>A CNPD apresentou um parecer em torno do projeto de lei do PSD para travar o acesso digital de menores at\u00e9 aos 16 anos. A posi\u00e7\u00e3o aponta para a responsabiliza\u00e7\u00e3o dos pais quando forem autores ou c\u00famplices de conte\u00fados de elevado risco para os filhos. A recomenda\u00e7\u00e3o surge no \u00e2mbito de proteger crian\u00e7as em ambientes online.<\/p>\n<p>No parecer, a CNPD sustenta que titulares de responsabilidades parentais devem responder quando facilitarem o acesso de menores a p\u00e1ginas inadequadas. O documento acompanha o projeto apresentado no parlamento no in\u00edcio deste m\u00eas. A ideia \u00e9 exigir consentimento parental informado para menores entre 13 e 16 anos.<\/p>\n<p>A proposta de lei fixa uma idade m\u00ednima de 16 anos para o uso de internet sem consentimento, intervindo com exce\u00e7\u00f5es para idades entre 13 e 16. A CNPD ressalva que a tutela dos dados e a verifica\u00e7\u00e3o de idade continuam a depender dos respons\u00e1veis pelo tratamento.<\/p>\n<p>A CNPD aponta que a responsabilidade parental n\u00e3o exclui a responsabilidade dos titulares de dados e pela valida\u00e7\u00e3o da idade m\u00ednima. O parecer tamb\u00e9m aponta lacunas sobre quem d\u00e1 o consentimento entre pais e representantes legais, e sobre situa\u00e7\u00f5es de partilha ou suspens\u00e3o de responsabilidades.<\/p>\n<p>O \u00f3rg\u00e3o de prote\u00e7\u00e3o de dados alerta que o texto n\u00e3o especifica como lidar com situa\u00e7\u00f5es de partilha de responsabilidade ou institucionaliza\u00e7\u00e3o, o que pode impactar a prote\u00e7\u00e3o de dados de menores. A CNPD ainda critica a aus\u00eancia de estudo de impacto sobre prote\u00e7\u00e3o de dados.<\/p>\n<p>A norma de verifica\u00e7\u00e3o de idade n\u00e3o pode gerar identifica\u00e7\u00e3o ou perfil do utilizador, indica o parecer. O mecanismo deve ser independente de outros sistemas e impedir rastreabilidade entre plataformas, em linha com pr\u00e1ticas de publicidade digital.<\/p>\n<p>A CNPD ressalva ainda que o pedido de parecer n\u00e3o veio acompanhado de um estudo de impacto em prote\u00e7\u00e3o de dados. Este estudo \u00e9 considerado necess\u00e1rio antes de qualquer aprova\u00e7\u00e3o do projeto-lei, conforme o \u00f3rg\u00e3o.<\/p>\n","protected":false},"excerpt":{"rendered":"<ul>\n<li>A CNPD recomenda responsabilizar pais quando forem autores ou c\u00famplices do acesso de filhos menores a conte\u00fados desajustados \u00e0 idade.<\/li>\n<li>O parecer acompanha o projecto de lei do PSD para travar o acesso digital de menores at\u00e9 aos 16 anos, com consentimento parental para entre os 13 e os 16 anos e proibi\u00e7\u00e3o de acesso a menores de 10.<\/li>\n<li>A CNPD lembra que tutores n\u00e3o eximem os respons\u00e1veis pelo tratamento de dados nem pela verifica\u00e7\u00e3o da idade m\u00ednima.<\/li>\n<li>O projecto n\u00e3o define se o consentimento \u00e9 de um ou ambos os progenitores nem situa\u00e7\u00f5es de partilha de responsabilidades ou institucionaliza\u00e7\u00e3o, o que pode trazer implica\u00e7\u00f5es na prote\u00e7\u00e3o de dados dos menores.<\/li>\n<li>A CNPD afirma que n\u00e3o foi apresentado estudo de impacto em prote\u00e7\u00e3o de dados antes da aprova\u00e7\u00e3o do projecto-lei, e que o mecanismo de verifica\u00e7\u00e3o de idade n\u00e3o deve criar identificadores nem perfis, devendo ser desconexo de outros sistemas.<\/li>\n<\/ul>\n","protected":false},"author":2,"featured_media":388097,"comment_status":"closed","ping_status":"closed","sticky":false,"template":"","format":"standard","meta":{"footnotes":""},"categories":[1],"tags":[6056,210,229,3562,2181,250],"class_list":["post-388087","post","type-post","status-publish","format-standard","has-post-thumbnail","hentry","category-noticias","tag-menores","tag-pais","tag-politica-publica","tag-privacidade","tag-protecao-de-menores","tag-seguranca-publica"],"yoast_head":"<!-- This site is optimized with the Yoast SEO plugin v27.2 - https:\/\/yoast.com\/product\/yoast-seo-wordpress\/ -->\n<title>CNPD prop\u00f5e responsabilizar pais por acesso indevido de menores \u00e0 internet - Portal Tela Portugal<\/title>\n<meta name=\"robots\" content=\"index, follow, max-snippet:-1, max-image-preview:large, max-video-preview:-1\" \/>\n<meta property=\"og:locale\" content=\"pt_PT\" \/>\n<meta property=\"og:type\" content=\"article\" \/>\n<meta property=\"og:title\" content=\"CNPD prop\u00f5e responsabilizar pais por acesso indevido de menores \u00e0 internet - Portal Tela Portugal\" \/>\n<meta property=\"og:description\" content=\"A CNPD recomenda responsabilizar pais quando forem autores ou c\u00famplices do acesso de filhos menores a conte\u00fados desajustados \u00e0 idade. O parecer acompanha o projecto de lei do PSD para travar o acesso digital de menores at\u00e9 aos 16 anos, com consentimento parental para entre os 13 e os 16 anos e proibi\u00e7\u00e3o de acesso a menores de 10. A CNPD lembra que tutores n\u00e3o eximem os respons\u00e1veis pelo tratamento de dados nem pela verifica\u00e7\u00e3o da idade m\u00ednima. O projecto n\u00e3o define se o consentimento \u00e9 de um ou ambos os progenitores nem situa\u00e7\u00f5es de partilha de responsabilidades ou institucionaliza\u00e7\u00e3o, o que pode trazer implica\u00e7\u00f5es na prote\u00e7\u00e3o de dados dos menores. A CNPD afirma que n\u00e3o foi apresentado estudo de impacto em prote\u00e7\u00e3o de dados antes da aprova\u00e7\u00e3o do projecto-lei, e que o mecanismo de verifica\u00e7\u00e3o de idade n\u00e3o deve criar identificadores nem perfis, devendo ser desconexo de outros sistemas.\" \/>\n<meta property=\"og:url\" content=\"https:\/\/portaltela.pt\/noticias\/2026\/02\/25\/cnpd-propoe-responsabilizar-pais-por-acesso-indevido-de-menores-a-internet\/\" \/>\n<meta property=\"og:site_name\" content=\"Portal Tela Portugal\" \/>\n<meta property=\"article:published_time\" content=\"2026-02-25T19:41:42+00:00\" \/>\n<meta name=\"author\" content=\"Telinha\" \/>\n<meta name=\"twitter:card\" content=\"summary_large_image\" \/>\n<meta name=\"twitter:label1\" content=\"Escrito por\" \/>\n\t<meta name=\"twitter:data1\" content=\"Telinha\" \/>\n\t<meta name=\"twitter:label2\" content=\"Tempo estimado de leitura\" \/>\n\t<meta name=\"twitter:data2\" content=\"2 minutos\" \/>\n<script type=\"application\/ld+json\" class=\"yoast-schema-graph\">{\"@context\":\"https:\/\/schema.org\",\"@graph\":[{\"@type\":\"Article\",\"@id\":\"https:\/\/portaltela.pt\/noticias\/2026\/02\/25\/cnpd-propoe-responsabilizar-pais-por-acesso-indevido-de-menores-a-internet\/#article\",\"isPartOf\":{\"@id\":\"https:\/\/portaltela.pt\/noticias\/2026\/02\/25\/cnpd-propoe-responsabilizar-pais-por-acesso-indevido-de-menores-a-internet\/\"},\"author\":{\"name\":\"Telinha\",\"@id\":\"https:\/\/portaltela.pt\/#\/schema\/person\/c4278d4a6028830caff9ee44b42d32ed\"},\"headline\":\"CNPD prop\u00f5e responsabilizar pais por acesso indevido de menores \u00e0 internet\",\"datePublished\":\"2026-02-25T19:41:42+00:00\",\"mainEntityOfPage\":{\"@id\":\"https:\/\/portaltela.pt\/noticias\/2026\/02\/25\/cnpd-propoe-responsabilizar-pais-por-acesso-indevido-de-menores-a-internet\/\"},\"wordCount\":352,\"image\":{\"@id\":\"https:\/\/portaltela.pt\/noticias\/2026\/02\/25\/cnpd-propoe-responsabilizar-pais-por-acesso-indevido-de-menores-a-internet\/#primaryimage\"},\"thumbnailUrl\":\"https:\/\/portaltela.pt\/s.01k8rhncp4jt1\/2026\/02\/img_1500x1000uu2023-01-21-10-31-39-1260868.jpg\",\"keywords\":[\"menores\",\"pais\",\"pol\u00edtica p\u00fablica\",\"privacidade\",\"prote\u00e7\u00e3o de menores\",\"seguran\u00e7a p\u00fablica\"],\"articleSection\":[\"Not\u00edcias\"],\"inLanguage\":\"pt-PT\"},{\"@type\":\"WebPage\",\"@id\":\"https:\/\/portaltela.pt\/noticias\/2026\/02\/25\/cnpd-propoe-responsabilizar-pais-por-acesso-indevido-de-menores-a-internet\/\",\"url\":\"https:\/\/portaltela.pt\/noticias\/2026\/02\/25\/cnpd-propoe-responsabilizar-pais-por-acesso-indevido-de-menores-a-internet\/\",\"name\":\"CNPD prop\u00f5e responsabilizar pais por acesso indevido de menores \u00e0 internet - Portal Tela Portugal\",\"isPartOf\":{\"@id\":\"https:\/\/portaltela.pt\/#website\"},\"primaryImageOfPage\":{\"@id\":\"https:\/\/portaltela.pt\/noticias\/2026\/02\/25\/cnpd-propoe-responsabilizar-pais-por-acesso-indevido-de-menores-a-internet\/#primaryimage\"},\"image\":{\"@id\":\"https:\/\/portaltela.pt\/noticias\/2026\/02\/25\/cnpd-propoe-responsabilizar-pais-por-acesso-indevido-de-menores-a-internet\/#primaryimage\"},\"thumbnailUrl\":\"https:\/\/portaltela.pt\/s.01k8rhncp4jt1\/2026\/02\/img_1500x1000uu2023-01-21-10-31-39-1260868.jpg\",\"datePublished\":\"2026-02-25T19:41:42+00:00\",\"author\":{\"@id\":\"https:\/\/portaltela.pt\/#\/schema\/person\/c4278d4a6028830caff9ee44b42d32ed\"},\"breadcrumb\":{\"@id\":\"https:\/\/portaltela.pt\/noticias\/2026\/02\/25\/cnpd-propoe-responsabilizar-pais-por-acesso-indevido-de-menores-a-internet\/#breadcrumb\"},\"inLanguage\":\"pt-PT\",\"potentialAction\":[{\"@type\":\"ReadAction\",\"target\":[\"https:\/\/portaltela.pt\/noticias\/2026\/02\/25\/cnpd-propoe-responsabilizar-pais-por-acesso-indevido-de-menores-a-internet\/\"]}]},{\"@type\":\"ImageObject\",\"inLanguage\":\"pt-PT\",\"@id\":\"https:\/\/portaltela.pt\/noticias\/2026\/02\/25\/cnpd-propoe-responsabilizar-pais-por-acesso-indevido-de-menores-a-internet\/#primaryimage\",\"url\":\"https:\/\/portaltela.pt\/s.01k8rhncp4jt1\/2026\/02\/img_1500x1000uu2023-01-21-10-31-39-1260868.jpg\",\"contentUrl\":\"https:\/\/portaltela.pt\/s.01k8rhncp4jt1\/2026\/02\/img_1500x1000uu2023-01-21-10-31-39-1260868.jpg\",\"width\":796,\"height\":448,\"caption\":\"Crian\u00e7as no telem\u00f3vel\"},{\"@type\":\"BreadcrumbList\",\"@id\":\"https:\/\/portaltela.pt\/noticias\/2026\/02\/25\/cnpd-propoe-responsabilizar-pais-por-acesso-indevido-de-menores-a-internet\/#breadcrumb\",\"itemListElement\":[{\"@type\":\"ListItem\",\"position\":1,\"name\":\"In\u00edcio\",\"item\":\"https:\/\/portaltela.pt\/\"},{\"@type\":\"ListItem\",\"position\":2,\"name\":\"CNPD prop\u00f5e responsabilizar pais por acesso indevido de menores \u00e0 internet\"}]},{\"@type\":\"WebSite\",\"@id\":\"https:\/\/portaltela.pt\/#website\",\"url\":\"https:\/\/portaltela.pt\/\",\"name\":\"Portal Tela Portugal\",\"description\":\"\",\"potentialAction\":[{\"@type\":\"SearchAction\",\"target\":{\"@type\":\"EntryPoint\",\"urlTemplate\":\"https:\/\/portaltela.pt\/?s={search_term_string}\"},\"query-input\":{\"@type\":\"PropertyValueSpecification\",\"valueRequired\":true,\"valueName\":\"search_term_string\"}}],\"inLanguage\":\"pt-PT\"},{\"@type\":\"Person\",\"@id\":\"https:\/\/portaltela.pt\/#\/schema\/person\/c4278d4a6028830caff9ee44b42d32ed\",\"name\":\"Telinha\",\"image\":{\"@type\":\"ImageObject\",\"inLanguage\":\"pt-PT\",\"@id\":\"https:\/\/portaltela.pt\/s.01k8rhncp4jt1\/2025\/11\/talking-bot-125x125.png\",\"url\":\"https:\/\/portaltela.pt\/s.01k8rhncp4jt1\/2025\/11\/talking-bot-125x125.png\",\"contentUrl\":\"https:\/\/portaltela.pt\/s.01k8rhncp4jt1\/2025\/11\/talking-bot-125x125.png\",\"caption\":\"Telinha\"},\"sameAs\":[\"https:\/\/portaltela.pt\/\"],\"url\":\"https:\/\/portaltela.pt\/por\/367410592786\/\"}]}<\/script>\n<!-- \/ Yoast SEO plugin. -->","yoast_head_json":{"title":"CNPD prop\u00f5e responsabilizar pais por acesso indevido de menores \u00e0 internet - Portal Tela Portugal","robots":{"index":"index","follow":"follow","max-snippet":"max-snippet:-1","max-image-preview":"max-image-preview:large","max-video-preview":"max-video-preview:-1"},"og_locale":"pt_PT","og_type":"article","og_title":"CNPD prop\u00f5e responsabilizar pais por acesso indevido de menores \u00e0 internet - Portal Tela Portugal","og_description":"A CNPD recomenda responsabilizar pais quando forem autores ou c\u00famplices do acesso de filhos menores a conte\u00fados desajustados \u00e0 idade. O parecer acompanha o projecto de lei do PSD para travar o acesso digital de menores at\u00e9 aos 16 anos, com consentimento parental para entre os 13 e os 16 anos e proibi\u00e7\u00e3o de acesso a menores de 10. A CNPD lembra que tutores n\u00e3o eximem os respons\u00e1veis pelo tratamento de dados nem pela verifica\u00e7\u00e3o da idade m\u00ednima. O projecto n\u00e3o define se o consentimento \u00e9 de um ou ambos os progenitores nem situa\u00e7\u00f5es de partilha de responsabilidades ou institucionaliza\u00e7\u00e3o, o que pode trazer implica\u00e7\u00f5es na prote\u00e7\u00e3o de dados dos menores. A CNPD afirma que n\u00e3o foi apresentado estudo de impacto em prote\u00e7\u00e3o de dados antes da aprova\u00e7\u00e3o do projecto-lei, e que o mecanismo de verifica\u00e7\u00e3o de idade n\u00e3o deve criar identificadores nem perfis, devendo ser desconexo de outros sistemas.","og_url":"https:\/\/portaltela.pt\/noticias\/2026\/02\/25\/cnpd-propoe-responsabilizar-pais-por-acesso-indevido-de-menores-a-internet\/","og_site_name":"Portal Tela Portugal","article_published_time":"2026-02-25T19:41:42+00:00","author":"Telinha","twitter_card":"summary_large_image","twitter_misc":{"Escrito por":"Telinha","Tempo estimado de leitura":"2 minutos"},"schema":{"@context":"https:\/\/schema.org","@graph":[{"@type":"Article","@id":"https:\/\/portaltela.pt\/noticias\/2026\/02\/25\/cnpd-propoe-responsabilizar-pais-por-acesso-indevido-de-menores-a-internet\/#article","isPartOf":{"@id":"https:\/\/portaltela.pt\/noticias\/2026\/02\/25\/cnpd-propoe-responsabilizar-pais-por-acesso-indevido-de-menores-a-internet\/"},"author":{"name":"Telinha","@id":"https:\/\/portaltela.pt\/#\/schema\/person\/c4278d4a6028830caff9ee44b42d32ed"},"headline":"CNPD prop\u00f5e responsabilizar pais por acesso indevido de menores \u00e0 internet","datePublished":"2026-02-25T19:41:42+00:00","mainEntityOfPage":{"@id":"https:\/\/portaltela.pt\/noticias\/2026\/02\/25\/cnpd-propoe-responsabilizar-pais-por-acesso-indevido-de-menores-a-internet\/"},"wordCount":352,"image":{"@id":"https:\/\/portaltela.pt\/noticias\/2026\/02\/25\/cnpd-propoe-responsabilizar-pais-por-acesso-indevido-de-menores-a-internet\/#primaryimage"},"thumbnailUrl":"https:\/\/portaltela.pt\/s.01k8rhncp4jt1\/2026\/02\/img_1500x1000uu2023-01-21-10-31-39-1260868.jpg","keywords":["menores","pais","pol\u00edtica p\u00fablica","privacidade","prote\u00e7\u00e3o de menores","seguran\u00e7a p\u00fablica"],"articleSection":["Not\u00edcias"],"inLanguage":"pt-PT"},{"@type":"WebPage","@id":"https:\/\/portaltela.pt\/noticias\/2026\/02\/25\/cnpd-propoe-responsabilizar-pais-por-acesso-indevido-de-menores-a-internet\/","url":"https:\/\/portaltela.pt\/noticias\/2026\/02\/25\/cnpd-propoe-responsabilizar-pais-por-acesso-indevido-de-menores-a-internet\/","name":"CNPD prop\u00f5e responsabilizar pais por acesso indevido de menores \u00e0 internet - Portal Tela Portugal","isPartOf":{"@id":"https:\/\/portaltela.pt\/#website"},"primaryImageOfPage":{"@id":"https:\/\/portaltela.pt\/noticias\/2026\/02\/25\/cnpd-propoe-responsabilizar-pais-por-acesso-indevido-de-menores-a-internet\/#primaryimage"},"image":{"@id":"https:\/\/portaltela.pt\/noticias\/2026\/02\/25\/cnpd-propoe-responsabilizar-pais-por-acesso-indevido-de-menores-a-internet\/#primaryimage"},"thumbnailUrl":"https:\/\/portaltela.pt\/s.01k8rhncp4jt1\/2026\/02\/img_1500x1000uu2023-01-21-10-31-39-1260868.jpg","datePublished":"2026-02-25T19:41:42+00:00","author":{"@id":"https:\/\/portaltela.pt\/#\/schema\/person\/c4278d4a6028830caff9ee44b42d32ed"},"breadcrumb":{"@id":"https:\/\/portaltela.pt\/noticias\/2026\/02\/25\/cnpd-propoe-responsabilizar-pais-por-acesso-indevido-de-menores-a-internet\/#breadcrumb"},"inLanguage":"pt-PT","potentialAction":[{"@type":"ReadAction","target":["https:\/\/portaltela.pt\/noticias\/2026\/02\/25\/cnpd-propoe-responsabilizar-pais-por-acesso-indevido-de-menores-a-internet\/"]}]},{"@type":"ImageObject","inLanguage":"pt-PT","@id":"https:\/\/portaltela.pt\/noticias\/2026\/02\/25\/cnpd-propoe-responsabilizar-pais-por-acesso-indevido-de-menores-a-internet\/#primaryimage","url":"https:\/\/portaltela.pt\/s.01k8rhncp4jt1\/2026\/02\/img_1500x1000uu2023-01-21-10-31-39-1260868.jpg","contentUrl":"https:\/\/portaltela.pt\/s.01k8rhncp4jt1\/2026\/02\/img_1500x1000uu2023-01-21-10-31-39-1260868.jpg","width":796,"height":448,"caption":"Crian\u00e7as no telem\u00f3vel"},{"@type":"BreadcrumbList","@id":"https:\/\/portaltela.pt\/noticias\/2026\/02\/25\/cnpd-propoe-responsabilizar-pais-por-acesso-indevido-de-menores-a-internet\/#breadcrumb","itemListElement":[{"@type":"ListItem","position":1,"name":"In\u00edcio","item":"https:\/\/portaltela.pt\/"},{"@type":"ListItem","position":2,"name":"CNPD prop\u00f5e responsabilizar pais por acesso indevido de menores \u00e0 internet"}]},{"@type":"WebSite","@id":"https:\/\/portaltela.pt\/#website","url":"https:\/\/portaltela.pt\/","name":"Portal Tela Portugal","description":"","potentialAction":[{"@type":"SearchAction","target":{"@type":"EntryPoint","urlTemplate":"https:\/\/portaltela.pt\/?s={search_term_string}"},"query-input":{"@type":"PropertyValueSpecification","valueRequired":true,"valueName":"search_term_string"}}],"inLanguage":"pt-PT"},{"@type":"Person","@id":"https:\/\/portaltela.pt\/#\/schema\/person\/c4278d4a6028830caff9ee44b42d32ed","name":"Telinha","image":{"@type":"ImageObject","inLanguage":"pt-PT","@id":"https:\/\/portaltela.pt\/s.01k8rhncp4jt1\/2025\/11\/talking-bot-125x125.png","url":"https:\/\/portaltela.pt\/s.01k8rhncp4jt1\/2025\/11\/talking-bot-125x125.png","contentUrl":"https:\/\/portaltela.pt\/s.01k8rhncp4jt1\/2025\/11\/talking-bot-125x125.png","caption":"Telinha"},"sameAs":["https:\/\/portaltela.pt\/"],"url":"https:\/\/portaltela.pt\/por\/367410592786\/"}]}},"_links":{"self":[{"href":"https:\/\/portaltela.pt\/api\/wp\/v2\/posts\/388087","targetHints":{"allow":["GET"]}}],"collection":[{"href":"https:\/\/portaltela.pt\/api\/wp\/v2\/posts"}],"about":[{"href":"https:\/\/portaltela.pt\/api\/wp\/v2\/types\/post"}],"author":[{"embeddable":true,"href":"https:\/\/portaltela.pt\/api\/wp\/v2\/users\/2"}],"replies":[{"embeddable":true,"href":"https:\/\/portaltela.pt\/api\/wp\/v2\/comments?post=388087"}],"version-history":[{"count":0,"href":"https:\/\/portaltela.pt\/api\/wp\/v2\/posts\/388087\/revisions"}],"wp:featuredmedia":[{"embeddable":true,"href":"https:\/\/portaltela.pt\/api\/wp\/v2\/media\/388097"}],"wp:attachment":[{"href":"https:\/\/portaltela.pt\/api\/wp\/v2\/media?parent=388087"}],"wp:term":[{"taxonomy":"category","embeddable":true,"href":"https:\/\/portaltela.pt\/api\/wp\/v2\/categories?post=388087"},{"taxonomy":"post_tag","embeddable":true,"href":"https:\/\/portaltela.pt\/api\/wp\/v2\/tags?post=388087"}],"curies":[{"name":"wp","href":"https:\/\/api.w.org\/{rel}","templated":true}]}}