{"id":388086,"date":"2026-02-25T16:32:35","date_gmt":"2026-02-25T19:32:35","guid":{"rendered":"https:\/\/portaltela.pt\/noticias\/2026\/02\/25\/polemica-no-elvas-clube-responde-a-acusacoes-da-sad\/"},"modified":"2026-02-25T16:32:35","modified_gmt":"2026-02-25T19:32:35","slug":"polemica-no-elvas-clube-responde-a-acusacoes-da-sad","status":"publish","type":"post","link":"https:\/\/portaltela.pt\/desporto\/futebol\/2026\/02\/25\/polemica-no-elvas-clube-responde-a-acusacoes-da-sad\/","title":{"rendered":"Pol\u00e9mica no Elvas: clube responde a acusa\u00e7\u00f5es da SAD"},"content":{"rendered":"<p>O Elvas Clube Alentejano de Desportos (CAD) reageu nesta quarta-feira a acusa\u00e7\u00f5es da SAD relacionada com a certifica\u00e7\u00e3o das contas. O comunicado aponta que a dire\u00e7\u00e3o do clube \u00e9 culpada de n\u00e3o disponibilizar documentos e comprovativos essenciais para a certifica\u00e7\u00e3o financeira. A nota foi assinada pelo presidente do CAD, Jo\u00e3o Pedro Vilame\u00e3 da Silva Ruas, e por todos os \u00f3rg\u00e3os sociais em fun\u00e7\u00e3o.<\/p>\n<p>Segundo o CAD, o clube det\u00e9m apenas 5% do capital social da SAD, o que implica uma posi\u00e7\u00e3o minorit\u00e1ria sem poder deliberativo sobre gest\u00e3o executiva, financeira ou operacional. A estrutura acrescenta que, desde o in\u00edcio do projeto de futebol profissional, tem mantido presen\u00e7a constante e transpar\u00eancia no cumprimento dos protocolos formais com a SAD.<\/p>\n<p>O comunicado adianta que o CAD solicitou formalmente, v\u00e1rias vezes, a presta\u00e7\u00e3o de contas pela SAD, mas essas informa\u00e7\u00f5es n\u00e3o foram fornecidas nem pagas. O texto tamb\u00e9m eleva a expectativa quanto \u00e0 reestrutura\u00e7\u00e3o administrativa anunciada pela SAD ap\u00f3s a sa\u00edda de Vincenzo de Caci, antigo presidente, alegando pr\u00e1ticas de opacidade contabil\u00edstica e campanhas de desinforma\u00e7\u00e3o.<\/p>\n","protected":false},"excerpt":{"rendered":"<ul>\n<li>O Elvas Clube Alentejano de Desportos reagiu em comunicado \u00e0s acusa\u00e7\u00f5es da SAD, que alegaram recusa em fornecer documentos para certifica\u00e7\u00e3o das contas.<\/li>\n<li>O comunicado \u00e9 assinado pelo presidente, Jo\u00e3o Pedro Vilame\u00e3 da Silva Ruas, e pelos atuais \u00f3rg\u00e3os sociais, que salientam deter 5% do capital social da SAD, posi\u00e7\u00e3o minorit\u00e1ria sem poder deliberativo.<\/li>\n<li>O clube afirma ter contribu\u00eddo de forma transparente para os protocolos com a SAD e ter solicitado v\u00e1rias vezes presta\u00e7\u00e3o de contas, sem que as informa\u00e7\u00f5es tenham sido prestadas nem pagas.<\/li>\n<li>O Elvas mostra-se expectante quanto \u00e0 reestrutura\u00e7\u00e3o administrativa anunciada pela SAD ap\u00f3s a sa\u00edda de Vincenzo de Caci, apontando pr\u00e1ticas de opacidade contabil\u00edstica e campanhas de desinforma\u00e7\u00e3o.<\/li>\n<\/ul>\n","protected":false},"author":2,"featured_media":388098,"comment_status":"closed","ping_status":"closed","sticky":false,"template":"","format":"standard","meta":{"footnotes":""},"categories":[21,24],"tags":[152,1089,32,2415,4014,5708],"class_list":["post-388086","post","type-post","status-publish","format-standard","has-post-thumbnail","hentry","category-desporto","category-futebol","tag-desporto","tag-elvas","tag-futebol","tag-gestao","tag-sad","tag-transparencia-publica"],"yoast_head":"<!-- This site is optimized with the Yoast SEO plugin v27.2 - https:\/\/yoast.com\/product\/yoast-seo-wordpress\/ -->\n<title>Pol\u00e9mica no Elvas: clube responde a acusa\u00e7\u00f5es da SAD - Portal Tela Portugal<\/title>\n<meta name=\"robots\" content=\"index, follow, max-snippet:-1, max-image-preview:large, max-video-preview:-1\" \/>\n<meta property=\"og:locale\" content=\"pt_PT\" \/>\n<meta property=\"og:type\" content=\"article\" \/>\n<meta property=\"og:title\" content=\"Pol\u00e9mica no Elvas: clube responde a acusa\u00e7\u00f5es da SAD - Portal Tela Portugal\" \/>\n<meta property=\"og:description\" content=\"O Elvas Clube Alentejano de Desportos reagiu em comunicado \u00e0s acusa\u00e7\u00f5es da SAD, que alegaram recusa em fornecer documentos para certifica\u00e7\u00e3o das contas. O comunicado \u00e9 assinado pelo presidente, Jo\u00e3o Pedro Vilame\u00e3 da Silva Ruas, e pelos atuais \u00f3rg\u00e3os sociais, que salientam deter 5% do capital social da SAD, posi\u00e7\u00e3o minorit\u00e1ria sem poder deliberativo. O clube afirma ter contribu\u00eddo de forma transparente para os protocolos com a SAD e ter solicitado v\u00e1rias vezes presta\u00e7\u00e3o de contas, sem que as informa\u00e7\u00f5es tenham sido prestadas nem pagas. O Elvas mostra-se expectante quanto \u00e0 reestrutura\u00e7\u00e3o administrativa anunciada pela SAD ap\u00f3s a sa\u00edda de Vincenzo de Caci, apontando pr\u00e1ticas de opacidade contabil\u00edstica e campanhas de desinforma\u00e7\u00e3o.\" \/>\n<meta property=\"og:url\" content=\"https:\/\/portaltela.pt\/noticias\/2026\/02\/25\/polemica-no-elvas-clube-responde-a-acusacoes-da-sad\/\" \/>\n<meta property=\"og:site_name\" content=\"Portal Tela Portugal\" \/>\n<meta property=\"article:published_time\" content=\"2026-02-25T19:32:35+00:00\" \/>\n<meta name=\"author\" content=\"Telinha\" \/>\n<meta name=\"twitter:card\" content=\"summary_large_image\" \/>\n<meta name=\"twitter:label1\" content=\"Escrito por\" \/>\n\t<meta name=\"twitter:data1\" content=\"Telinha\" \/>\n\t<meta name=\"twitter:label2\" content=\"Tempo estimado de leitura\" \/>\n\t<meta name=\"twitter:data2\" content=\"1 minuto\" \/>\n<script type=\"application\/ld+json\" class=\"yoast-schema-graph\">{\"@context\":\"https:\/\/schema.org\",\"@graph\":[{\"@type\":\"Article\",\"@id\":\"https:\/\/portaltela.pt\/noticias\/2026\/02\/25\/polemica-no-elvas-clube-responde-a-acusacoes-da-sad\/#article\",\"isPartOf\":{\"@id\":\"https:\/\/portaltela.pt\/noticias\/2026\/02\/25\/polemica-no-elvas-clube-responde-a-acusacoes-da-sad\/\"},\"author\":{\"name\":\"Telinha\",\"@id\":\"https:\/\/portaltela.pt\/#\/schema\/person\/c4278d4a6028830caff9ee44b42d32ed\"},\"headline\":\"Pol\u00e9mica no Elvas: clube responde a acusa\u00e7\u00f5es da SAD\",\"datePublished\":\"2026-02-25T19:32:35+00:00\",\"mainEntityOfPage\":{\"@id\":\"https:\/\/portaltela.pt\/noticias\/2026\/02\/25\/polemica-no-elvas-clube-responde-a-acusacoes-da-sad\/\"},\"wordCount\":206,\"image\":{\"@id\":\"https:\/\/portaltela.pt\/noticias\/2026\/02\/25\/polemica-no-elvas-clube-responde-a-acusacoes-da-sad\/#primaryimage\"},\"thumbnailUrl\":\"https:\/\/portaltela.pt\/s.01k8rhncp4jt1\/2026\/02\/img_920x518uu2026-02-25-19-10-07-2423662.jpg\",\"keywords\":[\"desporto\",\"Elvas\",\"futebol\",\"gest\u00e3o\",\"SAD\",\"transpar\u00eancia p\u00fablica\"],\"articleSection\":[\"Desporto\",\"Futebol\"],\"inLanguage\":\"pt-PT\"},{\"@type\":\"WebPage\",\"@id\":\"https:\/\/portaltela.pt\/noticias\/2026\/02\/25\/polemica-no-elvas-clube-responde-a-acusacoes-da-sad\/\",\"url\":\"https:\/\/portaltela.pt\/noticias\/2026\/02\/25\/polemica-no-elvas-clube-responde-a-acusacoes-da-sad\/\",\"name\":\"Pol\u00e9mica no Elvas: clube responde a acusa\u00e7\u00f5es da SAD - Portal Tela Portugal\",\"isPartOf\":{\"@id\":\"https:\/\/portaltela.pt\/#website\"},\"primaryImageOfPage\":{\"@id\":\"https:\/\/portaltela.pt\/noticias\/2026\/02\/25\/polemica-no-elvas-clube-responde-a-acusacoes-da-sad\/#primaryimage\"},\"image\":{\"@id\":\"https:\/\/portaltela.pt\/noticias\/2026\/02\/25\/polemica-no-elvas-clube-responde-a-acusacoes-da-sad\/#primaryimage\"},\"thumbnailUrl\":\"https:\/\/portaltela.pt\/s.01k8rhncp4jt1\/2026\/02\/img_920x518uu2026-02-25-19-10-07-2423662.jpg\",\"datePublished\":\"2026-02-25T19:32:35+00:00\",\"author\":{\"@id\":\"https:\/\/portaltela.pt\/#\/schema\/person\/c4278d4a6028830caff9ee44b42d32ed\"},\"breadcrumb\":{\"@id\":\"https:\/\/portaltela.pt\/noticias\/2026\/02\/25\/polemica-no-elvas-clube-responde-a-acusacoes-da-sad\/#breadcrumb\"},\"inLanguage\":\"pt-PT\",\"potentialAction\":[{\"@type\":\"ReadAction\",\"target\":[\"https:\/\/portaltela.pt\/noticias\/2026\/02\/25\/polemica-no-elvas-clube-responde-a-acusacoes-da-sad\/\"]}]},{\"@type\":\"ImageObject\",\"inLanguage\":\"pt-PT\",\"@id\":\"https:\/\/portaltela.pt\/noticias\/2026\/02\/25\/polemica-no-elvas-clube-responde-a-acusacoes-da-sad\/#primaryimage\",\"url\":\"https:\/\/portaltela.pt\/s.01k8rhncp4jt1\/2026\/02\/img_920x518uu2026-02-25-19-10-07-2423662.jpg\",\"contentUrl\":\"https:\/\/portaltela.pt\/s.01k8rhncp4jt1\/2026\/02\/img_920x518uu2026-02-25-19-10-07-2423662.jpg\",\"width\":796,\"height\":448,\"caption\":\"Est\u00e1dio Patalino, casa do Elvas\"},{\"@type\":\"BreadcrumbList\",\"@id\":\"https:\/\/portaltela.pt\/noticias\/2026\/02\/25\/polemica-no-elvas-clube-responde-a-acusacoes-da-sad\/#breadcrumb\",\"itemListElement\":[{\"@type\":\"ListItem\",\"position\":1,\"name\":\"In\u00edcio\",\"item\":\"https:\/\/portaltela.pt\/\"},{\"@type\":\"ListItem\",\"position\":2,\"name\":\"Pol\u00e9mica no Elvas: clube responde a acusa\u00e7\u00f5es da SAD\"}]},{\"@type\":\"WebSite\",\"@id\":\"https:\/\/portaltela.pt\/#website\",\"url\":\"https:\/\/portaltela.pt\/\",\"name\":\"Portal Tela Portugal\",\"description\":\"\",\"potentialAction\":[{\"@type\":\"SearchAction\",\"target\":{\"@type\":\"EntryPoint\",\"urlTemplate\":\"https:\/\/portaltela.pt\/?s={search_term_string}\"},\"query-input\":{\"@type\":\"PropertyValueSpecification\",\"valueRequired\":true,\"valueName\":\"search_term_string\"}}],\"inLanguage\":\"pt-PT\"},{\"@type\":\"Person\",\"@id\":\"https:\/\/portaltela.pt\/#\/schema\/person\/c4278d4a6028830caff9ee44b42d32ed\",\"name\":\"Telinha\",\"image\":{\"@type\":\"ImageObject\",\"inLanguage\":\"pt-PT\",\"@id\":\"https:\/\/portaltela.pt\/s.01k8rhncp4jt1\/2025\/11\/talking-bot-125x125.png\",\"url\":\"https:\/\/portaltela.pt\/s.01k8rhncp4jt1\/2025\/11\/talking-bot-125x125.png\",\"contentUrl\":\"https:\/\/portaltela.pt\/s.01k8rhncp4jt1\/2025\/11\/talking-bot-125x125.png\",\"caption\":\"Telinha\"},\"sameAs\":[\"https:\/\/portaltela.pt\/\"],\"url\":\"https:\/\/portaltela.pt\/por\/367410592786\/\"}]}<\/script>\n<!-- \/ Yoast SEO plugin. -->","yoast_head_json":{"title":"Pol\u00e9mica no Elvas: clube responde a acusa\u00e7\u00f5es da SAD - Portal Tela Portugal","robots":{"index":"index","follow":"follow","max-snippet":"max-snippet:-1","max-image-preview":"max-image-preview:large","max-video-preview":"max-video-preview:-1"},"og_locale":"pt_PT","og_type":"article","og_title":"Pol\u00e9mica no Elvas: clube responde a acusa\u00e7\u00f5es da SAD - Portal Tela Portugal","og_description":"O Elvas Clube Alentejano de Desportos reagiu em comunicado \u00e0s acusa\u00e7\u00f5es da SAD, que alegaram recusa em fornecer documentos para certifica\u00e7\u00e3o das contas. O comunicado \u00e9 assinado pelo presidente, Jo\u00e3o Pedro Vilame\u00e3 da Silva Ruas, e pelos atuais \u00f3rg\u00e3os sociais, que salientam deter 5% do capital social da SAD, posi\u00e7\u00e3o minorit\u00e1ria sem poder deliberativo. O clube afirma ter contribu\u00eddo de forma transparente para os protocolos com a SAD e ter solicitado v\u00e1rias vezes presta\u00e7\u00e3o de contas, sem que as informa\u00e7\u00f5es tenham sido prestadas nem pagas. O Elvas mostra-se expectante quanto \u00e0 reestrutura\u00e7\u00e3o administrativa anunciada pela SAD ap\u00f3s a sa\u00edda de Vincenzo de Caci, apontando pr\u00e1ticas de opacidade contabil\u00edstica e campanhas de desinforma\u00e7\u00e3o.","og_url":"https:\/\/portaltela.pt\/noticias\/2026\/02\/25\/polemica-no-elvas-clube-responde-a-acusacoes-da-sad\/","og_site_name":"Portal Tela Portugal","article_published_time":"2026-02-25T19:32:35+00:00","author":"Telinha","twitter_card":"summary_large_image","twitter_misc":{"Escrito por":"Telinha","Tempo estimado de leitura":"1 minuto"},"schema":{"@context":"https:\/\/schema.org","@graph":[{"@type":"Article","@id":"https:\/\/portaltela.pt\/noticias\/2026\/02\/25\/polemica-no-elvas-clube-responde-a-acusacoes-da-sad\/#article","isPartOf":{"@id":"https:\/\/portaltela.pt\/noticias\/2026\/02\/25\/polemica-no-elvas-clube-responde-a-acusacoes-da-sad\/"},"author":{"name":"Telinha","@id":"https:\/\/portaltela.pt\/#\/schema\/person\/c4278d4a6028830caff9ee44b42d32ed"},"headline":"Pol\u00e9mica no Elvas: clube responde a acusa\u00e7\u00f5es da SAD","datePublished":"2026-02-25T19:32:35+00:00","mainEntityOfPage":{"@id":"https:\/\/portaltela.pt\/noticias\/2026\/02\/25\/polemica-no-elvas-clube-responde-a-acusacoes-da-sad\/"},"wordCount":206,"image":{"@id":"https:\/\/portaltela.pt\/noticias\/2026\/02\/25\/polemica-no-elvas-clube-responde-a-acusacoes-da-sad\/#primaryimage"},"thumbnailUrl":"https:\/\/portaltela.pt\/s.01k8rhncp4jt1\/2026\/02\/img_920x518uu2026-02-25-19-10-07-2423662.jpg","keywords":["desporto","Elvas","futebol","gest\u00e3o","SAD","transpar\u00eancia p\u00fablica"],"articleSection":["Desporto","Futebol"],"inLanguage":"pt-PT"},{"@type":"WebPage","@id":"https:\/\/portaltela.pt\/noticias\/2026\/02\/25\/polemica-no-elvas-clube-responde-a-acusacoes-da-sad\/","url":"https:\/\/portaltela.pt\/noticias\/2026\/02\/25\/polemica-no-elvas-clube-responde-a-acusacoes-da-sad\/","name":"Pol\u00e9mica no Elvas: clube responde a acusa\u00e7\u00f5es da SAD - Portal Tela Portugal","isPartOf":{"@id":"https:\/\/portaltela.pt\/#website"},"primaryImageOfPage":{"@id":"https:\/\/portaltela.pt\/noticias\/2026\/02\/25\/polemica-no-elvas-clube-responde-a-acusacoes-da-sad\/#primaryimage"},"image":{"@id":"https:\/\/portaltela.pt\/noticias\/2026\/02\/25\/polemica-no-elvas-clube-responde-a-acusacoes-da-sad\/#primaryimage"},"thumbnailUrl":"https:\/\/portaltela.pt\/s.01k8rhncp4jt1\/2026\/02\/img_920x518uu2026-02-25-19-10-07-2423662.jpg","datePublished":"2026-02-25T19:32:35+00:00","author":{"@id":"https:\/\/portaltela.pt\/#\/schema\/person\/c4278d4a6028830caff9ee44b42d32ed"},"breadcrumb":{"@id":"https:\/\/portaltela.pt\/noticias\/2026\/02\/25\/polemica-no-elvas-clube-responde-a-acusacoes-da-sad\/#breadcrumb"},"inLanguage":"pt-PT","potentialAction":[{"@type":"ReadAction","target":["https:\/\/portaltela.pt\/noticias\/2026\/02\/25\/polemica-no-elvas-clube-responde-a-acusacoes-da-sad\/"]}]},{"@type":"ImageObject","inLanguage":"pt-PT","@id":"https:\/\/portaltela.pt\/noticias\/2026\/02\/25\/polemica-no-elvas-clube-responde-a-acusacoes-da-sad\/#primaryimage","url":"https:\/\/portaltela.pt\/s.01k8rhncp4jt1\/2026\/02\/img_920x518uu2026-02-25-19-10-07-2423662.jpg","contentUrl":"https:\/\/portaltela.pt\/s.01k8rhncp4jt1\/2026\/02\/img_920x518uu2026-02-25-19-10-07-2423662.jpg","width":796,"height":448,"caption":"Est\u00e1dio Patalino, casa do Elvas"},{"@type":"BreadcrumbList","@id":"https:\/\/portaltela.pt\/noticias\/2026\/02\/25\/polemica-no-elvas-clube-responde-a-acusacoes-da-sad\/#breadcrumb","itemListElement":[{"@type":"ListItem","position":1,"name":"In\u00edcio","item":"https:\/\/portaltela.pt\/"},{"@type":"ListItem","position":2,"name":"Pol\u00e9mica no Elvas: clube responde a acusa\u00e7\u00f5es da SAD"}]},{"@type":"WebSite","@id":"https:\/\/portaltela.pt\/#website","url":"https:\/\/portaltela.pt\/","name":"Portal Tela Portugal","description":"","potentialAction":[{"@type":"SearchAction","target":{"@type":"EntryPoint","urlTemplate":"https:\/\/portaltela.pt\/?s={search_term_string}"},"query-input":{"@type":"PropertyValueSpecification","valueRequired":true,"valueName":"search_term_string"}}],"inLanguage":"pt-PT"},{"@type":"Person","@id":"https:\/\/portaltela.pt\/#\/schema\/person\/c4278d4a6028830caff9ee44b42d32ed","name":"Telinha","image":{"@type":"ImageObject","inLanguage":"pt-PT","@id":"https:\/\/portaltela.pt\/s.01k8rhncp4jt1\/2025\/11\/talking-bot-125x125.png","url":"https:\/\/portaltela.pt\/s.01k8rhncp4jt1\/2025\/11\/talking-bot-125x125.png","contentUrl":"https:\/\/portaltela.pt\/s.01k8rhncp4jt1\/2025\/11\/talking-bot-125x125.png","caption":"Telinha"},"sameAs":["https:\/\/portaltela.pt\/"],"url":"https:\/\/portaltela.pt\/por\/367410592786\/"}]}},"_links":{"self":[{"href":"https:\/\/portaltela.pt\/api\/wp\/v2\/posts\/388086","targetHints":{"allow":["GET"]}}],"collection":[{"href":"https:\/\/portaltela.pt\/api\/wp\/v2\/posts"}],"about":[{"href":"https:\/\/portaltela.pt\/api\/wp\/v2\/types\/post"}],"author":[{"embeddable":true,"href":"https:\/\/portaltela.pt\/api\/wp\/v2\/users\/2"}],"replies":[{"embeddable":true,"href":"https:\/\/portaltela.pt\/api\/wp\/v2\/comments?post=388086"}],"version-history":[{"count":0,"href":"https:\/\/portaltela.pt\/api\/wp\/v2\/posts\/388086\/revisions"}],"wp:featuredmedia":[{"embeddable":true,"href":"https:\/\/portaltela.pt\/api\/wp\/v2\/media\/388098"}],"wp:attachment":[{"href":"https:\/\/portaltela.pt\/api\/wp\/v2\/media?parent=388086"}],"wp:term":[{"taxonomy":"category","embeddable":true,"href":"https:\/\/portaltela.pt\/api\/wp\/v2\/categories?post=388086"},{"taxonomy":"post_tag","embeddable":true,"href":"https:\/\/portaltela.pt\/api\/wp\/v2\/tags?post=388086"}],"curies":[{"name":"wp","href":"https:\/\/api.w.org\/{rel}","templated":true}]}}