{"id":388076,"date":"2026-02-25T16:40:00","date_gmt":"2026-02-25T19:40:00","guid":{"rendered":"https:\/\/portaltela.pt\/noticias\/2026\/02\/25\/rei-da-noruega-hospitalizado-em-tenerife-durante-ferias-privadas\/"},"modified":"2026-02-25T16:40:00","modified_gmt":"2026-02-25T19:40:00","slug":"rei-da-noruega-hospitalizado-em-tenerife-durante-ferias-privadas","status":"publish","type":"post","link":"https:\/\/portaltela.pt\/noticias\/internacional\/2026\/02\/25\/rei-da-noruega-hospitalizado-em-tenerife-durante-ferias-privadas\/","title":{"rendered":"Rei da Noruega hospitalizado em Tenerife durante f\u00e9rias privadas"},"content":{"rendered":"<p>O rei Harald V da Noruega foi hospitalizado no sul de Tenerife, ap\u00f3s diagn\u00f3stico de infe\u00e7\u00e3o e desidrata\u00e7\u00e3o, durante f\u00e9rias privadas. A confirma\u00e7\u00e3o veio atrav\u00e9s de um comunicado oficial da Casa Real norueguesa.<\/p>\n<p>O monarca est\u00e1 a receber tratamento no Hospiten Sur Tenerife, em Arona. O m\u00e9dico pessoal acompanhou a viagem para estar junto das equipas m\u00e9dicas locais.<\/p>\n<p>Harald V, com 89 anos, \u00e9 o monarca mais antigo em fun\u00e7\u00f5es na Europa e tem exercido o cargo desde 1991, como chefe de Estado cerimonial da Noruega.<\/p>\n<p>O primeiro-ministro noruegu\u00eas, Jonas Gahr St\u00f8re, reiterou apoio ao rei numa desloca\u00e7\u00e3o oficial \u00e0 Ucr\u00e2nia, desejando uma r\u00e1pida recupera\u00e7\u00e3o.<\/p>\n<h3>Contexto recente e historial m\u00e9dico<\/h3>\n<p>Em 2024, Harald V j\u00e1 tinha sido Hospitalizado durante uma viagem \u00e0 Mal\u00e1sia devido a uma infe\u00e7\u00e3o, ocasi\u00e3o em que lhe foi implantado um pacemaker tempor\u00e1rio. Posteriormente, foi transferido para a Noruega para receber um dispositivo permanente.<\/p>\n","protected":false},"excerpt":{"rendered":"<ul>\n<li>O rei da Noruega, Harald V, foi hospitalizado no sul de Tenerife ap\u00f3s diagn\u00f3stico de infe\u00e7\u00e3o e desidrata\u00e7\u00e3o durante f\u00e9rias privadas com a rainha S\u00f4nia.<\/li>\n<li>A Casa Real confirmou o caso, dizendo que o soberano est\u00e1 \u201cem bom estado geral\u201d e recebe tratamento no Hospiten Sur Tenerife, em Arona.<\/li>\n<li>O m\u00e9dico pessoal do monarcha seguiu viagem para Tenerife para acompanhar a situa\u00e7\u00e3o cl\u00ednica.<\/li>\n<li>Harald V tem 89 anos e \u00e9 o monarca em fun\u00e7\u00f5es mais antigo da Europa; est\u00e1 no trono desde 1991.<\/li>\n<li>O primeiro-ministro noruegu\u00eas, Jonas Gahr St\u00f8re, desejou uma r\u00e1pida recupera\u00e7\u00e3o ao rei; em 2024 o monarca j\u00e1 tinha sido hospitalizado na Mal\u00e1sia com necessidade de pacemaker tempor\u00e1rio.<\/li>\n<\/ul>\n","protected":false},"author":2,"featured_media":388083,"comment_status":"closed","ping_status":"closed","sticky":false,"template":"","format":"standard","meta":{"footnotes":""},"categories":[4,1],"tags":[2487,2581,3166,2125,172,6037],"class_list":["post-388076","post","type-post","status-publish","format-standard","has-post-thumbnail","hentry","category-internacional","category-noticias","tag-europa","tag-hospitais","tag-infecao","tag-noruega","tag-saude","tag-viagens-internacionais"],"yoast_head":"<!-- This site is optimized with the Yoast SEO plugin v27.2 - https:\/\/yoast.com\/product\/yoast-seo-wordpress\/ -->\n<title>Rei da Noruega hospitalizado em Tenerife durante f\u00e9rias privadas - Portal Tela Portugal<\/title>\n<meta name=\"robots\" content=\"index, follow, max-snippet:-1, max-image-preview:large, max-video-preview:-1\" \/>\n<meta property=\"og:locale\" content=\"pt_PT\" \/>\n<meta property=\"og:type\" content=\"article\" \/>\n<meta property=\"og:title\" content=\"Rei da Noruega hospitalizado em Tenerife durante f\u00e9rias privadas - Portal Tela Portugal\" \/>\n<meta property=\"og:description\" content=\"O rei da Noruega, Harald V, foi hospitalizado no sul de Tenerife ap\u00f3s diagn\u00f3stico de infe\u00e7\u00e3o e desidrata\u00e7\u00e3o durante f\u00e9rias privadas com a rainha S\u00f4nia. A Casa Real confirmou o caso, dizendo que o soberano est\u00e1 \u201cem bom estado geral\u201d e recebe tratamento no Hospiten Sur Tenerife, em Arona. O m\u00e9dico pessoal do monarcha seguiu viagem para Tenerife para acompanhar a situa\u00e7\u00e3o cl\u00ednica. Harald V tem 89 anos e \u00e9 o monarca em fun\u00e7\u00f5es mais antigo da Europa; est\u00e1 no trono desde 1991. O primeiro-ministro noruegu\u00eas, Jonas Gahr St\u00f8re, desejou uma r\u00e1pida recupera\u00e7\u00e3o ao rei; em 2024 o monarca j\u00e1 tinha sido hospitalizado na Mal\u00e1sia com necessidade de pacemaker tempor\u00e1rio.\" \/>\n<meta property=\"og:url\" content=\"https:\/\/portaltela.pt\/noticias\/2026\/02\/25\/rei-da-noruega-hospitalizado-em-tenerife-durante-ferias-privadas\/\" \/>\n<meta property=\"og:site_name\" content=\"Portal Tela Portugal\" \/>\n<meta property=\"article:published_time\" content=\"2026-02-25T19:40:00+00:00\" \/>\n<meta name=\"author\" content=\"Telinha\" \/>\n<meta name=\"twitter:card\" content=\"summary_large_image\" \/>\n<meta name=\"twitter:label1\" content=\"Escrito por\" \/>\n\t<meta name=\"twitter:data1\" content=\"Telinha\" \/>\n\t<meta name=\"twitter:label2\" content=\"Tempo estimado de leitura\" \/>\n\t<meta name=\"twitter:data2\" content=\"1 minuto\" \/>\n<script type=\"application\/ld+json\" class=\"yoast-schema-graph\">{\"@context\":\"https:\/\/schema.org\",\"@graph\":[{\"@type\":\"Article\",\"@id\":\"https:\/\/portaltela.pt\/noticias\/2026\/02\/25\/rei-da-noruega-hospitalizado-em-tenerife-durante-ferias-privadas\/#article\",\"isPartOf\":{\"@id\":\"https:\/\/portaltela.pt\/noticias\/2026\/02\/25\/rei-da-noruega-hospitalizado-em-tenerife-durante-ferias-privadas\/\"},\"author\":{\"name\":\"Telinha\",\"@id\":\"https:\/\/portaltela.pt\/#\/schema\/person\/c4278d4a6028830caff9ee44b42d32ed\"},\"headline\":\"Rei da Noruega hospitalizado em Tenerife durante f\u00e9rias privadas\",\"datePublished\":\"2026-02-25T19:40:00+00:00\",\"mainEntityOfPage\":{\"@id\":\"https:\/\/portaltela.pt\/noticias\/2026\/02\/25\/rei-da-noruega-hospitalizado-em-tenerife-durante-ferias-privadas\/\"},\"wordCount\":172,\"image\":{\"@id\":\"https:\/\/portaltela.pt\/noticias\/2026\/02\/25\/rei-da-noruega-hospitalizado-em-tenerife-durante-ferias-privadas\/#primaryimage\"},\"thumbnailUrl\":\"https:\/\/portaltela.pt\/s.01k8rhncp4jt1\/2026\/02\/img_1280x718uu2026-02-25-12-23-22-2268909-im-639076190173114091.jpg\",\"keywords\":[\"Europa\",\"hospitais\",\"infe\u00e7\u00e3o\",\"Noruega\",\"sa\u00fade\",\"viagens internacionais\"],\"articleSection\":[\"Internacional\",\"Not\u00edcias\"],\"inLanguage\":\"pt-PT\"},{\"@type\":\"WebPage\",\"@id\":\"https:\/\/portaltela.pt\/noticias\/2026\/02\/25\/rei-da-noruega-hospitalizado-em-tenerife-durante-ferias-privadas\/\",\"url\":\"https:\/\/portaltela.pt\/noticias\/2026\/02\/25\/rei-da-noruega-hospitalizado-em-tenerife-durante-ferias-privadas\/\",\"name\":\"Rei da Noruega hospitalizado em Tenerife durante f\u00e9rias privadas - Portal Tela Portugal\",\"isPartOf\":{\"@id\":\"https:\/\/portaltela.pt\/#website\"},\"primaryImageOfPage\":{\"@id\":\"https:\/\/portaltela.pt\/noticias\/2026\/02\/25\/rei-da-noruega-hospitalizado-em-tenerife-durante-ferias-privadas\/#primaryimage\"},\"image\":{\"@id\":\"https:\/\/portaltela.pt\/noticias\/2026\/02\/25\/rei-da-noruega-hospitalizado-em-tenerife-durante-ferias-privadas\/#primaryimage\"},\"thumbnailUrl\":\"https:\/\/portaltela.pt\/s.01k8rhncp4jt1\/2026\/02\/img_1280x718uu2026-02-25-12-23-22-2268909-im-639076190173114091.jpg\",\"datePublished\":\"2026-02-25T19:40:00+00:00\",\"author\":{\"@id\":\"https:\/\/portaltela.pt\/#\/schema\/person\/c4278d4a6028830caff9ee44b42d32ed\"},\"breadcrumb\":{\"@id\":\"https:\/\/portaltela.pt\/noticias\/2026\/02\/25\/rei-da-noruega-hospitalizado-em-tenerife-durante-ferias-privadas\/#breadcrumb\"},\"inLanguage\":\"pt-PT\",\"potentialAction\":[{\"@type\":\"ReadAction\",\"target\":[\"https:\/\/portaltela.pt\/noticias\/2026\/02\/25\/rei-da-noruega-hospitalizado-em-tenerife-durante-ferias-privadas\/\"]}]},{\"@type\":\"ImageObject\",\"inLanguage\":\"pt-PT\",\"@id\":\"https:\/\/portaltela.pt\/noticias\/2026\/02\/25\/rei-da-noruega-hospitalizado-em-tenerife-durante-ferias-privadas\/#primaryimage\",\"url\":\"https:\/\/portaltela.pt\/s.01k8rhncp4jt1\/2026\/02\/img_1280x718uu2026-02-25-12-23-22-2268909-im-639076190173114091.jpg\",\"contentUrl\":\"https:\/\/portaltela.pt\/s.01k8rhncp4jt1\/2026\/02\/img_1280x718uu2026-02-25-12-23-22-2268909-im-639076190173114091.jpg\",\"width\":796,\"height\":448,\"caption\":\"Harald V\"},{\"@type\":\"BreadcrumbList\",\"@id\":\"https:\/\/portaltela.pt\/noticias\/2026\/02\/25\/rei-da-noruega-hospitalizado-em-tenerife-durante-ferias-privadas\/#breadcrumb\",\"itemListElement\":[{\"@type\":\"ListItem\",\"position\":1,\"name\":\"In\u00edcio\",\"item\":\"https:\/\/portaltela.pt\/\"},{\"@type\":\"ListItem\",\"position\":2,\"name\":\"Rei da Noruega hospitalizado em Tenerife durante f\u00e9rias privadas\"}]},{\"@type\":\"WebSite\",\"@id\":\"https:\/\/portaltela.pt\/#website\",\"url\":\"https:\/\/portaltela.pt\/\",\"name\":\"Portal Tela Portugal\",\"description\":\"\",\"potentialAction\":[{\"@type\":\"SearchAction\",\"target\":{\"@type\":\"EntryPoint\",\"urlTemplate\":\"https:\/\/portaltela.pt\/?s={search_term_string}\"},\"query-input\":{\"@type\":\"PropertyValueSpecification\",\"valueRequired\":true,\"valueName\":\"search_term_string\"}}],\"inLanguage\":\"pt-PT\"},{\"@type\":\"Person\",\"@id\":\"https:\/\/portaltela.pt\/#\/schema\/person\/c4278d4a6028830caff9ee44b42d32ed\",\"name\":\"Telinha\",\"image\":{\"@type\":\"ImageObject\",\"inLanguage\":\"pt-PT\",\"@id\":\"https:\/\/portaltela.pt\/s.01k8rhncp4jt1\/2025\/11\/talking-bot-125x125.png\",\"url\":\"https:\/\/portaltela.pt\/s.01k8rhncp4jt1\/2025\/11\/talking-bot-125x125.png\",\"contentUrl\":\"https:\/\/portaltela.pt\/s.01k8rhncp4jt1\/2025\/11\/talking-bot-125x125.png\",\"caption\":\"Telinha\"},\"sameAs\":[\"https:\/\/portaltela.pt\/\"],\"url\":\"https:\/\/portaltela.pt\/por\/367410592786\/\"}]}<\/script>\n<!-- \/ Yoast SEO plugin. -->","yoast_head_json":{"title":"Rei da Noruega hospitalizado em Tenerife durante f\u00e9rias privadas - Portal Tela Portugal","robots":{"index":"index","follow":"follow","max-snippet":"max-snippet:-1","max-image-preview":"max-image-preview:large","max-video-preview":"max-video-preview:-1"},"og_locale":"pt_PT","og_type":"article","og_title":"Rei da Noruega hospitalizado em Tenerife durante f\u00e9rias privadas - Portal Tela Portugal","og_description":"O rei da Noruega, Harald V, foi hospitalizado no sul de Tenerife ap\u00f3s diagn\u00f3stico de infe\u00e7\u00e3o e desidrata\u00e7\u00e3o durante f\u00e9rias privadas com a rainha S\u00f4nia. A Casa Real confirmou o caso, dizendo que o soberano est\u00e1 \u201cem bom estado geral\u201d e recebe tratamento no Hospiten Sur Tenerife, em Arona. O m\u00e9dico pessoal do monarcha seguiu viagem para Tenerife para acompanhar a situa\u00e7\u00e3o cl\u00ednica. Harald V tem 89 anos e \u00e9 o monarca em fun\u00e7\u00f5es mais antigo da Europa; est\u00e1 no trono desde 1991. O primeiro-ministro noruegu\u00eas, Jonas Gahr St\u00f8re, desejou uma r\u00e1pida recupera\u00e7\u00e3o ao rei; em 2024 o monarca j\u00e1 tinha sido hospitalizado na Mal\u00e1sia com necessidade de pacemaker tempor\u00e1rio.","og_url":"https:\/\/portaltela.pt\/noticias\/2026\/02\/25\/rei-da-noruega-hospitalizado-em-tenerife-durante-ferias-privadas\/","og_site_name":"Portal Tela Portugal","article_published_time":"2026-02-25T19:40:00+00:00","author":"Telinha","twitter_card":"summary_large_image","twitter_misc":{"Escrito por":"Telinha","Tempo estimado de leitura":"1 minuto"},"schema":{"@context":"https:\/\/schema.org","@graph":[{"@type":"Article","@id":"https:\/\/portaltela.pt\/noticias\/2026\/02\/25\/rei-da-noruega-hospitalizado-em-tenerife-durante-ferias-privadas\/#article","isPartOf":{"@id":"https:\/\/portaltela.pt\/noticias\/2026\/02\/25\/rei-da-noruega-hospitalizado-em-tenerife-durante-ferias-privadas\/"},"author":{"name":"Telinha","@id":"https:\/\/portaltela.pt\/#\/schema\/person\/c4278d4a6028830caff9ee44b42d32ed"},"headline":"Rei da Noruega hospitalizado em Tenerife durante f\u00e9rias privadas","datePublished":"2026-02-25T19:40:00+00:00","mainEntityOfPage":{"@id":"https:\/\/portaltela.pt\/noticias\/2026\/02\/25\/rei-da-noruega-hospitalizado-em-tenerife-durante-ferias-privadas\/"},"wordCount":172,"image":{"@id":"https:\/\/portaltela.pt\/noticias\/2026\/02\/25\/rei-da-noruega-hospitalizado-em-tenerife-durante-ferias-privadas\/#primaryimage"},"thumbnailUrl":"https:\/\/portaltela.pt\/s.01k8rhncp4jt1\/2026\/02\/img_1280x718uu2026-02-25-12-23-22-2268909-im-639076190173114091.jpg","keywords":["Europa","hospitais","infe\u00e7\u00e3o","Noruega","sa\u00fade","viagens internacionais"],"articleSection":["Internacional","Not\u00edcias"],"inLanguage":"pt-PT"},{"@type":"WebPage","@id":"https:\/\/portaltela.pt\/noticias\/2026\/02\/25\/rei-da-noruega-hospitalizado-em-tenerife-durante-ferias-privadas\/","url":"https:\/\/portaltela.pt\/noticias\/2026\/02\/25\/rei-da-noruega-hospitalizado-em-tenerife-durante-ferias-privadas\/","name":"Rei da Noruega hospitalizado em Tenerife durante f\u00e9rias privadas - Portal Tela Portugal","isPartOf":{"@id":"https:\/\/portaltela.pt\/#website"},"primaryImageOfPage":{"@id":"https:\/\/portaltela.pt\/noticias\/2026\/02\/25\/rei-da-noruega-hospitalizado-em-tenerife-durante-ferias-privadas\/#primaryimage"},"image":{"@id":"https:\/\/portaltela.pt\/noticias\/2026\/02\/25\/rei-da-noruega-hospitalizado-em-tenerife-durante-ferias-privadas\/#primaryimage"},"thumbnailUrl":"https:\/\/portaltela.pt\/s.01k8rhncp4jt1\/2026\/02\/img_1280x718uu2026-02-25-12-23-22-2268909-im-639076190173114091.jpg","datePublished":"2026-02-25T19:40:00+00:00","author":{"@id":"https:\/\/portaltela.pt\/#\/schema\/person\/c4278d4a6028830caff9ee44b42d32ed"},"breadcrumb":{"@id":"https:\/\/portaltela.pt\/noticias\/2026\/02\/25\/rei-da-noruega-hospitalizado-em-tenerife-durante-ferias-privadas\/#breadcrumb"},"inLanguage":"pt-PT","potentialAction":[{"@type":"ReadAction","target":["https:\/\/portaltela.pt\/noticias\/2026\/02\/25\/rei-da-noruega-hospitalizado-em-tenerife-durante-ferias-privadas\/"]}]},{"@type":"ImageObject","inLanguage":"pt-PT","@id":"https:\/\/portaltela.pt\/noticias\/2026\/02\/25\/rei-da-noruega-hospitalizado-em-tenerife-durante-ferias-privadas\/#primaryimage","url":"https:\/\/portaltela.pt\/s.01k8rhncp4jt1\/2026\/02\/img_1280x718uu2026-02-25-12-23-22-2268909-im-639076190173114091.jpg","contentUrl":"https:\/\/portaltela.pt\/s.01k8rhncp4jt1\/2026\/02\/img_1280x718uu2026-02-25-12-23-22-2268909-im-639076190173114091.jpg","width":796,"height":448,"caption":"Harald V"},{"@type":"BreadcrumbList","@id":"https:\/\/portaltela.pt\/noticias\/2026\/02\/25\/rei-da-noruega-hospitalizado-em-tenerife-durante-ferias-privadas\/#breadcrumb","itemListElement":[{"@type":"ListItem","position":1,"name":"In\u00edcio","item":"https:\/\/portaltela.pt\/"},{"@type":"ListItem","position":2,"name":"Rei da Noruega hospitalizado em Tenerife durante f\u00e9rias privadas"}]},{"@type":"WebSite","@id":"https:\/\/portaltela.pt\/#website","url":"https:\/\/portaltela.pt\/","name":"Portal Tela Portugal","description":"","potentialAction":[{"@type":"SearchAction","target":{"@type":"EntryPoint","urlTemplate":"https:\/\/portaltela.pt\/?s={search_term_string}"},"query-input":{"@type":"PropertyValueSpecification","valueRequired":true,"valueName":"search_term_string"}}],"inLanguage":"pt-PT"},{"@type":"Person","@id":"https:\/\/portaltela.pt\/#\/schema\/person\/c4278d4a6028830caff9ee44b42d32ed","name":"Telinha","image":{"@type":"ImageObject","inLanguage":"pt-PT","@id":"https:\/\/portaltela.pt\/s.01k8rhncp4jt1\/2025\/11\/talking-bot-125x125.png","url":"https:\/\/portaltela.pt\/s.01k8rhncp4jt1\/2025\/11\/talking-bot-125x125.png","contentUrl":"https:\/\/portaltela.pt\/s.01k8rhncp4jt1\/2025\/11\/talking-bot-125x125.png","caption":"Telinha"},"sameAs":["https:\/\/portaltela.pt\/"],"url":"https:\/\/portaltela.pt\/por\/367410592786\/"}]}},"_links":{"self":[{"href":"https:\/\/portaltela.pt\/api\/wp\/v2\/posts\/388076","targetHints":{"allow":["GET"]}}],"collection":[{"href":"https:\/\/portaltela.pt\/api\/wp\/v2\/posts"}],"about":[{"href":"https:\/\/portaltela.pt\/api\/wp\/v2\/types\/post"}],"author":[{"embeddable":true,"href":"https:\/\/portaltela.pt\/api\/wp\/v2\/users\/2"}],"replies":[{"embeddable":true,"href":"https:\/\/portaltela.pt\/api\/wp\/v2\/comments?post=388076"}],"version-history":[{"count":0,"href":"https:\/\/portaltela.pt\/api\/wp\/v2\/posts\/388076\/revisions"}],"wp:featuredmedia":[{"embeddable":true,"href":"https:\/\/portaltela.pt\/api\/wp\/v2\/media\/388083"}],"wp:attachment":[{"href":"https:\/\/portaltela.pt\/api\/wp\/v2\/media?parent=388076"}],"wp:term":[{"taxonomy":"category","embeddable":true,"href":"https:\/\/portaltela.pt\/api\/wp\/v2\/categories?post=388076"},{"taxonomy":"post_tag","embeddable":true,"href":"https:\/\/portaltela.pt\/api\/wp\/v2\/tags?post=388076"}],"curies":[{"name":"wp","href":"https:\/\/api.w.org\/{rel}","templated":true}]}}