{"id":388053,"date":"2026-02-25T16:08:00","date_gmt":"2026-02-25T19:08:00","guid":{"rendered":"https:\/\/portaltela.pt\/noticias\/2026\/02\/25\/franca-aprova-lei-que-cria-direito-a-morte-assistida\/"},"modified":"2026-02-25T16:08:00","modified_gmt":"2026-02-25T19:08:00","slug":"franca-aprova-lei-que-cria-direito-a-morte-assistida","status":"publish","type":"post","link":"https:\/\/portaltela.pt\/noticias\/politica\/2026\/02\/25\/franca-aprova-lei-que-cria-direito-a-morte-assistida\/","title":{"rendered":"Fran\u00e7a aprova lei que cria direito \u00e0 morte assistida"},"content":{"rendered":"<p>A Assembleia Nacional Francesa aprovou, nesta quarta-feira, um projeto de lei que cria o direito \u00e0 morte assistida. A vota\u00e7\u00e3o marcou a conclus\u00e3o de um debate social que se prolonga h\u00e1 anos, apesar de resist\u00eancia no Senado.<\/p>\n<p>Na vota\u00e7\u00e3o final, o diploma obtive 299 votos a favor e 226 contra. Face a altera\u00e7\u00f5es, os deputados restabeleceram a autoadministra\u00e7\u00e3o da subst\u00e2ncia letal como regra, com a administra\u00e7\u00e3o por profissional de sa\u00fade como exce\u00e7\u00e3o.<\/p>\n<p>A norma permite que o doente administre a subst\u00e2ncia, salvo incapacidade f\u00edsica, caso em que m\u00e9dico ou enfermeiro pode administr\u00e1-la. Tamb\u00e9m ficou definida a necessidade de sofrimento real para justificar o acesso ao procedimento.<\/p>\n<p>O autor do projeto, Olivier Falorni, criticou a f\u00f3rmula que define o sofrimento, afirmando que cria uma hierarquia entre os tipos de sofrimento. Mant\u00eam-se crit\u00e9rios de elegibilidade, o procedimento colegial de avalia\u00e7\u00e3o e a cl\u00e1usula de obje\u00e7\u00e3o de consci\u00eancia.<\/p>\n<p>A aprova\u00e7\u00e3o ocorreu conjuntamente com um texto que refor\u00e7a os cuidados paliativos e prev\u00ea casas de apoio entre o domic\u00edlio e o hospital. Caso haja desacordo entre as c\u00e2maras, o Governo pode recorrer a mecanismos que d\u00e3o \u00e0 Assembleia Nacional a \u00faltima palavra ap\u00f3s nova leitura.<\/p>\n","protected":false},"excerpt":{"rendered":"<ul>\n<li>A Assembleia Nacional francesa aprovou o projeto de lei que cria o direito \u00e0 morte assistida; o Senado ter\u00e1 de analisar o texto, onde a maioria \u00e9 conservadora e j\u00e1 o rejeitou na primeira leitura.<\/li>\n<li>A vota\u00e7\u00e3o final, com 299 votos a favor e 226 contra, manteve altera\u00e7\u00f5es defendidas pelo Governo para restabelecer a autoadministra\u00e7\u00e3o da subst\u00e2ncia letal como regra, com a administra\u00e7\u00e3o por profissional de sa\u00fade apenas como exce\u00e7\u00e3o.<\/li>\n<li>O paciente passa a administrar a subst\u00e2ncia, salvo se estiver fisicamente incapaz de o fazer; nesse caso, um m\u00e9dico ou enfermeiro pode intervir.<\/li>\n<li>Foi tamb\u00e9m reiterada a defini\u00e7\u00e3o de sofrimento necess\u00e1ria para o acesso ao procedimento, aclarando que o sofrimento psicol\u00f3gico por si s\u00f3 n\u00e3o pode justificar a morte assistida.<\/li>\n<li>Mant\u00eam-se os crit\u00e9rios de elegibilidade, o procedimento colegial para an\u00e1lise dos pedidos e a cl\u00e1usula de obje\u00e7\u00e3o de consci\u00eancia; a lei inclui ainda um texto de refor\u00e7o dos cuidados paliativos e a cria\u00e7\u00e3o de casas de apoio entre o domic\u00edlio e o hospital.<\/li>\n<\/ul>\n","protected":false},"author":2,"featured_media":388075,"comment_status":"closed","ping_status":"closed","sticky":false,"template":"","format":"standard","meta":{"footnotes":""},"categories":[1,5],"tags":[5764,911,6337,6373,2633,229],"class_list":["post-388053","post","type-post","status-publish","format-standard","has-post-thumbnail","hentry","category-noticias","category-politica","tag-assistencia-de-saude","tag-cuidados-paliativos","tag-direito","tag-direitos","tag-direitos-humanos","tag-politica-publica"],"yoast_head":"<!-- This site is optimized with the Yoast SEO plugin v27.2 - https:\/\/yoast.com\/product\/yoast-seo-wordpress\/ -->\n<title>Fran\u00e7a aprova lei que cria direito \u00e0 morte assistida - Portal Tela Portugal<\/title>\n<meta name=\"robots\" content=\"index, follow, max-snippet:-1, max-image-preview:large, max-video-preview:-1\" \/>\n<meta property=\"og:locale\" content=\"pt_PT\" \/>\n<meta property=\"og:type\" content=\"article\" \/>\n<meta property=\"og:title\" content=\"Fran\u00e7a aprova lei que cria direito \u00e0 morte assistida - Portal Tela Portugal\" \/>\n<meta property=\"og:description\" content=\"A Assembleia Nacional francesa aprovou o projeto de lei que cria o direito \u00e0 morte assistida; o Senado ter\u00e1 de analisar o texto, onde a maioria \u00e9 conservadora e j\u00e1 o rejeitou na primeira leitura. A vota\u00e7\u00e3o final, com 299 votos a favor e 226 contra, manteve altera\u00e7\u00f5es defendidas pelo Governo para restabelecer a autoadministra\u00e7\u00e3o da subst\u00e2ncia letal como regra, com a administra\u00e7\u00e3o por profissional de sa\u00fade apenas como exce\u00e7\u00e3o. O paciente passa a administrar a subst\u00e2ncia, salvo se estiver fisicamente incapaz de o fazer; nesse caso, um m\u00e9dico ou enfermeiro pode intervir. Foi tamb\u00e9m reiterada a defini\u00e7\u00e3o de sofrimento necess\u00e1ria para o acesso ao procedimento, aclarando que o sofrimento psicol\u00f3gico por si s\u00f3 n\u00e3o pode justificar a morte assistida. Mant\u00eam-se os crit\u00e9rios de elegibilidade, o procedimento colegial para an\u00e1lise dos pedidos e a cl\u00e1usula de obje\u00e7\u00e3o de consci\u00eancia; a lei inclui ainda um texto de refor\u00e7o dos cuidados paliativos e a cria\u00e7\u00e3o de casas de apoio entre o domic\u00edlio e o hospital.\" \/>\n<meta property=\"og:url\" content=\"https:\/\/portaltela.pt\/noticias\/2026\/02\/25\/franca-aprova-lei-que-cria-direito-a-morte-assistida\/\" \/>\n<meta property=\"og:site_name\" content=\"Portal Tela Portugal\" \/>\n<meta property=\"article:published_time\" content=\"2026-02-25T19:08:00+00:00\" \/>\n<meta name=\"author\" content=\"Telinha\" \/>\n<meta name=\"twitter:card\" content=\"summary_large_image\" \/>\n<meta name=\"twitter:label1\" content=\"Escrito por\" \/>\n\t<meta name=\"twitter:data1\" content=\"Telinha\" \/>\n\t<meta name=\"twitter:label2\" content=\"Tempo estimado de leitura\" \/>\n\t<meta name=\"twitter:data2\" content=\"1 minuto\" \/>\n<script type=\"application\/ld+json\" class=\"yoast-schema-graph\">{\"@context\":\"https:\/\/schema.org\",\"@graph\":[{\"@type\":\"Article\",\"@id\":\"https:\/\/portaltela.pt\/noticias\/2026\/02\/25\/franca-aprova-lei-que-cria-direito-a-morte-assistida\/#article\",\"isPartOf\":{\"@id\":\"https:\/\/portaltela.pt\/noticias\/2026\/02\/25\/franca-aprova-lei-que-cria-direito-a-morte-assistida\/\"},\"author\":{\"name\":\"Telinha\",\"@id\":\"https:\/\/portaltela.pt\/#\/schema\/person\/c4278d4a6028830caff9ee44b42d32ed\"},\"headline\":\"Fran\u00e7a aprova lei que cria direito \u00e0 morte assistida\",\"datePublished\":\"2026-02-25T19:08:00+00:00\",\"mainEntityOfPage\":{\"@id\":\"https:\/\/portaltela.pt\/noticias\/2026\/02\/25\/franca-aprova-lei-que-cria-direito-a-morte-assistida\/\"},\"wordCount\":224,\"image\":{\"@id\":\"https:\/\/portaltela.pt\/noticias\/2026\/02\/25\/franca-aprova-lei-que-cria-direito-a-morte-assistida\/#primaryimage\"},\"thumbnailUrl\":\"https:\/\/portaltela.pt\/s.01k8rhncp4jt1\/2026\/02\/image-1870.jpg\",\"keywords\":[\"assist\u00eancia de sa\u00fade\",\"cuidados paliativos\",\"direito\",\"direitos\",\"direitos humanos\",\"pol\u00edtica p\u00fablica\"],\"articleSection\":[\"Not\u00edcias\",\"Pol\u00edtica\"],\"inLanguage\":\"pt-PT\"},{\"@type\":\"WebPage\",\"@id\":\"https:\/\/portaltela.pt\/noticias\/2026\/02\/25\/franca-aprova-lei-que-cria-direito-a-morte-assistida\/\",\"url\":\"https:\/\/portaltela.pt\/noticias\/2026\/02\/25\/franca-aprova-lei-que-cria-direito-a-morte-assistida\/\",\"name\":\"Fran\u00e7a aprova lei que cria direito \u00e0 morte assistida - Portal Tela Portugal\",\"isPartOf\":{\"@id\":\"https:\/\/portaltela.pt\/#website\"},\"primaryImageOfPage\":{\"@id\":\"https:\/\/portaltela.pt\/noticias\/2026\/02\/25\/franca-aprova-lei-que-cria-direito-a-morte-assistida\/#primaryimage\"},\"image\":{\"@id\":\"https:\/\/portaltela.pt\/noticias\/2026\/02\/25\/franca-aprova-lei-que-cria-direito-a-morte-assistida\/#primaryimage\"},\"thumbnailUrl\":\"https:\/\/portaltela.pt\/s.01k8rhncp4jt1\/2026\/02\/image-1870.jpg\",\"datePublished\":\"2026-02-25T19:08:00+00:00\",\"author\":{\"@id\":\"https:\/\/portaltela.pt\/#\/schema\/person\/c4278d4a6028830caff9ee44b42d32ed\"},\"breadcrumb\":{\"@id\":\"https:\/\/portaltela.pt\/noticias\/2026\/02\/25\/franca-aprova-lei-que-cria-direito-a-morte-assistida\/#breadcrumb\"},\"inLanguage\":\"pt-PT\",\"potentialAction\":[{\"@type\":\"ReadAction\",\"target\":[\"https:\/\/portaltela.pt\/noticias\/2026\/02\/25\/franca-aprova-lei-que-cria-direito-a-morte-assistida\/\"]}]},{\"@type\":\"ImageObject\",\"inLanguage\":\"pt-PT\",\"@id\":\"https:\/\/portaltela.pt\/noticias\/2026\/02\/25\/franca-aprova-lei-que-cria-direito-a-morte-assistida\/#primaryimage\",\"url\":\"https:\/\/portaltela.pt\/s.01k8rhncp4jt1\/2026\/02\/image-1870.jpg\",\"contentUrl\":\"https:\/\/portaltela.pt\/s.01k8rhncp4jt1\/2026\/02\/image-1870.jpg\",\"width\":796,\"height\":448,\"caption\":\"Foto: Paulo Cunha\/Lusa\"},{\"@type\":\"BreadcrumbList\",\"@id\":\"https:\/\/portaltela.pt\/noticias\/2026\/02\/25\/franca-aprova-lei-que-cria-direito-a-morte-assistida\/#breadcrumb\",\"itemListElement\":[{\"@type\":\"ListItem\",\"position\":1,\"name\":\"In\u00edcio\",\"item\":\"https:\/\/portaltela.pt\/\"},{\"@type\":\"ListItem\",\"position\":2,\"name\":\"Fran\u00e7a aprova lei que cria direito \u00e0 morte assistida\"}]},{\"@type\":\"WebSite\",\"@id\":\"https:\/\/portaltela.pt\/#website\",\"url\":\"https:\/\/portaltela.pt\/\",\"name\":\"Portal Tela Portugal\",\"description\":\"\",\"potentialAction\":[{\"@type\":\"SearchAction\",\"target\":{\"@type\":\"EntryPoint\",\"urlTemplate\":\"https:\/\/portaltela.pt\/?s={search_term_string}\"},\"query-input\":{\"@type\":\"PropertyValueSpecification\",\"valueRequired\":true,\"valueName\":\"search_term_string\"}}],\"inLanguage\":\"pt-PT\"},{\"@type\":\"Person\",\"@id\":\"https:\/\/portaltela.pt\/#\/schema\/person\/c4278d4a6028830caff9ee44b42d32ed\",\"name\":\"Telinha\",\"image\":{\"@type\":\"ImageObject\",\"inLanguage\":\"pt-PT\",\"@id\":\"https:\/\/portaltela.pt\/s.01k8rhncp4jt1\/2025\/11\/talking-bot-125x125.png\",\"url\":\"https:\/\/portaltela.pt\/s.01k8rhncp4jt1\/2025\/11\/talking-bot-125x125.png\",\"contentUrl\":\"https:\/\/portaltela.pt\/s.01k8rhncp4jt1\/2025\/11\/talking-bot-125x125.png\",\"caption\":\"Telinha\"},\"sameAs\":[\"https:\/\/portaltela.pt\/\"],\"url\":\"https:\/\/portaltela.pt\/por\/367410592786\/\"}]}<\/script>\n<!-- \/ Yoast SEO plugin. -->","yoast_head_json":{"title":"Fran\u00e7a aprova lei que cria direito \u00e0 morte assistida - Portal Tela Portugal","robots":{"index":"index","follow":"follow","max-snippet":"max-snippet:-1","max-image-preview":"max-image-preview:large","max-video-preview":"max-video-preview:-1"},"og_locale":"pt_PT","og_type":"article","og_title":"Fran\u00e7a aprova lei que cria direito \u00e0 morte assistida - Portal Tela Portugal","og_description":"A Assembleia Nacional francesa aprovou o projeto de lei que cria o direito \u00e0 morte assistida; o Senado ter\u00e1 de analisar o texto, onde a maioria \u00e9 conservadora e j\u00e1 o rejeitou na primeira leitura. A vota\u00e7\u00e3o final, com 299 votos a favor e 226 contra, manteve altera\u00e7\u00f5es defendidas pelo Governo para restabelecer a autoadministra\u00e7\u00e3o da subst\u00e2ncia letal como regra, com a administra\u00e7\u00e3o por profissional de sa\u00fade apenas como exce\u00e7\u00e3o. O paciente passa a administrar a subst\u00e2ncia, salvo se estiver fisicamente incapaz de o fazer; nesse caso, um m\u00e9dico ou enfermeiro pode intervir. Foi tamb\u00e9m reiterada a defini\u00e7\u00e3o de sofrimento necess\u00e1ria para o acesso ao procedimento, aclarando que o sofrimento psicol\u00f3gico por si s\u00f3 n\u00e3o pode justificar a morte assistida. Mant\u00eam-se os crit\u00e9rios de elegibilidade, o procedimento colegial para an\u00e1lise dos pedidos e a cl\u00e1usula de obje\u00e7\u00e3o de consci\u00eancia; a lei inclui ainda um texto de refor\u00e7o dos cuidados paliativos e a cria\u00e7\u00e3o de casas de apoio entre o domic\u00edlio e o hospital.","og_url":"https:\/\/portaltela.pt\/noticias\/2026\/02\/25\/franca-aprova-lei-que-cria-direito-a-morte-assistida\/","og_site_name":"Portal Tela Portugal","article_published_time":"2026-02-25T19:08:00+00:00","author":"Telinha","twitter_card":"summary_large_image","twitter_misc":{"Escrito por":"Telinha","Tempo estimado de leitura":"1 minuto"},"schema":{"@context":"https:\/\/schema.org","@graph":[{"@type":"Article","@id":"https:\/\/portaltela.pt\/noticias\/2026\/02\/25\/franca-aprova-lei-que-cria-direito-a-morte-assistida\/#article","isPartOf":{"@id":"https:\/\/portaltela.pt\/noticias\/2026\/02\/25\/franca-aprova-lei-que-cria-direito-a-morte-assistida\/"},"author":{"name":"Telinha","@id":"https:\/\/portaltela.pt\/#\/schema\/person\/c4278d4a6028830caff9ee44b42d32ed"},"headline":"Fran\u00e7a aprova lei que cria direito \u00e0 morte assistida","datePublished":"2026-02-25T19:08:00+00:00","mainEntityOfPage":{"@id":"https:\/\/portaltela.pt\/noticias\/2026\/02\/25\/franca-aprova-lei-que-cria-direito-a-morte-assistida\/"},"wordCount":224,"image":{"@id":"https:\/\/portaltela.pt\/noticias\/2026\/02\/25\/franca-aprova-lei-que-cria-direito-a-morte-assistida\/#primaryimage"},"thumbnailUrl":"https:\/\/portaltela.pt\/s.01k8rhncp4jt1\/2026\/02\/image-1870.jpg","keywords":["assist\u00eancia de sa\u00fade","cuidados paliativos","direito","direitos","direitos humanos","pol\u00edtica p\u00fablica"],"articleSection":["Not\u00edcias","Pol\u00edtica"],"inLanguage":"pt-PT"},{"@type":"WebPage","@id":"https:\/\/portaltela.pt\/noticias\/2026\/02\/25\/franca-aprova-lei-que-cria-direito-a-morte-assistida\/","url":"https:\/\/portaltela.pt\/noticias\/2026\/02\/25\/franca-aprova-lei-que-cria-direito-a-morte-assistida\/","name":"Fran\u00e7a aprova lei que cria direito \u00e0 morte assistida - Portal Tela Portugal","isPartOf":{"@id":"https:\/\/portaltela.pt\/#website"},"primaryImageOfPage":{"@id":"https:\/\/portaltela.pt\/noticias\/2026\/02\/25\/franca-aprova-lei-que-cria-direito-a-morte-assistida\/#primaryimage"},"image":{"@id":"https:\/\/portaltela.pt\/noticias\/2026\/02\/25\/franca-aprova-lei-que-cria-direito-a-morte-assistida\/#primaryimage"},"thumbnailUrl":"https:\/\/portaltela.pt\/s.01k8rhncp4jt1\/2026\/02\/image-1870.jpg","datePublished":"2026-02-25T19:08:00+00:00","author":{"@id":"https:\/\/portaltela.pt\/#\/schema\/person\/c4278d4a6028830caff9ee44b42d32ed"},"breadcrumb":{"@id":"https:\/\/portaltela.pt\/noticias\/2026\/02\/25\/franca-aprova-lei-que-cria-direito-a-morte-assistida\/#breadcrumb"},"inLanguage":"pt-PT","potentialAction":[{"@type":"ReadAction","target":["https:\/\/portaltela.pt\/noticias\/2026\/02\/25\/franca-aprova-lei-que-cria-direito-a-morte-assistida\/"]}]},{"@type":"ImageObject","inLanguage":"pt-PT","@id":"https:\/\/portaltela.pt\/noticias\/2026\/02\/25\/franca-aprova-lei-que-cria-direito-a-morte-assistida\/#primaryimage","url":"https:\/\/portaltela.pt\/s.01k8rhncp4jt1\/2026\/02\/image-1870.jpg","contentUrl":"https:\/\/portaltela.pt\/s.01k8rhncp4jt1\/2026\/02\/image-1870.jpg","width":796,"height":448,"caption":"Foto: Paulo Cunha\/Lusa"},{"@type":"BreadcrumbList","@id":"https:\/\/portaltela.pt\/noticias\/2026\/02\/25\/franca-aprova-lei-que-cria-direito-a-morte-assistida\/#breadcrumb","itemListElement":[{"@type":"ListItem","position":1,"name":"In\u00edcio","item":"https:\/\/portaltela.pt\/"},{"@type":"ListItem","position":2,"name":"Fran\u00e7a aprova lei que cria direito \u00e0 morte assistida"}]},{"@type":"WebSite","@id":"https:\/\/portaltela.pt\/#website","url":"https:\/\/portaltela.pt\/","name":"Portal Tela Portugal","description":"","potentialAction":[{"@type":"SearchAction","target":{"@type":"EntryPoint","urlTemplate":"https:\/\/portaltela.pt\/?s={search_term_string}"},"query-input":{"@type":"PropertyValueSpecification","valueRequired":true,"valueName":"search_term_string"}}],"inLanguage":"pt-PT"},{"@type":"Person","@id":"https:\/\/portaltela.pt\/#\/schema\/person\/c4278d4a6028830caff9ee44b42d32ed","name":"Telinha","image":{"@type":"ImageObject","inLanguage":"pt-PT","@id":"https:\/\/portaltela.pt\/s.01k8rhncp4jt1\/2025\/11\/talking-bot-125x125.png","url":"https:\/\/portaltela.pt\/s.01k8rhncp4jt1\/2025\/11\/talking-bot-125x125.png","contentUrl":"https:\/\/portaltela.pt\/s.01k8rhncp4jt1\/2025\/11\/talking-bot-125x125.png","caption":"Telinha"},"sameAs":["https:\/\/portaltela.pt\/"],"url":"https:\/\/portaltela.pt\/por\/367410592786\/"}]}},"_links":{"self":[{"href":"https:\/\/portaltela.pt\/api\/wp\/v2\/posts\/388053","targetHints":{"allow":["GET"]}}],"collection":[{"href":"https:\/\/portaltela.pt\/api\/wp\/v2\/posts"}],"about":[{"href":"https:\/\/portaltela.pt\/api\/wp\/v2\/types\/post"}],"author":[{"embeddable":true,"href":"https:\/\/portaltela.pt\/api\/wp\/v2\/users\/2"}],"replies":[{"embeddable":true,"href":"https:\/\/portaltela.pt\/api\/wp\/v2\/comments?post=388053"}],"version-history":[{"count":0,"href":"https:\/\/portaltela.pt\/api\/wp\/v2\/posts\/388053\/revisions"}],"wp:featuredmedia":[{"embeddable":true,"href":"https:\/\/portaltela.pt\/api\/wp\/v2\/media\/388075"}],"wp:attachment":[{"href":"https:\/\/portaltela.pt\/api\/wp\/v2\/media?parent=388053"}],"wp:term":[{"taxonomy":"category","embeddable":true,"href":"https:\/\/portaltela.pt\/api\/wp\/v2\/categories?post=388053"},{"taxonomy":"post_tag","embeddable":true,"href":"https:\/\/portaltela.pt\/api\/wp\/v2\/tags?post=388053"}],"curies":[{"name":"wp","href":"https:\/\/api.w.org\/{rel}","templated":true}]}}