{"id":388048,"date":"2026-02-24T21:00:00","date_gmt":"2026-02-25T00:00:00","guid":{"rendered":"https:\/\/portaltela.pt\/noticias\/2026\/02\/24\/entre-viagens-e-camelias-um-rodizio-de-possibilidades\/"},"modified":"2026-02-24T21:00:00","modified_gmt":"2026-02-25T00:00:00","slug":"entre-viagens-e-camelias-um-rodizio-de-possibilidades","status":"publish","type":"post","link":"https:\/\/portaltela.pt\/noticias\/2026\/02\/24\/entre-viagens-e-camelias-um-rodizio-de-possibilidades\/","title":{"rendered":"Entre viagens e cam\u00e9lias, um rod\u00edzio de possibilidades"},"content":{"rendered":"<p>Entre viagens e cam\u00e9lias, o fim de semana traz sugest\u00f5es para cozinhar, comer, ouvir e passear. A praia da Fal\u00e9sia, entre Olhos d\u2019\u00c1gua (Albufeira) e Vilamoura (Loul\u00e9), continua entre as melhores do mundo segundo o TripAdvisor, ocupando o quinto lugar numa lista liderada pela Isla Pasi\u00f3n, em Cozumel.<\/p>\n<p>A agenda de turismo em Portugal ganha f\u00f4lego com a BTL (Better Tourism Lisbon Travel Market), que abre portas ao p\u00fablico com um espa\u00e7o ampliado. Destinos como o Brasil, o Algarve e a Figueira da Foz est\u00e3o entre os focos, num total de 1700 expositores e mais de 125 destinos, al\u00e9m de centenas de eventos paralelos. A organizadora destaca a edi\u00e7\u00e3o de 2026 como a maior de sempre.<\/p>\n<p>O Zoomarine, em Albufeira, reabre com energia renovada para celebrar 35 anos, numa altura em que se promovem descontos e atividades para fam\u00edlias que procuram op\u00e7\u00f5es de lazer.<\/p>\n<h3>O que ver e fazer<\/h3>\n<p>Em Porto, as cam\u00e9lias integram um roteiro tur\u00edstico com oito quarteir\u00f5es, 21 locais obrigat\u00f3rios e cerca de 375 variedades. O roteiro est\u00e1 dispon\u00edvel em v\u00e1rias l\u00ednguas e pretende ser uma refer\u00eancia para admiradores da planta.<\/p>\n<p>No Algarve, a Rota do Atum do Algarve passa pelo Cemit\u00e9rio das \u00c2ncoras, junto \u00e0 praia do Barril em Tavira, numa proposta de passeio ligada \u00e0 tradi\u00e7\u00e3o mar\u00edtima. A Tapada Nacional de Mafra reabre aos visitantes com visitas guiadas.<\/p>\n<p>Ainda no roteiro europeu, destacam-se destinos como a Costa Vicentina, Lisboa e C\u00e2mara de Lobos, considerados entre os melhores do ano. O conjunto de propostas oferece op\u00e7\u00f5es para quem procura cultura, natureza e experi\u00eancias gastron\u00f3micas.<\/p>\n<h3>O que comer, beber, ver e ler<\/h3>\n<p>A \u00e9poca de degusta\u00e7\u00e3o de peixe de rio inclui pratos com truta, lampreia, enguia, s\u00e1vel e lagostim, com inspira\u00e7\u00f5es regionais que v\u00e3o do Minho \u00e0 Lez\u00edria. Entre as propostas destacam-se cozinhas tradicionais e iniciativas que promovem a sazonalidade.<\/p>\n<p>No Porto, o The Supperclub apresenta um livro de receitas, enquanto o Ciclo da Mouraria destaca a transforma\u00e7\u00e3o de pratos tradicionais. Gelados de autor, em Coimbra, s\u00e3o apresentados como op\u00e7\u00e3o para amenizar o frio de inverno.<\/p>\n<p>Na \u00e1rea das artes, o cinema recebe estreias como Blue Moon, de Richard Linklater, com a cr\u00edtica a atribuir cinco estrelas, e Crime em Directo, de Gus Van Sant, que aborda casos legais ligados a desigualdades. A televis\u00e3o apresenta quarta temporada de Bridgerton e a segunda de Paradise, al\u00e9m de um remake de P\u00e1ginas da Vida.<\/p>\n<h3>O que ler e novas leituras<\/h3>\n<p>Ast\u00e9rix na Lusit\u00e2nia surge como caso de sucesso em Portugal, com vendas expressivas que evidenciam a vitalidade da banda desenhada no pa\u00eds. Tamb\u00e9m se destacam C\u00e2none de C\u00e2mara Escura, de Enrique Vila-Matas, e um livro-jogo infantil, O Que Escondem os Animais?, com imagens l\u00fadicas que estimulam a imagina\u00e7\u00e3o.<\/p>\n","protected":false},"excerpt":{"rendered":"<ul>\n<li>A praia da Fal\u00e9sia, entre Olhos d\u2019\u00c1gua e Vilamoura, ficou em quinto lugar numa lista do TripAdvisor das melhores praias do mundo.<\/li>\n<li>O ranking \u00e9 liderado pela Isla Pasi\u00f3n, no M\u00e9xico, considerada ideal para relaxar junto a \u00e1guas cristalinas.<\/li>\n<li>A BTL \u2013 Better Tourism Lisbon Travel Market \u2013 abre ao p\u00fablico com espa\u00e7o alargado, 1700 expositores e mais de cento e cinquenta destinos, incluindo destaque para o Brasil, Algarve e Figueira da Foz; a edi\u00e7\u00e3o \u00e9 descrita como a maior de sempre.<\/li>\n<li>O Zoomarine, em Albufeira, reabre com energia renovada e descontos, para celebrar os 35 anos.<\/li>\n<li>Em termos tur\u00edsticos, destaque para o roteiro de cam\u00e9lias do Porto, com 375 variedades e 21 locais obrigat\u00f3rios para contemplar, em oito quarteir\u00f5es e dispon\u00edvel em v\u00e1rias l\u00ednguas.<\/li>\n<\/ul>\n","protected":false},"author":2,"featured_media":388066,"comment_status":"closed","ping_status":"closed","sticky":false,"template":"","format":"standard","meta":{"footnotes":""},"categories":[12,1],"tags":[928,6284,1417,981,982,169],"class_list":["post-388048","post","type-post","status-publish","format-standard","has-post-thumbnail","hentry","category-entretenimento","category-noticias","tag-algarve","tag-costa-vicentina","tag-figueira-da-foz","tag-lisboa","tag-porto","tag-turismo"],"yoast_head":"<!-- This site is optimized with the Yoast SEO plugin v27.2 - https:\/\/yoast.com\/product\/yoast-seo-wordpress\/ -->\n<title>Entre viagens e cam\u00e9lias, um rod\u00edzio de possibilidades - Portal Tela Portugal<\/title>\n<meta name=\"robots\" content=\"index, follow, max-snippet:-1, max-image-preview:large, max-video-preview:-1\" \/>\n<meta property=\"og:locale\" content=\"pt_PT\" \/>\n<meta property=\"og:type\" content=\"article\" \/>\n<meta property=\"og:title\" content=\"Entre viagens e cam\u00e9lias, um rod\u00edzio de possibilidades - Portal Tela Portugal\" \/>\n<meta property=\"og:description\" content=\"A praia da Fal\u00e9sia, entre Olhos d\u2019\u00c1gua e Vilamoura, ficou em quinto lugar numa lista do TripAdvisor das melhores praias do mundo. O ranking \u00e9 liderado pela Isla Pasi\u00f3n, no M\u00e9xico, considerada ideal para relaxar junto a \u00e1guas cristalinas. A BTL \u2013 Better Tourism Lisbon Travel Market \u2013 abre ao p\u00fablico com espa\u00e7o alargado, 1700 expositores e mais de cento e cinquenta destinos, incluindo destaque para o Brasil, Algarve e Figueira da Foz; a edi\u00e7\u00e3o \u00e9 descrita como a maior de sempre. O Zoomarine, em Albufeira, reabre com energia renovada e descontos, para celebrar os 35 anos. Em termos tur\u00edsticos, destaque para o roteiro de cam\u00e9lias do Porto, com 375 variedades e 21 locais obrigat\u00f3rios para contemplar, em oito quarteir\u00f5es e dispon\u00edvel em v\u00e1rias l\u00ednguas.\" \/>\n<meta property=\"og:url\" content=\"https:\/\/portaltela.pt\/noticias\/2026\/02\/24\/entre-viagens-e-camelias-um-rodizio-de-possibilidades\/\" \/>\n<meta property=\"og:site_name\" content=\"Portal Tela Portugal\" \/>\n<meta property=\"article:published_time\" content=\"2026-02-25T00:00:00+00:00\" \/>\n<meta name=\"author\" content=\"Telinha\" \/>\n<meta name=\"twitter:card\" content=\"summary_large_image\" \/>\n<meta name=\"twitter:label1\" content=\"Escrito por\" \/>\n\t<meta name=\"twitter:data1\" content=\"Telinha\" \/>\n\t<meta name=\"twitter:label2\" content=\"Tempo estimado de leitura\" \/>\n\t<meta name=\"twitter:data2\" content=\"2 minutos\" \/>\n<script type=\"application\/ld+json\" class=\"yoast-schema-graph\">{\"@context\":\"https:\/\/schema.org\",\"@graph\":[{\"@type\":\"Article\",\"@id\":\"https:\/\/portaltela.pt\/noticias\/2026\/02\/24\/entre-viagens-e-camelias-um-rodizio-de-possibilidades\/#article\",\"isPartOf\":{\"@id\":\"https:\/\/portaltela.pt\/noticias\/2026\/02\/24\/entre-viagens-e-camelias-um-rodizio-de-possibilidades\/\"},\"author\":{\"name\":\"Telinha\",\"@id\":\"https:\/\/portaltela.pt\/#\/schema\/person\/c4278d4a6028830caff9ee44b42d32ed\"},\"headline\":\"Entre viagens e cam\u00e9lias, um rod\u00edzio de possibilidades\",\"datePublished\":\"2026-02-25T00:00:00+00:00\",\"mainEntityOfPage\":{\"@id\":\"https:\/\/portaltela.pt\/noticias\/2026\/02\/24\/entre-viagens-e-camelias-um-rodizio-de-possibilidades\/\"},\"wordCount\":498,\"image\":{\"@id\":\"https:\/\/portaltela.pt\/noticias\/2026\/02\/24\/entre-viagens-e-camelias-um-rodizio-de-possibilidades\/#primaryimage\"},\"thumbnailUrl\":\"https:\/\/portaltela.pt\/s.01k8rhncp4jt1\/2026\/02\/2069778.jpg\",\"keywords\":[\"Algarve\",\"Costa Vicentina\",\"Figueira da Foz\",\"Lisboa\",\"Porto\",\"turismo\"],\"articleSection\":[\"Entretenimento\",\"Not\u00edcias\"],\"inLanguage\":\"pt-PT\"},{\"@type\":\"WebPage\",\"@id\":\"https:\/\/portaltela.pt\/noticias\/2026\/02\/24\/entre-viagens-e-camelias-um-rodizio-de-possibilidades\/\",\"url\":\"https:\/\/portaltela.pt\/noticias\/2026\/02\/24\/entre-viagens-e-camelias-um-rodizio-de-possibilidades\/\",\"name\":\"Entre viagens e cam\u00e9lias, um rod\u00edzio de possibilidades - Portal Tela Portugal\",\"isPartOf\":{\"@id\":\"https:\/\/portaltela.pt\/#website\"},\"primaryImageOfPage\":{\"@id\":\"https:\/\/portaltela.pt\/noticias\/2026\/02\/24\/entre-viagens-e-camelias-um-rodizio-de-possibilidades\/#primaryimage\"},\"image\":{\"@id\":\"https:\/\/portaltela.pt\/noticias\/2026\/02\/24\/entre-viagens-e-camelias-um-rodizio-de-possibilidades\/#primaryimage\"},\"thumbnailUrl\":\"https:\/\/portaltela.pt\/s.01k8rhncp4jt1\/2026\/02\/2069778.jpg\",\"datePublished\":\"2026-02-25T00:00:00+00:00\",\"author\":{\"@id\":\"https:\/\/portaltela.pt\/#\/schema\/person\/c4278d4a6028830caff9ee44b42d32ed\"},\"breadcrumb\":{\"@id\":\"https:\/\/portaltela.pt\/noticias\/2026\/02\/24\/entre-viagens-e-camelias-um-rodizio-de-possibilidades\/#breadcrumb\"},\"inLanguage\":\"pt-PT\",\"potentialAction\":[{\"@type\":\"ReadAction\",\"target\":[\"https:\/\/portaltela.pt\/noticias\/2026\/02\/24\/entre-viagens-e-camelias-um-rodizio-de-possibilidades\/\"]}]},{\"@type\":\"ImageObject\",\"inLanguage\":\"pt-PT\",\"@id\":\"https:\/\/portaltela.pt\/noticias\/2026\/02\/24\/entre-viagens-e-camelias-um-rodizio-de-possibilidades\/#primaryimage\",\"url\":\"https:\/\/portaltela.pt\/s.01k8rhncp4jt1\/2026\/02\/2069778.jpg\",\"contentUrl\":\"https:\/\/portaltela.pt\/s.01k8rhncp4jt1\/2026\/02\/2069778.jpg\",\"width\":796,\"height\":448,\"caption\":\"Photo\"},{\"@type\":\"BreadcrumbList\",\"@id\":\"https:\/\/portaltela.pt\/noticias\/2026\/02\/24\/entre-viagens-e-camelias-um-rodizio-de-possibilidades\/#breadcrumb\",\"itemListElement\":[{\"@type\":\"ListItem\",\"position\":1,\"name\":\"In\u00edcio\",\"item\":\"https:\/\/portaltela.pt\/\"},{\"@type\":\"ListItem\",\"position\":2,\"name\":\"Entre viagens e cam\u00e9lias, um rod\u00edzio de possibilidades\"}]},{\"@type\":\"WebSite\",\"@id\":\"https:\/\/portaltela.pt\/#website\",\"url\":\"https:\/\/portaltela.pt\/\",\"name\":\"Portal Tela Portugal\",\"description\":\"\",\"potentialAction\":[{\"@type\":\"SearchAction\",\"target\":{\"@type\":\"EntryPoint\",\"urlTemplate\":\"https:\/\/portaltela.pt\/?s={search_term_string}\"},\"query-input\":{\"@type\":\"PropertyValueSpecification\",\"valueRequired\":true,\"valueName\":\"search_term_string\"}}],\"inLanguage\":\"pt-PT\"},{\"@type\":\"Person\",\"@id\":\"https:\/\/portaltela.pt\/#\/schema\/person\/c4278d4a6028830caff9ee44b42d32ed\",\"name\":\"Telinha\",\"image\":{\"@type\":\"ImageObject\",\"inLanguage\":\"pt-PT\",\"@id\":\"https:\/\/portaltela.pt\/s.01k8rhncp4jt1\/2025\/11\/talking-bot-125x125.png\",\"url\":\"https:\/\/portaltela.pt\/s.01k8rhncp4jt1\/2025\/11\/talking-bot-125x125.png\",\"contentUrl\":\"https:\/\/portaltela.pt\/s.01k8rhncp4jt1\/2025\/11\/talking-bot-125x125.png\",\"caption\":\"Telinha\"},\"sameAs\":[\"https:\/\/portaltela.pt\/\"],\"url\":\"https:\/\/portaltela.pt\/por\/367410592786\/\"}]}<\/script>\n<!-- \/ Yoast SEO plugin. -->","yoast_head_json":{"title":"Entre viagens e cam\u00e9lias, um rod\u00edzio de possibilidades - Portal Tela Portugal","robots":{"index":"index","follow":"follow","max-snippet":"max-snippet:-1","max-image-preview":"max-image-preview:large","max-video-preview":"max-video-preview:-1"},"og_locale":"pt_PT","og_type":"article","og_title":"Entre viagens e cam\u00e9lias, um rod\u00edzio de possibilidades - Portal Tela Portugal","og_description":"A praia da Fal\u00e9sia, entre Olhos d\u2019\u00c1gua e Vilamoura, ficou em quinto lugar numa lista do TripAdvisor das melhores praias do mundo. O ranking \u00e9 liderado pela Isla Pasi\u00f3n, no M\u00e9xico, considerada ideal para relaxar junto a \u00e1guas cristalinas. A BTL \u2013 Better Tourism Lisbon Travel Market \u2013 abre ao p\u00fablico com espa\u00e7o alargado, 1700 expositores e mais de cento e cinquenta destinos, incluindo destaque para o Brasil, Algarve e Figueira da Foz; a edi\u00e7\u00e3o \u00e9 descrita como a maior de sempre. O Zoomarine, em Albufeira, reabre com energia renovada e descontos, para celebrar os 35 anos. Em termos tur\u00edsticos, destaque para o roteiro de cam\u00e9lias do Porto, com 375 variedades e 21 locais obrigat\u00f3rios para contemplar, em oito quarteir\u00f5es e dispon\u00edvel em v\u00e1rias l\u00ednguas.","og_url":"https:\/\/portaltela.pt\/noticias\/2026\/02\/24\/entre-viagens-e-camelias-um-rodizio-de-possibilidades\/","og_site_name":"Portal Tela Portugal","article_published_time":"2026-02-25T00:00:00+00:00","author":"Telinha","twitter_card":"summary_large_image","twitter_misc":{"Escrito por":"Telinha","Tempo estimado de leitura":"2 minutos"},"schema":{"@context":"https:\/\/schema.org","@graph":[{"@type":"Article","@id":"https:\/\/portaltela.pt\/noticias\/2026\/02\/24\/entre-viagens-e-camelias-um-rodizio-de-possibilidades\/#article","isPartOf":{"@id":"https:\/\/portaltela.pt\/noticias\/2026\/02\/24\/entre-viagens-e-camelias-um-rodizio-de-possibilidades\/"},"author":{"name":"Telinha","@id":"https:\/\/portaltela.pt\/#\/schema\/person\/c4278d4a6028830caff9ee44b42d32ed"},"headline":"Entre viagens e cam\u00e9lias, um rod\u00edzio de possibilidades","datePublished":"2026-02-25T00:00:00+00:00","mainEntityOfPage":{"@id":"https:\/\/portaltela.pt\/noticias\/2026\/02\/24\/entre-viagens-e-camelias-um-rodizio-de-possibilidades\/"},"wordCount":498,"image":{"@id":"https:\/\/portaltela.pt\/noticias\/2026\/02\/24\/entre-viagens-e-camelias-um-rodizio-de-possibilidades\/#primaryimage"},"thumbnailUrl":"https:\/\/portaltela.pt\/s.01k8rhncp4jt1\/2026\/02\/2069778.jpg","keywords":["Algarve","Costa Vicentina","Figueira da Foz","Lisboa","Porto","turismo"],"articleSection":["Entretenimento","Not\u00edcias"],"inLanguage":"pt-PT"},{"@type":"WebPage","@id":"https:\/\/portaltela.pt\/noticias\/2026\/02\/24\/entre-viagens-e-camelias-um-rodizio-de-possibilidades\/","url":"https:\/\/portaltela.pt\/noticias\/2026\/02\/24\/entre-viagens-e-camelias-um-rodizio-de-possibilidades\/","name":"Entre viagens e cam\u00e9lias, um rod\u00edzio de possibilidades - Portal Tela Portugal","isPartOf":{"@id":"https:\/\/portaltela.pt\/#website"},"primaryImageOfPage":{"@id":"https:\/\/portaltela.pt\/noticias\/2026\/02\/24\/entre-viagens-e-camelias-um-rodizio-de-possibilidades\/#primaryimage"},"image":{"@id":"https:\/\/portaltela.pt\/noticias\/2026\/02\/24\/entre-viagens-e-camelias-um-rodizio-de-possibilidades\/#primaryimage"},"thumbnailUrl":"https:\/\/portaltela.pt\/s.01k8rhncp4jt1\/2026\/02\/2069778.jpg","datePublished":"2026-02-25T00:00:00+00:00","author":{"@id":"https:\/\/portaltela.pt\/#\/schema\/person\/c4278d4a6028830caff9ee44b42d32ed"},"breadcrumb":{"@id":"https:\/\/portaltela.pt\/noticias\/2026\/02\/24\/entre-viagens-e-camelias-um-rodizio-de-possibilidades\/#breadcrumb"},"inLanguage":"pt-PT","potentialAction":[{"@type":"ReadAction","target":["https:\/\/portaltela.pt\/noticias\/2026\/02\/24\/entre-viagens-e-camelias-um-rodizio-de-possibilidades\/"]}]},{"@type":"ImageObject","inLanguage":"pt-PT","@id":"https:\/\/portaltela.pt\/noticias\/2026\/02\/24\/entre-viagens-e-camelias-um-rodizio-de-possibilidades\/#primaryimage","url":"https:\/\/portaltela.pt\/s.01k8rhncp4jt1\/2026\/02\/2069778.jpg","contentUrl":"https:\/\/portaltela.pt\/s.01k8rhncp4jt1\/2026\/02\/2069778.jpg","width":796,"height":448,"caption":"Photo"},{"@type":"BreadcrumbList","@id":"https:\/\/portaltela.pt\/noticias\/2026\/02\/24\/entre-viagens-e-camelias-um-rodizio-de-possibilidades\/#breadcrumb","itemListElement":[{"@type":"ListItem","position":1,"name":"In\u00edcio","item":"https:\/\/portaltela.pt\/"},{"@type":"ListItem","position":2,"name":"Entre viagens e cam\u00e9lias, um rod\u00edzio de possibilidades"}]},{"@type":"WebSite","@id":"https:\/\/portaltela.pt\/#website","url":"https:\/\/portaltela.pt\/","name":"Portal Tela Portugal","description":"","potentialAction":[{"@type":"SearchAction","target":{"@type":"EntryPoint","urlTemplate":"https:\/\/portaltela.pt\/?s={search_term_string}"},"query-input":{"@type":"PropertyValueSpecification","valueRequired":true,"valueName":"search_term_string"}}],"inLanguage":"pt-PT"},{"@type":"Person","@id":"https:\/\/portaltela.pt\/#\/schema\/person\/c4278d4a6028830caff9ee44b42d32ed","name":"Telinha","image":{"@type":"ImageObject","inLanguage":"pt-PT","@id":"https:\/\/portaltela.pt\/s.01k8rhncp4jt1\/2025\/11\/talking-bot-125x125.png","url":"https:\/\/portaltela.pt\/s.01k8rhncp4jt1\/2025\/11\/talking-bot-125x125.png","contentUrl":"https:\/\/portaltela.pt\/s.01k8rhncp4jt1\/2025\/11\/talking-bot-125x125.png","caption":"Telinha"},"sameAs":["https:\/\/portaltela.pt\/"],"url":"https:\/\/portaltela.pt\/por\/367410592786\/"}]}},"_links":{"self":[{"href":"https:\/\/portaltela.pt\/api\/wp\/v2\/posts\/388048","targetHints":{"allow":["GET"]}}],"collection":[{"href":"https:\/\/portaltela.pt\/api\/wp\/v2\/posts"}],"about":[{"href":"https:\/\/portaltela.pt\/api\/wp\/v2\/types\/post"}],"author":[{"embeddable":true,"href":"https:\/\/portaltela.pt\/api\/wp\/v2\/users\/2"}],"replies":[{"embeddable":true,"href":"https:\/\/portaltela.pt\/api\/wp\/v2\/comments?post=388048"}],"version-history":[{"count":0,"href":"https:\/\/portaltela.pt\/api\/wp\/v2\/posts\/388048\/revisions"}],"wp:featuredmedia":[{"embeddable":true,"href":"https:\/\/portaltela.pt\/api\/wp\/v2\/media\/388066"}],"wp:attachment":[{"href":"https:\/\/portaltela.pt\/api\/wp\/v2\/media?parent=388048"}],"wp:term":[{"taxonomy":"category","embeddable":true,"href":"https:\/\/portaltela.pt\/api\/wp\/v2\/categories?post=388048"},{"taxonomy":"post_tag","embeddable":true,"href":"https:\/\/portaltela.pt\/api\/wp\/v2\/tags?post=388048"}],"curies":[{"name":"wp","href":"https:\/\/api.w.org\/{rel}","templated":true}]}}