{"id":388042,"date":"2026-02-25T16:19:00","date_gmt":"2026-02-25T19:19:00","guid":{"rendered":"https:\/\/portaltela.pt\/noticias\/2026\/02\/25\/morre-tejero-molina-figura-chave-da-tentativa-de-golpe-de-1981-em-espanha\/"},"modified":"2026-02-25T16:19:00","modified_gmt":"2026-02-25T19:19:00","slug":"morre-tejero-molina-figura-chave-da-tentativa-de-golpe-de-1981-em-espanha","status":"publish","type":"post","link":"https:\/\/portaltela.pt\/noticias\/internacional\/2026\/02\/25\/morre-tejero-molina-figura-chave-da-tentativa-de-golpe-de-1981-em-espanha\/","title":{"rendered":"Morre Tejero Molina, figura-chave da tentativa de golpe de 1981 em Espanha"},"content":{"rendered":"<p>Tejero Molina, o ex-militar que se tornou o rosto da tentativa de golpe de Estado de 1981 em Espanha, morreu aos 93 anos. A not\u00edcia foi confirmada pela advogada da fam\u00edlia, coincidindo com a publica\u00e7\u00e3o, pelo Governo espanhol, de documentos desclassificados sobre o 23-F.<\/p>\n<p>Nascido a 30 de abril de 1932 em Alhaur\u00edn el Grande (M\u00e1laga), Tejero foi expulso da Guarda Civil e condenado a 30 anos de pris\u00e3o por rebeli\u00e3o, cumprindo cerca de metade da pena e deixando a liberdade em 1996. Ficou para a hist\u00f3ria pela invas\u00e3o do Congresso dos Deputados com pistola em punho.<\/p>\n<p>O 23-F ocorreu a 23 de fevereiro de 1981, quando Tejero entrou no hemiciclo \u00e0s 18h23, com mais de 250 agentes, obrigando 350 deputados a permanecerem no edif\u00edcio por mais de 17 horas. A a\u00e7\u00e3o contou com apoio de outros militares e terminou sem apoio pol\u00edtico, ap\u00f3s a comunica\u00e7\u00e3o do rei Juan Carlos.<\/p>\n<p>A opera\u00e7\u00e3o que marcou o golpe contou ainda com figuras como Alfonso Armada e Jaime Milans del Bosch, que decretou o estado de excep\u00e7\u00e3o em Val\u00eancia. O desfecho ocorreu ap\u00f3s a mensagem do rei a apoiar a Constitui\u00e7\u00e3o e a democracia, levando \u00e0 rendi\u00e7\u00e3o das for\u00e7as envolvidas.<\/p>\n<p>Antes do 23-F, Tejero participou na chamada Opera\u00e7\u00e3o Gal\u00e1xia de 1978, que foi desmantelada antes da execu\u00e7\u00e3o. Ao longo dos anos, manteve uma presen\u00e7a p\u00fablica restrita, com algumas declara\u00e7\u00f5es e a\u00e7\u00f5es judiciais contra autoridades pol\u00edticas.<\/p>\n","protected":false},"excerpt":{"rendered":"<ul>\n<li>Morreu Antonio Tejero Molina, rosto da tentativa de golpe de Estado de 1981, aos 93 anos; a not\u00edcia foi divulgada pela advogada da fam\u00edlia, coincidiendo com a publica\u00e7\u00e3o de documentos desclassificados do Governo sobre o 23-F.<\/li>\n<li>Nascido a trinta de abril de 1932, em Alhaur\u00edn el Grande, M\u00e1laga, foi expulso da Guarda Civil e condenado a trinta anos de pris\u00e3o por rebel\u00e3o, cumprindo apenas metade da pena e ficando em liberdade em 1996.<\/li>\n<li>Ficou conhecido por entrar no Congresso dos Deputados com pistola em punho a dezoito horas da tarde de 23 de fevereiro de 1981, interrompendo a vota\u00e7\u00e3o com a frase \u201cQuieto todo el mundo!\u201d, enquanto 350 deputados ficavam sequestrados por mais de 17 horas.<\/li>\n<li>O golpe contou com o apoio de setores militares contr\u00e1rios ao Estado das Autonomias e \u00e0 legaliza\u00e7\u00e3o do Partido Comunista, sendo desmoronado ap\u00f3s o rei Juan Carlos I declarar apoio \u00e0 Constitui\u00e7\u00e3o e \u00e0 democracia.<\/li>\n<li>Antes do 23-F, participou na chamada \u201cOpera\u00e7\u00e3o Gal\u00e1xia\u201d em 1978; a sua \u00faltima apari\u00e7\u00e3o p\u00fablica foi em 2019, no funeral de Francisco Franco.<\/li>\n<\/ul>\n","protected":false},"author":2,"featured_media":388063,"comment_status":"closed","ping_status":"closed","sticky":false,"template":"","format":"standard","meta":{"footnotes":""},"categories":[4,1],"tags":[4057,2189,937,299,5698],"class_list":["post-388042","post","type-post","status-publish","format-standard","has-post-thumbnail","hentry","category-internacional","category-noticias","tag-constituicao","tag-espana","tag-golpe-de-estado","tag-historia","tag-politica-internacional"],"yoast_head":"<!-- This site is optimized with the Yoast SEO plugin v27.2 - https:\/\/yoast.com\/product\/yoast-seo-wordpress\/ -->\n<title>Morre Tejero Molina, figura-chave da tentativa de golpe de 1981 em Espanha - Portal Tela Portugal<\/title>\n<meta name=\"robots\" content=\"index, follow, max-snippet:-1, max-image-preview:large, max-video-preview:-1\" \/>\n<meta property=\"og:locale\" content=\"pt_PT\" \/>\n<meta property=\"og:type\" content=\"article\" \/>\n<meta property=\"og:title\" content=\"Morre Tejero Molina, figura-chave da tentativa de golpe de 1981 em Espanha - Portal Tela Portugal\" \/>\n<meta property=\"og:description\" content=\"Morreu Antonio Tejero Molina, rosto da tentativa de golpe de Estado de 1981, aos 93 anos; a not\u00edcia foi divulgada pela advogada da fam\u00edlia, coincidiendo com a publica\u00e7\u00e3o de documentos desclassificados do Governo sobre o 23-F. Nascido a trinta de abril de 1932, em Alhaur\u00edn el Grande, M\u00e1laga, foi expulso da Guarda Civil e condenado a trinta anos de pris\u00e3o por rebel\u00e3o, cumprindo apenas metade da pena e ficando em liberdade em 1996. Ficou conhecido por entrar no Congresso dos Deputados com pistola em punho a dezoito horas da tarde de 23 de fevereiro de 1981, interrompendo a vota\u00e7\u00e3o com a frase \u201cQuieto todo el mundo!\u201d, enquanto 350 deputados ficavam sequestrados por mais de 17 horas. O golpe contou com o apoio de setores militares contr\u00e1rios ao Estado das Autonomias e \u00e0 legaliza\u00e7\u00e3o do Partido Comunista, sendo desmoronado ap\u00f3s o rei Juan Carlos I declarar apoio \u00e0 Constitui\u00e7\u00e3o e \u00e0 democracia. Antes do 23-F, participou na chamada \u201cOpera\u00e7\u00e3o Gal\u00e1xia\u201d em 1978; a sua \u00faltima apari\u00e7\u00e3o p\u00fablica foi em 2019, no funeral de Francisco Franco.\" \/>\n<meta property=\"og:url\" content=\"https:\/\/portaltela.pt\/noticias\/2026\/02\/25\/morre-tejero-molina-figura-chave-da-tentativa-de-golpe-de-1981-em-espanha\/\" \/>\n<meta property=\"og:site_name\" content=\"Portal Tela Portugal\" \/>\n<meta property=\"article:published_time\" content=\"2026-02-25T19:19:00+00:00\" \/>\n<meta name=\"author\" content=\"Telinha\" \/>\n<meta name=\"twitter:card\" content=\"summary_large_image\" \/>\n<meta name=\"twitter:label1\" content=\"Escrito por\" \/>\n\t<meta name=\"twitter:data1\" content=\"Telinha\" \/>\n\t<meta name=\"twitter:label2\" content=\"Tempo estimado de leitura\" \/>\n\t<meta name=\"twitter:data2\" content=\"1 minuto\" \/>\n<script type=\"application\/ld+json\" class=\"yoast-schema-graph\">{\"@context\":\"https:\/\/schema.org\",\"@graph\":[{\"@type\":\"Article\",\"@id\":\"https:\/\/portaltela.pt\/noticias\/2026\/02\/25\/morre-tejero-molina-figura-chave-da-tentativa-de-golpe-de-1981-em-espanha\/#article\",\"isPartOf\":{\"@id\":\"https:\/\/portaltela.pt\/noticias\/2026\/02\/25\/morre-tejero-molina-figura-chave-da-tentativa-de-golpe-de-1981-em-espanha\/\"},\"author\":{\"name\":\"Telinha\",\"@id\":\"https:\/\/portaltela.pt\/#\/schema\/person\/c4278d4a6028830caff9ee44b42d32ed\"},\"headline\":\"Morre Tejero Molina, figura-chave da tentativa de golpe de 1981 em Espanha\",\"datePublished\":\"2026-02-25T19:19:00+00:00\",\"mainEntityOfPage\":{\"@id\":\"https:\/\/portaltela.pt\/noticias\/2026\/02\/25\/morre-tejero-molina-figura-chave-da-tentativa-de-golpe-de-1981-em-espanha\/\"},\"wordCount\":259,\"image\":{\"@id\":\"https:\/\/portaltela.pt\/noticias\/2026\/02\/25\/morre-tejero-molina-figura-chave-da-tentativa-de-golpe-de-1981-em-espanha\/#primaryimage\"},\"thumbnailUrl\":\"https:\/\/portaltela.pt\/s.01k8rhncp4jt1\/2026\/02\/2069819.jpg\",\"keywords\":[\"constitui\u00e7\u00e3o\",\"Espa\u00f1a\",\"golpe de Estado\",\"hist\u00f3ria\",\"pol\u00edtica internacional\"],\"articleSection\":[\"Internacional\",\"Not\u00edcias\"],\"inLanguage\":\"pt-PT\"},{\"@type\":\"WebPage\",\"@id\":\"https:\/\/portaltela.pt\/noticias\/2026\/02\/25\/morre-tejero-molina-figura-chave-da-tentativa-de-golpe-de-1981-em-espanha\/\",\"url\":\"https:\/\/portaltela.pt\/noticias\/2026\/02\/25\/morre-tejero-molina-figura-chave-da-tentativa-de-golpe-de-1981-em-espanha\/\",\"name\":\"Morre Tejero Molina, figura-chave da tentativa de golpe de 1981 em Espanha - Portal Tela Portugal\",\"isPartOf\":{\"@id\":\"https:\/\/portaltela.pt\/#website\"},\"primaryImageOfPage\":{\"@id\":\"https:\/\/portaltela.pt\/noticias\/2026\/02\/25\/morre-tejero-molina-figura-chave-da-tentativa-de-golpe-de-1981-em-espanha\/#primaryimage\"},\"image\":{\"@id\":\"https:\/\/portaltela.pt\/noticias\/2026\/02\/25\/morre-tejero-molina-figura-chave-da-tentativa-de-golpe-de-1981-em-espanha\/#primaryimage\"},\"thumbnailUrl\":\"https:\/\/portaltela.pt\/s.01k8rhncp4jt1\/2026\/02\/2069819.jpg\",\"datePublished\":\"2026-02-25T19:19:00+00:00\",\"author\":{\"@id\":\"https:\/\/portaltela.pt\/#\/schema\/person\/c4278d4a6028830caff9ee44b42d32ed\"},\"breadcrumb\":{\"@id\":\"https:\/\/portaltela.pt\/noticias\/2026\/02\/25\/morre-tejero-molina-figura-chave-da-tentativa-de-golpe-de-1981-em-espanha\/#breadcrumb\"},\"inLanguage\":\"pt-PT\",\"potentialAction\":[{\"@type\":\"ReadAction\",\"target\":[\"https:\/\/portaltela.pt\/noticias\/2026\/02\/25\/morre-tejero-molina-figura-chave-da-tentativa-de-golpe-de-1981-em-espanha\/\"]}]},{\"@type\":\"ImageObject\",\"inLanguage\":\"pt-PT\",\"@id\":\"https:\/\/portaltela.pt\/noticias\/2026\/02\/25\/morre-tejero-molina-figura-chave-da-tentativa-de-golpe-de-1981-em-espanha\/#primaryimage\",\"url\":\"https:\/\/portaltela.pt\/s.01k8rhncp4jt1\/2026\/02\/2069819.jpg\",\"contentUrl\":\"https:\/\/portaltela.pt\/s.01k8rhncp4jt1\/2026\/02\/2069819.jpg\",\"width\":796,\"height\":448,\"caption\":\"Antonio Tejero Molina de arma em punho no Congresso espanhol, a 23 de Fevereiro de 1981\"},{\"@type\":\"BreadcrumbList\",\"@id\":\"https:\/\/portaltela.pt\/noticias\/2026\/02\/25\/morre-tejero-molina-figura-chave-da-tentativa-de-golpe-de-1981-em-espanha\/#breadcrumb\",\"itemListElement\":[{\"@type\":\"ListItem\",\"position\":1,\"name\":\"In\u00edcio\",\"item\":\"https:\/\/portaltela.pt\/\"},{\"@type\":\"ListItem\",\"position\":2,\"name\":\"Morre Tejero Molina, figura-chave da tentativa de golpe de 1981 em Espanha\"}]},{\"@type\":\"WebSite\",\"@id\":\"https:\/\/portaltela.pt\/#website\",\"url\":\"https:\/\/portaltela.pt\/\",\"name\":\"Portal Tela Portugal\",\"description\":\"\",\"potentialAction\":[{\"@type\":\"SearchAction\",\"target\":{\"@type\":\"EntryPoint\",\"urlTemplate\":\"https:\/\/portaltela.pt\/?s={search_term_string}\"},\"query-input\":{\"@type\":\"PropertyValueSpecification\",\"valueRequired\":true,\"valueName\":\"search_term_string\"}}],\"inLanguage\":\"pt-PT\"},{\"@type\":\"Person\",\"@id\":\"https:\/\/portaltela.pt\/#\/schema\/person\/c4278d4a6028830caff9ee44b42d32ed\",\"name\":\"Telinha\",\"image\":{\"@type\":\"ImageObject\",\"inLanguage\":\"pt-PT\",\"@id\":\"https:\/\/portaltela.pt\/s.01k8rhncp4jt1\/2025\/11\/talking-bot-125x125.png\",\"url\":\"https:\/\/portaltela.pt\/s.01k8rhncp4jt1\/2025\/11\/talking-bot-125x125.png\",\"contentUrl\":\"https:\/\/portaltela.pt\/s.01k8rhncp4jt1\/2025\/11\/talking-bot-125x125.png\",\"caption\":\"Telinha\"},\"sameAs\":[\"https:\/\/portaltela.pt\/\"],\"url\":\"https:\/\/portaltela.pt\/por\/367410592786\/\"}]}<\/script>\n<!-- \/ Yoast SEO plugin. -->","yoast_head_json":{"title":"Morre Tejero Molina, figura-chave da tentativa de golpe de 1981 em Espanha - Portal Tela Portugal","robots":{"index":"index","follow":"follow","max-snippet":"max-snippet:-1","max-image-preview":"max-image-preview:large","max-video-preview":"max-video-preview:-1"},"og_locale":"pt_PT","og_type":"article","og_title":"Morre Tejero Molina, figura-chave da tentativa de golpe de 1981 em Espanha - Portal Tela Portugal","og_description":"Morreu Antonio Tejero Molina, rosto da tentativa de golpe de Estado de 1981, aos 93 anos; a not\u00edcia foi divulgada pela advogada da fam\u00edlia, coincidiendo com a publica\u00e7\u00e3o de documentos desclassificados do Governo sobre o 23-F. Nascido a trinta de abril de 1932, em Alhaur\u00edn el Grande, M\u00e1laga, foi expulso da Guarda Civil e condenado a trinta anos de pris\u00e3o por rebel\u00e3o, cumprindo apenas metade da pena e ficando em liberdade em 1996. Ficou conhecido por entrar no Congresso dos Deputados com pistola em punho a dezoito horas da tarde de 23 de fevereiro de 1981, interrompendo a vota\u00e7\u00e3o com a frase \u201cQuieto todo el mundo!\u201d, enquanto 350 deputados ficavam sequestrados por mais de 17 horas. O golpe contou com o apoio de setores militares contr\u00e1rios ao Estado das Autonomias e \u00e0 legaliza\u00e7\u00e3o do Partido Comunista, sendo desmoronado ap\u00f3s o rei Juan Carlos I declarar apoio \u00e0 Constitui\u00e7\u00e3o e \u00e0 democracia. Antes do 23-F, participou na chamada \u201cOpera\u00e7\u00e3o Gal\u00e1xia\u201d em 1978; a sua \u00faltima apari\u00e7\u00e3o p\u00fablica foi em 2019, no funeral de Francisco Franco.","og_url":"https:\/\/portaltela.pt\/noticias\/2026\/02\/25\/morre-tejero-molina-figura-chave-da-tentativa-de-golpe-de-1981-em-espanha\/","og_site_name":"Portal Tela Portugal","article_published_time":"2026-02-25T19:19:00+00:00","author":"Telinha","twitter_card":"summary_large_image","twitter_misc":{"Escrito por":"Telinha","Tempo estimado de leitura":"1 minuto"},"schema":{"@context":"https:\/\/schema.org","@graph":[{"@type":"Article","@id":"https:\/\/portaltela.pt\/noticias\/2026\/02\/25\/morre-tejero-molina-figura-chave-da-tentativa-de-golpe-de-1981-em-espanha\/#article","isPartOf":{"@id":"https:\/\/portaltela.pt\/noticias\/2026\/02\/25\/morre-tejero-molina-figura-chave-da-tentativa-de-golpe-de-1981-em-espanha\/"},"author":{"name":"Telinha","@id":"https:\/\/portaltela.pt\/#\/schema\/person\/c4278d4a6028830caff9ee44b42d32ed"},"headline":"Morre Tejero Molina, figura-chave da tentativa de golpe de 1981 em Espanha","datePublished":"2026-02-25T19:19:00+00:00","mainEntityOfPage":{"@id":"https:\/\/portaltela.pt\/noticias\/2026\/02\/25\/morre-tejero-molina-figura-chave-da-tentativa-de-golpe-de-1981-em-espanha\/"},"wordCount":259,"image":{"@id":"https:\/\/portaltela.pt\/noticias\/2026\/02\/25\/morre-tejero-molina-figura-chave-da-tentativa-de-golpe-de-1981-em-espanha\/#primaryimage"},"thumbnailUrl":"https:\/\/portaltela.pt\/s.01k8rhncp4jt1\/2026\/02\/2069819.jpg","keywords":["constitui\u00e7\u00e3o","Espa\u00f1a","golpe de Estado","hist\u00f3ria","pol\u00edtica internacional"],"articleSection":["Internacional","Not\u00edcias"],"inLanguage":"pt-PT"},{"@type":"WebPage","@id":"https:\/\/portaltela.pt\/noticias\/2026\/02\/25\/morre-tejero-molina-figura-chave-da-tentativa-de-golpe-de-1981-em-espanha\/","url":"https:\/\/portaltela.pt\/noticias\/2026\/02\/25\/morre-tejero-molina-figura-chave-da-tentativa-de-golpe-de-1981-em-espanha\/","name":"Morre Tejero Molina, figura-chave da tentativa de golpe de 1981 em Espanha - Portal Tela Portugal","isPartOf":{"@id":"https:\/\/portaltela.pt\/#website"},"primaryImageOfPage":{"@id":"https:\/\/portaltela.pt\/noticias\/2026\/02\/25\/morre-tejero-molina-figura-chave-da-tentativa-de-golpe-de-1981-em-espanha\/#primaryimage"},"image":{"@id":"https:\/\/portaltela.pt\/noticias\/2026\/02\/25\/morre-tejero-molina-figura-chave-da-tentativa-de-golpe-de-1981-em-espanha\/#primaryimage"},"thumbnailUrl":"https:\/\/portaltela.pt\/s.01k8rhncp4jt1\/2026\/02\/2069819.jpg","datePublished":"2026-02-25T19:19:00+00:00","author":{"@id":"https:\/\/portaltela.pt\/#\/schema\/person\/c4278d4a6028830caff9ee44b42d32ed"},"breadcrumb":{"@id":"https:\/\/portaltela.pt\/noticias\/2026\/02\/25\/morre-tejero-molina-figura-chave-da-tentativa-de-golpe-de-1981-em-espanha\/#breadcrumb"},"inLanguage":"pt-PT","potentialAction":[{"@type":"ReadAction","target":["https:\/\/portaltela.pt\/noticias\/2026\/02\/25\/morre-tejero-molina-figura-chave-da-tentativa-de-golpe-de-1981-em-espanha\/"]}]},{"@type":"ImageObject","inLanguage":"pt-PT","@id":"https:\/\/portaltela.pt\/noticias\/2026\/02\/25\/morre-tejero-molina-figura-chave-da-tentativa-de-golpe-de-1981-em-espanha\/#primaryimage","url":"https:\/\/portaltela.pt\/s.01k8rhncp4jt1\/2026\/02\/2069819.jpg","contentUrl":"https:\/\/portaltela.pt\/s.01k8rhncp4jt1\/2026\/02\/2069819.jpg","width":796,"height":448,"caption":"Antonio Tejero Molina de arma em punho no Congresso espanhol, a 23 de Fevereiro de 1981"},{"@type":"BreadcrumbList","@id":"https:\/\/portaltela.pt\/noticias\/2026\/02\/25\/morre-tejero-molina-figura-chave-da-tentativa-de-golpe-de-1981-em-espanha\/#breadcrumb","itemListElement":[{"@type":"ListItem","position":1,"name":"In\u00edcio","item":"https:\/\/portaltela.pt\/"},{"@type":"ListItem","position":2,"name":"Morre Tejero Molina, figura-chave da tentativa de golpe de 1981 em Espanha"}]},{"@type":"WebSite","@id":"https:\/\/portaltela.pt\/#website","url":"https:\/\/portaltela.pt\/","name":"Portal Tela Portugal","description":"","potentialAction":[{"@type":"SearchAction","target":{"@type":"EntryPoint","urlTemplate":"https:\/\/portaltela.pt\/?s={search_term_string}"},"query-input":{"@type":"PropertyValueSpecification","valueRequired":true,"valueName":"search_term_string"}}],"inLanguage":"pt-PT"},{"@type":"Person","@id":"https:\/\/portaltela.pt\/#\/schema\/person\/c4278d4a6028830caff9ee44b42d32ed","name":"Telinha","image":{"@type":"ImageObject","inLanguage":"pt-PT","@id":"https:\/\/portaltela.pt\/s.01k8rhncp4jt1\/2025\/11\/talking-bot-125x125.png","url":"https:\/\/portaltela.pt\/s.01k8rhncp4jt1\/2025\/11\/talking-bot-125x125.png","contentUrl":"https:\/\/portaltela.pt\/s.01k8rhncp4jt1\/2025\/11\/talking-bot-125x125.png","caption":"Telinha"},"sameAs":["https:\/\/portaltela.pt\/"],"url":"https:\/\/portaltela.pt\/por\/367410592786\/"}]}},"_links":{"self":[{"href":"https:\/\/portaltela.pt\/api\/wp\/v2\/posts\/388042","targetHints":{"allow":["GET"]}}],"collection":[{"href":"https:\/\/portaltela.pt\/api\/wp\/v2\/posts"}],"about":[{"href":"https:\/\/portaltela.pt\/api\/wp\/v2\/types\/post"}],"author":[{"embeddable":true,"href":"https:\/\/portaltela.pt\/api\/wp\/v2\/users\/2"}],"replies":[{"embeddable":true,"href":"https:\/\/portaltela.pt\/api\/wp\/v2\/comments?post=388042"}],"version-history":[{"count":0,"href":"https:\/\/portaltela.pt\/api\/wp\/v2\/posts\/388042\/revisions"}],"wp:featuredmedia":[{"embeddable":true,"href":"https:\/\/portaltela.pt\/api\/wp\/v2\/media\/388063"}],"wp:attachment":[{"href":"https:\/\/portaltela.pt\/api\/wp\/v2\/media?parent=388042"}],"wp:term":[{"taxonomy":"category","embeddable":true,"href":"https:\/\/portaltela.pt\/api\/wp\/v2\/categories?post=388042"},{"taxonomy":"post_tag","embeddable":true,"href":"https:\/\/portaltela.pt\/api\/wp\/v2\/tags?post=388042"}],"curies":[{"name":"wp","href":"https:\/\/api.w.org\/{rel}","templated":true}]}}