{"id":387975,"date":"2026-02-25T15:53:20","date_gmt":"2026-02-25T18:53:20","guid":{"rendered":"https:\/\/portaltela.pt\/noticias\/2026\/02\/25\/chelas-120-familias-sem-agua-enfrentam-interrupcao-no-abastecimento\/"},"modified":"2026-02-25T15:53:20","modified_gmt":"2026-02-25T18:53:20","slug":"chelas-120-familias-sem-agua-enfrentam-interrupcao-no-abastecimento","status":"publish","type":"post","link":"https:\/\/portaltela.pt\/noticias\/2026\/02\/25\/chelas-120-familias-sem-agua-enfrentam-interrupcao-no-abastecimento\/","title":{"rendered":"Chelas: 120 fam\u00edlias sem \u00e1gua enfrentam interrup\u00e7\u00e3o no abastecimento"},"content":{"rendered":"<p>Cerca de 120 fam\u00edlias ficaram sem abastecimento de \u00e1gua desde as 02h00 da madrugada, em dois pr\u00e9dios de sete andares em Chelas, Lisboa. A interrup\u00e7\u00e3o deveu-se a uma rutura no 7.\u00ba andar que alegadamente originou um curto-c circuito, colocando em risco os residentes. O propriet\u00e1rio do edif\u00edcio \u00e9 o Instituto da Habita\u00e7\u00e3o e da Reabilita\u00e7\u00e3o Urbana (IHRU).<\/p>\n<p>Os moradores responsabilizam o IHRU pela falta de interven\u00e7\u00e3o, afirmando que foi comunicado h\u00e1 cerca de 40 dias sobre a rutura. Alega-se ainda que houve uma habita\u00e7\u00e3o em risco de inc\u00eandio com tr\u00eas menores no interior. A EPAL, empresa respons\u00e1vel pelo abastecimento, ter\u00e1 indicado que s\u00f3 resolve a situa\u00e7\u00e3o mediante uma assun\u00e7\u00e3o de responsabilidade por parte do IHRU.<\/p>\n<p>Enquanto n\u00e3o h\u00e1 solu\u00e7\u00e3o definitiva, os residentes recorrem a \u00e1gua engarrafada para as necessidades b\u00e1sicas. O contacto com o IHRU para esclarecer a situa\u00e7\u00e3o foi feito por e-mail pelo CM, sem resposta at\u00e9 ao momento.<\/p>\n<h3>Situa\u00e7\u00e3o atual<\/h3>\n<p>A rede de \u00e1gua permanece indispon\u00edvel nos dois blocos. N\u00e3o h\u00e1 confirma\u00e7\u00e3o oficial sobre o que provocou a rutura nem sobre o tempo estimado de reposi\u00e7\u00e3o. A comunidade mant\u00e9m o monitoramento junto das entidades competentes.<\/p>\n<h3>Rea\u00e7\u00f5es e pr\u00f3ximos passos<\/h3>\n<p>Os moradores aguardam uma interven\u00e7\u00e3o c\u00e9lere para restabelecer o abastecimento e evitar novos riscos. N\u00e3o foram ainda divulgados prazos oficiais pelas entidades envolvidas. A administra\u00e7\u00e3o local n\u00e3o comunicou medidas alternativas de apoio tempor\u00e1rio.<\/p>\n","protected":false},"excerpt":{"rendered":"<ul>\n<li>Cerca de 120 fam\u00edlias em Chelas, Lisboa, est\u00e3o sem \u00e1gua desde as 02h00 da madrugada, em dois pr\u00e9dios de sete andares.<\/li>\n<li>A interrup\u00e7\u00e3o ocorreu depois de uma rutura no 7.\u00ba andar ter provocado um curto-circuito que colocou os residentes em risco.<\/li>\n<li>Os moradores responsabilizam o Instituto da Habita\u00e7\u00e3o e da Reabilita\u00e7\u00e3o Urbana (IHRU), propriet\u00e1rio do edif\u00edcio, alegando que foi avisado h\u00e1 40 dias e nada foi feito.<\/li>\n<li>Uma moradora ao CM afirmou que houve uma habita\u00e7\u00e3o que esteve em risco de inc\u00eandio com tr\u00eas menores no interior.<\/li>\n<li>A EPAL s\u00f3 ter\u00e1 solu\u00e7\u00e3o se o IHRU assumir a responsabilidade; os moradores recorrem a \u00e1gua engarrafada e o CM ainda n\u00e3o obteve resposta do IHRU.<\/li>\n<\/ul>\n","protected":false},"author":2,"featured_media":387990,"comment_status":"closed","ping_status":"closed","sticky":false,"template":"","format":"standard","meta":{"footnotes":""},"categories":[1],"tags":[1503,168,1090,4978,150],"class_list":["post-387975","post","type-post","status-publish","format-standard","has-post-thumbnail","hentry","category-noticias","tag-abastecimento-de-agua","tag-administracao-publica","tag-agua","tag-chelas","tag-habitacao"],"yoast_head":"<!-- This site is optimized with the Yoast SEO plugin v27.2 - https:\/\/yoast.com\/product\/yoast-seo-wordpress\/ -->\n<title>Chelas: 120 fam\u00edlias sem \u00e1gua enfrentam interrup\u00e7\u00e3o no abastecimento - Portal Tela Portugal<\/title>\n<meta name=\"robots\" content=\"index, follow, max-snippet:-1, max-image-preview:large, max-video-preview:-1\" \/>\n<meta property=\"og:locale\" content=\"pt_PT\" \/>\n<meta property=\"og:type\" content=\"article\" \/>\n<meta property=\"og:title\" content=\"Chelas: 120 fam\u00edlias sem \u00e1gua enfrentam interrup\u00e7\u00e3o no abastecimento - Portal Tela Portugal\" \/>\n<meta property=\"og:description\" content=\"Cerca de 120 fam\u00edlias em Chelas, Lisboa, est\u00e3o sem \u00e1gua desde as 02h00 da madrugada, em dois pr\u00e9dios de sete andares. A interrup\u00e7\u00e3o ocorreu depois de uma rutura no 7.\u00ba andar ter provocado um curto-circuito que colocou os residentes em risco. Os moradores responsabilizam o Instituto da Habita\u00e7\u00e3o e da Reabilita\u00e7\u00e3o Urbana (IHRU), propriet\u00e1rio do edif\u00edcio, alegando que foi avisado h\u00e1 40 dias e nada foi feito. Uma moradora ao CM afirmou que houve uma habita\u00e7\u00e3o que esteve em risco de inc\u00eandio com tr\u00eas menores no interior. A EPAL s\u00f3 ter\u00e1 solu\u00e7\u00e3o se o IHRU assumir a responsabilidade; os moradores recorrem a \u00e1gua engarrafada e o CM ainda n\u00e3o obteve resposta do IHRU.\" \/>\n<meta property=\"og:url\" content=\"https:\/\/portaltela.pt\/noticias\/2026\/02\/25\/chelas-120-familias-sem-agua-enfrentam-interrupcao-no-abastecimento\/\" \/>\n<meta property=\"og:site_name\" content=\"Portal Tela Portugal\" \/>\n<meta property=\"article:published_time\" content=\"2026-02-25T18:53:20+00:00\" \/>\n<meta name=\"author\" content=\"Telinha\" \/>\n<meta name=\"twitter:card\" content=\"summary_large_image\" \/>\n<meta name=\"twitter:label1\" content=\"Escrito por\" \/>\n\t<meta name=\"twitter:data1\" content=\"Telinha\" \/>\n\t<meta name=\"twitter:label2\" content=\"Tempo estimado de leitura\" \/>\n\t<meta name=\"twitter:data2\" content=\"1 minuto\" \/>\n<script type=\"application\/ld+json\" class=\"yoast-schema-graph\">{\"@context\":\"https:\/\/schema.org\",\"@graph\":[{\"@type\":\"Article\",\"@id\":\"https:\/\/portaltela.pt\/noticias\/2026\/02\/25\/chelas-120-familias-sem-agua-enfrentam-interrupcao-no-abastecimento\/#article\",\"isPartOf\":{\"@id\":\"https:\/\/portaltela.pt\/noticias\/2026\/02\/25\/chelas-120-familias-sem-agua-enfrentam-interrupcao-no-abastecimento\/\"},\"author\":{\"name\":\"Telinha\",\"@id\":\"https:\/\/portaltela.pt\/#\/schema\/person\/c4278d4a6028830caff9ee44b42d32ed\"},\"headline\":\"Chelas: 120 fam\u00edlias sem \u00e1gua enfrentam interrup\u00e7\u00e3o no abastecimento\",\"datePublished\":\"2026-02-25T18:53:20+00:00\",\"mainEntityOfPage\":{\"@id\":\"https:\/\/portaltela.pt\/noticias\/2026\/02\/25\/chelas-120-familias-sem-agua-enfrentam-interrupcao-no-abastecimento\/\"},\"wordCount\":262,\"image\":{\"@id\":\"https:\/\/portaltela.pt\/noticias\/2026\/02\/25\/chelas-120-familias-sem-agua-enfrentam-interrupcao-no-abastecimento\/#primaryimage\"},\"thumbnailUrl\":\"https:\/\/portaltela.pt\/s.01k8rhncp4jt1\/2026\/02\/img_1500x1000uu2026-02-25-18-35-08-2268986.jpg\",\"keywords\":[\"abastecimento de \u00e1gua\",\"administra\u00e7\u00e3o p\u00fablica\",\"\u00e1gua\",\"Chelas\",\"habita\u00e7\u00e3o\"],\"articleSection\":[\"Not\u00edcias\"],\"inLanguage\":\"pt-PT\"},{\"@type\":\"WebPage\",\"@id\":\"https:\/\/portaltela.pt\/noticias\/2026\/02\/25\/chelas-120-familias-sem-agua-enfrentam-interrupcao-no-abastecimento\/\",\"url\":\"https:\/\/portaltela.pt\/noticias\/2026\/02\/25\/chelas-120-familias-sem-agua-enfrentam-interrupcao-no-abastecimento\/\",\"name\":\"Chelas: 120 fam\u00edlias sem \u00e1gua enfrentam interrup\u00e7\u00e3o no abastecimento - Portal Tela Portugal\",\"isPartOf\":{\"@id\":\"https:\/\/portaltela.pt\/#website\"},\"primaryImageOfPage\":{\"@id\":\"https:\/\/portaltela.pt\/noticias\/2026\/02\/25\/chelas-120-familias-sem-agua-enfrentam-interrupcao-no-abastecimento\/#primaryimage\"},\"image\":{\"@id\":\"https:\/\/portaltela.pt\/noticias\/2026\/02\/25\/chelas-120-familias-sem-agua-enfrentam-interrupcao-no-abastecimento\/#primaryimage\"},\"thumbnailUrl\":\"https:\/\/portaltela.pt\/s.01k8rhncp4jt1\/2026\/02\/img_1500x1000uu2026-02-25-18-35-08-2268986.jpg\",\"datePublished\":\"2026-02-25T18:53:20+00:00\",\"author\":{\"@id\":\"https:\/\/portaltela.pt\/#\/schema\/person\/c4278d4a6028830caff9ee44b42d32ed\"},\"breadcrumb\":{\"@id\":\"https:\/\/portaltela.pt\/noticias\/2026\/02\/25\/chelas-120-familias-sem-agua-enfrentam-interrupcao-no-abastecimento\/#breadcrumb\"},\"inLanguage\":\"pt-PT\",\"potentialAction\":[{\"@type\":\"ReadAction\",\"target\":[\"https:\/\/portaltela.pt\/noticias\/2026\/02\/25\/chelas-120-familias-sem-agua-enfrentam-interrupcao-no-abastecimento\/\"]}]},{\"@type\":\"ImageObject\",\"inLanguage\":\"pt-PT\",\"@id\":\"https:\/\/portaltela.pt\/noticias\/2026\/02\/25\/chelas-120-familias-sem-agua-enfrentam-interrupcao-no-abastecimento\/#primaryimage\",\"url\":\"https:\/\/portaltela.pt\/s.01k8rhncp4jt1\/2026\/02\/img_1500x1000uu2026-02-25-18-35-08-2268986.jpg\",\"contentUrl\":\"https:\/\/portaltela.pt\/s.01k8rhncp4jt1\/2026\/02\/img_1500x1000uu2026-02-25-18-35-08-2268986.jpg\",\"width\":1500,\"height\":1000,\"caption\":\"Chelas: Fam\u00edlias sem \u00e1gua ap\u00f3s rutura e curto-circuito\"},{\"@type\":\"BreadcrumbList\",\"@id\":\"https:\/\/portaltela.pt\/noticias\/2026\/02\/25\/chelas-120-familias-sem-agua-enfrentam-interrupcao-no-abastecimento\/#breadcrumb\",\"itemListElement\":[{\"@type\":\"ListItem\",\"position\":1,\"name\":\"In\u00edcio\",\"item\":\"https:\/\/portaltela.pt\/\"},{\"@type\":\"ListItem\",\"position\":2,\"name\":\"Chelas: 120 fam\u00edlias sem \u00e1gua enfrentam interrup\u00e7\u00e3o no abastecimento\"}]},{\"@type\":\"WebSite\",\"@id\":\"https:\/\/portaltela.pt\/#website\",\"url\":\"https:\/\/portaltela.pt\/\",\"name\":\"Portal Tela Portugal\",\"description\":\"\",\"potentialAction\":[{\"@type\":\"SearchAction\",\"target\":{\"@type\":\"EntryPoint\",\"urlTemplate\":\"https:\/\/portaltela.pt\/?s={search_term_string}\"},\"query-input\":{\"@type\":\"PropertyValueSpecification\",\"valueRequired\":true,\"valueName\":\"search_term_string\"}}],\"inLanguage\":\"pt-PT\"},{\"@type\":\"Person\",\"@id\":\"https:\/\/portaltela.pt\/#\/schema\/person\/c4278d4a6028830caff9ee44b42d32ed\",\"name\":\"Telinha\",\"image\":{\"@type\":\"ImageObject\",\"inLanguage\":\"pt-PT\",\"@id\":\"https:\/\/portaltela.pt\/s.01k8rhncp4jt1\/2025\/11\/talking-bot-125x125.png\",\"url\":\"https:\/\/portaltela.pt\/s.01k8rhncp4jt1\/2025\/11\/talking-bot-125x125.png\",\"contentUrl\":\"https:\/\/portaltela.pt\/s.01k8rhncp4jt1\/2025\/11\/talking-bot-125x125.png\",\"caption\":\"Telinha\"},\"sameAs\":[\"https:\/\/portaltela.pt\/\"],\"url\":\"https:\/\/portaltela.pt\/por\/367410592786\/\"}]}<\/script>\n<!-- \/ Yoast SEO plugin. -->","yoast_head_json":{"title":"Chelas: 120 fam\u00edlias sem \u00e1gua enfrentam interrup\u00e7\u00e3o no abastecimento - Portal Tela Portugal","robots":{"index":"index","follow":"follow","max-snippet":"max-snippet:-1","max-image-preview":"max-image-preview:large","max-video-preview":"max-video-preview:-1"},"og_locale":"pt_PT","og_type":"article","og_title":"Chelas: 120 fam\u00edlias sem \u00e1gua enfrentam interrup\u00e7\u00e3o no abastecimento - Portal Tela Portugal","og_description":"Cerca de 120 fam\u00edlias em Chelas, Lisboa, est\u00e3o sem \u00e1gua desde as 02h00 da madrugada, em dois pr\u00e9dios de sete andares. A interrup\u00e7\u00e3o ocorreu depois de uma rutura no 7.\u00ba andar ter provocado um curto-circuito que colocou os residentes em risco. Os moradores responsabilizam o Instituto da Habita\u00e7\u00e3o e da Reabilita\u00e7\u00e3o Urbana (IHRU), propriet\u00e1rio do edif\u00edcio, alegando que foi avisado h\u00e1 40 dias e nada foi feito. Uma moradora ao CM afirmou que houve uma habita\u00e7\u00e3o que esteve em risco de inc\u00eandio com tr\u00eas menores no interior. A EPAL s\u00f3 ter\u00e1 solu\u00e7\u00e3o se o IHRU assumir a responsabilidade; os moradores recorrem a \u00e1gua engarrafada e o CM ainda n\u00e3o obteve resposta do IHRU.","og_url":"https:\/\/portaltela.pt\/noticias\/2026\/02\/25\/chelas-120-familias-sem-agua-enfrentam-interrupcao-no-abastecimento\/","og_site_name":"Portal Tela Portugal","article_published_time":"2026-02-25T18:53:20+00:00","author":"Telinha","twitter_card":"summary_large_image","twitter_misc":{"Escrito por":"Telinha","Tempo estimado de leitura":"1 minuto"},"schema":{"@context":"https:\/\/schema.org","@graph":[{"@type":"Article","@id":"https:\/\/portaltela.pt\/noticias\/2026\/02\/25\/chelas-120-familias-sem-agua-enfrentam-interrupcao-no-abastecimento\/#article","isPartOf":{"@id":"https:\/\/portaltela.pt\/noticias\/2026\/02\/25\/chelas-120-familias-sem-agua-enfrentam-interrupcao-no-abastecimento\/"},"author":{"name":"Telinha","@id":"https:\/\/portaltela.pt\/#\/schema\/person\/c4278d4a6028830caff9ee44b42d32ed"},"headline":"Chelas: 120 fam\u00edlias sem \u00e1gua enfrentam interrup\u00e7\u00e3o no abastecimento","datePublished":"2026-02-25T18:53:20+00:00","mainEntityOfPage":{"@id":"https:\/\/portaltela.pt\/noticias\/2026\/02\/25\/chelas-120-familias-sem-agua-enfrentam-interrupcao-no-abastecimento\/"},"wordCount":262,"image":{"@id":"https:\/\/portaltela.pt\/noticias\/2026\/02\/25\/chelas-120-familias-sem-agua-enfrentam-interrupcao-no-abastecimento\/#primaryimage"},"thumbnailUrl":"https:\/\/portaltela.pt\/s.01k8rhncp4jt1\/2026\/02\/img_1500x1000uu2026-02-25-18-35-08-2268986.jpg","keywords":["abastecimento de \u00e1gua","administra\u00e7\u00e3o p\u00fablica","\u00e1gua","Chelas","habita\u00e7\u00e3o"],"articleSection":["Not\u00edcias"],"inLanguage":"pt-PT"},{"@type":"WebPage","@id":"https:\/\/portaltela.pt\/noticias\/2026\/02\/25\/chelas-120-familias-sem-agua-enfrentam-interrupcao-no-abastecimento\/","url":"https:\/\/portaltela.pt\/noticias\/2026\/02\/25\/chelas-120-familias-sem-agua-enfrentam-interrupcao-no-abastecimento\/","name":"Chelas: 120 fam\u00edlias sem \u00e1gua enfrentam interrup\u00e7\u00e3o no abastecimento - Portal Tela Portugal","isPartOf":{"@id":"https:\/\/portaltela.pt\/#website"},"primaryImageOfPage":{"@id":"https:\/\/portaltela.pt\/noticias\/2026\/02\/25\/chelas-120-familias-sem-agua-enfrentam-interrupcao-no-abastecimento\/#primaryimage"},"image":{"@id":"https:\/\/portaltela.pt\/noticias\/2026\/02\/25\/chelas-120-familias-sem-agua-enfrentam-interrupcao-no-abastecimento\/#primaryimage"},"thumbnailUrl":"https:\/\/portaltela.pt\/s.01k8rhncp4jt1\/2026\/02\/img_1500x1000uu2026-02-25-18-35-08-2268986.jpg","datePublished":"2026-02-25T18:53:20+00:00","author":{"@id":"https:\/\/portaltela.pt\/#\/schema\/person\/c4278d4a6028830caff9ee44b42d32ed"},"breadcrumb":{"@id":"https:\/\/portaltela.pt\/noticias\/2026\/02\/25\/chelas-120-familias-sem-agua-enfrentam-interrupcao-no-abastecimento\/#breadcrumb"},"inLanguage":"pt-PT","potentialAction":[{"@type":"ReadAction","target":["https:\/\/portaltela.pt\/noticias\/2026\/02\/25\/chelas-120-familias-sem-agua-enfrentam-interrupcao-no-abastecimento\/"]}]},{"@type":"ImageObject","inLanguage":"pt-PT","@id":"https:\/\/portaltela.pt\/noticias\/2026\/02\/25\/chelas-120-familias-sem-agua-enfrentam-interrupcao-no-abastecimento\/#primaryimage","url":"https:\/\/portaltela.pt\/s.01k8rhncp4jt1\/2026\/02\/img_1500x1000uu2026-02-25-18-35-08-2268986.jpg","contentUrl":"https:\/\/portaltela.pt\/s.01k8rhncp4jt1\/2026\/02\/img_1500x1000uu2026-02-25-18-35-08-2268986.jpg","width":1500,"height":1000,"caption":"Chelas: Fam\u00edlias sem \u00e1gua ap\u00f3s rutura e curto-circuito"},{"@type":"BreadcrumbList","@id":"https:\/\/portaltela.pt\/noticias\/2026\/02\/25\/chelas-120-familias-sem-agua-enfrentam-interrupcao-no-abastecimento\/#breadcrumb","itemListElement":[{"@type":"ListItem","position":1,"name":"In\u00edcio","item":"https:\/\/portaltela.pt\/"},{"@type":"ListItem","position":2,"name":"Chelas: 120 fam\u00edlias sem \u00e1gua enfrentam interrup\u00e7\u00e3o no abastecimento"}]},{"@type":"WebSite","@id":"https:\/\/portaltela.pt\/#website","url":"https:\/\/portaltela.pt\/","name":"Portal Tela Portugal","description":"","potentialAction":[{"@type":"SearchAction","target":{"@type":"EntryPoint","urlTemplate":"https:\/\/portaltela.pt\/?s={search_term_string}"},"query-input":{"@type":"PropertyValueSpecification","valueRequired":true,"valueName":"search_term_string"}}],"inLanguage":"pt-PT"},{"@type":"Person","@id":"https:\/\/portaltela.pt\/#\/schema\/person\/c4278d4a6028830caff9ee44b42d32ed","name":"Telinha","image":{"@type":"ImageObject","inLanguage":"pt-PT","@id":"https:\/\/portaltela.pt\/s.01k8rhncp4jt1\/2025\/11\/talking-bot-125x125.png","url":"https:\/\/portaltela.pt\/s.01k8rhncp4jt1\/2025\/11\/talking-bot-125x125.png","contentUrl":"https:\/\/portaltela.pt\/s.01k8rhncp4jt1\/2025\/11\/talking-bot-125x125.png","caption":"Telinha"},"sameAs":["https:\/\/portaltela.pt\/"],"url":"https:\/\/portaltela.pt\/por\/367410592786\/"}]}},"_links":{"self":[{"href":"https:\/\/portaltela.pt\/api\/wp\/v2\/posts\/387975","targetHints":{"allow":["GET"]}}],"collection":[{"href":"https:\/\/portaltela.pt\/api\/wp\/v2\/posts"}],"about":[{"href":"https:\/\/portaltela.pt\/api\/wp\/v2\/types\/post"}],"author":[{"embeddable":true,"href":"https:\/\/portaltela.pt\/api\/wp\/v2\/users\/2"}],"replies":[{"embeddable":true,"href":"https:\/\/portaltela.pt\/api\/wp\/v2\/comments?post=387975"}],"version-history":[{"count":0,"href":"https:\/\/portaltela.pt\/api\/wp\/v2\/posts\/387975\/revisions"}],"wp:featuredmedia":[{"embeddable":true,"href":"https:\/\/portaltela.pt\/api\/wp\/v2\/media\/387990"}],"wp:attachment":[{"href":"https:\/\/portaltela.pt\/api\/wp\/v2\/media?parent=387975"}],"wp:term":[{"taxonomy":"category","embeddable":true,"href":"https:\/\/portaltela.pt\/api\/wp\/v2\/categories?post=387975"},{"taxonomy":"post_tag","embeddable":true,"href":"https:\/\/portaltela.pt\/api\/wp\/v2\/tags?post=387975"}],"curies":[{"name":"wp","href":"https:\/\/api.w.org\/{rel}","templated":true}]}}