{"id":387973,"date":"2026-02-25T15:45:00","date_gmt":"2026-02-25T18:45:00","guid":{"rendered":"https:\/\/portaltela.pt\/noticias\/2026\/02\/25\/supremo-retira-crime-de-guerra-e-reduz-pena-a-iraquiano-condenado-por-terrorismo\/"},"modified":"2026-02-25T15:45:00","modified_gmt":"2026-02-25T18:45:00","slug":"supremo-retira-crime-de-guerra-e-reduz-pena-a-iraquiano-condenado-por-terrorismo","status":"publish","type":"post","link":"https:\/\/portaltela.pt\/noticias\/2026\/02\/25\/supremo-retira-crime-de-guerra-e-reduz-pena-a-iraquiano-condenado-por-terrorismo\/","title":{"rendered":"Supremo retira crime de guerra e reduz pena a iraquiano condenado por terrorismo"},"content":{"rendered":"<p>O Supremo Tribunal de Justi\u00e7a (STJ) reduziu a pena de um dos irm\u00e3os iraquianos condenados por pertencer ao Daesh, retirando a imputa\u00e7\u00e3o de crime de guerra e substituindo-a por crime de terrorismo internacional. A decis\u00e3o foi comunicada na quarta-feira, em nota oficial do STJ, no \u00e2mbito de recurso contra decis\u00e3o da Rela\u00e7\u00e3o de Lisboa.<\/p>\n<p>O STJ manteve a condena\u00e7\u00e3o de Amar Ameen a 10 anos de pris\u00e3o e reduziu a de Yasser Ameen para 15 anos. A diferen\u00e7a resulta da altera\u00e7\u00e3o da tipifica\u00e7\u00e3o de crime para o arguido com a pena mais elevada, pela pr\u00e1tica de ades\u00e3o a organiza\u00e7\u00e3o terrorista internacional.<\/p>\n<p>Em rela\u00e7\u00e3o ao crime de guerra inicialmente atribu\u00eddo, o STJ concluiu que os factos n\u00e3o configuravam esse tipo de crime, pun\u00edvel com 10 a 25 anos de pris\u00e3o. Passaram a ser enquadrados como terrorismo internacional, com pena de 2 a 10 anos, resultando numa pena \u00fanica de 11 anos para esse arguido, mas em c\u00famulo com as restantes condena\u00e7\u00f5es ficou em 15 anos.<\/p>\n<p>Para o outro arguido, a condena\u00e7\u00e3o de 12 anos por crime de guerra foi anulada e substitu\u00edda por 7 anos de pris\u00e3o por crime de terrorismo internacional. O c\u00famulo jur\u00eddico passou assim a 15 anos de pris\u00e3o para o conjunto das condena\u00e7\u00f5es de ambos.<\/p>\n<p>A decis\u00e3o manteve, ainda, a expuls\u00e3o do territ\u00f3rio nacional por 10 anos para ambos os arguidos, conforme ficou fixado pela Rela\u00e7\u00e3o de Lisboa. Os dois irm\u00e3os foram inicialmente condenados em dezembro de 2024 pela Justi\u00e7a portuguesa.<\/p>\n<p>Amar Ameen recebeu uma pena consolidada de 15 anos, ap\u00f3s o STJ confirmar a pena de 10 anos pela ades\u00e3o ao Daesh e majorar para 11 anos a penaliza\u00e7\u00e3o envolvida pela gravidade dos factos, com a redu\u00e7\u00e3o global para 15 anos no c\u00famulo. Yasser Ameen ficou com 10 anos de pris\u00e3o apenas pela ades\u00e3o ao Daesh, sem envolvimento direto nos crimes de guerra.<\/p>\n<p>Os irm\u00e3os chegaram a Portugal em mar\u00e7o de 2017, vindos da Gr\u00e9cia, ao abrigo do programa de recoloca\u00e7\u00e3o de refugiados da Uni\u00e3o Europeia. O inqu\u00e9rito do Departamento Central de Investiga\u00e7\u00e3o e A\u00e7\u00e3o Penal investigou a atividade dos arguidos nos \u00f3rg\u00e3os de gest\u00e3o da ocupa\u00e7\u00e3o do Iraque entre 2014 e 2016.<\/p>\n","protected":false},"excerpt":{"rendered":"<ul>\n<li>O Supremo Tribunal de Justi\u00e7a retirou a imputa\u00e7\u00e3o de crime de guerra a um dos irm\u00e3os iraquianos condenados por pertencer ao Daesh, substituindo-a por crime de terrorismo internacional.<\/li>\n<li>Em c\u00famulo jur\u00eddico, a pena \u00fanica ficou em 15 anos de pris\u00e3o, menos um ano do que os 16 anos fixados em primeira inst\u00e2ncia.<\/li>\n<li>O arguido com a pena mais elevada teve a pena de ades\u00e3o a organiza\u00e7\u00e3o terrorista internacional aumentada de 10 para 11 anos de pris\u00e3o.<\/li>\n<li>A condena\u00e7\u00e3o de 12 anos por crime de guerra foi substitu\u00edda por crime de terrorismo internacional, com a pena fixada em sete anos de pris\u00e3o.<\/li>\n<li>Ambos os arguidos mant\u00eam a expuls\u00e3o do territ\u00f3rio nacional por 10 anos; chegaram a Portugal em mar\u00e7o de 2017.<\/li>\n<\/ul>\n","protected":false},"author":2,"featured_media":387991,"comment_status":"closed","ping_status":"closed","sticky":false,"template":"","format":"standard","meta":{"footnotes":""},"categories":[1],"tags":[147,5550,3395,1014,4989,6208],"class_list":["post-387973","post","type-post","status-publish","format-standard","has-post-thumbnail","hentry","category-noticias","tag-crime","tag-crime-internacional","tag-daesh","tag-portugal","tag-terrorismo","tag-tribunais"],"yoast_head":"<!-- This site is optimized with the Yoast SEO plugin v27.2 - https:\/\/yoast.com\/product\/yoast-seo-wordpress\/ -->\n<title>Supremo retira crime de guerra e reduz pena a iraquiano condenado por terrorismo - Portal Tela Portugal<\/title>\n<meta name=\"robots\" content=\"index, follow, max-snippet:-1, max-image-preview:large, max-video-preview:-1\" \/>\n<meta property=\"og:locale\" content=\"pt_PT\" \/>\n<meta property=\"og:type\" content=\"article\" \/>\n<meta property=\"og:title\" content=\"Supremo retira crime de guerra e reduz pena a iraquiano condenado por terrorismo - Portal Tela Portugal\" \/>\n<meta property=\"og:description\" content=\"O Supremo Tribunal de Justi\u00e7a retirou a imputa\u00e7\u00e3o de crime de guerra a um dos irm\u00e3os iraquianos condenados por pertencer ao Daesh, substituindo-a por crime de terrorismo internacional. Em c\u00famulo jur\u00eddico, a pena \u00fanica ficou em 15 anos de pris\u00e3o, menos um ano do que os 16 anos fixados em primeira inst\u00e2ncia. O arguido com a pena mais elevada teve a pena de ades\u00e3o a organiza\u00e7\u00e3o terrorista internacional aumentada de 10 para 11 anos de pris\u00e3o. A condena\u00e7\u00e3o de 12 anos por crime de guerra foi substitu\u00edda por crime de terrorismo internacional, com a pena fixada em sete anos de pris\u00e3o. Ambos os arguidos mant\u00eam a expuls\u00e3o do territ\u00f3rio nacional por 10 anos; chegaram a Portugal em mar\u00e7o de 2017.\" \/>\n<meta property=\"og:url\" content=\"https:\/\/portaltela.pt\/noticias\/2026\/02\/25\/supremo-retira-crime-de-guerra-e-reduz-pena-a-iraquiano-condenado-por-terrorismo\/\" \/>\n<meta property=\"og:site_name\" content=\"Portal Tela Portugal\" \/>\n<meta property=\"article:published_time\" content=\"2026-02-25T18:45:00+00:00\" \/>\n<meta name=\"author\" content=\"Telinha\" \/>\n<meta name=\"twitter:card\" content=\"summary_large_image\" \/>\n<meta name=\"twitter:label1\" content=\"Escrito por\" \/>\n\t<meta name=\"twitter:data1\" content=\"Telinha\" \/>\n\t<meta name=\"twitter:label2\" content=\"Tempo estimado de leitura\" \/>\n\t<meta name=\"twitter:data2\" content=\"2 minutos\" \/>\n<script type=\"application\/ld+json\" class=\"yoast-schema-graph\">{\"@context\":\"https:\/\/schema.org\",\"@graph\":[{\"@type\":\"Article\",\"@id\":\"https:\/\/portaltela.pt\/noticias\/2026\/02\/25\/supremo-retira-crime-de-guerra-e-reduz-pena-a-iraquiano-condenado-por-terrorismo\/#article\",\"isPartOf\":{\"@id\":\"https:\/\/portaltela.pt\/noticias\/2026\/02\/25\/supremo-retira-crime-de-guerra-e-reduz-pena-a-iraquiano-condenado-por-terrorismo\/\"},\"author\":{\"name\":\"Telinha\",\"@id\":\"https:\/\/portaltela.pt\/#\/schema\/person\/c4278d4a6028830caff9ee44b42d32ed\"},\"headline\":\"Supremo retira crime de guerra e reduz pena a iraquiano condenado por terrorismo\",\"datePublished\":\"2026-02-25T18:45:00+00:00\",\"mainEntityOfPage\":{\"@id\":\"https:\/\/portaltela.pt\/noticias\/2026\/02\/25\/supremo-retira-crime-de-guerra-e-reduz-pena-a-iraquiano-condenado-por-terrorismo\/\"},\"wordCount\":401,\"image\":{\"@id\":\"https:\/\/portaltela.pt\/noticias\/2026\/02\/25\/supremo-retira-crime-de-guerra-e-reduz-pena-a-iraquiano-condenado-por-terrorismo\/#primaryimage\"},\"thumbnailUrl\":\"https:\/\/portaltela.pt\/s.01k8rhncp4jt1\/2026\/02\/image-1867.jpg\",\"keywords\":[\"crime\",\"crime internacional\",\"Daesh\",\"Portugal\",\"terrorismo\",\"Tribunais\"],\"articleSection\":[\"Not\u00edcias\"],\"inLanguage\":\"pt-PT\"},{\"@type\":\"WebPage\",\"@id\":\"https:\/\/portaltela.pt\/noticias\/2026\/02\/25\/supremo-retira-crime-de-guerra-e-reduz-pena-a-iraquiano-condenado-por-terrorismo\/\",\"url\":\"https:\/\/portaltela.pt\/noticias\/2026\/02\/25\/supremo-retira-crime-de-guerra-e-reduz-pena-a-iraquiano-condenado-por-terrorismo\/\",\"name\":\"Supremo retira crime de guerra e reduz pena a iraquiano condenado por terrorismo - Portal Tela Portugal\",\"isPartOf\":{\"@id\":\"https:\/\/portaltela.pt\/#website\"},\"primaryImageOfPage\":{\"@id\":\"https:\/\/portaltela.pt\/noticias\/2026\/02\/25\/supremo-retira-crime-de-guerra-e-reduz-pena-a-iraquiano-condenado-por-terrorismo\/#primaryimage\"},\"image\":{\"@id\":\"https:\/\/portaltela.pt\/noticias\/2026\/02\/25\/supremo-retira-crime-de-guerra-e-reduz-pena-a-iraquiano-condenado-por-terrorismo\/#primaryimage\"},\"thumbnailUrl\":\"https:\/\/portaltela.pt\/s.01k8rhncp4jt1\/2026\/02\/image-1867.jpg\",\"datePublished\":\"2026-02-25T18:45:00+00:00\",\"author\":{\"@id\":\"https:\/\/portaltela.pt\/#\/schema\/person\/c4278d4a6028830caff9ee44b42d32ed\"},\"breadcrumb\":{\"@id\":\"https:\/\/portaltela.pt\/noticias\/2026\/02\/25\/supremo-retira-crime-de-guerra-e-reduz-pena-a-iraquiano-condenado-por-terrorismo\/#breadcrumb\"},\"inLanguage\":\"pt-PT\",\"potentialAction\":[{\"@type\":\"ReadAction\",\"target\":[\"https:\/\/portaltela.pt\/noticias\/2026\/02\/25\/supremo-retira-crime-de-guerra-e-reduz-pena-a-iraquiano-condenado-por-terrorismo\/\"]}]},{\"@type\":\"ImageObject\",\"inLanguage\":\"pt-PT\",\"@id\":\"https:\/\/portaltela.pt\/noticias\/2026\/02\/25\/supremo-retira-crime-de-guerra-e-reduz-pena-a-iraquiano-condenado-por-terrorismo\/#primaryimage\",\"url\":\"https:\/\/portaltela.pt\/s.01k8rhncp4jt1\/2026\/02\/image-1867.jpg\",\"contentUrl\":\"https:\/\/portaltela.pt\/s.01k8rhncp4jt1\/2026\/02\/image-1867.jpg\",\"width\":796,\"height\":448,\"caption\":\"Ammar Ameen tinha sido condenado a 12 anos de pris\u00e3o pela pr\u00e1tica de um crime de guerra\"},{\"@type\":\"BreadcrumbList\",\"@id\":\"https:\/\/portaltela.pt\/noticias\/2026\/02\/25\/supremo-retira-crime-de-guerra-e-reduz-pena-a-iraquiano-condenado-por-terrorismo\/#breadcrumb\",\"itemListElement\":[{\"@type\":\"ListItem\",\"position\":1,\"name\":\"In\u00edcio\",\"item\":\"https:\/\/portaltela.pt\/\"},{\"@type\":\"ListItem\",\"position\":2,\"name\":\"Supremo retira crime de guerra e reduz pena a iraquiano condenado por terrorismo\"}]},{\"@type\":\"WebSite\",\"@id\":\"https:\/\/portaltela.pt\/#website\",\"url\":\"https:\/\/portaltela.pt\/\",\"name\":\"Portal Tela Portugal\",\"description\":\"\",\"potentialAction\":[{\"@type\":\"SearchAction\",\"target\":{\"@type\":\"EntryPoint\",\"urlTemplate\":\"https:\/\/portaltela.pt\/?s={search_term_string}\"},\"query-input\":{\"@type\":\"PropertyValueSpecification\",\"valueRequired\":true,\"valueName\":\"search_term_string\"}}],\"inLanguage\":\"pt-PT\"},{\"@type\":\"Person\",\"@id\":\"https:\/\/portaltela.pt\/#\/schema\/person\/c4278d4a6028830caff9ee44b42d32ed\",\"name\":\"Telinha\",\"image\":{\"@type\":\"ImageObject\",\"inLanguage\":\"pt-PT\",\"@id\":\"https:\/\/portaltela.pt\/s.01k8rhncp4jt1\/2025\/11\/talking-bot-125x125.png\",\"url\":\"https:\/\/portaltela.pt\/s.01k8rhncp4jt1\/2025\/11\/talking-bot-125x125.png\",\"contentUrl\":\"https:\/\/portaltela.pt\/s.01k8rhncp4jt1\/2025\/11\/talking-bot-125x125.png\",\"caption\":\"Telinha\"},\"sameAs\":[\"https:\/\/portaltela.pt\/\"],\"url\":\"https:\/\/portaltela.pt\/por\/367410592786\/\"}]}<\/script>\n<!-- \/ Yoast SEO plugin. -->","yoast_head_json":{"title":"Supremo retira crime de guerra e reduz pena a iraquiano condenado por terrorismo - Portal Tela Portugal","robots":{"index":"index","follow":"follow","max-snippet":"max-snippet:-1","max-image-preview":"max-image-preview:large","max-video-preview":"max-video-preview:-1"},"og_locale":"pt_PT","og_type":"article","og_title":"Supremo retira crime de guerra e reduz pena a iraquiano condenado por terrorismo - Portal Tela Portugal","og_description":"O Supremo Tribunal de Justi\u00e7a retirou a imputa\u00e7\u00e3o de crime de guerra a um dos irm\u00e3os iraquianos condenados por pertencer ao Daesh, substituindo-a por crime de terrorismo internacional. Em c\u00famulo jur\u00eddico, a pena \u00fanica ficou em 15 anos de pris\u00e3o, menos um ano do que os 16 anos fixados em primeira inst\u00e2ncia. O arguido com a pena mais elevada teve a pena de ades\u00e3o a organiza\u00e7\u00e3o terrorista internacional aumentada de 10 para 11 anos de pris\u00e3o. A condena\u00e7\u00e3o de 12 anos por crime de guerra foi substitu\u00edda por crime de terrorismo internacional, com a pena fixada em sete anos de pris\u00e3o. Ambos os arguidos mant\u00eam a expuls\u00e3o do territ\u00f3rio nacional por 10 anos; chegaram a Portugal em mar\u00e7o de 2017.","og_url":"https:\/\/portaltela.pt\/noticias\/2026\/02\/25\/supremo-retira-crime-de-guerra-e-reduz-pena-a-iraquiano-condenado-por-terrorismo\/","og_site_name":"Portal Tela Portugal","article_published_time":"2026-02-25T18:45:00+00:00","author":"Telinha","twitter_card":"summary_large_image","twitter_misc":{"Escrito por":"Telinha","Tempo estimado de leitura":"2 minutos"},"schema":{"@context":"https:\/\/schema.org","@graph":[{"@type":"Article","@id":"https:\/\/portaltela.pt\/noticias\/2026\/02\/25\/supremo-retira-crime-de-guerra-e-reduz-pena-a-iraquiano-condenado-por-terrorismo\/#article","isPartOf":{"@id":"https:\/\/portaltela.pt\/noticias\/2026\/02\/25\/supremo-retira-crime-de-guerra-e-reduz-pena-a-iraquiano-condenado-por-terrorismo\/"},"author":{"name":"Telinha","@id":"https:\/\/portaltela.pt\/#\/schema\/person\/c4278d4a6028830caff9ee44b42d32ed"},"headline":"Supremo retira crime de guerra e reduz pena a iraquiano condenado por terrorismo","datePublished":"2026-02-25T18:45:00+00:00","mainEntityOfPage":{"@id":"https:\/\/portaltela.pt\/noticias\/2026\/02\/25\/supremo-retira-crime-de-guerra-e-reduz-pena-a-iraquiano-condenado-por-terrorismo\/"},"wordCount":401,"image":{"@id":"https:\/\/portaltela.pt\/noticias\/2026\/02\/25\/supremo-retira-crime-de-guerra-e-reduz-pena-a-iraquiano-condenado-por-terrorismo\/#primaryimage"},"thumbnailUrl":"https:\/\/portaltela.pt\/s.01k8rhncp4jt1\/2026\/02\/image-1867.jpg","keywords":["crime","crime internacional","Daesh","Portugal","terrorismo","Tribunais"],"articleSection":["Not\u00edcias"],"inLanguage":"pt-PT"},{"@type":"WebPage","@id":"https:\/\/portaltela.pt\/noticias\/2026\/02\/25\/supremo-retira-crime-de-guerra-e-reduz-pena-a-iraquiano-condenado-por-terrorismo\/","url":"https:\/\/portaltela.pt\/noticias\/2026\/02\/25\/supremo-retira-crime-de-guerra-e-reduz-pena-a-iraquiano-condenado-por-terrorismo\/","name":"Supremo retira crime de guerra e reduz pena a iraquiano condenado por terrorismo - Portal Tela Portugal","isPartOf":{"@id":"https:\/\/portaltela.pt\/#website"},"primaryImageOfPage":{"@id":"https:\/\/portaltela.pt\/noticias\/2026\/02\/25\/supremo-retira-crime-de-guerra-e-reduz-pena-a-iraquiano-condenado-por-terrorismo\/#primaryimage"},"image":{"@id":"https:\/\/portaltela.pt\/noticias\/2026\/02\/25\/supremo-retira-crime-de-guerra-e-reduz-pena-a-iraquiano-condenado-por-terrorismo\/#primaryimage"},"thumbnailUrl":"https:\/\/portaltela.pt\/s.01k8rhncp4jt1\/2026\/02\/image-1867.jpg","datePublished":"2026-02-25T18:45:00+00:00","author":{"@id":"https:\/\/portaltela.pt\/#\/schema\/person\/c4278d4a6028830caff9ee44b42d32ed"},"breadcrumb":{"@id":"https:\/\/portaltela.pt\/noticias\/2026\/02\/25\/supremo-retira-crime-de-guerra-e-reduz-pena-a-iraquiano-condenado-por-terrorismo\/#breadcrumb"},"inLanguage":"pt-PT","potentialAction":[{"@type":"ReadAction","target":["https:\/\/portaltela.pt\/noticias\/2026\/02\/25\/supremo-retira-crime-de-guerra-e-reduz-pena-a-iraquiano-condenado-por-terrorismo\/"]}]},{"@type":"ImageObject","inLanguage":"pt-PT","@id":"https:\/\/portaltela.pt\/noticias\/2026\/02\/25\/supremo-retira-crime-de-guerra-e-reduz-pena-a-iraquiano-condenado-por-terrorismo\/#primaryimage","url":"https:\/\/portaltela.pt\/s.01k8rhncp4jt1\/2026\/02\/image-1867.jpg","contentUrl":"https:\/\/portaltela.pt\/s.01k8rhncp4jt1\/2026\/02\/image-1867.jpg","width":796,"height":448,"caption":"Ammar Ameen tinha sido condenado a 12 anos de pris\u00e3o pela pr\u00e1tica de um crime de guerra"},{"@type":"BreadcrumbList","@id":"https:\/\/portaltela.pt\/noticias\/2026\/02\/25\/supremo-retira-crime-de-guerra-e-reduz-pena-a-iraquiano-condenado-por-terrorismo\/#breadcrumb","itemListElement":[{"@type":"ListItem","position":1,"name":"In\u00edcio","item":"https:\/\/portaltela.pt\/"},{"@type":"ListItem","position":2,"name":"Supremo retira crime de guerra e reduz pena a iraquiano condenado por terrorismo"}]},{"@type":"WebSite","@id":"https:\/\/portaltela.pt\/#website","url":"https:\/\/portaltela.pt\/","name":"Portal Tela Portugal","description":"","potentialAction":[{"@type":"SearchAction","target":{"@type":"EntryPoint","urlTemplate":"https:\/\/portaltela.pt\/?s={search_term_string}"},"query-input":{"@type":"PropertyValueSpecification","valueRequired":true,"valueName":"search_term_string"}}],"inLanguage":"pt-PT"},{"@type":"Person","@id":"https:\/\/portaltela.pt\/#\/schema\/person\/c4278d4a6028830caff9ee44b42d32ed","name":"Telinha","image":{"@type":"ImageObject","inLanguage":"pt-PT","@id":"https:\/\/portaltela.pt\/s.01k8rhncp4jt1\/2025\/11\/talking-bot-125x125.png","url":"https:\/\/portaltela.pt\/s.01k8rhncp4jt1\/2025\/11\/talking-bot-125x125.png","contentUrl":"https:\/\/portaltela.pt\/s.01k8rhncp4jt1\/2025\/11\/talking-bot-125x125.png","caption":"Telinha"},"sameAs":["https:\/\/portaltela.pt\/"],"url":"https:\/\/portaltela.pt\/por\/367410592786\/"}]}},"_links":{"self":[{"href":"https:\/\/portaltela.pt\/api\/wp\/v2\/posts\/387973","targetHints":{"allow":["GET"]}}],"collection":[{"href":"https:\/\/portaltela.pt\/api\/wp\/v2\/posts"}],"about":[{"href":"https:\/\/portaltela.pt\/api\/wp\/v2\/types\/post"}],"author":[{"embeddable":true,"href":"https:\/\/portaltela.pt\/api\/wp\/v2\/users\/2"}],"replies":[{"embeddable":true,"href":"https:\/\/portaltela.pt\/api\/wp\/v2\/comments?post=387973"}],"version-history":[{"count":0,"href":"https:\/\/portaltela.pt\/api\/wp\/v2\/posts\/387973\/revisions"}],"wp:featuredmedia":[{"embeddable":true,"href":"https:\/\/portaltela.pt\/api\/wp\/v2\/media\/387991"}],"wp:attachment":[{"href":"https:\/\/portaltela.pt\/api\/wp\/v2\/media?parent=387973"}],"wp:term":[{"taxonomy":"category","embeddable":true,"href":"https:\/\/portaltela.pt\/api\/wp\/v2\/categories?post=387973"},{"taxonomy":"post_tag","embeddable":true,"href":"https:\/\/portaltela.pt\/api\/wp\/v2\/tags?post=387973"}],"curies":[{"name":"wp","href":"https:\/\/api.w.org\/{rel}","templated":true}]}}