{"id":387963,"date":"2026-02-25T15:58:26","date_gmt":"2026-02-25T18:58:26","guid":{"rendered":"https:\/\/portaltela.pt\/noticias\/2026\/02\/25\/parlamento-aprova-simplificacao-administrativa-para-acelerar-reconstrucao\/"},"modified":"2026-02-25T15:58:26","modified_gmt":"2026-02-25T18:58:26","slug":"parlamento-aprova-simplificacao-administrativa-para-acelerar-reconstrucao","status":"publish","type":"post","link":"https:\/\/portaltela.pt\/noticias\/politica\/2026\/02\/25\/parlamento-aprova-simplificacao-administrativa-para-acelerar-reconstrucao\/","title":{"rendered":"Parlamento aprova simplifica\u00e7\u00e3o administrativa para acelerar reconstru\u00e7\u00e3o"},"content":{"rendered":"<p>O Parlamento aprovou, em vota\u00e7\u00e3o final global, um regime de simplifica\u00e7\u00e3o administrativa proposto pelo Governo, com objetivo de acelerar a reconstru\u00e7\u00e3o ap\u00f3s as tempestades. A medida permite remover entraves e reduzir prazos para concorrer \u00e0 reabilita\u00e7\u00e3o do patrim\u00f3nio municipal afetado.<\/p>\n<p>A proposta passou na generalidade na sess\u00e3o plen\u00e1ria desta quarta-feira, com o voto favor\u00e1vel de todas as bancadas, exce\u00e7\u00e3o feita ao PCP e ao Bloco de Esquerda, que abstiveram-se. Propostas avocadas de PS, IL e Livre foram avaliadas no plen\u00e1rio.<\/p>\n<p>O PS viu aprovada a amplia\u00e7\u00e3o do regime a munic\u00edpios atingidos pelas tempestades, incluindo Alcoutim, Monchique, Alenquer, Arruda dos Vinhos, Azambuja, Sobral de Monte Agra\u00e7o, entre outros. O PSD e CDS-PP opuseram-se a algumas altera\u00e7\u00f5es.<\/p>\n<h3>Medidas-chave do regime<\/h3>\n<p>Pelo texto final, surge o regime de expropria\u00e7\u00f5es urgent\u00edssimas quando indispens\u00e1veis \u00e0 reconstru\u00e7\u00e3o de infraestruturas e equipamentos danificados, com apuramento de indemniza\u00e7\u00e3o.<\/p>\n<p>A norma autoriza obras em leito de cheia sem autoriza\u00e7\u00e3o, mediante comunica\u00e7\u00e3o pr\u00e9via, e dispensa o abate de \u00e1rvores do dom\u00ednio p\u00fablico e privado, salvo exce\u00e7\u00f5es para esp\u00e9cies protegidas com interven\u00e7\u00e3o dos servi\u00e7os de prote\u00e7\u00e3o civil.<\/p>\n<p>O regime dispensa parecer pr\u00e9vio da administra\u00e7\u00e3o do patrim\u00f3nio cultural para interven\u00e7\u00f5es de reconstru\u00e7\u00e3o em vias de classifica\u00e7\u00e3o, mantendo parecer vinculativo para im\u00f3veis classificados com prazo de 15 dias.<\/p>\n<p>Por ocupa\u00e7\u00e3o do dom\u00ednio p\u00fablico \u00e9 admitida a instala\u00e7\u00e3o de infraestruturas de apoio \u00e0 reconstru\u00e7\u00e3o sem autoriza\u00e7\u00e3o pr\u00e9via, e h\u00e1 contagem de prazos processuais conforme f\u00e9rias judiciais.<\/p>\n<p>Al\u00e9m disso, o diploma prev\u00ea o aumento de 25% nas coimas por falsifica\u00e7\u00e3o de documentos e por falsas declara\u00e7\u00f5es. Essas mudan\u00e7as entram em vigor conforme o texto aprovado.<\/p>\n","protected":false},"excerpt":{"rendered":"<ul>\n<li>A Assembleia da Rep\u00fablica aprovou, em vota\u00e7\u00e3o final global, o regime de simplifica\u00e7\u00e3o administrativa proposto pelo Governo para acelerar a reconstru\u00e7\u00e3o de patrim\u00f3nio e infraestruturas afetadas pelas tempestades Kristin.<\/li>\n<li>O regime foi aprovado com votos a favor de quase todas as bancadas, havendo absten\u00e7\u00f5es do PCP e do Bloco de Esquerda; propostas de altera\u00e7\u00e3o do PS, IL e Livre foram discutidas em plen\u00e1rio, com apenas a do PS obtendo aprova\u00e7\u00e3o adicional.<\/li>\n<li>O PS conseguiu ampliar o regime a concelhos atingidos pelas tempestades, que n\u00e3o estavam originalmente abrangidos pela calamidade, incluindo Alcoutim, Monchique, Alenquer, Arruda dos Vinhos, Azambuja, Sobral de Monte Agra\u00e7o, entre outros.<\/li>\n<li>Entre as medidas, destacam-se o regime de expropria\u00e7\u00f5es urgent\u00edssimas, obras em leito de cheia sem autoriza\u00e7\u00e3o pr\u00e9via e dispensa de formalidades para abate de \u00e1rvores, em certos casos sob supervis\u00e3o de servi\u00e7os de prote\u00e7\u00e3o civil.<\/li>\n<li>O diploma refor\u00e7a procedimentos em patrim\u00f3nio cultural, permite ocupa\u00e7\u00e3o de dom\u00ednio p\u00fablico para infraestruturas de reconstru\u00e7\u00e3o, prev\u00ea f\u00e9rias judiciais para contagem de prazos e aumenta em 25% as coimas por falsifica\u00e7\u00e3o de documentos e falsas declara\u00e7\u00f5es.<\/li>\n<\/ul>\n","protected":false},"author":2,"featured_media":387982,"comment_status":"closed","ping_status":"closed","sticky":false,"template":"","format":"standard","meta":{"footnotes":""},"categories":[1,5],"tags":[6350,4180,4770,1133,5198,5648],"class_list":["post-387963","post","type-post","status-publish","format-standard","has-post-thumbnail","hentry","category-noticias","category-politica","tag-alcoutim","tag-alenquer","tag-arruda-dos-vinhos","tag-azambuja","tag-monchique","tag-sobral-de-monte-agraco"],"yoast_head":"<!-- This site is optimized with the Yoast SEO plugin v27.2 - https:\/\/yoast.com\/product\/yoast-seo-wordpress\/ -->\n<title>Parlamento aprova simplifica\u00e7\u00e3o administrativa para acelerar reconstru\u00e7\u00e3o - Portal Tela Portugal<\/title>\n<meta name=\"robots\" content=\"index, follow, max-snippet:-1, max-image-preview:large, max-video-preview:-1\" \/>\n<meta property=\"og:locale\" content=\"pt_PT\" \/>\n<meta property=\"og:type\" content=\"article\" \/>\n<meta property=\"og:title\" content=\"Parlamento aprova simplifica\u00e7\u00e3o administrativa para acelerar reconstru\u00e7\u00e3o - Portal Tela Portugal\" \/>\n<meta property=\"og:description\" content=\"A Assembleia da Rep\u00fablica aprovou, em vota\u00e7\u00e3o final global, o regime de simplifica\u00e7\u00e3o administrativa proposto pelo Governo para acelerar a reconstru\u00e7\u00e3o de patrim\u00f3nio e infraestruturas afetadas pelas tempestades Kristin. O regime foi aprovado com votos a favor de quase todas as bancadas, havendo absten\u00e7\u00f5es do PCP e do Bloco de Esquerda; propostas de altera\u00e7\u00e3o do PS, IL e Livre foram discutidas em plen\u00e1rio, com apenas a do PS obtendo aprova\u00e7\u00e3o adicional. O PS conseguiu ampliar o regime a concelhos atingidos pelas tempestades, que n\u00e3o estavam originalmente abrangidos pela calamidade, incluindo Alcoutim, Monchique, Alenquer, Arruda dos Vinhos, Azambuja, Sobral de Monte Agra\u00e7o, entre outros. Entre as medidas, destacam-se o regime de expropria\u00e7\u00f5es urgent\u00edssimas, obras em leito de cheia sem autoriza\u00e7\u00e3o pr\u00e9via e dispensa de formalidades para abate de \u00e1rvores, em certos casos sob supervis\u00e3o de servi\u00e7os de prote\u00e7\u00e3o civil. O diploma refor\u00e7a procedimentos em patrim\u00f3nio cultural, permite ocupa\u00e7\u00e3o de dom\u00ednio p\u00fablico para infraestruturas de reconstru\u00e7\u00e3o, prev\u00ea f\u00e9rias judiciais para contagem de prazos e aumenta em 25% as coimas por falsifica\u00e7\u00e3o de documentos e falsas declara\u00e7\u00f5es.\" \/>\n<meta property=\"og:url\" content=\"https:\/\/portaltela.pt\/noticias\/2026\/02\/25\/parlamento-aprova-simplificacao-administrativa-para-acelerar-reconstrucao\/\" \/>\n<meta property=\"og:site_name\" content=\"Portal Tela Portugal\" \/>\n<meta property=\"article:published_time\" content=\"2026-02-25T18:58:26+00:00\" \/>\n<meta name=\"author\" content=\"Telinha\" \/>\n<meta name=\"twitter:card\" content=\"summary_large_image\" \/>\n<meta name=\"twitter:label1\" content=\"Escrito por\" \/>\n\t<meta name=\"twitter:data1\" content=\"Telinha\" \/>\n\t<meta name=\"twitter:label2\" content=\"Tempo estimado de leitura\" \/>\n\t<meta name=\"twitter:data2\" content=\"2 minutos\" \/>\n<script type=\"application\/ld+json\" class=\"yoast-schema-graph\">{\"@context\":\"https:\/\/schema.org\",\"@graph\":[{\"@type\":\"Article\",\"@id\":\"https:\/\/portaltela.pt\/noticias\/2026\/02\/25\/parlamento-aprova-simplificacao-administrativa-para-acelerar-reconstrucao\/#article\",\"isPartOf\":{\"@id\":\"https:\/\/portaltela.pt\/noticias\/2026\/02\/25\/parlamento-aprova-simplificacao-administrativa-para-acelerar-reconstrucao\/\"},\"author\":{\"name\":\"Telinha\",\"@id\":\"https:\/\/portaltela.pt\/#\/schema\/person\/c4278d4a6028830caff9ee44b42d32ed\"},\"headline\":\"Parlamento aprova simplifica\u00e7\u00e3o administrativa para acelerar reconstru\u00e7\u00e3o\",\"datePublished\":\"2026-02-25T18:58:26+00:00\",\"mainEntityOfPage\":{\"@id\":\"https:\/\/portaltela.pt\/noticias\/2026\/02\/25\/parlamento-aprova-simplificacao-administrativa-para-acelerar-reconstrucao\/\"},\"wordCount\":312,\"image\":{\"@id\":\"https:\/\/portaltela.pt\/noticias\/2026\/02\/25\/parlamento-aprova-simplificacao-administrativa-para-acelerar-reconstrucao\/#primaryimage\"},\"thumbnailUrl\":\"https:\/\/portaltela.pt\/s.01k8rhncp4jt1\/2026\/02\/img_1500x1000uu2018-04-13-12-47-12-728390-1.jpg\",\"keywords\":[\"Alcoutim\",\"Alenquer\",\"Arruda dos Vinhos\",\"Azambuja\",\"Monchique\",\"Sobral de Monte Agra\u00e7o\"],\"articleSection\":[\"Not\u00edcias\",\"Pol\u00edtica\"],\"inLanguage\":\"pt-PT\"},{\"@type\":\"WebPage\",\"@id\":\"https:\/\/portaltela.pt\/noticias\/2026\/02\/25\/parlamento-aprova-simplificacao-administrativa-para-acelerar-reconstrucao\/\",\"url\":\"https:\/\/portaltela.pt\/noticias\/2026\/02\/25\/parlamento-aprova-simplificacao-administrativa-para-acelerar-reconstrucao\/\",\"name\":\"Parlamento aprova simplifica\u00e7\u00e3o administrativa para acelerar reconstru\u00e7\u00e3o - Portal Tela Portugal\",\"isPartOf\":{\"@id\":\"https:\/\/portaltela.pt\/#website\"},\"primaryImageOfPage\":{\"@id\":\"https:\/\/portaltela.pt\/noticias\/2026\/02\/25\/parlamento-aprova-simplificacao-administrativa-para-acelerar-reconstrucao\/#primaryimage\"},\"image\":{\"@id\":\"https:\/\/portaltela.pt\/noticias\/2026\/02\/25\/parlamento-aprova-simplificacao-administrativa-para-acelerar-reconstrucao\/#primaryimage\"},\"thumbnailUrl\":\"https:\/\/portaltela.pt\/s.01k8rhncp4jt1\/2026\/02\/img_1500x1000uu2018-04-13-12-47-12-728390-1.jpg\",\"datePublished\":\"2026-02-25T18:58:26+00:00\",\"author\":{\"@id\":\"https:\/\/portaltela.pt\/#\/schema\/person\/c4278d4a6028830caff9ee44b42d32ed\"},\"breadcrumb\":{\"@id\":\"https:\/\/portaltela.pt\/noticias\/2026\/02\/25\/parlamento-aprova-simplificacao-administrativa-para-acelerar-reconstrucao\/#breadcrumb\"},\"inLanguage\":\"pt-PT\",\"potentialAction\":[{\"@type\":\"ReadAction\",\"target\":[\"https:\/\/portaltela.pt\/noticias\/2026\/02\/25\/parlamento-aprova-simplificacao-administrativa-para-acelerar-reconstrucao\/\"]}]},{\"@type\":\"ImageObject\",\"inLanguage\":\"pt-PT\",\"@id\":\"https:\/\/portaltela.pt\/noticias\/2026\/02\/25\/parlamento-aprova-simplificacao-administrativa-para-acelerar-reconstrucao\/#primaryimage\",\"url\":\"https:\/\/portaltela.pt\/s.01k8rhncp4jt1\/2026\/02\/img_1500x1000uu2018-04-13-12-47-12-728390-1.jpg\",\"contentUrl\":\"https:\/\/portaltela.pt\/s.01k8rhncp4jt1\/2026\/02\/img_1500x1000uu2018-04-13-12-47-12-728390-1.jpg\",\"width\":1500,\"height\":1000,\"caption\":\"Parlamento\"},{\"@type\":\"BreadcrumbList\",\"@id\":\"https:\/\/portaltela.pt\/noticias\/2026\/02\/25\/parlamento-aprova-simplificacao-administrativa-para-acelerar-reconstrucao\/#breadcrumb\",\"itemListElement\":[{\"@type\":\"ListItem\",\"position\":1,\"name\":\"In\u00edcio\",\"item\":\"https:\/\/portaltela.pt\/\"},{\"@type\":\"ListItem\",\"position\":2,\"name\":\"Parlamento aprova simplifica\u00e7\u00e3o administrativa para acelerar reconstru\u00e7\u00e3o\"}]},{\"@type\":\"WebSite\",\"@id\":\"https:\/\/portaltela.pt\/#website\",\"url\":\"https:\/\/portaltela.pt\/\",\"name\":\"Portal Tela Portugal\",\"description\":\"\",\"potentialAction\":[{\"@type\":\"SearchAction\",\"target\":{\"@type\":\"EntryPoint\",\"urlTemplate\":\"https:\/\/portaltela.pt\/?s={search_term_string}\"},\"query-input\":{\"@type\":\"PropertyValueSpecification\",\"valueRequired\":true,\"valueName\":\"search_term_string\"}}],\"inLanguage\":\"pt-PT\"},{\"@type\":\"Person\",\"@id\":\"https:\/\/portaltela.pt\/#\/schema\/person\/c4278d4a6028830caff9ee44b42d32ed\",\"name\":\"Telinha\",\"image\":{\"@type\":\"ImageObject\",\"inLanguage\":\"pt-PT\",\"@id\":\"https:\/\/portaltela.pt\/s.01k8rhncp4jt1\/2025\/11\/talking-bot-125x125.png\",\"url\":\"https:\/\/portaltela.pt\/s.01k8rhncp4jt1\/2025\/11\/talking-bot-125x125.png\",\"contentUrl\":\"https:\/\/portaltela.pt\/s.01k8rhncp4jt1\/2025\/11\/talking-bot-125x125.png\",\"caption\":\"Telinha\"},\"sameAs\":[\"https:\/\/portaltela.pt\/\"],\"url\":\"https:\/\/portaltela.pt\/por\/367410592786\/\"}]}<\/script>\n<!-- \/ Yoast SEO plugin. -->","yoast_head_json":{"title":"Parlamento aprova simplifica\u00e7\u00e3o administrativa para acelerar reconstru\u00e7\u00e3o - Portal Tela Portugal","robots":{"index":"index","follow":"follow","max-snippet":"max-snippet:-1","max-image-preview":"max-image-preview:large","max-video-preview":"max-video-preview:-1"},"og_locale":"pt_PT","og_type":"article","og_title":"Parlamento aprova simplifica\u00e7\u00e3o administrativa para acelerar reconstru\u00e7\u00e3o - Portal Tela Portugal","og_description":"A Assembleia da Rep\u00fablica aprovou, em vota\u00e7\u00e3o final global, o regime de simplifica\u00e7\u00e3o administrativa proposto pelo Governo para acelerar a reconstru\u00e7\u00e3o de patrim\u00f3nio e infraestruturas afetadas pelas tempestades Kristin. O regime foi aprovado com votos a favor de quase todas as bancadas, havendo absten\u00e7\u00f5es do PCP e do Bloco de Esquerda; propostas de altera\u00e7\u00e3o do PS, IL e Livre foram discutidas em plen\u00e1rio, com apenas a do PS obtendo aprova\u00e7\u00e3o adicional. O PS conseguiu ampliar o regime a concelhos atingidos pelas tempestades, que n\u00e3o estavam originalmente abrangidos pela calamidade, incluindo Alcoutim, Monchique, Alenquer, Arruda dos Vinhos, Azambuja, Sobral de Monte Agra\u00e7o, entre outros. Entre as medidas, destacam-se o regime de expropria\u00e7\u00f5es urgent\u00edssimas, obras em leito de cheia sem autoriza\u00e7\u00e3o pr\u00e9via e dispensa de formalidades para abate de \u00e1rvores, em certos casos sob supervis\u00e3o de servi\u00e7os de prote\u00e7\u00e3o civil. O diploma refor\u00e7a procedimentos em patrim\u00f3nio cultural, permite ocupa\u00e7\u00e3o de dom\u00ednio p\u00fablico para infraestruturas de reconstru\u00e7\u00e3o, prev\u00ea f\u00e9rias judiciais para contagem de prazos e aumenta em 25% as coimas por falsifica\u00e7\u00e3o de documentos e falsas declara\u00e7\u00f5es.","og_url":"https:\/\/portaltela.pt\/noticias\/2026\/02\/25\/parlamento-aprova-simplificacao-administrativa-para-acelerar-reconstrucao\/","og_site_name":"Portal Tela Portugal","article_published_time":"2026-02-25T18:58:26+00:00","author":"Telinha","twitter_card":"summary_large_image","twitter_misc":{"Escrito por":"Telinha","Tempo estimado de leitura":"2 minutos"},"schema":{"@context":"https:\/\/schema.org","@graph":[{"@type":"Article","@id":"https:\/\/portaltela.pt\/noticias\/2026\/02\/25\/parlamento-aprova-simplificacao-administrativa-para-acelerar-reconstrucao\/#article","isPartOf":{"@id":"https:\/\/portaltela.pt\/noticias\/2026\/02\/25\/parlamento-aprova-simplificacao-administrativa-para-acelerar-reconstrucao\/"},"author":{"name":"Telinha","@id":"https:\/\/portaltela.pt\/#\/schema\/person\/c4278d4a6028830caff9ee44b42d32ed"},"headline":"Parlamento aprova simplifica\u00e7\u00e3o administrativa para acelerar reconstru\u00e7\u00e3o","datePublished":"2026-02-25T18:58:26+00:00","mainEntityOfPage":{"@id":"https:\/\/portaltela.pt\/noticias\/2026\/02\/25\/parlamento-aprova-simplificacao-administrativa-para-acelerar-reconstrucao\/"},"wordCount":312,"image":{"@id":"https:\/\/portaltela.pt\/noticias\/2026\/02\/25\/parlamento-aprova-simplificacao-administrativa-para-acelerar-reconstrucao\/#primaryimage"},"thumbnailUrl":"https:\/\/portaltela.pt\/s.01k8rhncp4jt1\/2026\/02\/img_1500x1000uu2018-04-13-12-47-12-728390-1.jpg","keywords":["Alcoutim","Alenquer","Arruda dos Vinhos","Azambuja","Monchique","Sobral de Monte Agra\u00e7o"],"articleSection":["Not\u00edcias","Pol\u00edtica"],"inLanguage":"pt-PT"},{"@type":"WebPage","@id":"https:\/\/portaltela.pt\/noticias\/2026\/02\/25\/parlamento-aprova-simplificacao-administrativa-para-acelerar-reconstrucao\/","url":"https:\/\/portaltela.pt\/noticias\/2026\/02\/25\/parlamento-aprova-simplificacao-administrativa-para-acelerar-reconstrucao\/","name":"Parlamento aprova simplifica\u00e7\u00e3o administrativa para acelerar reconstru\u00e7\u00e3o - Portal Tela Portugal","isPartOf":{"@id":"https:\/\/portaltela.pt\/#website"},"primaryImageOfPage":{"@id":"https:\/\/portaltela.pt\/noticias\/2026\/02\/25\/parlamento-aprova-simplificacao-administrativa-para-acelerar-reconstrucao\/#primaryimage"},"image":{"@id":"https:\/\/portaltela.pt\/noticias\/2026\/02\/25\/parlamento-aprova-simplificacao-administrativa-para-acelerar-reconstrucao\/#primaryimage"},"thumbnailUrl":"https:\/\/portaltela.pt\/s.01k8rhncp4jt1\/2026\/02\/img_1500x1000uu2018-04-13-12-47-12-728390-1.jpg","datePublished":"2026-02-25T18:58:26+00:00","author":{"@id":"https:\/\/portaltela.pt\/#\/schema\/person\/c4278d4a6028830caff9ee44b42d32ed"},"breadcrumb":{"@id":"https:\/\/portaltela.pt\/noticias\/2026\/02\/25\/parlamento-aprova-simplificacao-administrativa-para-acelerar-reconstrucao\/#breadcrumb"},"inLanguage":"pt-PT","potentialAction":[{"@type":"ReadAction","target":["https:\/\/portaltela.pt\/noticias\/2026\/02\/25\/parlamento-aprova-simplificacao-administrativa-para-acelerar-reconstrucao\/"]}]},{"@type":"ImageObject","inLanguage":"pt-PT","@id":"https:\/\/portaltela.pt\/noticias\/2026\/02\/25\/parlamento-aprova-simplificacao-administrativa-para-acelerar-reconstrucao\/#primaryimage","url":"https:\/\/portaltela.pt\/s.01k8rhncp4jt1\/2026\/02\/img_1500x1000uu2018-04-13-12-47-12-728390-1.jpg","contentUrl":"https:\/\/portaltela.pt\/s.01k8rhncp4jt1\/2026\/02\/img_1500x1000uu2018-04-13-12-47-12-728390-1.jpg","width":1500,"height":1000,"caption":"Parlamento"},{"@type":"BreadcrumbList","@id":"https:\/\/portaltela.pt\/noticias\/2026\/02\/25\/parlamento-aprova-simplificacao-administrativa-para-acelerar-reconstrucao\/#breadcrumb","itemListElement":[{"@type":"ListItem","position":1,"name":"In\u00edcio","item":"https:\/\/portaltela.pt\/"},{"@type":"ListItem","position":2,"name":"Parlamento aprova simplifica\u00e7\u00e3o administrativa para acelerar reconstru\u00e7\u00e3o"}]},{"@type":"WebSite","@id":"https:\/\/portaltela.pt\/#website","url":"https:\/\/portaltela.pt\/","name":"Portal Tela Portugal","description":"","potentialAction":[{"@type":"SearchAction","target":{"@type":"EntryPoint","urlTemplate":"https:\/\/portaltela.pt\/?s={search_term_string}"},"query-input":{"@type":"PropertyValueSpecification","valueRequired":true,"valueName":"search_term_string"}}],"inLanguage":"pt-PT"},{"@type":"Person","@id":"https:\/\/portaltela.pt\/#\/schema\/person\/c4278d4a6028830caff9ee44b42d32ed","name":"Telinha","image":{"@type":"ImageObject","inLanguage":"pt-PT","@id":"https:\/\/portaltela.pt\/s.01k8rhncp4jt1\/2025\/11\/talking-bot-125x125.png","url":"https:\/\/portaltela.pt\/s.01k8rhncp4jt1\/2025\/11\/talking-bot-125x125.png","contentUrl":"https:\/\/portaltela.pt\/s.01k8rhncp4jt1\/2025\/11\/talking-bot-125x125.png","caption":"Telinha"},"sameAs":["https:\/\/portaltela.pt\/"],"url":"https:\/\/portaltela.pt\/por\/367410592786\/"}]}},"_links":{"self":[{"href":"https:\/\/portaltela.pt\/api\/wp\/v2\/posts\/387963","targetHints":{"allow":["GET"]}}],"collection":[{"href":"https:\/\/portaltela.pt\/api\/wp\/v2\/posts"}],"about":[{"href":"https:\/\/portaltela.pt\/api\/wp\/v2\/types\/post"}],"author":[{"embeddable":true,"href":"https:\/\/portaltela.pt\/api\/wp\/v2\/users\/2"}],"replies":[{"embeddable":true,"href":"https:\/\/portaltela.pt\/api\/wp\/v2\/comments?post=387963"}],"version-history":[{"count":0,"href":"https:\/\/portaltela.pt\/api\/wp\/v2\/posts\/387963\/revisions"}],"wp:featuredmedia":[{"embeddable":true,"href":"https:\/\/portaltela.pt\/api\/wp\/v2\/media\/387982"}],"wp:attachment":[{"href":"https:\/\/portaltela.pt\/api\/wp\/v2\/media?parent=387963"}],"wp:term":[{"taxonomy":"category","embeddable":true,"href":"https:\/\/portaltela.pt\/api\/wp\/v2\/categories?post=387963"},{"taxonomy":"post_tag","embeddable":true,"href":"https:\/\/portaltela.pt\/api\/wp\/v2\/tags?post=387963"}],"curies":[{"name":"wp","href":"https:\/\/api.w.org\/{rel}","templated":true}]}}