{"id":387933,"date":"2026-02-25T15:40:15","date_gmt":"2026-02-25T18:40:15","guid":{"rendered":"https:\/\/portaltela.pt\/noticias\/2026\/02\/25\/crianca-emociona-se-apos-desacatos-entre-adeptos-do-benfica-e-policia-espanhola\/"},"modified":"2026-02-25T15:40:15","modified_gmt":"2026-02-25T18:40:15","slug":"crianca-emociona-se-apos-desacatos-entre-adeptos-do-benfica-e-policia-espanhola","status":"publish","type":"post","link":"https:\/\/portaltela.pt\/desporto\/futebol\/2026\/02\/25\/crianca-emociona-se-apos-desacatos-entre-adeptos-do-benfica-e-policia-espanhola\/","title":{"rendered":"Crian\u00e7a emociona-se ap\u00f3s desacatos entre adeptos do Benfica e pol\u00edcia espanhola"},"content":{"rendered":"<p>Ficou evidente o choque de uma crian\u00e7a diante de desacatos entre adeptos do Benfica e a pol\u00edcia espanhola, numa ocorr\u00eancia registada em territ\u00f3rio espanhol. O epis\u00f3dio envolveu f\u00e3s do Benfica e agentes de seguran\u00e7a, com reflexos sentidos pela crian\u00e7a que assistia \u00e0 situa\u00e7\u00e3o. N\u00e3o foi divulgado consenso sobre as causas imediatas do confronto.<\/p>\n<p>O pai da crian\u00e7a descreveu o momento como descontrolo total, reconhecendo n\u00e3o entender o motivo da confus\u00e3o e apontando o impacto emocional vivido pelo filho. A m\u00e3e ou outros familiares n\u00e3o foram identificados pela fonte que detalha o incidente. O registo p\u00fablico n\u00e3o apresenta informa\u00e7\u00f5es adicionais sobre ferimentos ou deten\u00e7\u00f5es.<\/p>\n<p>O evento ocorreu a 25 de fevereiro de 2026, pelas 18h40, e ganhou destaque pela rea\u00e7\u00e3o da crian\u00e7a diante da atua\u00e7\u00e3o policial. As autoridades n\u00e3o forneceram coment\u00e1rios adicionais, mantendo o foco na necessidade de assegurar a seguran\u00e7a de presentes e evitar escaladas futuras.<\/p>\n","protected":false},"excerpt":{"rendered":"<ul>\n<li>Crian\u00e7a fica emotiva e com medo ap\u00f3s desacatos entre adeptos do Benfica e a pol\u00edcia espanhola.<\/li>\n<li>O epis\u00f3dio envolve confrontos entre adeptos do Benfica e for\u00e7as espanholas.<\/li>\n<li>O pai da crian\u00e7a, adepto, disse n\u00e3o perceber a raz\u00e3o da confus\u00e3o e classificou o ocorrido como descontrolo total.<\/li>\n<li>Data do facto: 25 de fevereiro de 2026 \u00e0s 18:40.<\/li>\n<li>N\u00e3o h\u00e1 detalhes adicionais sobre causalidade ou consequ\u00eancias apresentadas no resumo.<\/li>\n<\/ul>\n","protected":false},"author":2,"featured_media":387940,"comment_status":"closed","ping_status":"closed","sticky":false,"template":"","format":"standard","meta":{"footnotes":""},"categories":[21,24],"tags":[2533,1946,3527,32,3338,554],"class_list":["post-387933","post","type-post","status-publish","format-standard","has-post-thumbnail","hentry","category-desporto","category-futebol","tag-adeptos","tag-benfica","tag-desacatos","tag-futebol","tag-futebol-internacional","tag-policia-publica"],"yoast_head":"<!-- This site is optimized with the Yoast SEO plugin v27.2 - https:\/\/yoast.com\/product\/yoast-seo-wordpress\/ -->\n<title>Crian\u00e7a emociona-se ap\u00f3s desacatos entre adeptos do Benfica e pol\u00edcia espanhola - Portal Tela Portugal<\/title>\n<meta name=\"robots\" content=\"index, follow, max-snippet:-1, max-image-preview:large, max-video-preview:-1\" \/>\n<meta property=\"og:locale\" content=\"pt_PT\" \/>\n<meta property=\"og:type\" content=\"article\" \/>\n<meta property=\"og:title\" content=\"Crian\u00e7a emociona-se ap\u00f3s desacatos entre adeptos do Benfica e pol\u00edcia espanhola - Portal Tela Portugal\" \/>\n<meta property=\"og:description\" content=\"Crian\u00e7a fica emotiva e com medo ap\u00f3s desacatos entre adeptos do Benfica e a pol\u00edcia espanhola. O epis\u00f3dio envolve confrontos entre adeptos do Benfica e for\u00e7as espanholas. O pai da crian\u00e7a, adepto, disse n\u00e3o perceber a raz\u00e3o da confus\u00e3o e classificou o ocorrido como descontrolo total. Data do facto: 25 de fevereiro de 2026 \u00e0s 18:40. N\u00e3o h\u00e1 detalhes adicionais sobre causalidade ou consequ\u00eancias apresentadas no resumo.\" \/>\n<meta property=\"og:url\" content=\"https:\/\/portaltela.pt\/noticias\/2026\/02\/25\/crianca-emociona-se-apos-desacatos-entre-adeptos-do-benfica-e-policia-espanhola\/\" \/>\n<meta property=\"og:site_name\" content=\"Portal Tela Portugal\" \/>\n<meta property=\"article:published_time\" content=\"2026-02-25T18:40:15+00:00\" \/>\n<meta name=\"author\" content=\"Telinha\" \/>\n<meta name=\"twitter:card\" content=\"summary_large_image\" \/>\n<meta name=\"twitter:label1\" content=\"Escrito por\" \/>\n\t<meta name=\"twitter:data1\" content=\"Telinha\" \/>\n\t<meta name=\"twitter:label2\" content=\"Tempo estimado de leitura\" \/>\n\t<meta name=\"twitter:data2\" content=\"1 minuto\" \/>\n<script type=\"application\/ld+json\" class=\"yoast-schema-graph\">{\"@context\":\"https:\/\/schema.org\",\"@graph\":[{\"@type\":\"Article\",\"@id\":\"https:\/\/portaltela.pt\/noticias\/2026\/02\/25\/crianca-emociona-se-apos-desacatos-entre-adeptos-do-benfica-e-policia-espanhola\/#article\",\"isPartOf\":{\"@id\":\"https:\/\/portaltela.pt\/noticias\/2026\/02\/25\/crianca-emociona-se-apos-desacatos-entre-adeptos-do-benfica-e-policia-espanhola\/\"},\"author\":{\"name\":\"Telinha\",\"@id\":\"https:\/\/portaltela.pt\/#\/schema\/person\/c4278d4a6028830caff9ee44b42d32ed\"},\"headline\":\"Crian\u00e7a emociona-se ap\u00f3s desacatos entre adeptos do Benfica e pol\u00edcia espanhola\",\"datePublished\":\"2026-02-25T18:40:15+00:00\",\"mainEntityOfPage\":{\"@id\":\"https:\/\/portaltela.pt\/noticias\/2026\/02\/25\/crianca-emociona-se-apos-desacatos-entre-adeptos-do-benfica-e-policia-espanhola\/\"},\"wordCount\":182,\"image\":{\"@id\":\"https:\/\/portaltela.pt\/noticias\/2026\/02\/25\/crianca-emociona-se-apos-desacatos-entre-adeptos-do-benfica-e-policia-espanhola\/#primaryimage\"},\"thumbnailUrl\":\"https:\/\/portaltela.pt\/s.01k8rhncp4jt1\/2026\/02\/img_1280x722uu2026-02-25-18-38-48-2268990.jpg\",\"keywords\":[\"adeptos\",\"Benfica\",\"desacatos\",\"futebol\",\"futebol internacional\",\"pol\u00edcia p\u00fablica\"],\"articleSection\":[\"Desporto\",\"Futebol\"],\"inLanguage\":\"pt-PT\"},{\"@type\":\"WebPage\",\"@id\":\"https:\/\/portaltela.pt\/noticias\/2026\/02\/25\/crianca-emociona-se-apos-desacatos-entre-adeptos-do-benfica-e-policia-espanhola\/\",\"url\":\"https:\/\/portaltela.pt\/noticias\/2026\/02\/25\/crianca-emociona-se-apos-desacatos-entre-adeptos-do-benfica-e-policia-espanhola\/\",\"name\":\"Crian\u00e7a emociona-se ap\u00f3s desacatos entre adeptos do Benfica e pol\u00edcia espanhola - Portal Tela Portugal\",\"isPartOf\":{\"@id\":\"https:\/\/portaltela.pt\/#website\"},\"primaryImageOfPage\":{\"@id\":\"https:\/\/portaltela.pt\/noticias\/2026\/02\/25\/crianca-emociona-se-apos-desacatos-entre-adeptos-do-benfica-e-policia-espanhola\/#primaryimage\"},\"image\":{\"@id\":\"https:\/\/portaltela.pt\/noticias\/2026\/02\/25\/crianca-emociona-se-apos-desacatos-entre-adeptos-do-benfica-e-policia-espanhola\/#primaryimage\"},\"thumbnailUrl\":\"https:\/\/portaltela.pt\/s.01k8rhncp4jt1\/2026\/02\/img_1280x722uu2026-02-25-18-38-48-2268990.jpg\",\"datePublished\":\"2026-02-25T18:40:15+00:00\",\"author\":{\"@id\":\"https:\/\/portaltela.pt\/#\/schema\/person\/c4278d4a6028830caff9ee44b42d32ed\"},\"breadcrumb\":{\"@id\":\"https:\/\/portaltela.pt\/noticias\/2026\/02\/25\/crianca-emociona-se-apos-desacatos-entre-adeptos-do-benfica-e-policia-espanhola\/#breadcrumb\"},\"inLanguage\":\"pt-PT\",\"potentialAction\":[{\"@type\":\"ReadAction\",\"target\":[\"https:\/\/portaltela.pt\/noticias\/2026\/02\/25\/crianca-emociona-se-apos-desacatos-entre-adeptos-do-benfica-e-policia-espanhola\/\"]}]},{\"@type\":\"ImageObject\",\"inLanguage\":\"pt-PT\",\"@id\":\"https:\/\/portaltela.pt\/noticias\/2026\/02\/25\/crianca-emociona-se-apos-desacatos-entre-adeptos-do-benfica-e-policia-espanhola\/#primaryimage\",\"url\":\"https:\/\/portaltela.pt\/s.01k8rhncp4jt1\/2026\/02\/img_1280x722uu2026-02-25-18-38-48-2268990.jpg\",\"contentUrl\":\"https:\/\/portaltela.pt\/s.01k8rhncp4jt1\/2026\/02\/img_1280x722uu2026-02-25-18-38-48-2268990.jpg\",\"width\":796,\"height\":448,\"caption\":\"Photo\"},{\"@type\":\"BreadcrumbList\",\"@id\":\"https:\/\/portaltela.pt\/noticias\/2026\/02\/25\/crianca-emociona-se-apos-desacatos-entre-adeptos-do-benfica-e-policia-espanhola\/#breadcrumb\",\"itemListElement\":[{\"@type\":\"ListItem\",\"position\":1,\"name\":\"In\u00edcio\",\"item\":\"https:\/\/portaltela.pt\/\"},{\"@type\":\"ListItem\",\"position\":2,\"name\":\"Crian\u00e7a emociona-se ap\u00f3s desacatos entre adeptos do Benfica e pol\u00edcia espanhola\"}]},{\"@type\":\"WebSite\",\"@id\":\"https:\/\/portaltela.pt\/#website\",\"url\":\"https:\/\/portaltela.pt\/\",\"name\":\"Portal Tela Portugal\",\"description\":\"\",\"potentialAction\":[{\"@type\":\"SearchAction\",\"target\":{\"@type\":\"EntryPoint\",\"urlTemplate\":\"https:\/\/portaltela.pt\/?s={search_term_string}\"},\"query-input\":{\"@type\":\"PropertyValueSpecification\",\"valueRequired\":true,\"valueName\":\"search_term_string\"}}],\"inLanguage\":\"pt-PT\"},{\"@type\":\"Person\",\"@id\":\"https:\/\/portaltela.pt\/#\/schema\/person\/c4278d4a6028830caff9ee44b42d32ed\",\"name\":\"Telinha\",\"image\":{\"@type\":\"ImageObject\",\"inLanguage\":\"pt-PT\",\"@id\":\"https:\/\/portaltela.pt\/s.01k8rhncp4jt1\/2025\/11\/talking-bot-125x125.png\",\"url\":\"https:\/\/portaltela.pt\/s.01k8rhncp4jt1\/2025\/11\/talking-bot-125x125.png\",\"contentUrl\":\"https:\/\/portaltela.pt\/s.01k8rhncp4jt1\/2025\/11\/talking-bot-125x125.png\",\"caption\":\"Telinha\"},\"sameAs\":[\"https:\/\/portaltela.pt\/\"],\"url\":\"https:\/\/portaltela.pt\/por\/367410592786\/\"}]}<\/script>\n<!-- \/ Yoast SEO plugin. -->","yoast_head_json":{"title":"Crian\u00e7a emociona-se ap\u00f3s desacatos entre adeptos do Benfica e pol\u00edcia espanhola - Portal Tela Portugal","robots":{"index":"index","follow":"follow","max-snippet":"max-snippet:-1","max-image-preview":"max-image-preview:large","max-video-preview":"max-video-preview:-1"},"og_locale":"pt_PT","og_type":"article","og_title":"Crian\u00e7a emociona-se ap\u00f3s desacatos entre adeptos do Benfica e pol\u00edcia espanhola - Portal Tela Portugal","og_description":"Crian\u00e7a fica emotiva e com medo ap\u00f3s desacatos entre adeptos do Benfica e a pol\u00edcia espanhola. O epis\u00f3dio envolve confrontos entre adeptos do Benfica e for\u00e7as espanholas. O pai da crian\u00e7a, adepto, disse n\u00e3o perceber a raz\u00e3o da confus\u00e3o e classificou o ocorrido como descontrolo total. Data do facto: 25 de fevereiro de 2026 \u00e0s 18:40. N\u00e3o h\u00e1 detalhes adicionais sobre causalidade ou consequ\u00eancias apresentadas no resumo.","og_url":"https:\/\/portaltela.pt\/noticias\/2026\/02\/25\/crianca-emociona-se-apos-desacatos-entre-adeptos-do-benfica-e-policia-espanhola\/","og_site_name":"Portal Tela Portugal","article_published_time":"2026-02-25T18:40:15+00:00","author":"Telinha","twitter_card":"summary_large_image","twitter_misc":{"Escrito por":"Telinha","Tempo estimado de leitura":"1 minuto"},"schema":{"@context":"https:\/\/schema.org","@graph":[{"@type":"Article","@id":"https:\/\/portaltela.pt\/noticias\/2026\/02\/25\/crianca-emociona-se-apos-desacatos-entre-adeptos-do-benfica-e-policia-espanhola\/#article","isPartOf":{"@id":"https:\/\/portaltela.pt\/noticias\/2026\/02\/25\/crianca-emociona-se-apos-desacatos-entre-adeptos-do-benfica-e-policia-espanhola\/"},"author":{"name":"Telinha","@id":"https:\/\/portaltela.pt\/#\/schema\/person\/c4278d4a6028830caff9ee44b42d32ed"},"headline":"Crian\u00e7a emociona-se ap\u00f3s desacatos entre adeptos do Benfica e pol\u00edcia espanhola","datePublished":"2026-02-25T18:40:15+00:00","mainEntityOfPage":{"@id":"https:\/\/portaltela.pt\/noticias\/2026\/02\/25\/crianca-emociona-se-apos-desacatos-entre-adeptos-do-benfica-e-policia-espanhola\/"},"wordCount":182,"image":{"@id":"https:\/\/portaltela.pt\/noticias\/2026\/02\/25\/crianca-emociona-se-apos-desacatos-entre-adeptos-do-benfica-e-policia-espanhola\/#primaryimage"},"thumbnailUrl":"https:\/\/portaltela.pt\/s.01k8rhncp4jt1\/2026\/02\/img_1280x722uu2026-02-25-18-38-48-2268990.jpg","keywords":["adeptos","Benfica","desacatos","futebol","futebol internacional","pol\u00edcia p\u00fablica"],"articleSection":["Desporto","Futebol"],"inLanguage":"pt-PT"},{"@type":"WebPage","@id":"https:\/\/portaltela.pt\/noticias\/2026\/02\/25\/crianca-emociona-se-apos-desacatos-entre-adeptos-do-benfica-e-policia-espanhola\/","url":"https:\/\/portaltela.pt\/noticias\/2026\/02\/25\/crianca-emociona-se-apos-desacatos-entre-adeptos-do-benfica-e-policia-espanhola\/","name":"Crian\u00e7a emociona-se ap\u00f3s desacatos entre adeptos do Benfica e pol\u00edcia espanhola - Portal Tela Portugal","isPartOf":{"@id":"https:\/\/portaltela.pt\/#website"},"primaryImageOfPage":{"@id":"https:\/\/portaltela.pt\/noticias\/2026\/02\/25\/crianca-emociona-se-apos-desacatos-entre-adeptos-do-benfica-e-policia-espanhola\/#primaryimage"},"image":{"@id":"https:\/\/portaltela.pt\/noticias\/2026\/02\/25\/crianca-emociona-se-apos-desacatos-entre-adeptos-do-benfica-e-policia-espanhola\/#primaryimage"},"thumbnailUrl":"https:\/\/portaltela.pt\/s.01k8rhncp4jt1\/2026\/02\/img_1280x722uu2026-02-25-18-38-48-2268990.jpg","datePublished":"2026-02-25T18:40:15+00:00","author":{"@id":"https:\/\/portaltela.pt\/#\/schema\/person\/c4278d4a6028830caff9ee44b42d32ed"},"breadcrumb":{"@id":"https:\/\/portaltela.pt\/noticias\/2026\/02\/25\/crianca-emociona-se-apos-desacatos-entre-adeptos-do-benfica-e-policia-espanhola\/#breadcrumb"},"inLanguage":"pt-PT","potentialAction":[{"@type":"ReadAction","target":["https:\/\/portaltela.pt\/noticias\/2026\/02\/25\/crianca-emociona-se-apos-desacatos-entre-adeptos-do-benfica-e-policia-espanhola\/"]}]},{"@type":"ImageObject","inLanguage":"pt-PT","@id":"https:\/\/portaltela.pt\/noticias\/2026\/02\/25\/crianca-emociona-se-apos-desacatos-entre-adeptos-do-benfica-e-policia-espanhola\/#primaryimage","url":"https:\/\/portaltela.pt\/s.01k8rhncp4jt1\/2026\/02\/img_1280x722uu2026-02-25-18-38-48-2268990.jpg","contentUrl":"https:\/\/portaltela.pt\/s.01k8rhncp4jt1\/2026\/02\/img_1280x722uu2026-02-25-18-38-48-2268990.jpg","width":796,"height":448,"caption":"Photo"},{"@type":"BreadcrumbList","@id":"https:\/\/portaltela.pt\/noticias\/2026\/02\/25\/crianca-emociona-se-apos-desacatos-entre-adeptos-do-benfica-e-policia-espanhola\/#breadcrumb","itemListElement":[{"@type":"ListItem","position":1,"name":"In\u00edcio","item":"https:\/\/portaltela.pt\/"},{"@type":"ListItem","position":2,"name":"Crian\u00e7a emociona-se ap\u00f3s desacatos entre adeptos do Benfica e pol\u00edcia espanhola"}]},{"@type":"WebSite","@id":"https:\/\/portaltela.pt\/#website","url":"https:\/\/portaltela.pt\/","name":"Portal Tela Portugal","description":"","potentialAction":[{"@type":"SearchAction","target":{"@type":"EntryPoint","urlTemplate":"https:\/\/portaltela.pt\/?s={search_term_string}"},"query-input":{"@type":"PropertyValueSpecification","valueRequired":true,"valueName":"search_term_string"}}],"inLanguage":"pt-PT"},{"@type":"Person","@id":"https:\/\/portaltela.pt\/#\/schema\/person\/c4278d4a6028830caff9ee44b42d32ed","name":"Telinha","image":{"@type":"ImageObject","inLanguage":"pt-PT","@id":"https:\/\/portaltela.pt\/s.01k8rhncp4jt1\/2025\/11\/talking-bot-125x125.png","url":"https:\/\/portaltela.pt\/s.01k8rhncp4jt1\/2025\/11\/talking-bot-125x125.png","contentUrl":"https:\/\/portaltela.pt\/s.01k8rhncp4jt1\/2025\/11\/talking-bot-125x125.png","caption":"Telinha"},"sameAs":["https:\/\/portaltela.pt\/"],"url":"https:\/\/portaltela.pt\/por\/367410592786\/"}]}},"_links":{"self":[{"href":"https:\/\/portaltela.pt\/api\/wp\/v2\/posts\/387933","targetHints":{"allow":["GET"]}}],"collection":[{"href":"https:\/\/portaltela.pt\/api\/wp\/v2\/posts"}],"about":[{"href":"https:\/\/portaltela.pt\/api\/wp\/v2\/types\/post"}],"author":[{"embeddable":true,"href":"https:\/\/portaltela.pt\/api\/wp\/v2\/users\/2"}],"replies":[{"embeddable":true,"href":"https:\/\/portaltela.pt\/api\/wp\/v2\/comments?post=387933"}],"version-history":[{"count":0,"href":"https:\/\/portaltela.pt\/api\/wp\/v2\/posts\/387933\/revisions"}],"wp:featuredmedia":[{"embeddable":true,"href":"https:\/\/portaltela.pt\/api\/wp\/v2\/media\/387940"}],"wp:attachment":[{"href":"https:\/\/portaltela.pt\/api\/wp\/v2\/media?parent=387933"}],"wp:term":[{"taxonomy":"category","embeddable":true,"href":"https:\/\/portaltela.pt\/api\/wp\/v2\/categories?post=387933"},{"taxonomy":"post_tag","embeddable":true,"href":"https:\/\/portaltela.pt\/api\/wp\/v2\/tags?post=387933"}],"curies":[{"name":"wp","href":"https:\/\/api.w.org\/{rel}","templated":true}]}}