{"id":387889,"date":"2026-02-25T15:12:00","date_gmt":"2026-02-25T18:12:00","guid":{"rendered":"https:\/\/portaltela.pt\/noticias\/2026\/02\/25\/erc-aprova-nome-do-governo-para-rtp-e-nao-esclarece-prazo-de-mandato\/"},"modified":"2026-02-25T15:12:00","modified_gmt":"2026-02-25T18:12:00","slug":"erc-aprova-nome-do-governo-para-rtp-e-nao-esclarece-prazo-de-mandato","status":"publish","type":"post","link":"https:\/\/portaltela.pt\/noticias\/politica\/2026\/02\/25\/erc-aprova-nome-do-governo-para-rtp-e-nao-esclarece-prazo-de-mandato\/","title":{"rendered":"ERC aprova nome do governo para RTP e n\u00e3o esclarece prazo de mandato"},"content":{"rendered":"<p>A Entidade Reguladora para a Comunica\u00e7\u00e3o Social (ERC) aprovou, pelo Governo, a nomea\u00e7\u00e3o de Gon\u00e7alo Almeida Ribeiro para o Conselho Geral Independente (CGI) da RTP, ocupando o lugar deixado por Alberto Arons de Carvalho. A decis\u00e3o substitui o antigo respons\u00e1vel pela supervis\u00e3o \u00e0 empresa p\u00fablica de r\u00e1dio e televis\u00e3o.<\/p>\n<p>A ERC absteve-se de se pronunciar sobre o pedido de Arons para esclarecimento imediato da interpreta\u00e7\u00e3o legal sobre a dura\u00e7\u00e3o do mandato dos membros do CGI, que se reporta a uma poss\u00edvel norma de seis anos inamov\u00edveis. A an\u00e1lise sobre esse aspeto ficou para outra oportunidade, segundo a pr\u00f3pria entidade.<\/p>\n<p>Gon\u00e7alo Almeida Ribeiro \u00e9 ex-juiz do Tribunal Constitucional, e a nomea\u00e7\u00e3o foi apresentada pelo Governo para ser discutida no Parlamento. O objetivo \u00e9 integrar o CGI da RTP como \u00f3rg\u00e3o de supervis\u00e3o e governan\u00e7a daquela empresa, mantendo a supervis\u00e3o de kit t\u00e9cnico e de funcionamento.<\/p>\n","protected":false},"excerpt":{"rendered":"<ul>\n<li>A Entidade Reguladora para a Comunica\u00e7\u00e3o Social (ERC) deu o seu aval \u00e0 nomea\u00e7\u00e3o pelo Governo de Gon\u00e7alo Almeida Ribeiro, ex-juiz do Tribunal Constitucional, para o Conselho Geral Independente (CGI) da RTP, substituindo Alberto Arons de Carvalho.<\/li>\n<li>A ERC decidiu n\u00e3o analisar, para j\u00e1, o pedido de Arons para esclarecer a sua interpreta\u00e7\u00e3o legal sobre a dura\u00e7\u00e3o do mandato no CGI.<\/li>\n<li>O nomeado ser\u00e1 agora ouvido no Parlamento.<\/li>\n<li>A decis\u00e3o acompanha a continuidade do processo de supervis\u00e3o da RTP pelo CGI e envolve o marco de mandato inamov\u00edvel de seis anos.<\/li>\n<li>O regulador mant\u00e9m a posi\u00e7\u00e3o neutra sobre as regras, sem emitir ju\u00edzos adicionais sobre o prazo nem sobre o conte\u00fado da queixa de Arons.<\/li>\n<\/ul>\n","protected":false},"author":2,"featured_media":387901,"comment_status":"closed","ping_status":"closed","sticky":false,"template":"","format":"standard","meta":{"footnotes":""},"categories":[1,5],"tags":[552,4539,34,4523,2832,6185],"class_list":["post-387889","post","type-post","status-publish","format-standard","has-post-thumbnail","hentry","category-noticias","category-politica","tag-conselho-de-administracao","tag-erc","tag-governo","tag-nomeacoes","tag-politica","tag-rtp-noticias"],"yoast_head":"<!-- This site is optimized with the Yoast SEO plugin v27.2 - https:\/\/yoast.com\/product\/yoast-seo-wordpress\/ -->\n<title>ERC aprova nome do governo para RTP e n\u00e3o esclarece prazo de mandato - Portal Tela Portugal<\/title>\n<meta name=\"robots\" content=\"index, follow, max-snippet:-1, max-image-preview:large, max-video-preview:-1\" \/>\n<meta property=\"og:locale\" content=\"pt_PT\" \/>\n<meta property=\"og:type\" content=\"article\" \/>\n<meta property=\"og:title\" content=\"ERC aprova nome do governo para RTP e n\u00e3o esclarece prazo de mandato - Portal Tela Portugal\" \/>\n<meta property=\"og:description\" content=\"A Entidade Reguladora para a Comunica\u00e7\u00e3o Social (ERC) deu o seu aval \u00e0 nomea\u00e7\u00e3o pelo Governo de Gon\u00e7alo Almeida Ribeiro, ex-juiz do Tribunal Constitucional, para o Conselho Geral Independente (CGI) da RTP, substituindo Alberto Arons de Carvalho. A ERC decidiu n\u00e3o analisar, para j\u00e1, o pedido de Arons para esclarecer a sua interpreta\u00e7\u00e3o legal sobre a dura\u00e7\u00e3o do mandato no CGI. O nomeado ser\u00e1 agora ouvido no Parlamento. A decis\u00e3o acompanha a continuidade do processo de supervis\u00e3o da RTP pelo CGI e envolve o marco de mandato inamov\u00edvel de seis anos. O regulador mant\u00e9m a posi\u00e7\u00e3o neutra sobre as regras, sem emitir ju\u00edzos adicionais sobre o prazo nem sobre o conte\u00fado da queixa de Arons.\" \/>\n<meta property=\"og:url\" content=\"https:\/\/portaltela.pt\/noticias\/2026\/02\/25\/erc-aprova-nome-do-governo-para-rtp-e-nao-esclarece-prazo-de-mandato\/\" \/>\n<meta property=\"og:site_name\" content=\"Portal Tela Portugal\" \/>\n<meta property=\"article:published_time\" content=\"2026-02-25T18:12:00+00:00\" \/>\n<meta name=\"author\" content=\"Telinha\" \/>\n<meta name=\"twitter:card\" content=\"summary_large_image\" \/>\n<meta name=\"twitter:label1\" content=\"Escrito por\" \/>\n\t<meta name=\"twitter:data1\" content=\"Telinha\" \/>\n\t<meta name=\"twitter:label2\" content=\"Tempo estimado de leitura\" \/>\n\t<meta name=\"twitter:data2\" content=\"1 minuto\" \/>\n<script type=\"application\/ld+json\" class=\"yoast-schema-graph\">{\"@context\":\"https:\/\/schema.org\",\"@graph\":[{\"@type\":\"Article\",\"@id\":\"https:\/\/portaltela.pt\/noticias\/2026\/02\/25\/erc-aprova-nome-do-governo-para-rtp-e-nao-esclarece-prazo-de-mandato\/#article\",\"isPartOf\":{\"@id\":\"https:\/\/portaltela.pt\/noticias\/2026\/02\/25\/erc-aprova-nome-do-governo-para-rtp-e-nao-esclarece-prazo-de-mandato\/\"},\"author\":{\"name\":\"Telinha\",\"@id\":\"https:\/\/portaltela.pt\/#\/schema\/person\/c4278d4a6028830caff9ee44b42d32ed\"},\"headline\":\"ERC aprova nome do governo para RTP e n\u00e3o esclarece prazo de mandato\",\"datePublished\":\"2026-02-25T18:12:00+00:00\",\"mainEntityOfPage\":{\"@id\":\"https:\/\/portaltela.pt\/noticias\/2026\/02\/25\/erc-aprova-nome-do-governo-para-rtp-e-nao-esclarece-prazo-de-mandato\/\"},\"wordCount\":177,\"image\":{\"@id\":\"https:\/\/portaltela.pt\/noticias\/2026\/02\/25\/erc-aprova-nome-do-governo-para-rtp-e-nao-esclarece-prazo-de-mandato\/#primaryimage\"},\"thumbnailUrl\":\"https:\/\/portaltela.pt\/s.01k8rhncp4jt1\/2026\/02\/2069773.jpg\",\"keywords\":[\"Conselho de Administra\u00e7\u00e3o\",\"ERC\",\"governo\",\"nomea\u00e7\u00f5es\",\"pol\u00edtica\",\"RTP Not\u00edcias\"],\"articleSection\":[\"Not\u00edcias\",\"Pol\u00edtica\"],\"inLanguage\":\"pt-PT\"},{\"@type\":\"WebPage\",\"@id\":\"https:\/\/portaltela.pt\/noticias\/2026\/02\/25\/erc-aprova-nome-do-governo-para-rtp-e-nao-esclarece-prazo-de-mandato\/\",\"url\":\"https:\/\/portaltela.pt\/noticias\/2026\/02\/25\/erc-aprova-nome-do-governo-para-rtp-e-nao-esclarece-prazo-de-mandato\/\",\"name\":\"ERC aprova nome do governo para RTP e n\u00e3o esclarece prazo de mandato - Portal Tela Portugal\",\"isPartOf\":{\"@id\":\"https:\/\/portaltela.pt\/#website\"},\"primaryImageOfPage\":{\"@id\":\"https:\/\/portaltela.pt\/noticias\/2026\/02\/25\/erc-aprova-nome-do-governo-para-rtp-e-nao-esclarece-prazo-de-mandato\/#primaryimage\"},\"image\":{\"@id\":\"https:\/\/portaltela.pt\/noticias\/2026\/02\/25\/erc-aprova-nome-do-governo-para-rtp-e-nao-esclarece-prazo-de-mandato\/#primaryimage\"},\"thumbnailUrl\":\"https:\/\/portaltela.pt\/s.01k8rhncp4jt1\/2026\/02\/2069773.jpg\",\"datePublished\":\"2026-02-25T18:12:00+00:00\",\"author\":{\"@id\":\"https:\/\/portaltela.pt\/#\/schema\/person\/c4278d4a6028830caff9ee44b42d32ed\"},\"breadcrumb\":{\"@id\":\"https:\/\/portaltela.pt\/noticias\/2026\/02\/25\/erc-aprova-nome-do-governo-para-rtp-e-nao-esclarece-prazo-de-mandato\/#breadcrumb\"},\"inLanguage\":\"pt-PT\",\"potentialAction\":[{\"@type\":\"ReadAction\",\"target\":[\"https:\/\/portaltela.pt\/noticias\/2026\/02\/25\/erc-aprova-nome-do-governo-para-rtp-e-nao-esclarece-prazo-de-mandato\/\"]}]},{\"@type\":\"ImageObject\",\"inLanguage\":\"pt-PT\",\"@id\":\"https:\/\/portaltela.pt\/noticias\/2026\/02\/25\/erc-aprova-nome-do-governo-para-rtp-e-nao-esclarece-prazo-de-mandato\/#primaryimage\",\"url\":\"https:\/\/portaltela.pt\/s.01k8rhncp4jt1\/2026\/02\/2069773.jpg\",\"contentUrl\":\"https:\/\/portaltela.pt\/s.01k8rhncp4jt1\/2026\/02\/2069773.jpg\",\"width\":796,\"height\":448,\"caption\":\"Gon\u00e7alo Almeida Ribeiro renunciou ao cargo de juiz e vice-presidente do Tribunal Constitucional em Outubro, depois de o mandato ter terminado dois meses antes\"},{\"@type\":\"BreadcrumbList\",\"@id\":\"https:\/\/portaltela.pt\/noticias\/2026\/02\/25\/erc-aprova-nome-do-governo-para-rtp-e-nao-esclarece-prazo-de-mandato\/#breadcrumb\",\"itemListElement\":[{\"@type\":\"ListItem\",\"position\":1,\"name\":\"In\u00edcio\",\"item\":\"https:\/\/portaltela.pt\/\"},{\"@type\":\"ListItem\",\"position\":2,\"name\":\"ERC aprova nome do governo para RTP e n\u00e3o esclarece prazo de mandato\"}]},{\"@type\":\"WebSite\",\"@id\":\"https:\/\/portaltela.pt\/#website\",\"url\":\"https:\/\/portaltela.pt\/\",\"name\":\"Portal Tela Portugal\",\"description\":\"\",\"potentialAction\":[{\"@type\":\"SearchAction\",\"target\":{\"@type\":\"EntryPoint\",\"urlTemplate\":\"https:\/\/portaltela.pt\/?s={search_term_string}\"},\"query-input\":{\"@type\":\"PropertyValueSpecification\",\"valueRequired\":true,\"valueName\":\"search_term_string\"}}],\"inLanguage\":\"pt-PT\"},{\"@type\":\"Person\",\"@id\":\"https:\/\/portaltela.pt\/#\/schema\/person\/c4278d4a6028830caff9ee44b42d32ed\",\"name\":\"Telinha\",\"image\":{\"@type\":\"ImageObject\",\"inLanguage\":\"pt-PT\",\"@id\":\"https:\/\/portaltela.pt\/s.01k8rhncp4jt1\/2025\/11\/talking-bot-125x125.png\",\"url\":\"https:\/\/portaltela.pt\/s.01k8rhncp4jt1\/2025\/11\/talking-bot-125x125.png\",\"contentUrl\":\"https:\/\/portaltela.pt\/s.01k8rhncp4jt1\/2025\/11\/talking-bot-125x125.png\",\"caption\":\"Telinha\"},\"sameAs\":[\"https:\/\/portaltela.pt\/\"],\"url\":\"https:\/\/portaltela.pt\/por\/367410592786\/\"}]}<\/script>\n<!-- \/ Yoast SEO plugin. -->","yoast_head_json":{"title":"ERC aprova nome do governo para RTP e n\u00e3o esclarece prazo de mandato - Portal Tela Portugal","robots":{"index":"index","follow":"follow","max-snippet":"max-snippet:-1","max-image-preview":"max-image-preview:large","max-video-preview":"max-video-preview:-1"},"og_locale":"pt_PT","og_type":"article","og_title":"ERC aprova nome do governo para RTP e n\u00e3o esclarece prazo de mandato - Portal Tela Portugal","og_description":"A Entidade Reguladora para a Comunica\u00e7\u00e3o Social (ERC) deu o seu aval \u00e0 nomea\u00e7\u00e3o pelo Governo de Gon\u00e7alo Almeida Ribeiro, ex-juiz do Tribunal Constitucional, para o Conselho Geral Independente (CGI) da RTP, substituindo Alberto Arons de Carvalho. A ERC decidiu n\u00e3o analisar, para j\u00e1, o pedido de Arons para esclarecer a sua interpreta\u00e7\u00e3o legal sobre a dura\u00e7\u00e3o do mandato no CGI. O nomeado ser\u00e1 agora ouvido no Parlamento. A decis\u00e3o acompanha a continuidade do processo de supervis\u00e3o da RTP pelo CGI e envolve o marco de mandato inamov\u00edvel de seis anos. O regulador mant\u00e9m a posi\u00e7\u00e3o neutra sobre as regras, sem emitir ju\u00edzos adicionais sobre o prazo nem sobre o conte\u00fado da queixa de Arons.","og_url":"https:\/\/portaltela.pt\/noticias\/2026\/02\/25\/erc-aprova-nome-do-governo-para-rtp-e-nao-esclarece-prazo-de-mandato\/","og_site_name":"Portal Tela Portugal","article_published_time":"2026-02-25T18:12:00+00:00","author":"Telinha","twitter_card":"summary_large_image","twitter_misc":{"Escrito por":"Telinha","Tempo estimado de leitura":"1 minuto"},"schema":{"@context":"https:\/\/schema.org","@graph":[{"@type":"Article","@id":"https:\/\/portaltela.pt\/noticias\/2026\/02\/25\/erc-aprova-nome-do-governo-para-rtp-e-nao-esclarece-prazo-de-mandato\/#article","isPartOf":{"@id":"https:\/\/portaltela.pt\/noticias\/2026\/02\/25\/erc-aprova-nome-do-governo-para-rtp-e-nao-esclarece-prazo-de-mandato\/"},"author":{"name":"Telinha","@id":"https:\/\/portaltela.pt\/#\/schema\/person\/c4278d4a6028830caff9ee44b42d32ed"},"headline":"ERC aprova nome do governo para RTP e n\u00e3o esclarece prazo de mandato","datePublished":"2026-02-25T18:12:00+00:00","mainEntityOfPage":{"@id":"https:\/\/portaltela.pt\/noticias\/2026\/02\/25\/erc-aprova-nome-do-governo-para-rtp-e-nao-esclarece-prazo-de-mandato\/"},"wordCount":177,"image":{"@id":"https:\/\/portaltela.pt\/noticias\/2026\/02\/25\/erc-aprova-nome-do-governo-para-rtp-e-nao-esclarece-prazo-de-mandato\/#primaryimage"},"thumbnailUrl":"https:\/\/portaltela.pt\/s.01k8rhncp4jt1\/2026\/02\/2069773.jpg","keywords":["Conselho de Administra\u00e7\u00e3o","ERC","governo","nomea\u00e7\u00f5es","pol\u00edtica","RTP Not\u00edcias"],"articleSection":["Not\u00edcias","Pol\u00edtica"],"inLanguage":"pt-PT"},{"@type":"WebPage","@id":"https:\/\/portaltela.pt\/noticias\/2026\/02\/25\/erc-aprova-nome-do-governo-para-rtp-e-nao-esclarece-prazo-de-mandato\/","url":"https:\/\/portaltela.pt\/noticias\/2026\/02\/25\/erc-aprova-nome-do-governo-para-rtp-e-nao-esclarece-prazo-de-mandato\/","name":"ERC aprova nome do governo para RTP e n\u00e3o esclarece prazo de mandato - Portal Tela Portugal","isPartOf":{"@id":"https:\/\/portaltela.pt\/#website"},"primaryImageOfPage":{"@id":"https:\/\/portaltela.pt\/noticias\/2026\/02\/25\/erc-aprova-nome-do-governo-para-rtp-e-nao-esclarece-prazo-de-mandato\/#primaryimage"},"image":{"@id":"https:\/\/portaltela.pt\/noticias\/2026\/02\/25\/erc-aprova-nome-do-governo-para-rtp-e-nao-esclarece-prazo-de-mandato\/#primaryimage"},"thumbnailUrl":"https:\/\/portaltela.pt\/s.01k8rhncp4jt1\/2026\/02\/2069773.jpg","datePublished":"2026-02-25T18:12:00+00:00","author":{"@id":"https:\/\/portaltela.pt\/#\/schema\/person\/c4278d4a6028830caff9ee44b42d32ed"},"breadcrumb":{"@id":"https:\/\/portaltela.pt\/noticias\/2026\/02\/25\/erc-aprova-nome-do-governo-para-rtp-e-nao-esclarece-prazo-de-mandato\/#breadcrumb"},"inLanguage":"pt-PT","potentialAction":[{"@type":"ReadAction","target":["https:\/\/portaltela.pt\/noticias\/2026\/02\/25\/erc-aprova-nome-do-governo-para-rtp-e-nao-esclarece-prazo-de-mandato\/"]}]},{"@type":"ImageObject","inLanguage":"pt-PT","@id":"https:\/\/portaltela.pt\/noticias\/2026\/02\/25\/erc-aprova-nome-do-governo-para-rtp-e-nao-esclarece-prazo-de-mandato\/#primaryimage","url":"https:\/\/portaltela.pt\/s.01k8rhncp4jt1\/2026\/02\/2069773.jpg","contentUrl":"https:\/\/portaltela.pt\/s.01k8rhncp4jt1\/2026\/02\/2069773.jpg","width":796,"height":448,"caption":"Gon\u00e7alo Almeida Ribeiro renunciou ao cargo de juiz e vice-presidente do Tribunal Constitucional em Outubro, depois de o mandato ter terminado dois meses antes"},{"@type":"BreadcrumbList","@id":"https:\/\/portaltela.pt\/noticias\/2026\/02\/25\/erc-aprova-nome-do-governo-para-rtp-e-nao-esclarece-prazo-de-mandato\/#breadcrumb","itemListElement":[{"@type":"ListItem","position":1,"name":"In\u00edcio","item":"https:\/\/portaltela.pt\/"},{"@type":"ListItem","position":2,"name":"ERC aprova nome do governo para RTP e n\u00e3o esclarece prazo de mandato"}]},{"@type":"WebSite","@id":"https:\/\/portaltela.pt\/#website","url":"https:\/\/portaltela.pt\/","name":"Portal Tela Portugal","description":"","potentialAction":[{"@type":"SearchAction","target":{"@type":"EntryPoint","urlTemplate":"https:\/\/portaltela.pt\/?s={search_term_string}"},"query-input":{"@type":"PropertyValueSpecification","valueRequired":true,"valueName":"search_term_string"}}],"inLanguage":"pt-PT"},{"@type":"Person","@id":"https:\/\/portaltela.pt\/#\/schema\/person\/c4278d4a6028830caff9ee44b42d32ed","name":"Telinha","image":{"@type":"ImageObject","inLanguage":"pt-PT","@id":"https:\/\/portaltela.pt\/s.01k8rhncp4jt1\/2025\/11\/talking-bot-125x125.png","url":"https:\/\/portaltela.pt\/s.01k8rhncp4jt1\/2025\/11\/talking-bot-125x125.png","contentUrl":"https:\/\/portaltela.pt\/s.01k8rhncp4jt1\/2025\/11\/talking-bot-125x125.png","caption":"Telinha"},"sameAs":["https:\/\/portaltela.pt\/"],"url":"https:\/\/portaltela.pt\/por\/367410592786\/"}]}},"_links":{"self":[{"href":"https:\/\/portaltela.pt\/api\/wp\/v2\/posts\/387889","targetHints":{"allow":["GET"]}}],"collection":[{"href":"https:\/\/portaltela.pt\/api\/wp\/v2\/posts"}],"about":[{"href":"https:\/\/portaltela.pt\/api\/wp\/v2\/types\/post"}],"author":[{"embeddable":true,"href":"https:\/\/portaltela.pt\/api\/wp\/v2\/users\/2"}],"replies":[{"embeddable":true,"href":"https:\/\/portaltela.pt\/api\/wp\/v2\/comments?post=387889"}],"version-history":[{"count":0,"href":"https:\/\/portaltela.pt\/api\/wp\/v2\/posts\/387889\/revisions"}],"wp:featuredmedia":[{"embeddable":true,"href":"https:\/\/portaltela.pt\/api\/wp\/v2\/media\/387901"}],"wp:attachment":[{"href":"https:\/\/portaltela.pt\/api\/wp\/v2\/media?parent=387889"}],"wp:term":[{"taxonomy":"category","embeddable":true,"href":"https:\/\/portaltela.pt\/api\/wp\/v2\/categories?post=387889"},{"taxonomy":"post_tag","embeddable":true,"href":"https:\/\/portaltela.pt\/api\/wp\/v2\/tags?post=387889"}],"curies":[{"name":"wp","href":"https:\/\/api.w.org\/{rel}","templated":true}]}}