{"id":387862,"date":"2026-02-25T15:00:00","date_gmt":"2026-02-25T18:00:00","guid":{"rendered":"https:\/\/portaltela.pt\/noticias\/2026\/02\/25\/gaia-inicia-limpeza-de-praias-e-reparacao-de-passadicos-antes-da-epoca-balnear\/"},"modified":"2026-02-25T15:00:00","modified_gmt":"2026-02-25T18:00:00","slug":"gaia-inicia-limpeza-de-praias-e-reparacao-de-passadicos-antes-da-epoca-balnear","status":"publish","type":"post","link":"https:\/\/portaltela.pt\/noticias\/2026\/02\/25\/gaia-inicia-limpeza-de-praias-e-reparacao-de-passadicos-antes-da-epoca-balnear\/","title":{"rendered":"Gaia inicia limpeza de praias e repara\u00e7\u00e3o de passadi\u00e7os antes da \u00e9poca balnear"},"content":{"rendered":"<p>Aga Gaia iniciou hoje a limpeza das praias do concelho, num total de 17 quil\u00f3metros de \u00e1rea balnear. Paralelamente, os passadi\u00e7os est\u00e3o a ser reparados pela terceira vez desde novembro, devido aos efeitos do mau tempo.<\/p>\n<p>A interven\u00e7\u00e3o envolve remo\u00e7\u00e3o de troncos e lixo, com o recurso a m\u00e1quinas nos pr\u00f3ximos dias para interven\u00e7\u00f5es de maior dimens\u00e3o. A autarquia j\u00e1 planeia refor\u00e7ar a opera\u00e7\u00e3o com tratores.<\/p>\n<p>O consultor da \u00c1guas de Gaia, Joaquim Po\u00e7as Martins, indica que as obras nos passadi\u00e7os junto ao Golfe de Miramar ser\u00e3o mantidas com paci\u00eancia, dada a habitua\u00e7\u00e3o dos utilizadores aos passadi\u00e7os.<\/p>\n<h3>Voluntariado e iniciativas ambientais<\/h3>\n<p>Est\u00e1 a ser criada uma bolsa de volunt\u00e1rios para, em mar\u00e7o, iniciar a recolha de pl\u00e1stico nas dunas, com pin\u00e7as, apoiada por bi\u00f3logos. Tamb\u00e9m est\u00e1 programada uma sess\u00e3o de limpeza com mulheres volunt\u00e1rias no Dia Internacional da Mulher, a 8 de mar\u00e7o.<\/p>\n<p>A autarquia gaiense real\u00e7a ainda uma interven\u00e7\u00e3o a iniciar no in\u00edcio de mar\u00e7o na praia das Pedras Amarelas, com um investimento de 75 mil euros para reparar uma passagem interditada h\u00e1 seis anos.<\/p>\n<h3>Reaproveitamento de recursos e apelo \u00e0 comunidade<\/h3>\n<p>A proposta inclui serrar troncos existentes na praia para disponibilizar madeira aos habitantes, que poder\u00e3o levar para casa. A lenha poder\u00e1 ser usada em lareiras, reduzindo o lixo depositado.<\/p>\n<p>A autarquia apela aos mun\u00edcipes para colaborarem na recolha de lixo mais pequeno, ajudando a retirar res\u00edduos que chegam do mar, com recolhas programadas duas a tr\u00eas vezes por dia.<\/p>\n","protected":false},"excerpt":{"rendered":"<ul>\n<li>\u00c1guas de Gaia come\u00e7ou, nesta quarta-feira, a limpar 17 quil\u00f3metros de \u00e1rea balnear do concelho, com remo\u00e7\u00e3o de troncos e lixo.<\/li>\n<li>Os passadi\u00e7os est\u00e3o a ser reparados pela terceira vez desde novembro, devido aos efeitos do mau tempo, incluindo junto ao Golfe de Miramar.<\/li>\n<li>Nos pr\u00f3ximos dias ser\u00e3o utilizadas m\u00e1quinas, como tratores, para interven\u00e7\u00f5es de maior dimens\u00e3o; surge ainda uma bolsa de volunt\u00e1rios para a recolha de pl\u00e1stico nas dunas em mar\u00e7o.<\/li>\n<li>No Dia Internacional da Mulher, a 8 de mar\u00e7o, est\u00e1 marcada uma sess\u00e3o de limpeza com mulheres volunt\u00e1rias.<\/li>\n<li>Em mar\u00e7o inicia a repara\u00e7\u00e3o do passeio na praia das Pedras Amarelas, num investimento de 75 mil euros, com a novidade de serrar troncos encontrados na praia para serem utilizados pela comunidade.<\/li>\n<\/ul>\n","protected":false},"author":2,"featured_media":387882,"comment_status":"closed","ping_status":"closed","sticky":false,"template":"","format":"standard","meta":{"footnotes":""},"categories":[1],"tags":[167,4880,1138,1761,645,3266],"class_list":["post-387862","post","type-post","status-publish","format-standard","has-post-thumbnail","hentry","category-noticias","tag-ambiente","tag-conservacao-ambiental","tag-ecologia","tag-gaia","tag-residuos","tag-voluntariado-apoiado"],"yoast_head":"<!-- This site is optimized with the Yoast SEO plugin v27.2 - https:\/\/yoast.com\/product\/yoast-seo-wordpress\/ -->\n<title>Gaia inicia limpeza de praias e repara\u00e7\u00e3o de passadi\u00e7os antes da \u00e9poca balnear - Portal Tela Portugal<\/title>\n<meta name=\"robots\" content=\"index, follow, max-snippet:-1, max-image-preview:large, max-video-preview:-1\" \/>\n<meta property=\"og:locale\" content=\"pt_PT\" \/>\n<meta property=\"og:type\" content=\"article\" \/>\n<meta property=\"og:title\" content=\"Gaia inicia limpeza de praias e repara\u00e7\u00e3o de passadi\u00e7os antes da \u00e9poca balnear - Portal Tela Portugal\" \/>\n<meta property=\"og:description\" content=\"\u00c1guas de Gaia come\u00e7ou, nesta quarta-feira, a limpar 17 quil\u00f3metros de \u00e1rea balnear do concelho, com remo\u00e7\u00e3o de troncos e lixo. Os passadi\u00e7os est\u00e3o a ser reparados pela terceira vez desde novembro, devido aos efeitos do mau tempo, incluindo junto ao Golfe de Miramar. Nos pr\u00f3ximos dias ser\u00e3o utilizadas m\u00e1quinas, como tratores, para interven\u00e7\u00f5es de maior dimens\u00e3o; surge ainda uma bolsa de volunt\u00e1rios para a recolha de pl\u00e1stico nas dunas em mar\u00e7o. No Dia Internacional da Mulher, a 8 de mar\u00e7o, est\u00e1 marcada uma sess\u00e3o de limpeza com mulheres volunt\u00e1rias. Em mar\u00e7o inicia a repara\u00e7\u00e3o do passeio na praia das Pedras Amarelas, num investimento de 75 mil euros, com a novidade de serrar troncos encontrados na praia para serem utilizados pela comunidade.\" \/>\n<meta property=\"og:url\" content=\"https:\/\/portaltela.pt\/noticias\/2026\/02\/25\/gaia-inicia-limpeza-de-praias-e-reparacao-de-passadicos-antes-da-epoca-balnear\/\" \/>\n<meta property=\"og:site_name\" content=\"Portal Tela Portugal\" \/>\n<meta property=\"article:published_time\" content=\"2026-02-25T18:00:00+00:00\" \/>\n<meta name=\"author\" content=\"Telinha\" \/>\n<meta name=\"twitter:card\" content=\"summary_large_image\" \/>\n<meta name=\"twitter:label1\" content=\"Escrito por\" \/>\n\t<meta name=\"twitter:data1\" content=\"Telinha\" \/>\n\t<meta name=\"twitter:label2\" content=\"Tempo estimado de leitura\" \/>\n\t<meta name=\"twitter:data2\" content=\"1 minuto\" \/>\n<script type=\"application\/ld+json\" class=\"yoast-schema-graph\">{\"@context\":\"https:\/\/schema.org\",\"@graph\":[{\"@type\":\"Article\",\"@id\":\"https:\/\/portaltela.pt\/noticias\/2026\/02\/25\/gaia-inicia-limpeza-de-praias-e-reparacao-de-passadicos-antes-da-epoca-balnear\/#article\",\"isPartOf\":{\"@id\":\"https:\/\/portaltela.pt\/noticias\/2026\/02\/25\/gaia-inicia-limpeza-de-praias-e-reparacao-de-passadicos-antes-da-epoca-balnear\/\"},\"author\":{\"name\":\"Telinha\",\"@id\":\"https:\/\/portaltela.pt\/#\/schema\/person\/c4278d4a6028830caff9ee44b42d32ed\"},\"headline\":\"Gaia inicia limpeza de praias e repara\u00e7\u00e3o de passadi\u00e7os antes da \u00e9poca balnear\",\"datePublished\":\"2026-02-25T18:00:00+00:00\",\"mainEntityOfPage\":{\"@id\":\"https:\/\/portaltela.pt\/noticias\/2026\/02\/25\/gaia-inicia-limpeza-de-praias-e-reparacao-de-passadicos-antes-da-epoca-balnear\/\"},\"wordCount\":287,\"image\":{\"@id\":\"https:\/\/portaltela.pt\/noticias\/2026\/02\/25\/gaia-inicia-limpeza-de-praias-e-reparacao-de-passadicos-antes-da-epoca-balnear\/#primaryimage\"},\"thumbnailUrl\":\"https:\/\/portaltela.pt\/s.01k8rhncp4jt1\/2026\/02\/image-1862.jpg\",\"keywords\":[\"ambiente\",\"conserva\u00e7\u00e3o ambiental\",\"ecologia\",\"Gaia\",\"res\u00edduos\",\"Voluntariado Apoiado\"],\"articleSection\":[\"Not\u00edcias\"],\"inLanguage\":\"pt-PT\"},{\"@type\":\"WebPage\",\"@id\":\"https:\/\/portaltela.pt\/noticias\/2026\/02\/25\/gaia-inicia-limpeza-de-praias-e-reparacao-de-passadicos-antes-da-epoca-balnear\/\",\"url\":\"https:\/\/portaltela.pt\/noticias\/2026\/02\/25\/gaia-inicia-limpeza-de-praias-e-reparacao-de-passadicos-antes-da-epoca-balnear\/\",\"name\":\"Gaia inicia limpeza de praias e repara\u00e7\u00e3o de passadi\u00e7os antes da \u00e9poca balnear - Portal Tela Portugal\",\"isPartOf\":{\"@id\":\"https:\/\/portaltela.pt\/#website\"},\"primaryImageOfPage\":{\"@id\":\"https:\/\/portaltela.pt\/noticias\/2026\/02\/25\/gaia-inicia-limpeza-de-praias-e-reparacao-de-passadicos-antes-da-epoca-balnear\/#primaryimage\"},\"image\":{\"@id\":\"https:\/\/portaltela.pt\/noticias\/2026\/02\/25\/gaia-inicia-limpeza-de-praias-e-reparacao-de-passadicos-antes-da-epoca-balnear\/#primaryimage\"},\"thumbnailUrl\":\"https:\/\/portaltela.pt\/s.01k8rhncp4jt1\/2026\/02\/image-1862.jpg\",\"datePublished\":\"2026-02-25T18:00:00+00:00\",\"author\":{\"@id\":\"https:\/\/portaltela.pt\/#\/schema\/person\/c4278d4a6028830caff9ee44b42d32ed\"},\"breadcrumb\":{\"@id\":\"https:\/\/portaltela.pt\/noticias\/2026\/02\/25\/gaia-inicia-limpeza-de-praias-e-reparacao-de-passadicos-antes-da-epoca-balnear\/#breadcrumb\"},\"inLanguage\":\"pt-PT\",\"potentialAction\":[{\"@type\":\"ReadAction\",\"target\":[\"https:\/\/portaltela.pt\/noticias\/2026\/02\/25\/gaia-inicia-limpeza-de-praias-e-reparacao-de-passadicos-antes-da-epoca-balnear\/\"]}]},{\"@type\":\"ImageObject\",\"inLanguage\":\"pt-PT\",\"@id\":\"https:\/\/portaltela.pt\/noticias\/2026\/02\/25\/gaia-inicia-limpeza-de-praias-e-reparacao-de-passadicos-antes-da-epoca-balnear\/#primaryimage\",\"url\":\"https:\/\/portaltela.pt\/s.01k8rhncp4jt1\/2026\/02\/image-1862.jpg\",\"contentUrl\":\"https:\/\/portaltela.pt\/s.01k8rhncp4jt1\/2026\/02\/image-1862.jpg\",\"width\":796,\"height\":448,\"caption\":\"A limpeza das praias arrancou esta quarta-feira, em 17 quil\u00f3metros de extens\u00e3o\"},{\"@type\":\"BreadcrumbList\",\"@id\":\"https:\/\/portaltela.pt\/noticias\/2026\/02\/25\/gaia-inicia-limpeza-de-praias-e-reparacao-de-passadicos-antes-da-epoca-balnear\/#breadcrumb\",\"itemListElement\":[{\"@type\":\"ListItem\",\"position\":1,\"name\":\"In\u00edcio\",\"item\":\"https:\/\/portaltela.pt\/\"},{\"@type\":\"ListItem\",\"position\":2,\"name\":\"Gaia inicia limpeza de praias e repara\u00e7\u00e3o de passadi\u00e7os antes da \u00e9poca balnear\"}]},{\"@type\":\"WebSite\",\"@id\":\"https:\/\/portaltela.pt\/#website\",\"url\":\"https:\/\/portaltela.pt\/\",\"name\":\"Portal Tela Portugal\",\"description\":\"\",\"potentialAction\":[{\"@type\":\"SearchAction\",\"target\":{\"@type\":\"EntryPoint\",\"urlTemplate\":\"https:\/\/portaltela.pt\/?s={search_term_string}\"},\"query-input\":{\"@type\":\"PropertyValueSpecification\",\"valueRequired\":true,\"valueName\":\"search_term_string\"}}],\"inLanguage\":\"pt-PT\"},{\"@type\":\"Person\",\"@id\":\"https:\/\/portaltela.pt\/#\/schema\/person\/c4278d4a6028830caff9ee44b42d32ed\",\"name\":\"Telinha\",\"image\":{\"@type\":\"ImageObject\",\"inLanguage\":\"pt-PT\",\"@id\":\"https:\/\/portaltela.pt\/s.01k8rhncp4jt1\/2025\/11\/talking-bot-125x125.png\",\"url\":\"https:\/\/portaltela.pt\/s.01k8rhncp4jt1\/2025\/11\/talking-bot-125x125.png\",\"contentUrl\":\"https:\/\/portaltela.pt\/s.01k8rhncp4jt1\/2025\/11\/talking-bot-125x125.png\",\"caption\":\"Telinha\"},\"sameAs\":[\"https:\/\/portaltela.pt\/\"],\"url\":\"https:\/\/portaltela.pt\/por\/367410592786\/\"}]}<\/script>\n<!-- \/ Yoast SEO plugin. -->","yoast_head_json":{"title":"Gaia inicia limpeza de praias e repara\u00e7\u00e3o de passadi\u00e7os antes da \u00e9poca balnear - Portal Tela Portugal","robots":{"index":"index","follow":"follow","max-snippet":"max-snippet:-1","max-image-preview":"max-image-preview:large","max-video-preview":"max-video-preview:-1"},"og_locale":"pt_PT","og_type":"article","og_title":"Gaia inicia limpeza de praias e repara\u00e7\u00e3o de passadi\u00e7os antes da \u00e9poca balnear - Portal Tela Portugal","og_description":"\u00c1guas de Gaia come\u00e7ou, nesta quarta-feira, a limpar 17 quil\u00f3metros de \u00e1rea balnear do concelho, com remo\u00e7\u00e3o de troncos e lixo. Os passadi\u00e7os est\u00e3o a ser reparados pela terceira vez desde novembro, devido aos efeitos do mau tempo, incluindo junto ao Golfe de Miramar. Nos pr\u00f3ximos dias ser\u00e3o utilizadas m\u00e1quinas, como tratores, para interven\u00e7\u00f5es de maior dimens\u00e3o; surge ainda uma bolsa de volunt\u00e1rios para a recolha de pl\u00e1stico nas dunas em mar\u00e7o. No Dia Internacional da Mulher, a 8 de mar\u00e7o, est\u00e1 marcada uma sess\u00e3o de limpeza com mulheres volunt\u00e1rias. Em mar\u00e7o inicia a repara\u00e7\u00e3o do passeio na praia das Pedras Amarelas, num investimento de 75 mil euros, com a novidade de serrar troncos encontrados na praia para serem utilizados pela comunidade.","og_url":"https:\/\/portaltela.pt\/noticias\/2026\/02\/25\/gaia-inicia-limpeza-de-praias-e-reparacao-de-passadicos-antes-da-epoca-balnear\/","og_site_name":"Portal Tela Portugal","article_published_time":"2026-02-25T18:00:00+00:00","author":"Telinha","twitter_card":"summary_large_image","twitter_misc":{"Escrito por":"Telinha","Tempo estimado de leitura":"1 minuto"},"schema":{"@context":"https:\/\/schema.org","@graph":[{"@type":"Article","@id":"https:\/\/portaltela.pt\/noticias\/2026\/02\/25\/gaia-inicia-limpeza-de-praias-e-reparacao-de-passadicos-antes-da-epoca-balnear\/#article","isPartOf":{"@id":"https:\/\/portaltela.pt\/noticias\/2026\/02\/25\/gaia-inicia-limpeza-de-praias-e-reparacao-de-passadicos-antes-da-epoca-balnear\/"},"author":{"name":"Telinha","@id":"https:\/\/portaltela.pt\/#\/schema\/person\/c4278d4a6028830caff9ee44b42d32ed"},"headline":"Gaia inicia limpeza de praias e repara\u00e7\u00e3o de passadi\u00e7os antes da \u00e9poca balnear","datePublished":"2026-02-25T18:00:00+00:00","mainEntityOfPage":{"@id":"https:\/\/portaltela.pt\/noticias\/2026\/02\/25\/gaia-inicia-limpeza-de-praias-e-reparacao-de-passadicos-antes-da-epoca-balnear\/"},"wordCount":287,"image":{"@id":"https:\/\/portaltela.pt\/noticias\/2026\/02\/25\/gaia-inicia-limpeza-de-praias-e-reparacao-de-passadicos-antes-da-epoca-balnear\/#primaryimage"},"thumbnailUrl":"https:\/\/portaltela.pt\/s.01k8rhncp4jt1\/2026\/02\/image-1862.jpg","keywords":["ambiente","conserva\u00e7\u00e3o ambiental","ecologia","Gaia","res\u00edduos","Voluntariado Apoiado"],"articleSection":["Not\u00edcias"],"inLanguage":"pt-PT"},{"@type":"WebPage","@id":"https:\/\/portaltela.pt\/noticias\/2026\/02\/25\/gaia-inicia-limpeza-de-praias-e-reparacao-de-passadicos-antes-da-epoca-balnear\/","url":"https:\/\/portaltela.pt\/noticias\/2026\/02\/25\/gaia-inicia-limpeza-de-praias-e-reparacao-de-passadicos-antes-da-epoca-balnear\/","name":"Gaia inicia limpeza de praias e repara\u00e7\u00e3o de passadi\u00e7os antes da \u00e9poca balnear - Portal Tela Portugal","isPartOf":{"@id":"https:\/\/portaltela.pt\/#website"},"primaryImageOfPage":{"@id":"https:\/\/portaltela.pt\/noticias\/2026\/02\/25\/gaia-inicia-limpeza-de-praias-e-reparacao-de-passadicos-antes-da-epoca-balnear\/#primaryimage"},"image":{"@id":"https:\/\/portaltela.pt\/noticias\/2026\/02\/25\/gaia-inicia-limpeza-de-praias-e-reparacao-de-passadicos-antes-da-epoca-balnear\/#primaryimage"},"thumbnailUrl":"https:\/\/portaltela.pt\/s.01k8rhncp4jt1\/2026\/02\/image-1862.jpg","datePublished":"2026-02-25T18:00:00+00:00","author":{"@id":"https:\/\/portaltela.pt\/#\/schema\/person\/c4278d4a6028830caff9ee44b42d32ed"},"breadcrumb":{"@id":"https:\/\/portaltela.pt\/noticias\/2026\/02\/25\/gaia-inicia-limpeza-de-praias-e-reparacao-de-passadicos-antes-da-epoca-balnear\/#breadcrumb"},"inLanguage":"pt-PT","potentialAction":[{"@type":"ReadAction","target":["https:\/\/portaltela.pt\/noticias\/2026\/02\/25\/gaia-inicia-limpeza-de-praias-e-reparacao-de-passadicos-antes-da-epoca-balnear\/"]}]},{"@type":"ImageObject","inLanguage":"pt-PT","@id":"https:\/\/portaltela.pt\/noticias\/2026\/02\/25\/gaia-inicia-limpeza-de-praias-e-reparacao-de-passadicos-antes-da-epoca-balnear\/#primaryimage","url":"https:\/\/portaltela.pt\/s.01k8rhncp4jt1\/2026\/02\/image-1862.jpg","contentUrl":"https:\/\/portaltela.pt\/s.01k8rhncp4jt1\/2026\/02\/image-1862.jpg","width":796,"height":448,"caption":"A limpeza das praias arrancou esta quarta-feira, em 17 quil\u00f3metros de extens\u00e3o"},{"@type":"BreadcrumbList","@id":"https:\/\/portaltela.pt\/noticias\/2026\/02\/25\/gaia-inicia-limpeza-de-praias-e-reparacao-de-passadicos-antes-da-epoca-balnear\/#breadcrumb","itemListElement":[{"@type":"ListItem","position":1,"name":"In\u00edcio","item":"https:\/\/portaltela.pt\/"},{"@type":"ListItem","position":2,"name":"Gaia inicia limpeza de praias e repara\u00e7\u00e3o de passadi\u00e7os antes da \u00e9poca balnear"}]},{"@type":"WebSite","@id":"https:\/\/portaltela.pt\/#website","url":"https:\/\/portaltela.pt\/","name":"Portal Tela Portugal","description":"","potentialAction":[{"@type":"SearchAction","target":{"@type":"EntryPoint","urlTemplate":"https:\/\/portaltela.pt\/?s={search_term_string}"},"query-input":{"@type":"PropertyValueSpecification","valueRequired":true,"valueName":"search_term_string"}}],"inLanguage":"pt-PT"},{"@type":"Person","@id":"https:\/\/portaltela.pt\/#\/schema\/person\/c4278d4a6028830caff9ee44b42d32ed","name":"Telinha","image":{"@type":"ImageObject","inLanguage":"pt-PT","@id":"https:\/\/portaltela.pt\/s.01k8rhncp4jt1\/2025\/11\/talking-bot-125x125.png","url":"https:\/\/portaltela.pt\/s.01k8rhncp4jt1\/2025\/11\/talking-bot-125x125.png","contentUrl":"https:\/\/portaltela.pt\/s.01k8rhncp4jt1\/2025\/11\/talking-bot-125x125.png","caption":"Telinha"},"sameAs":["https:\/\/portaltela.pt\/"],"url":"https:\/\/portaltela.pt\/por\/367410592786\/"}]}},"_links":{"self":[{"href":"https:\/\/portaltela.pt\/api\/wp\/v2\/posts\/387862","targetHints":{"allow":["GET"]}}],"collection":[{"href":"https:\/\/portaltela.pt\/api\/wp\/v2\/posts"}],"about":[{"href":"https:\/\/portaltela.pt\/api\/wp\/v2\/types\/post"}],"author":[{"embeddable":true,"href":"https:\/\/portaltela.pt\/api\/wp\/v2\/users\/2"}],"replies":[{"embeddable":true,"href":"https:\/\/portaltela.pt\/api\/wp\/v2\/comments?post=387862"}],"version-history":[{"count":0,"href":"https:\/\/portaltela.pt\/api\/wp\/v2\/posts\/387862\/revisions"}],"wp:featuredmedia":[{"embeddable":true,"href":"https:\/\/portaltela.pt\/api\/wp\/v2\/media\/387882"}],"wp:attachment":[{"href":"https:\/\/portaltela.pt\/api\/wp\/v2\/media?parent=387862"}],"wp:term":[{"taxonomy":"category","embeddable":true,"href":"https:\/\/portaltela.pt\/api\/wp\/v2\/categories?post=387862"},{"taxonomy":"post_tag","embeddable":true,"href":"https:\/\/portaltela.pt\/api\/wp\/v2\/tags?post=387862"}],"curies":[{"name":"wp","href":"https:\/\/api.w.org\/{rel}","templated":true}]}}