{"id":387851,"date":"2026-02-25T14:27:00","date_gmt":"2026-02-25T17:27:00","guid":{"rendered":"https:\/\/portaltela.pt\/noticias\/2026\/02\/25\/supremo-condena-por-unanimidade-acusados-de-ordenar-morte-de-marielle-franco\/"},"modified":"2026-02-25T14:27:00","modified_gmt":"2026-02-25T17:27:00","slug":"supremo-condena-por-unanimidade-acusados-de-ordenar-morte-de-marielle-franco","status":"publish","type":"post","link":"https:\/\/portaltela.pt\/noticias\/2026\/02\/25\/supremo-condena-por-unanimidade-acusados-de-ordenar-morte-de-marielle-franco\/","title":{"rendered":"Supremo condena por unanimidade acusados de ordenar morte de Marielle Franco"},"content":{"rendered":"<p>O Supremo Tribunal Federal condenou, por unanimidade, os acusados de terem ordenado o assassinato de Marielle Franco. A decis\u00e3o foi anunciada pela Justi\u00e7a brasileira, sem apresentar detalhes adicionais no texto dispon\u00edvel.<\/p>\n<p>N\u00e3o h\u00e1, neste momento, no texto fornecido, informa\u00e7\u00f5es sobre as identidades dos condenados, a data do veredicto, o local do julgamento ou as motiva\u00e7\u00f5es apuradas pela defesa. O conte\u00fado completo est\u00e1 acess\u00edvel apenas a subscritores.<\/p>\n<p>O veredito atual enfatiza a conclus\u00e3o do tribunal de que houve ordem para o crime, conforme as acusa\u00e7\u00f5es apresentadas. As informa\u00e7\u00f5es completas e eventuais desdobramentos devem ser confirmados em fontes oficiais ou no texto integral, dispon\u00edvel apenas para assinantes.<\/p>\n","protected":false},"excerpt":{"rendered":"<ul>\n<li>O Supremo Tribunal Federal condenou, por unanimidade, os acusados de terem ordenado a morte de Marielle Franco.<\/li>\n<li>A decis\u00e3o foi proferida ap\u00f3s o julgamento, com voto un\u00e2nime entre os ministros.<\/li>\n<li>O veredito confirma a acusa\u00e7\u00e3o de que os r\u00e9us ordenaram o homic\u00eddio da ativista e ex-vereadora Marielle Franco.<\/li>\n<\/ul>\n","protected":false},"author":2,"featured_media":387870,"comment_status":"closed","ping_status":"closed","sticky":false,"template":"","format":"standard","meta":{"footnotes":""},"categories":[1],"tags":[2547,5480,147,5249,1345,803],"class_list":["post-387851","post","type-post","status-publish","format-standard","has-post-thumbnail","hentry","category-noticias","tag-brasil","tag-condenacoes","tag-crime","tag-crime-de-homicidio","tag-homicidio","tag-justica"],"yoast_head":"<!-- This site is optimized with the Yoast SEO plugin v27.2 - https:\/\/yoast.com\/product\/yoast-seo-wordpress\/ -->\n<title>Supremo condena por unanimidade acusados de ordenar morte de Marielle Franco - Portal Tela Portugal<\/title>\n<meta name=\"robots\" content=\"index, follow, max-snippet:-1, max-image-preview:large, max-video-preview:-1\" \/>\n<meta property=\"og:locale\" content=\"pt_PT\" \/>\n<meta property=\"og:type\" content=\"article\" \/>\n<meta property=\"og:title\" content=\"Supremo condena por unanimidade acusados de ordenar morte de Marielle Franco - Portal Tela Portugal\" \/>\n<meta property=\"og:description\" content=\"O Supremo Tribunal Federal condenou, por unanimidade, os acusados de terem ordenado a morte de Marielle Franco. A decis\u00e3o foi proferida ap\u00f3s o julgamento, com voto un\u00e2nime entre os ministros. O veredito confirma a acusa\u00e7\u00e3o de que os r\u00e9us ordenaram o homic\u00eddio da ativista e ex-vereadora Marielle Franco.\" \/>\n<meta property=\"og:url\" content=\"https:\/\/portaltela.pt\/noticias\/2026\/02\/25\/supremo-condena-por-unanimidade-acusados-de-ordenar-morte-de-marielle-franco\/\" \/>\n<meta property=\"og:site_name\" content=\"Portal Tela Portugal\" \/>\n<meta property=\"article:published_time\" content=\"2026-02-25T17:27:00+00:00\" \/>\n<meta name=\"author\" content=\"Telinha\" \/>\n<meta name=\"twitter:card\" content=\"summary_large_image\" \/>\n<meta name=\"twitter:label1\" content=\"Escrito por\" \/>\n\t<meta name=\"twitter:data1\" content=\"Telinha\" \/>\n\t<meta name=\"twitter:label2\" content=\"Tempo estimado de leitura\" \/>\n\t<meta name=\"twitter:data2\" content=\"1 minuto\" \/>\n<script type=\"application\/ld+json\" class=\"yoast-schema-graph\">{\"@context\":\"https:\/\/schema.org\",\"@graph\":[{\"@type\":\"Article\",\"@id\":\"https:\/\/portaltela.pt\/noticias\/2026\/02\/25\/supremo-condena-por-unanimidade-acusados-de-ordenar-morte-de-marielle-franco\/#article\",\"isPartOf\":{\"@id\":\"https:\/\/portaltela.pt\/noticias\/2026\/02\/25\/supremo-condena-por-unanimidade-acusados-de-ordenar-morte-de-marielle-franco\/\"},\"author\":{\"name\":\"Telinha\",\"@id\":\"https:\/\/portaltela.pt\/#\/schema\/person\/c4278d4a6028830caff9ee44b42d32ed\"},\"headline\":\"Supremo condena por unanimidade acusados de ordenar morte de Marielle Franco\",\"datePublished\":\"2026-02-25T17:27:00+00:00\",\"mainEntityOfPage\":{\"@id\":\"https:\/\/portaltela.pt\/noticias\/2026\/02\/25\/supremo-condena-por-unanimidade-acusados-de-ordenar-morte-de-marielle-franco\/\"},\"wordCount\":128,\"image\":{\"@id\":\"https:\/\/portaltela.pt\/noticias\/2026\/02\/25\/supremo-condena-por-unanimidade-acusados-de-ordenar-morte-de-marielle-franco\/#primaryimage\"},\"thumbnailUrl\":\"https:\/\/portaltela.pt\/s.01k8rhncp4jt1\/2026\/02\/CACHE_780X1200_ANALOG_WATERMARKED_23878500_535707_24032019125336-1.jpg\",\"keywords\":[\"Brasil\",\"condena\u00e7\u00f5es\",\"crime\",\"crime de homic\u00eddio\",\"homic\u00eddio\",\"justi\u00e7a\"],\"articleSection\":[\"Not\u00edcias\"],\"inLanguage\":\"pt-PT\"},{\"@type\":\"WebPage\",\"@id\":\"https:\/\/portaltela.pt\/noticias\/2026\/02\/25\/supremo-condena-por-unanimidade-acusados-de-ordenar-morte-de-marielle-franco\/\",\"url\":\"https:\/\/portaltela.pt\/noticias\/2026\/02\/25\/supremo-condena-por-unanimidade-acusados-de-ordenar-morte-de-marielle-franco\/\",\"name\":\"Supremo condena por unanimidade acusados de ordenar morte de Marielle Franco - Portal Tela Portugal\",\"isPartOf\":{\"@id\":\"https:\/\/portaltela.pt\/#website\"},\"primaryImageOfPage\":{\"@id\":\"https:\/\/portaltela.pt\/noticias\/2026\/02\/25\/supremo-condena-por-unanimidade-acusados-de-ordenar-morte-de-marielle-franco\/#primaryimage\"},\"image\":{\"@id\":\"https:\/\/portaltela.pt\/noticias\/2026\/02\/25\/supremo-condena-por-unanimidade-acusados-de-ordenar-morte-de-marielle-franco\/#primaryimage\"},\"thumbnailUrl\":\"https:\/\/portaltela.pt\/s.01k8rhncp4jt1\/2026\/02\/CACHE_780X1200_ANALOG_WATERMARKED_23878500_535707_24032019125336-1.jpg\",\"datePublished\":\"2026-02-25T17:27:00+00:00\",\"author\":{\"@id\":\"https:\/\/portaltela.pt\/#\/schema\/person\/c4278d4a6028830caff9ee44b42d32ed\"},\"breadcrumb\":{\"@id\":\"https:\/\/portaltela.pt\/noticias\/2026\/02\/25\/supremo-condena-por-unanimidade-acusados-de-ordenar-morte-de-marielle-franco\/#breadcrumb\"},\"inLanguage\":\"pt-PT\",\"potentialAction\":[{\"@type\":\"ReadAction\",\"target\":[\"https:\/\/portaltela.pt\/noticias\/2026\/02\/25\/supremo-condena-por-unanimidade-acusados-de-ordenar-morte-de-marielle-franco\/\"]}]},{\"@type\":\"ImageObject\",\"inLanguage\":\"pt-PT\",\"@id\":\"https:\/\/portaltela.pt\/noticias\/2026\/02\/25\/supremo-condena-por-unanimidade-acusados-de-ordenar-morte-de-marielle-franco\/#primaryimage\",\"url\":\"https:\/\/portaltela.pt\/s.01k8rhncp4jt1\/2026\/02\/CACHE_780X1200_ANALOG_WATERMARKED_23878500_535707_24032019125336-1.jpg\",\"contentUrl\":\"https:\/\/portaltela.pt\/s.01k8rhncp4jt1\/2026\/02\/CACHE_780X1200_ANALOG_WATERMARKED_23878500_535707_24032019125336-1.jpg\",\"width\":796,\"height\":448,\"caption\":\"Supremo brasileiro condena por unanimidade acusados de ordenar morte Marielle Franco\"},{\"@type\":\"BreadcrumbList\",\"@id\":\"https:\/\/portaltela.pt\/noticias\/2026\/02\/25\/supremo-condena-por-unanimidade-acusados-de-ordenar-morte-de-marielle-franco\/#breadcrumb\",\"itemListElement\":[{\"@type\":\"ListItem\",\"position\":1,\"name\":\"In\u00edcio\",\"item\":\"https:\/\/portaltela.pt\/\"},{\"@type\":\"ListItem\",\"position\":2,\"name\":\"Supremo condena por unanimidade acusados de ordenar morte de Marielle Franco\"}]},{\"@type\":\"WebSite\",\"@id\":\"https:\/\/portaltela.pt\/#website\",\"url\":\"https:\/\/portaltela.pt\/\",\"name\":\"Portal Tela Portugal\",\"description\":\"\",\"potentialAction\":[{\"@type\":\"SearchAction\",\"target\":{\"@type\":\"EntryPoint\",\"urlTemplate\":\"https:\/\/portaltela.pt\/?s={search_term_string}\"},\"query-input\":{\"@type\":\"PropertyValueSpecification\",\"valueRequired\":true,\"valueName\":\"search_term_string\"}}],\"inLanguage\":\"pt-PT\"},{\"@type\":\"Person\",\"@id\":\"https:\/\/portaltela.pt\/#\/schema\/person\/c4278d4a6028830caff9ee44b42d32ed\",\"name\":\"Telinha\",\"image\":{\"@type\":\"ImageObject\",\"inLanguage\":\"pt-PT\",\"@id\":\"https:\/\/portaltela.pt\/s.01k8rhncp4jt1\/2025\/11\/talking-bot-125x125.png\",\"url\":\"https:\/\/portaltela.pt\/s.01k8rhncp4jt1\/2025\/11\/talking-bot-125x125.png\",\"contentUrl\":\"https:\/\/portaltela.pt\/s.01k8rhncp4jt1\/2025\/11\/talking-bot-125x125.png\",\"caption\":\"Telinha\"},\"sameAs\":[\"https:\/\/portaltela.pt\/\"],\"url\":\"https:\/\/portaltela.pt\/por\/367410592786\/\"}]}<\/script>\n<!-- \/ Yoast SEO plugin. -->","yoast_head_json":{"title":"Supremo condena por unanimidade acusados de ordenar morte de Marielle Franco - Portal Tela Portugal","robots":{"index":"index","follow":"follow","max-snippet":"max-snippet:-1","max-image-preview":"max-image-preview:large","max-video-preview":"max-video-preview:-1"},"og_locale":"pt_PT","og_type":"article","og_title":"Supremo condena por unanimidade acusados de ordenar morte de Marielle Franco - Portal Tela Portugal","og_description":"O Supremo Tribunal Federal condenou, por unanimidade, os acusados de terem ordenado a morte de Marielle Franco. A decis\u00e3o foi proferida ap\u00f3s o julgamento, com voto un\u00e2nime entre os ministros. O veredito confirma a acusa\u00e7\u00e3o de que os r\u00e9us ordenaram o homic\u00eddio da ativista e ex-vereadora Marielle Franco.","og_url":"https:\/\/portaltela.pt\/noticias\/2026\/02\/25\/supremo-condena-por-unanimidade-acusados-de-ordenar-morte-de-marielle-franco\/","og_site_name":"Portal Tela Portugal","article_published_time":"2026-02-25T17:27:00+00:00","author":"Telinha","twitter_card":"summary_large_image","twitter_misc":{"Escrito por":"Telinha","Tempo estimado de leitura":"1 minuto"},"schema":{"@context":"https:\/\/schema.org","@graph":[{"@type":"Article","@id":"https:\/\/portaltela.pt\/noticias\/2026\/02\/25\/supremo-condena-por-unanimidade-acusados-de-ordenar-morte-de-marielle-franco\/#article","isPartOf":{"@id":"https:\/\/portaltela.pt\/noticias\/2026\/02\/25\/supremo-condena-por-unanimidade-acusados-de-ordenar-morte-de-marielle-franco\/"},"author":{"name":"Telinha","@id":"https:\/\/portaltela.pt\/#\/schema\/person\/c4278d4a6028830caff9ee44b42d32ed"},"headline":"Supremo condena por unanimidade acusados de ordenar morte de Marielle Franco","datePublished":"2026-02-25T17:27:00+00:00","mainEntityOfPage":{"@id":"https:\/\/portaltela.pt\/noticias\/2026\/02\/25\/supremo-condena-por-unanimidade-acusados-de-ordenar-morte-de-marielle-franco\/"},"wordCount":128,"image":{"@id":"https:\/\/portaltela.pt\/noticias\/2026\/02\/25\/supremo-condena-por-unanimidade-acusados-de-ordenar-morte-de-marielle-franco\/#primaryimage"},"thumbnailUrl":"https:\/\/portaltela.pt\/s.01k8rhncp4jt1\/2026\/02\/CACHE_780X1200_ANALOG_WATERMARKED_23878500_535707_24032019125336-1.jpg","keywords":["Brasil","condena\u00e7\u00f5es","crime","crime de homic\u00eddio","homic\u00eddio","justi\u00e7a"],"articleSection":["Not\u00edcias"],"inLanguage":"pt-PT"},{"@type":"WebPage","@id":"https:\/\/portaltela.pt\/noticias\/2026\/02\/25\/supremo-condena-por-unanimidade-acusados-de-ordenar-morte-de-marielle-franco\/","url":"https:\/\/portaltela.pt\/noticias\/2026\/02\/25\/supremo-condena-por-unanimidade-acusados-de-ordenar-morte-de-marielle-franco\/","name":"Supremo condena por unanimidade acusados de ordenar morte de Marielle Franco - Portal Tela Portugal","isPartOf":{"@id":"https:\/\/portaltela.pt\/#website"},"primaryImageOfPage":{"@id":"https:\/\/portaltela.pt\/noticias\/2026\/02\/25\/supremo-condena-por-unanimidade-acusados-de-ordenar-morte-de-marielle-franco\/#primaryimage"},"image":{"@id":"https:\/\/portaltela.pt\/noticias\/2026\/02\/25\/supremo-condena-por-unanimidade-acusados-de-ordenar-morte-de-marielle-franco\/#primaryimage"},"thumbnailUrl":"https:\/\/portaltela.pt\/s.01k8rhncp4jt1\/2026\/02\/CACHE_780X1200_ANALOG_WATERMARKED_23878500_535707_24032019125336-1.jpg","datePublished":"2026-02-25T17:27:00+00:00","author":{"@id":"https:\/\/portaltela.pt\/#\/schema\/person\/c4278d4a6028830caff9ee44b42d32ed"},"breadcrumb":{"@id":"https:\/\/portaltela.pt\/noticias\/2026\/02\/25\/supremo-condena-por-unanimidade-acusados-de-ordenar-morte-de-marielle-franco\/#breadcrumb"},"inLanguage":"pt-PT","potentialAction":[{"@type":"ReadAction","target":["https:\/\/portaltela.pt\/noticias\/2026\/02\/25\/supremo-condena-por-unanimidade-acusados-de-ordenar-morte-de-marielle-franco\/"]}]},{"@type":"ImageObject","inLanguage":"pt-PT","@id":"https:\/\/portaltela.pt\/noticias\/2026\/02\/25\/supremo-condena-por-unanimidade-acusados-de-ordenar-morte-de-marielle-franco\/#primaryimage","url":"https:\/\/portaltela.pt\/s.01k8rhncp4jt1\/2026\/02\/CACHE_780X1200_ANALOG_WATERMARKED_23878500_535707_24032019125336-1.jpg","contentUrl":"https:\/\/portaltela.pt\/s.01k8rhncp4jt1\/2026\/02\/CACHE_780X1200_ANALOG_WATERMARKED_23878500_535707_24032019125336-1.jpg","width":796,"height":448,"caption":"Supremo brasileiro condena por unanimidade acusados de ordenar morte Marielle Franco"},{"@type":"BreadcrumbList","@id":"https:\/\/portaltela.pt\/noticias\/2026\/02\/25\/supremo-condena-por-unanimidade-acusados-de-ordenar-morte-de-marielle-franco\/#breadcrumb","itemListElement":[{"@type":"ListItem","position":1,"name":"In\u00edcio","item":"https:\/\/portaltela.pt\/"},{"@type":"ListItem","position":2,"name":"Supremo condena por unanimidade acusados de ordenar morte de Marielle Franco"}]},{"@type":"WebSite","@id":"https:\/\/portaltela.pt\/#website","url":"https:\/\/portaltela.pt\/","name":"Portal Tela Portugal","description":"","potentialAction":[{"@type":"SearchAction","target":{"@type":"EntryPoint","urlTemplate":"https:\/\/portaltela.pt\/?s={search_term_string}"},"query-input":{"@type":"PropertyValueSpecification","valueRequired":true,"valueName":"search_term_string"}}],"inLanguage":"pt-PT"},{"@type":"Person","@id":"https:\/\/portaltela.pt\/#\/schema\/person\/c4278d4a6028830caff9ee44b42d32ed","name":"Telinha","image":{"@type":"ImageObject","inLanguage":"pt-PT","@id":"https:\/\/portaltela.pt\/s.01k8rhncp4jt1\/2025\/11\/talking-bot-125x125.png","url":"https:\/\/portaltela.pt\/s.01k8rhncp4jt1\/2025\/11\/talking-bot-125x125.png","contentUrl":"https:\/\/portaltela.pt\/s.01k8rhncp4jt1\/2025\/11\/talking-bot-125x125.png","caption":"Telinha"},"sameAs":["https:\/\/portaltela.pt\/"],"url":"https:\/\/portaltela.pt\/por\/367410592786\/"}]}},"_links":{"self":[{"href":"https:\/\/portaltela.pt\/api\/wp\/v2\/posts\/387851","targetHints":{"allow":["GET"]}}],"collection":[{"href":"https:\/\/portaltela.pt\/api\/wp\/v2\/posts"}],"about":[{"href":"https:\/\/portaltela.pt\/api\/wp\/v2\/types\/post"}],"author":[{"embeddable":true,"href":"https:\/\/portaltela.pt\/api\/wp\/v2\/users\/2"}],"replies":[{"embeddable":true,"href":"https:\/\/portaltela.pt\/api\/wp\/v2\/comments?post=387851"}],"version-history":[{"count":0,"href":"https:\/\/portaltela.pt\/api\/wp\/v2\/posts\/387851\/revisions"}],"wp:featuredmedia":[{"embeddable":true,"href":"https:\/\/portaltela.pt\/api\/wp\/v2\/media\/387870"}],"wp:attachment":[{"href":"https:\/\/portaltela.pt\/api\/wp\/v2\/media?parent=387851"}],"wp:term":[{"taxonomy":"category","embeddable":true,"href":"https:\/\/portaltela.pt\/api\/wp\/v2\/categories?post=387851"},{"taxonomy":"post_tag","embeddable":true,"href":"https:\/\/portaltela.pt\/api\/wp\/v2\/tags?post=387851"}],"curies":[{"name":"wp","href":"https:\/\/api.w.org\/{rel}","templated":true}]}}