{"id":387848,"date":"2026-02-25T15:03:00","date_gmt":"2026-02-25T18:03:00","guid":{"rendered":"https:\/\/portaltela.pt\/noticias\/2026\/02\/25\/anistia-desafia-ilustradores-a-celebrar-50-anos-da-constituicao\/"},"modified":"2026-02-25T15:03:00","modified_gmt":"2026-02-25T18:03:00","slug":"anistia-desafia-ilustradores-a-celebrar-50-anos-da-constituicao","status":"publish","type":"post","link":"https:\/\/portaltela.pt\/noticias\/2026\/02\/25\/anistia-desafia-ilustradores-a-celebrar-50-anos-da-constituicao\/","title":{"rendered":"Anistia desafia ilustradores a celebrar 50 anos da Constitui\u00e7\u00e3o"},"content":{"rendered":"<p>A Amnistia Internacional Portugal lan\u00e7ou um concurso de ilustra\u00e7\u00e3o para assinalar os 50 anos da aprova\u00e7\u00e3o da Constitui\u00e7\u00e3o da Rep\u00fablica Portuguesa. O objetivo \u00e9 premiar tr\u00eas cartazes que reflitam a forma como os artigos constitucionais promovem e protegem os direitos humanos, conforme a Declara\u00e7\u00e3o Universal dos Direitos Humanos.<\/p>\n<p>Os vencedores ser\u00e3o contemplados com pr\u00e9mios monet\u00e1rios que variam entre 450 e 150 euros, conforme a posi\u00e7\u00e3o alcan\u00e7ada. A participa\u00e7\u00e3o no concurso \u00e9 gratuita.<\/p>\n<h3>Quem pode participar<\/h3>\n<p>Podem participar autores individuais com 18 anos ou mais at\u00e9 cumprir 14 de mar\u00e7o de 2026. As candidaturas decorrem atrav\u00e9s de um formul\u00e1rio online, onde cada participante pode submeter apenas uma ilustra\u00e7\u00e3o.<\/p>\n<h3>Regras e requisitos<\/h3>\n<p>Todas as ilustra\u00e7\u00f5es devem ser originais, n\u00e3o podem ter sido publicadas ou divulgadas anteriormente, nem terem sido submetidas a j\u00faris noutro contexto. O objetivo \u00e9 demonstrar, de forma criativa, como os direitos humanos est\u00e3o protegidos pela Constitui\u00e7\u00e3o.<\/p>\n","protected":false},"excerpt":{"rendered":"<ul>\n<li>A Amnistia Internacional Portugal lan\u00e7ou um concurso de ilustra\u00e7\u00e3o para assinalar os 50 anos da Constitui\u00e7\u00e3o da Rep\u00fablica Portuguesa.<\/li>\n<li>Os tr\u00eas melhores cartazes ser\u00e3o premiados com valores monet\u00e1rios entre 450 euros e 150 euros.<\/li>\n<li>O tema \u00e9 ilustrar de que modo os artigos da Constitui\u00e7\u00e3o promovem e protegem direitos humanos, conforme a Declara\u00e7\u00e3o Universal dos Direitos Humanos.<\/li>\n<li>A participa\u00e7\u00e3o \u00e9 gratuita, aberta a autores individuais com 18 anos ou mais, at\u00e9 14 de mar\u00e7o de 2026.<\/li>\n<li>Cada participante pode submeter, no m\u00e1ximo, uma ilustra\u00e7\u00e3o, que deve ser original e ainda n\u00e3o publicada nem submetida a j\u00fari.<\/li>\n<\/ul>\n","protected":false},"author":2,"featured_media":387855,"comment_status":"closed","ping_status":"closed","sticky":false,"template":"","format":"standard","meta":{"footnotes":""},"categories":[1],"tags":[1730,70,164,4057,2633,1014],"class_list":["post-387848","post","type-post","status-publish","format-standard","has-post-thumbnail","hentry","category-noticias","tag-amnistia-internacional","tag-arte","tag-concurso","tag-constituicao","tag-direitos-humanos","tag-portugal"],"yoast_head":"<!-- This site is optimized with the Yoast SEO plugin v27.2 - https:\/\/yoast.com\/product\/yoast-seo-wordpress\/ -->\n<title>Anistia desafia ilustradores a celebrar 50 anos da Constitui\u00e7\u00e3o - Portal Tela Portugal<\/title>\n<meta name=\"robots\" content=\"index, follow, max-snippet:-1, max-image-preview:large, max-video-preview:-1\" \/>\n<meta property=\"og:locale\" content=\"pt_PT\" \/>\n<meta property=\"og:type\" content=\"article\" \/>\n<meta property=\"og:title\" content=\"Anistia desafia ilustradores a celebrar 50 anos da Constitui\u00e7\u00e3o - Portal Tela Portugal\" \/>\n<meta property=\"og:description\" content=\"A Amnistia Internacional Portugal lan\u00e7ou um concurso de ilustra\u00e7\u00e3o para assinalar os 50 anos da Constitui\u00e7\u00e3o da Rep\u00fablica Portuguesa. Os tr\u00eas melhores cartazes ser\u00e3o premiados com valores monet\u00e1rios entre 450 euros e 150 euros. O tema \u00e9 ilustrar de que modo os artigos da Constitui\u00e7\u00e3o promovem e protegem direitos humanos, conforme a Declara\u00e7\u00e3o Universal dos Direitos Humanos. A participa\u00e7\u00e3o \u00e9 gratuita, aberta a autores individuais com 18 anos ou mais, at\u00e9 14 de mar\u00e7o de 2026. Cada participante pode submeter, no m\u00e1ximo, uma ilustra\u00e7\u00e3o, que deve ser original e ainda n\u00e3o publicada nem submetida a j\u00fari.\" \/>\n<meta property=\"og:url\" content=\"https:\/\/portaltela.pt\/noticias\/2026\/02\/25\/anistia-desafia-ilustradores-a-celebrar-50-anos-da-constituicao\/\" \/>\n<meta property=\"og:site_name\" content=\"Portal Tela Portugal\" \/>\n<meta property=\"article:published_time\" content=\"2026-02-25T18:03:00+00:00\" \/>\n<meta name=\"author\" content=\"Telinha\" \/>\n<meta name=\"twitter:card\" content=\"summary_large_image\" \/>\n<meta name=\"twitter:label1\" content=\"Escrito por\" \/>\n\t<meta name=\"twitter:data1\" content=\"Telinha\" \/>\n\t<meta name=\"twitter:label2\" content=\"Tempo estimado de leitura\" \/>\n\t<meta name=\"twitter:data2\" content=\"1 minuto\" \/>\n<script type=\"application\/ld+json\" class=\"yoast-schema-graph\">{\"@context\":\"https:\/\/schema.org\",\"@graph\":[{\"@type\":\"Article\",\"@id\":\"https:\/\/portaltela.pt\/noticias\/2026\/02\/25\/anistia-desafia-ilustradores-a-celebrar-50-anos-da-constituicao\/#article\",\"isPartOf\":{\"@id\":\"https:\/\/portaltela.pt\/noticias\/2026\/02\/25\/anistia-desafia-ilustradores-a-celebrar-50-anos-da-constituicao\/\"},\"author\":{\"name\":\"Telinha\",\"@id\":\"https:\/\/portaltela.pt\/#\/schema\/person\/c4278d4a6028830caff9ee44b42d32ed\"},\"headline\":\"Anistia desafia ilustradores a celebrar 50 anos da Constitui\u00e7\u00e3o\",\"datePublished\":\"2026-02-25T18:03:00+00:00\",\"mainEntityOfPage\":{\"@id\":\"https:\/\/portaltela.pt\/noticias\/2026\/02\/25\/anistia-desafia-ilustradores-a-celebrar-50-anos-da-constituicao\/\"},\"wordCount\":169,\"image\":{\"@id\":\"https:\/\/portaltela.pt\/noticias\/2026\/02\/25\/anistia-desafia-ilustradores-a-celebrar-50-anos-da-constituicao\/#primaryimage\"},\"thumbnailUrl\":\"https:\/\/portaltela.pt\/s.01k8rhncp4jt1\/2026\/02\/2069781.jpg\",\"keywords\":[\"Amnistia Internacional\",\"arte\",\"concurso\",\"constitui\u00e7\u00e3o\",\"direitos humanos\",\"Portugal\"],\"articleSection\":[\"Not\u00edcias\"],\"inLanguage\":\"pt-PT\"},{\"@type\":\"WebPage\",\"@id\":\"https:\/\/portaltela.pt\/noticias\/2026\/02\/25\/anistia-desafia-ilustradores-a-celebrar-50-anos-da-constituicao\/\",\"url\":\"https:\/\/portaltela.pt\/noticias\/2026\/02\/25\/anistia-desafia-ilustradores-a-celebrar-50-anos-da-constituicao\/\",\"name\":\"Anistia desafia ilustradores a celebrar 50 anos da Constitui\u00e7\u00e3o - Portal Tela Portugal\",\"isPartOf\":{\"@id\":\"https:\/\/portaltela.pt\/#website\"},\"primaryImageOfPage\":{\"@id\":\"https:\/\/portaltela.pt\/noticias\/2026\/02\/25\/anistia-desafia-ilustradores-a-celebrar-50-anos-da-constituicao\/#primaryimage\"},\"image\":{\"@id\":\"https:\/\/portaltela.pt\/noticias\/2026\/02\/25\/anistia-desafia-ilustradores-a-celebrar-50-anos-da-constituicao\/#primaryimage\"},\"thumbnailUrl\":\"https:\/\/portaltela.pt\/s.01k8rhncp4jt1\/2026\/02\/2069781.jpg\",\"datePublished\":\"2026-02-25T18:03:00+00:00\",\"author\":{\"@id\":\"https:\/\/portaltela.pt\/#\/schema\/person\/c4278d4a6028830caff9ee44b42d32ed\"},\"breadcrumb\":{\"@id\":\"https:\/\/portaltela.pt\/noticias\/2026\/02\/25\/anistia-desafia-ilustradores-a-celebrar-50-anos-da-constituicao\/#breadcrumb\"},\"inLanguage\":\"pt-PT\",\"potentialAction\":[{\"@type\":\"ReadAction\",\"target\":[\"https:\/\/portaltela.pt\/noticias\/2026\/02\/25\/anistia-desafia-ilustradores-a-celebrar-50-anos-da-constituicao\/\"]}]},{\"@type\":\"ImageObject\",\"inLanguage\":\"pt-PT\",\"@id\":\"https:\/\/portaltela.pt\/noticias\/2026\/02\/25\/anistia-desafia-ilustradores-a-celebrar-50-anos-da-constituicao\/#primaryimage\",\"url\":\"https:\/\/portaltela.pt\/s.01k8rhncp4jt1\/2026\/02\/2069781.jpg\",\"contentUrl\":\"https:\/\/portaltela.pt\/s.01k8rhncp4jt1\/2026\/02\/2069781.jpg\",\"width\":796,\"height\":448,\"caption\":\"Photo\"},{\"@type\":\"BreadcrumbList\",\"@id\":\"https:\/\/portaltela.pt\/noticias\/2026\/02\/25\/anistia-desafia-ilustradores-a-celebrar-50-anos-da-constituicao\/#breadcrumb\",\"itemListElement\":[{\"@type\":\"ListItem\",\"position\":1,\"name\":\"In\u00edcio\",\"item\":\"https:\/\/portaltela.pt\/\"},{\"@type\":\"ListItem\",\"position\":2,\"name\":\"Anistia desafia ilustradores a celebrar 50 anos da Constitui\u00e7\u00e3o\"}]},{\"@type\":\"WebSite\",\"@id\":\"https:\/\/portaltela.pt\/#website\",\"url\":\"https:\/\/portaltela.pt\/\",\"name\":\"Portal Tela Portugal\",\"description\":\"\",\"potentialAction\":[{\"@type\":\"SearchAction\",\"target\":{\"@type\":\"EntryPoint\",\"urlTemplate\":\"https:\/\/portaltela.pt\/?s={search_term_string}\"},\"query-input\":{\"@type\":\"PropertyValueSpecification\",\"valueRequired\":true,\"valueName\":\"search_term_string\"}}],\"inLanguage\":\"pt-PT\"},{\"@type\":\"Person\",\"@id\":\"https:\/\/portaltela.pt\/#\/schema\/person\/c4278d4a6028830caff9ee44b42d32ed\",\"name\":\"Telinha\",\"image\":{\"@type\":\"ImageObject\",\"inLanguage\":\"pt-PT\",\"@id\":\"https:\/\/portaltela.pt\/s.01k8rhncp4jt1\/2025\/11\/talking-bot-125x125.png\",\"url\":\"https:\/\/portaltela.pt\/s.01k8rhncp4jt1\/2025\/11\/talking-bot-125x125.png\",\"contentUrl\":\"https:\/\/portaltela.pt\/s.01k8rhncp4jt1\/2025\/11\/talking-bot-125x125.png\",\"caption\":\"Telinha\"},\"sameAs\":[\"https:\/\/portaltela.pt\/\"],\"url\":\"https:\/\/portaltela.pt\/por\/367410592786\/\"}]}<\/script>\n<!-- \/ Yoast SEO plugin. -->","yoast_head_json":{"title":"Anistia desafia ilustradores a celebrar 50 anos da Constitui\u00e7\u00e3o - Portal Tela Portugal","robots":{"index":"index","follow":"follow","max-snippet":"max-snippet:-1","max-image-preview":"max-image-preview:large","max-video-preview":"max-video-preview:-1"},"og_locale":"pt_PT","og_type":"article","og_title":"Anistia desafia ilustradores a celebrar 50 anos da Constitui\u00e7\u00e3o - Portal Tela Portugal","og_description":"A Amnistia Internacional Portugal lan\u00e7ou um concurso de ilustra\u00e7\u00e3o para assinalar os 50 anos da Constitui\u00e7\u00e3o da Rep\u00fablica Portuguesa. Os tr\u00eas melhores cartazes ser\u00e3o premiados com valores monet\u00e1rios entre 450 euros e 150 euros. O tema \u00e9 ilustrar de que modo os artigos da Constitui\u00e7\u00e3o promovem e protegem direitos humanos, conforme a Declara\u00e7\u00e3o Universal dos Direitos Humanos. A participa\u00e7\u00e3o \u00e9 gratuita, aberta a autores individuais com 18 anos ou mais, at\u00e9 14 de mar\u00e7o de 2026. Cada participante pode submeter, no m\u00e1ximo, uma ilustra\u00e7\u00e3o, que deve ser original e ainda n\u00e3o publicada nem submetida a j\u00fari.","og_url":"https:\/\/portaltela.pt\/noticias\/2026\/02\/25\/anistia-desafia-ilustradores-a-celebrar-50-anos-da-constituicao\/","og_site_name":"Portal Tela Portugal","article_published_time":"2026-02-25T18:03:00+00:00","author":"Telinha","twitter_card":"summary_large_image","twitter_misc":{"Escrito por":"Telinha","Tempo estimado de leitura":"1 minuto"},"schema":{"@context":"https:\/\/schema.org","@graph":[{"@type":"Article","@id":"https:\/\/portaltela.pt\/noticias\/2026\/02\/25\/anistia-desafia-ilustradores-a-celebrar-50-anos-da-constituicao\/#article","isPartOf":{"@id":"https:\/\/portaltela.pt\/noticias\/2026\/02\/25\/anistia-desafia-ilustradores-a-celebrar-50-anos-da-constituicao\/"},"author":{"name":"Telinha","@id":"https:\/\/portaltela.pt\/#\/schema\/person\/c4278d4a6028830caff9ee44b42d32ed"},"headline":"Anistia desafia ilustradores a celebrar 50 anos da Constitui\u00e7\u00e3o","datePublished":"2026-02-25T18:03:00+00:00","mainEntityOfPage":{"@id":"https:\/\/portaltela.pt\/noticias\/2026\/02\/25\/anistia-desafia-ilustradores-a-celebrar-50-anos-da-constituicao\/"},"wordCount":169,"image":{"@id":"https:\/\/portaltela.pt\/noticias\/2026\/02\/25\/anistia-desafia-ilustradores-a-celebrar-50-anos-da-constituicao\/#primaryimage"},"thumbnailUrl":"https:\/\/portaltela.pt\/s.01k8rhncp4jt1\/2026\/02\/2069781.jpg","keywords":["Amnistia Internacional","arte","concurso","constitui\u00e7\u00e3o","direitos humanos","Portugal"],"articleSection":["Not\u00edcias"],"inLanguage":"pt-PT"},{"@type":"WebPage","@id":"https:\/\/portaltela.pt\/noticias\/2026\/02\/25\/anistia-desafia-ilustradores-a-celebrar-50-anos-da-constituicao\/","url":"https:\/\/portaltela.pt\/noticias\/2026\/02\/25\/anistia-desafia-ilustradores-a-celebrar-50-anos-da-constituicao\/","name":"Anistia desafia ilustradores a celebrar 50 anos da Constitui\u00e7\u00e3o - Portal Tela Portugal","isPartOf":{"@id":"https:\/\/portaltela.pt\/#website"},"primaryImageOfPage":{"@id":"https:\/\/portaltela.pt\/noticias\/2026\/02\/25\/anistia-desafia-ilustradores-a-celebrar-50-anos-da-constituicao\/#primaryimage"},"image":{"@id":"https:\/\/portaltela.pt\/noticias\/2026\/02\/25\/anistia-desafia-ilustradores-a-celebrar-50-anos-da-constituicao\/#primaryimage"},"thumbnailUrl":"https:\/\/portaltela.pt\/s.01k8rhncp4jt1\/2026\/02\/2069781.jpg","datePublished":"2026-02-25T18:03:00+00:00","author":{"@id":"https:\/\/portaltela.pt\/#\/schema\/person\/c4278d4a6028830caff9ee44b42d32ed"},"breadcrumb":{"@id":"https:\/\/portaltela.pt\/noticias\/2026\/02\/25\/anistia-desafia-ilustradores-a-celebrar-50-anos-da-constituicao\/#breadcrumb"},"inLanguage":"pt-PT","potentialAction":[{"@type":"ReadAction","target":["https:\/\/portaltela.pt\/noticias\/2026\/02\/25\/anistia-desafia-ilustradores-a-celebrar-50-anos-da-constituicao\/"]}]},{"@type":"ImageObject","inLanguage":"pt-PT","@id":"https:\/\/portaltela.pt\/noticias\/2026\/02\/25\/anistia-desafia-ilustradores-a-celebrar-50-anos-da-constituicao\/#primaryimage","url":"https:\/\/portaltela.pt\/s.01k8rhncp4jt1\/2026\/02\/2069781.jpg","contentUrl":"https:\/\/portaltela.pt\/s.01k8rhncp4jt1\/2026\/02\/2069781.jpg","width":796,"height":448,"caption":"Photo"},{"@type":"BreadcrumbList","@id":"https:\/\/portaltela.pt\/noticias\/2026\/02\/25\/anistia-desafia-ilustradores-a-celebrar-50-anos-da-constituicao\/#breadcrumb","itemListElement":[{"@type":"ListItem","position":1,"name":"In\u00edcio","item":"https:\/\/portaltela.pt\/"},{"@type":"ListItem","position":2,"name":"Anistia desafia ilustradores a celebrar 50 anos da Constitui\u00e7\u00e3o"}]},{"@type":"WebSite","@id":"https:\/\/portaltela.pt\/#website","url":"https:\/\/portaltela.pt\/","name":"Portal Tela Portugal","description":"","potentialAction":[{"@type":"SearchAction","target":{"@type":"EntryPoint","urlTemplate":"https:\/\/portaltela.pt\/?s={search_term_string}"},"query-input":{"@type":"PropertyValueSpecification","valueRequired":true,"valueName":"search_term_string"}}],"inLanguage":"pt-PT"},{"@type":"Person","@id":"https:\/\/portaltela.pt\/#\/schema\/person\/c4278d4a6028830caff9ee44b42d32ed","name":"Telinha","image":{"@type":"ImageObject","inLanguage":"pt-PT","@id":"https:\/\/portaltela.pt\/s.01k8rhncp4jt1\/2025\/11\/talking-bot-125x125.png","url":"https:\/\/portaltela.pt\/s.01k8rhncp4jt1\/2025\/11\/talking-bot-125x125.png","contentUrl":"https:\/\/portaltela.pt\/s.01k8rhncp4jt1\/2025\/11\/talking-bot-125x125.png","caption":"Telinha"},"sameAs":["https:\/\/portaltela.pt\/"],"url":"https:\/\/portaltela.pt\/por\/367410592786\/"}]}},"_links":{"self":[{"href":"https:\/\/portaltela.pt\/api\/wp\/v2\/posts\/387848","targetHints":{"allow":["GET"]}}],"collection":[{"href":"https:\/\/portaltela.pt\/api\/wp\/v2\/posts"}],"about":[{"href":"https:\/\/portaltela.pt\/api\/wp\/v2\/types\/post"}],"author":[{"embeddable":true,"href":"https:\/\/portaltela.pt\/api\/wp\/v2\/users\/2"}],"replies":[{"embeddable":true,"href":"https:\/\/portaltela.pt\/api\/wp\/v2\/comments?post=387848"}],"version-history":[{"count":0,"href":"https:\/\/portaltela.pt\/api\/wp\/v2\/posts\/387848\/revisions"}],"wp:featuredmedia":[{"embeddable":true,"href":"https:\/\/portaltela.pt\/api\/wp\/v2\/media\/387855"}],"wp:attachment":[{"href":"https:\/\/portaltela.pt\/api\/wp\/v2\/media?parent=387848"}],"wp:term":[{"taxonomy":"category","embeddable":true,"href":"https:\/\/portaltela.pt\/api\/wp\/v2\/categories?post=387848"},{"taxonomy":"post_tag","embeddable":true,"href":"https:\/\/portaltela.pt\/api\/wp\/v2\/tags?post=387848"}],"curies":[{"name":"wp","href":"https:\/\/api.w.org\/{rel}","templated":true}]}}