{"id":387823,"date":"2026-02-25T14:47:35","date_gmt":"2026-02-25T17:47:35","guid":{"rendered":"https:\/\/portaltela.pt\/noticias\/2026\/02\/25\/convida-bolieiro-e-miguel-albuquerque-a-discursar-no-parlamento-em-junho\/"},"modified":"2026-02-25T14:47:35","modified_gmt":"2026-02-25T17:47:35","slug":"convida-bolieiro-e-miguel-albuquerque-a-discursar-no-parlamento-em-junho","status":"publish","type":"post","link":"https:\/\/portaltela.pt\/noticias\/politica\/2026\/02\/25\/convida-bolieiro-e-miguel-albuquerque-a-discursar-no-parlamento-em-junho\/","title":{"rendered":"Convida Bolieiro e Miguel Albuquerque a discursar no Parlamento em junho"},"content":{"rendered":"<p>O presidente da Assembleia da Rep\u00fablica convidou os l\u00edderes dos governos regionais dos A\u00e7ores e da Madeira para discursarem na sess\u00e3o plen\u00e1ria de 26 de junho. A reuni\u00e3o assinala o meio s\u00e9culo das autonomias na democracia portuguesa.<\/p>\n<p>Al\u00e9m de Jos\u00e9 Manuel Bolieiro e de Miguel Albuquerque, est\u00e3o convidados os presidentes das assembleias legislativas regionais dos A\u00e7ores e da Madeira, Lu\u00eds Garcia e Rubina Leal, respetivamente. Tamb\u00e9m dever\u00e3o discursar representantes dos grupos parlamentares e deputados \u00fanicos.<\/p>\n<p>Jos\u00e9 Pedro Aguiar-Branco descreveu a sess\u00e3o como relevante para reafirmar a coopera\u00e7\u00e3o entre a Assembleia e as regi\u00f5es aut\u00f3nomas, destacando a centralidade da autonomia regional na arquitetura constitucional. A carta foi enviada aos l\u00edderes regionais e aos parlamentos.<\/p>\n<p>No dia seguinte, 27 de junho, completam-se 50 anos desde as primeiras elei\u00e7\u00f5es regionais nos A\u00e7ores e na Madeira. A sess\u00e3o de 26 de junho j\u00e1 foi aprovada pela confer\u00eancia de l\u00edderes para marcar esse anivers\u00e1rio, j\u00e1 que 27 cai num s\u00e1bado este ano.<\/p>\n<p>A cerim\u00f3nia pretende evidenciar a relev\u00e2ncia hist\u00f3rica e constitucional da autonomia regional, o contributo para a consolida\u00e7\u00e3o da democracia e o refor\u00e7o da coes\u00e3o nacional, mantendo o respeito pela unidade do Estado.<\/p>\n<p>Para Aguiar-Branco, a autonomia regional representa uma op\u00e7\u00e3o estruturante do progresso institucional, com \u00f3rg\u00e3os de governo pr\u00f3prio e solidariedade entre os portugueses. Cinco d\u00e9cadas de experi\u00eancia justificam a sess\u00e3o evocativa.<\/p>\n<h3>Semana da Regi\u00e3o Aut\u00f3noma<\/h3>\n<p>Foi ainda proposta, em conjunto com as assembleias regionais, a organiza\u00e7\u00e3o de uma Semana da Regi\u00e3o Aut\u00f3noma dos A\u00e7ores e de uma Semana da Madeira, em datas distintas. O objetivo \u00e9 promover iniciativas institucional, cultural e acad\u00e9mica.<\/p>\n<p>As atividades devem incluir confer\u00eancias, col\u00f3quios, exposi\u00e7\u00f5es tem\u00e1ticas, mostras gastron\u00f3micas e momentos musicais. A iniciativa visa valorizar a identidade de cada regi\u00e3o no contexto nacional.<\/p>\n<p>Em outubro, durante a desloca\u00e7\u00e3o \u00e0 Madeira, o presidente da Assembleia da Rep\u00fablica alertou para evitar transformar as autonomias numa simples festa regional, defendendo que a autonomia deve estar no centro pol\u00edtico do pa\u00eds.<\/p>\n","protected":false},"excerpt":{"rendered":"<ul>\n<li>O presidente da Assembleia da Rep\u00fablica convidou Jos\u00e9 Manuel Bolieiro e Miguel Albuquerque para discursarem na sess\u00e3o plen\u00e1ria de 26 de junho, dedicada ao 50.\u00ba anivers\u00e1rio das autonomias em Portugal.<\/li>\n<li>Al\u00e9m dos dois chefes de governo regionais, discursar\u00e3o na sess\u00e3o os presidentes das assembleias legislativas dos A\u00e7ores e da Madeira, Lu\u00eds Garcia e Rubina Leal, respetivamente, bem como representantes dos grupos parlamentares e deputados \u00fanicos.<\/li>\n<li>A sess\u00e3o, marcada para assinalar meio s\u00e9culo desde as primeiras elei\u00e7\u00f5es regionais nos A\u00e7ores e na Madeira, acontece no dia 26 de junho, dato antecedente ao 27 de junho, anivers\u00e1rio formal.<\/li>\n<li>A iniciativa pretende reafirmar a coopera\u00e7\u00e3o institucional entre a Assembleia da Rep\u00fablica e as regi\u00f5es aut\u00f3nomas, destacando a centralidade da autonomia regional na arquitetura constitucional portuguesa.<\/li>\n<li>Em confer\u00eancia de l\u00edderes, foi tamb\u00e9m proposta a organiza\u00e7\u00e3o de uma Semana da Regi\u00e3o Aut\u00f3noma dos A\u00e7ores e outra da Madeira, com atividades institucionais, culturais e acad\u00e9micas.<\/li>\n<\/ul>\n","protected":false},"author":2,"featured_media":387839,"comment_status":"closed","ping_status":"closed","sticky":false,"template":"","format":"standard","meta":{"footnotes":""},"categories":[1,5],"tags":[822,34,859,2832,1014,2974],"class_list":["post-387823","post","type-post","status-publish","format-standard","has-post-thumbnail","hentry","category-noticias","category-politica","tag-acores","tag-governo","tag-madeira","tag-politica","tag-portugal","tag-regioes-autonomas"],"yoast_head":"<!-- This site is optimized with the Yoast SEO plugin v27.2 - https:\/\/yoast.com\/product\/yoast-seo-wordpress\/ -->\n<title>Convida Bolieiro e Miguel Albuquerque a discursar no Parlamento em junho - Portal Tela Portugal<\/title>\n<meta name=\"robots\" content=\"index, follow, max-snippet:-1, max-image-preview:large, max-video-preview:-1\" \/>\n<meta property=\"og:locale\" content=\"pt_PT\" \/>\n<meta property=\"og:type\" content=\"article\" \/>\n<meta property=\"og:title\" content=\"Convida Bolieiro e Miguel Albuquerque a discursar no Parlamento em junho - Portal Tela Portugal\" \/>\n<meta property=\"og:description\" content=\"O presidente da Assembleia da Rep\u00fablica convidou Jos\u00e9 Manuel Bolieiro e Miguel Albuquerque para discursarem na sess\u00e3o plen\u00e1ria de 26 de junho, dedicada ao 50.\u00ba anivers\u00e1rio das autonomias em Portugal. Al\u00e9m dos dois chefes de governo regionais, discursar\u00e3o na sess\u00e3o os presidentes das assembleias legislativas dos A\u00e7ores e da Madeira, Lu\u00eds Garcia e Rubina Leal, respetivamente, bem como representantes dos grupos parlamentares e deputados \u00fanicos. A sess\u00e3o, marcada para assinalar meio s\u00e9culo desde as primeiras elei\u00e7\u00f5es regionais nos A\u00e7ores e na Madeira, acontece no dia 26 de junho, dato antecedente ao 27 de junho, anivers\u00e1rio formal. A iniciativa pretende reafirmar a coopera\u00e7\u00e3o institucional entre a Assembleia da Rep\u00fablica e as regi\u00f5es aut\u00f3nomas, destacando a centralidade da autonomia regional na arquitetura constitucional portuguesa. Em confer\u00eancia de l\u00edderes, foi tamb\u00e9m proposta a organiza\u00e7\u00e3o de uma Semana da Regi\u00e3o Aut\u00f3noma dos A\u00e7ores e outra da Madeira, com atividades institucionais, culturais e acad\u00e9micas.\" \/>\n<meta property=\"og:url\" content=\"https:\/\/portaltela.pt\/noticias\/2026\/02\/25\/convida-bolieiro-e-miguel-albuquerque-a-discursar-no-parlamento-em-junho\/\" \/>\n<meta property=\"og:site_name\" content=\"Portal Tela Portugal\" \/>\n<meta property=\"article:published_time\" content=\"2026-02-25T17:47:35+00:00\" \/>\n<meta name=\"author\" content=\"Telinha\" \/>\n<meta name=\"twitter:card\" content=\"summary_large_image\" \/>\n<meta name=\"twitter:label1\" content=\"Escrito por\" \/>\n\t<meta name=\"twitter:data1\" content=\"Telinha\" \/>\n\t<meta name=\"twitter:label2\" content=\"Tempo estimado de leitura\" \/>\n\t<meta name=\"twitter:data2\" content=\"2 minutos\" \/>\n<script type=\"application\/ld+json\" class=\"yoast-schema-graph\">{\"@context\":\"https:\/\/schema.org\",\"@graph\":[{\"@type\":\"Article\",\"@id\":\"https:\/\/portaltela.pt\/noticias\/2026\/02\/25\/convida-bolieiro-e-miguel-albuquerque-a-discursar-no-parlamento-em-junho\/#article\",\"isPartOf\":{\"@id\":\"https:\/\/portaltela.pt\/noticias\/2026\/02\/25\/convida-bolieiro-e-miguel-albuquerque-a-discursar-no-parlamento-em-junho\/\"},\"author\":{\"name\":\"Telinha\",\"@id\":\"https:\/\/portaltela.pt\/#\/schema\/person\/c4278d4a6028830caff9ee44b42d32ed\"},\"headline\":\"Convida Bolieiro e Miguel Albuquerque a discursar no Parlamento em junho\",\"datePublished\":\"2026-02-25T17:47:35+00:00\",\"mainEntityOfPage\":{\"@id\":\"https:\/\/portaltela.pt\/noticias\/2026\/02\/25\/convida-bolieiro-e-miguel-albuquerque-a-discursar-no-parlamento-em-junho\/\"},\"wordCount\":377,\"image\":{\"@id\":\"https:\/\/portaltela.pt\/noticias\/2026\/02\/25\/convida-bolieiro-e-miguel-albuquerque-a-discursar-no-parlamento-em-junho\/#primaryimage\"},\"thumbnailUrl\":\"https:\/\/portaltela.pt\/s.01k8rhncp4jt1\/2026\/02\/img_1500x1000uu2025-06-02-17-36-14-2213548-5.jpg\",\"keywords\":[\"A\u00e7ores\",\"governo\",\"Madeira\",\"pol\u00edtica\",\"Portugal\",\"Regi\u00f5es Aut\u00f3nomas\"],\"articleSection\":[\"Not\u00edcias\",\"Pol\u00edtica\"],\"inLanguage\":\"pt-PT\"},{\"@type\":\"WebPage\",\"@id\":\"https:\/\/portaltela.pt\/noticias\/2026\/02\/25\/convida-bolieiro-e-miguel-albuquerque-a-discursar-no-parlamento-em-junho\/\",\"url\":\"https:\/\/portaltela.pt\/noticias\/2026\/02\/25\/convida-bolieiro-e-miguel-albuquerque-a-discursar-no-parlamento-em-junho\/\",\"name\":\"Convida Bolieiro e Miguel Albuquerque a discursar no Parlamento em junho - Portal Tela Portugal\",\"isPartOf\":{\"@id\":\"https:\/\/portaltela.pt\/#website\"},\"primaryImageOfPage\":{\"@id\":\"https:\/\/portaltela.pt\/noticias\/2026\/02\/25\/convida-bolieiro-e-miguel-albuquerque-a-discursar-no-parlamento-em-junho\/#primaryimage\"},\"image\":{\"@id\":\"https:\/\/portaltela.pt\/noticias\/2026\/02\/25\/convida-bolieiro-e-miguel-albuquerque-a-discursar-no-parlamento-em-junho\/#primaryimage\"},\"thumbnailUrl\":\"https:\/\/portaltela.pt\/s.01k8rhncp4jt1\/2026\/02\/img_1500x1000uu2025-06-02-17-36-14-2213548-5.jpg\",\"datePublished\":\"2026-02-25T17:47:35+00:00\",\"author\":{\"@id\":\"https:\/\/portaltela.pt\/#\/schema\/person\/c4278d4a6028830caff9ee44b42d32ed\"},\"breadcrumb\":{\"@id\":\"https:\/\/portaltela.pt\/noticias\/2026\/02\/25\/convida-bolieiro-e-miguel-albuquerque-a-discursar-no-parlamento-em-junho\/#breadcrumb\"},\"inLanguage\":\"pt-PT\",\"potentialAction\":[{\"@type\":\"ReadAction\",\"target\":[\"https:\/\/portaltela.pt\/noticias\/2026\/02\/25\/convida-bolieiro-e-miguel-albuquerque-a-discursar-no-parlamento-em-junho\/\"]}]},{\"@type\":\"ImageObject\",\"inLanguage\":\"pt-PT\",\"@id\":\"https:\/\/portaltela.pt\/noticias\/2026\/02\/25\/convida-bolieiro-e-miguel-albuquerque-a-discursar-no-parlamento-em-junho\/#primaryimage\",\"url\":\"https:\/\/portaltela.pt\/s.01k8rhncp4jt1\/2026\/02\/img_1500x1000uu2025-06-02-17-36-14-2213548-5.jpg\",\"contentUrl\":\"https:\/\/portaltela.pt\/s.01k8rhncp4jt1\/2026\/02\/img_1500x1000uu2025-06-02-17-36-14-2213548-5.jpg\",\"width\":796,\"height\":448,\"caption\":\"Jos\u00e9 Pedro Aguiar-Branco\"},{\"@type\":\"BreadcrumbList\",\"@id\":\"https:\/\/portaltela.pt\/noticias\/2026\/02\/25\/convida-bolieiro-e-miguel-albuquerque-a-discursar-no-parlamento-em-junho\/#breadcrumb\",\"itemListElement\":[{\"@type\":\"ListItem\",\"position\":1,\"name\":\"In\u00edcio\",\"item\":\"https:\/\/portaltela.pt\/\"},{\"@type\":\"ListItem\",\"position\":2,\"name\":\"Convida Bolieiro e Miguel Albuquerque a discursar no Parlamento em junho\"}]},{\"@type\":\"WebSite\",\"@id\":\"https:\/\/portaltela.pt\/#website\",\"url\":\"https:\/\/portaltela.pt\/\",\"name\":\"Portal Tela Portugal\",\"description\":\"\",\"potentialAction\":[{\"@type\":\"SearchAction\",\"target\":{\"@type\":\"EntryPoint\",\"urlTemplate\":\"https:\/\/portaltela.pt\/?s={search_term_string}\"},\"query-input\":{\"@type\":\"PropertyValueSpecification\",\"valueRequired\":true,\"valueName\":\"search_term_string\"}}],\"inLanguage\":\"pt-PT\"},{\"@type\":\"Person\",\"@id\":\"https:\/\/portaltela.pt\/#\/schema\/person\/c4278d4a6028830caff9ee44b42d32ed\",\"name\":\"Telinha\",\"image\":{\"@type\":\"ImageObject\",\"inLanguage\":\"pt-PT\",\"@id\":\"https:\/\/portaltela.pt\/s.01k8rhncp4jt1\/2025\/11\/talking-bot-125x125.png\",\"url\":\"https:\/\/portaltela.pt\/s.01k8rhncp4jt1\/2025\/11\/talking-bot-125x125.png\",\"contentUrl\":\"https:\/\/portaltela.pt\/s.01k8rhncp4jt1\/2025\/11\/talking-bot-125x125.png\",\"caption\":\"Telinha\"},\"sameAs\":[\"https:\/\/portaltela.pt\/\"],\"url\":\"https:\/\/portaltela.pt\/por\/367410592786\/\"}]}<\/script>\n<!-- \/ Yoast SEO plugin. -->","yoast_head_json":{"title":"Convida Bolieiro e Miguel Albuquerque a discursar no Parlamento em junho - Portal Tela Portugal","robots":{"index":"index","follow":"follow","max-snippet":"max-snippet:-1","max-image-preview":"max-image-preview:large","max-video-preview":"max-video-preview:-1"},"og_locale":"pt_PT","og_type":"article","og_title":"Convida Bolieiro e Miguel Albuquerque a discursar no Parlamento em junho - Portal Tela Portugal","og_description":"O presidente da Assembleia da Rep\u00fablica convidou Jos\u00e9 Manuel Bolieiro e Miguel Albuquerque para discursarem na sess\u00e3o plen\u00e1ria de 26 de junho, dedicada ao 50.\u00ba anivers\u00e1rio das autonomias em Portugal. Al\u00e9m dos dois chefes de governo regionais, discursar\u00e3o na sess\u00e3o os presidentes das assembleias legislativas dos A\u00e7ores e da Madeira, Lu\u00eds Garcia e Rubina Leal, respetivamente, bem como representantes dos grupos parlamentares e deputados \u00fanicos. A sess\u00e3o, marcada para assinalar meio s\u00e9culo desde as primeiras elei\u00e7\u00f5es regionais nos A\u00e7ores e na Madeira, acontece no dia 26 de junho, dato antecedente ao 27 de junho, anivers\u00e1rio formal. A iniciativa pretende reafirmar a coopera\u00e7\u00e3o institucional entre a Assembleia da Rep\u00fablica e as regi\u00f5es aut\u00f3nomas, destacando a centralidade da autonomia regional na arquitetura constitucional portuguesa. Em confer\u00eancia de l\u00edderes, foi tamb\u00e9m proposta a organiza\u00e7\u00e3o de uma Semana da Regi\u00e3o Aut\u00f3noma dos A\u00e7ores e outra da Madeira, com atividades institucionais, culturais e acad\u00e9micas.","og_url":"https:\/\/portaltela.pt\/noticias\/2026\/02\/25\/convida-bolieiro-e-miguel-albuquerque-a-discursar-no-parlamento-em-junho\/","og_site_name":"Portal Tela Portugal","article_published_time":"2026-02-25T17:47:35+00:00","author":"Telinha","twitter_card":"summary_large_image","twitter_misc":{"Escrito por":"Telinha","Tempo estimado de leitura":"2 minutos"},"schema":{"@context":"https:\/\/schema.org","@graph":[{"@type":"Article","@id":"https:\/\/portaltela.pt\/noticias\/2026\/02\/25\/convida-bolieiro-e-miguel-albuquerque-a-discursar-no-parlamento-em-junho\/#article","isPartOf":{"@id":"https:\/\/portaltela.pt\/noticias\/2026\/02\/25\/convida-bolieiro-e-miguel-albuquerque-a-discursar-no-parlamento-em-junho\/"},"author":{"name":"Telinha","@id":"https:\/\/portaltela.pt\/#\/schema\/person\/c4278d4a6028830caff9ee44b42d32ed"},"headline":"Convida Bolieiro e Miguel Albuquerque a discursar no Parlamento em junho","datePublished":"2026-02-25T17:47:35+00:00","mainEntityOfPage":{"@id":"https:\/\/portaltela.pt\/noticias\/2026\/02\/25\/convida-bolieiro-e-miguel-albuquerque-a-discursar-no-parlamento-em-junho\/"},"wordCount":377,"image":{"@id":"https:\/\/portaltela.pt\/noticias\/2026\/02\/25\/convida-bolieiro-e-miguel-albuquerque-a-discursar-no-parlamento-em-junho\/#primaryimage"},"thumbnailUrl":"https:\/\/portaltela.pt\/s.01k8rhncp4jt1\/2026\/02\/img_1500x1000uu2025-06-02-17-36-14-2213548-5.jpg","keywords":["A\u00e7ores","governo","Madeira","pol\u00edtica","Portugal","Regi\u00f5es Aut\u00f3nomas"],"articleSection":["Not\u00edcias","Pol\u00edtica"],"inLanguage":"pt-PT"},{"@type":"WebPage","@id":"https:\/\/portaltela.pt\/noticias\/2026\/02\/25\/convida-bolieiro-e-miguel-albuquerque-a-discursar-no-parlamento-em-junho\/","url":"https:\/\/portaltela.pt\/noticias\/2026\/02\/25\/convida-bolieiro-e-miguel-albuquerque-a-discursar-no-parlamento-em-junho\/","name":"Convida Bolieiro e Miguel Albuquerque a discursar no Parlamento em junho - Portal Tela Portugal","isPartOf":{"@id":"https:\/\/portaltela.pt\/#website"},"primaryImageOfPage":{"@id":"https:\/\/portaltela.pt\/noticias\/2026\/02\/25\/convida-bolieiro-e-miguel-albuquerque-a-discursar-no-parlamento-em-junho\/#primaryimage"},"image":{"@id":"https:\/\/portaltela.pt\/noticias\/2026\/02\/25\/convida-bolieiro-e-miguel-albuquerque-a-discursar-no-parlamento-em-junho\/#primaryimage"},"thumbnailUrl":"https:\/\/portaltela.pt\/s.01k8rhncp4jt1\/2026\/02\/img_1500x1000uu2025-06-02-17-36-14-2213548-5.jpg","datePublished":"2026-02-25T17:47:35+00:00","author":{"@id":"https:\/\/portaltela.pt\/#\/schema\/person\/c4278d4a6028830caff9ee44b42d32ed"},"breadcrumb":{"@id":"https:\/\/portaltela.pt\/noticias\/2026\/02\/25\/convida-bolieiro-e-miguel-albuquerque-a-discursar-no-parlamento-em-junho\/#breadcrumb"},"inLanguage":"pt-PT","potentialAction":[{"@type":"ReadAction","target":["https:\/\/portaltela.pt\/noticias\/2026\/02\/25\/convida-bolieiro-e-miguel-albuquerque-a-discursar-no-parlamento-em-junho\/"]}]},{"@type":"ImageObject","inLanguage":"pt-PT","@id":"https:\/\/portaltela.pt\/noticias\/2026\/02\/25\/convida-bolieiro-e-miguel-albuquerque-a-discursar-no-parlamento-em-junho\/#primaryimage","url":"https:\/\/portaltela.pt\/s.01k8rhncp4jt1\/2026\/02\/img_1500x1000uu2025-06-02-17-36-14-2213548-5.jpg","contentUrl":"https:\/\/portaltela.pt\/s.01k8rhncp4jt1\/2026\/02\/img_1500x1000uu2025-06-02-17-36-14-2213548-5.jpg","width":796,"height":448,"caption":"Jos\u00e9 Pedro Aguiar-Branco"},{"@type":"BreadcrumbList","@id":"https:\/\/portaltela.pt\/noticias\/2026\/02\/25\/convida-bolieiro-e-miguel-albuquerque-a-discursar-no-parlamento-em-junho\/#breadcrumb","itemListElement":[{"@type":"ListItem","position":1,"name":"In\u00edcio","item":"https:\/\/portaltela.pt\/"},{"@type":"ListItem","position":2,"name":"Convida Bolieiro e Miguel Albuquerque a discursar no Parlamento em junho"}]},{"@type":"WebSite","@id":"https:\/\/portaltela.pt\/#website","url":"https:\/\/portaltela.pt\/","name":"Portal Tela Portugal","description":"","potentialAction":[{"@type":"SearchAction","target":{"@type":"EntryPoint","urlTemplate":"https:\/\/portaltela.pt\/?s={search_term_string}"},"query-input":{"@type":"PropertyValueSpecification","valueRequired":true,"valueName":"search_term_string"}}],"inLanguage":"pt-PT"},{"@type":"Person","@id":"https:\/\/portaltela.pt\/#\/schema\/person\/c4278d4a6028830caff9ee44b42d32ed","name":"Telinha","image":{"@type":"ImageObject","inLanguage":"pt-PT","@id":"https:\/\/portaltela.pt\/s.01k8rhncp4jt1\/2025\/11\/talking-bot-125x125.png","url":"https:\/\/portaltela.pt\/s.01k8rhncp4jt1\/2025\/11\/talking-bot-125x125.png","contentUrl":"https:\/\/portaltela.pt\/s.01k8rhncp4jt1\/2025\/11\/talking-bot-125x125.png","caption":"Telinha"},"sameAs":["https:\/\/portaltela.pt\/"],"url":"https:\/\/portaltela.pt\/por\/367410592786\/"}]}},"_links":{"self":[{"href":"https:\/\/portaltela.pt\/api\/wp\/v2\/posts\/387823","targetHints":{"allow":["GET"]}}],"collection":[{"href":"https:\/\/portaltela.pt\/api\/wp\/v2\/posts"}],"about":[{"href":"https:\/\/portaltela.pt\/api\/wp\/v2\/types\/post"}],"author":[{"embeddable":true,"href":"https:\/\/portaltela.pt\/api\/wp\/v2\/users\/2"}],"replies":[{"embeddable":true,"href":"https:\/\/portaltela.pt\/api\/wp\/v2\/comments?post=387823"}],"version-history":[{"count":0,"href":"https:\/\/portaltela.pt\/api\/wp\/v2\/posts\/387823\/revisions"}],"wp:featuredmedia":[{"embeddable":true,"href":"https:\/\/portaltela.pt\/api\/wp\/v2\/media\/387839"}],"wp:attachment":[{"href":"https:\/\/portaltela.pt\/api\/wp\/v2\/media?parent=387823"}],"wp:term":[{"taxonomy":"category","embeddable":true,"href":"https:\/\/portaltela.pt\/api\/wp\/v2\/categories?post=387823"},{"taxonomy":"post_tag","embeddable":true,"href":"https:\/\/portaltela.pt\/api\/wp\/v2\/tags?post=387823"}],"curies":[{"name":"wp","href":"https:\/\/api.w.org\/{rel}","templated":true}]}}