{"id":387820,"date":"2026-02-25T12:59:00","date_gmt":"2026-02-25T15:59:00","guid":{"rendered":"https:\/\/portaltela.pt\/noticias\/2026\/02\/25\/cinquenta-agricultores-concentram-se-em-frente-a-ar-contra-pac-e-mercosul\/"},"modified":"2026-02-25T12:59:00","modified_gmt":"2026-02-25T15:59:00","slug":"cinquenta-agricultores-concentram-se-em-frente-a-ar-contra-pac-e-mercosul","status":"publish","type":"post","link":"https:\/\/portaltela.pt\/noticias\/politica\/2026\/02\/25\/cinquenta-agricultores-concentram-se-em-frente-a-ar-contra-pac-e-mercosul\/","title":{"rendered":"Cinquenta agricultores concentram-se em frente \u00e0 AR contra PAC e Mercosul"},"content":{"rendered":"<p>Um grupo de cerca de 50 agricultores reuniu-se hoje em frente \u00e0 Assembleia da Rep\u00fablica, em Lisboa, para protestar contra o acordo Mercosul, a reforma da Pol\u00edtica Agr\u00edcola Comum (PAC) e a resposta do Governo \u00e0s intemp\u00e9ries.<\/p>\n<p>Os manifestantes dizem que o acordo Mercosul pode comprometer a produ\u00e7\u00e3o nacional e pedem medidas mais claras sobre a PAC. Reclamam ainda maior apoio estatal face a fen\u00f3menos clim\u00e1ticos adversos.<\/p>\n<p>A concentra\u00e7\u00e3o decorre junto ao parlamento e, at\u00e9 ao momento, n\u00e3o h\u00e1 indica\u00e7\u00f5es de hora para o t\u00e9rmino da a\u00e7\u00e3o nem de negocia\u00e7\u00f5es formais entre agricultores e autoridades.<\/p>\n","protected":false},"excerpt":{"rendered":"<ul>\n<li>Cerca de cinquenta agricultores concentram-se em frente \u00e0 Assembleia da Rep\u00fablica.<\/li>\n<li>O protesto \u00e9 contra o acordo Mercosul.<\/li>\n<li>Os agricultores manifestam-se contra a reforma da Pol\u00edtica Agr\u00edcola Comum (PAC).<\/li>\n<li>Exigem ao Governo uma resposta \u00e0s intemp\u00e9ries que afetaram o setor.<\/li>\n<\/ul>\n","protected":false},"author":2,"featured_media":387835,"comment_status":"closed","ping_status":"closed","sticky":false,"template":"","format":"standard","meta":{"footnotes":""},"categories":[1,5],"tags":[179,34,981,4998,5843,2832],"class_list":["post-387820","post","type-post","status-publish","format-standard","has-post-thumbnail","hentry","category-noticias","category-politica","tag-agricultura","tag-governo","tag-lisboa","tag-mercosul","tag-pac","tag-politica"],"yoast_head":"<!-- This site is optimized with the Yoast SEO plugin v27.2 - https:\/\/yoast.com\/product\/yoast-seo-wordpress\/ -->\n<title>Cinquenta agricultores concentram-se em frente \u00e0 AR contra PAC e Mercosul - Portal Tela Portugal<\/title>\n<meta name=\"robots\" content=\"index, follow, max-snippet:-1, max-image-preview:large, max-video-preview:-1\" \/>\n<meta property=\"og:locale\" content=\"pt_PT\" \/>\n<meta property=\"og:type\" content=\"article\" \/>\n<meta property=\"og:title\" content=\"Cinquenta agricultores concentram-se em frente \u00e0 AR contra PAC e Mercosul - Portal Tela Portugal\" \/>\n<meta property=\"og:description\" content=\"Cerca de cinquenta agricultores concentram-se em frente \u00e0 Assembleia da Rep\u00fablica. O protesto \u00e9 contra o acordo Mercosul. Os agricultores manifestam-se contra a reforma da Pol\u00edtica Agr\u00edcola Comum (PAC). Exigem ao Governo uma resposta \u00e0s intemp\u00e9ries que afetaram o setor.\" \/>\n<meta property=\"og:url\" content=\"https:\/\/portaltela.pt\/noticias\/2026\/02\/25\/cinquenta-agricultores-concentram-se-em-frente-a-ar-contra-pac-e-mercosul\/\" \/>\n<meta property=\"og:site_name\" content=\"Portal Tela Portugal\" \/>\n<meta property=\"article:published_time\" content=\"2026-02-25T15:59:00+00:00\" \/>\n<meta name=\"author\" content=\"Telinha\" \/>\n<meta name=\"twitter:card\" content=\"summary_large_image\" \/>\n<meta name=\"twitter:label1\" content=\"Escrito por\" \/>\n\t<meta name=\"twitter:data1\" content=\"Telinha\" \/>\n\t<meta name=\"twitter:label2\" content=\"Tempo estimado de leitura\" \/>\n\t<meta name=\"twitter:data2\" content=\"1 minuto\" \/>\n<script type=\"application\/ld+json\" class=\"yoast-schema-graph\">{\"@context\":\"https:\/\/schema.org\",\"@graph\":[{\"@type\":\"Article\",\"@id\":\"https:\/\/portaltela.pt\/noticias\/2026\/02\/25\/cinquenta-agricultores-concentram-se-em-frente-a-ar-contra-pac-e-mercosul\/#article\",\"isPartOf\":{\"@id\":\"https:\/\/portaltela.pt\/noticias\/2026\/02\/25\/cinquenta-agricultores-concentram-se-em-frente-a-ar-contra-pac-e-mercosul\/\"},\"author\":{\"name\":\"Telinha\",\"@id\":\"https:\/\/portaltela.pt\/#\/schema\/person\/c4278d4a6028830caff9ee44b42d32ed\"},\"headline\":\"Cinquenta agricultores concentram-se em frente \u00e0 AR contra PAC e Mercosul\",\"datePublished\":\"2026-02-25T15:59:00+00:00\",\"mainEntityOfPage\":{\"@id\":\"https:\/\/portaltela.pt\/noticias\/2026\/02\/25\/cinquenta-agricultores-concentram-se-em-frente-a-ar-contra-pac-e-mercosul\/\"},\"wordCount\":116,\"image\":{\"@id\":\"https:\/\/portaltela.pt\/noticias\/2026\/02\/25\/cinquenta-agricultores-concentram-se-em-frente-a-ar-contra-pac-e-mercosul\/#primaryimage\"},\"thumbnailUrl\":\"https:\/\/portaltela.pt\/s.01k8rhncp4jt1\/2026\/02\/CACHE_780X1200_ANALOG_WATERMARKED_46639125_5232761_25022026035431.jpg\",\"keywords\":[\"agricultura\",\"governo\",\"Lisboa\",\"Mercosul\",\"PAC\",\"pol\u00edtica\"],\"articleSection\":[\"Not\u00edcias\",\"Pol\u00edtica\"],\"inLanguage\":\"pt-PT\"},{\"@type\":\"WebPage\",\"@id\":\"https:\/\/portaltela.pt\/noticias\/2026\/02\/25\/cinquenta-agricultores-concentram-se-em-frente-a-ar-contra-pac-e-mercosul\/\",\"url\":\"https:\/\/portaltela.pt\/noticias\/2026\/02\/25\/cinquenta-agricultores-concentram-se-em-frente-a-ar-contra-pac-e-mercosul\/\",\"name\":\"Cinquenta agricultores concentram-se em frente \u00e0 AR contra PAC e Mercosul - Portal Tela Portugal\",\"isPartOf\":{\"@id\":\"https:\/\/portaltela.pt\/#website\"},\"primaryImageOfPage\":{\"@id\":\"https:\/\/portaltela.pt\/noticias\/2026\/02\/25\/cinquenta-agricultores-concentram-se-em-frente-a-ar-contra-pac-e-mercosul\/#primaryimage\"},\"image\":{\"@id\":\"https:\/\/portaltela.pt\/noticias\/2026\/02\/25\/cinquenta-agricultores-concentram-se-em-frente-a-ar-contra-pac-e-mercosul\/#primaryimage\"},\"thumbnailUrl\":\"https:\/\/portaltela.pt\/s.01k8rhncp4jt1\/2026\/02\/CACHE_780X1200_ANALOG_WATERMARKED_46639125_5232761_25022026035431.jpg\",\"datePublished\":\"2026-02-25T15:59:00+00:00\",\"author\":{\"@id\":\"https:\/\/portaltela.pt\/#\/schema\/person\/c4278d4a6028830caff9ee44b42d32ed\"},\"breadcrumb\":{\"@id\":\"https:\/\/portaltela.pt\/noticias\/2026\/02\/25\/cinquenta-agricultores-concentram-se-em-frente-a-ar-contra-pac-e-mercosul\/#breadcrumb\"},\"inLanguage\":\"pt-PT\",\"potentialAction\":[{\"@type\":\"ReadAction\",\"target\":[\"https:\/\/portaltela.pt\/noticias\/2026\/02\/25\/cinquenta-agricultores-concentram-se-em-frente-a-ar-contra-pac-e-mercosul\/\"]}]},{\"@type\":\"ImageObject\",\"inLanguage\":\"pt-PT\",\"@id\":\"https:\/\/portaltela.pt\/noticias\/2026\/02\/25\/cinquenta-agricultores-concentram-se-em-frente-a-ar-contra-pac-e-mercosul\/#primaryimage\",\"url\":\"https:\/\/portaltela.pt\/s.01k8rhncp4jt1\/2026\/02\/CACHE_780X1200_ANALOG_WATERMARKED_46639125_5232761_25022026035431.jpg\",\"contentUrl\":\"https:\/\/portaltela.pt\/s.01k8rhncp4jt1\/2026\/02\/CACHE_780X1200_ANALOG_WATERMARKED_46639125_5232761_25022026035431.jpg\",\"width\":796,\"height\":448,\"caption\":\"Meia centena de agricultores concentram-se em frente \u00e0 AR contra PAC e acordo Mercosul\"},{\"@type\":\"BreadcrumbList\",\"@id\":\"https:\/\/portaltela.pt\/noticias\/2026\/02\/25\/cinquenta-agricultores-concentram-se-em-frente-a-ar-contra-pac-e-mercosul\/#breadcrumb\",\"itemListElement\":[{\"@type\":\"ListItem\",\"position\":1,\"name\":\"In\u00edcio\",\"item\":\"https:\/\/portaltela.pt\/\"},{\"@type\":\"ListItem\",\"position\":2,\"name\":\"Cinquenta agricultores concentram-se em frente \u00e0 AR contra PAC e Mercosul\"}]},{\"@type\":\"WebSite\",\"@id\":\"https:\/\/portaltela.pt\/#website\",\"url\":\"https:\/\/portaltela.pt\/\",\"name\":\"Portal Tela Portugal\",\"description\":\"\",\"potentialAction\":[{\"@type\":\"SearchAction\",\"target\":{\"@type\":\"EntryPoint\",\"urlTemplate\":\"https:\/\/portaltela.pt\/?s={search_term_string}\"},\"query-input\":{\"@type\":\"PropertyValueSpecification\",\"valueRequired\":true,\"valueName\":\"search_term_string\"}}],\"inLanguage\":\"pt-PT\"},{\"@type\":\"Person\",\"@id\":\"https:\/\/portaltela.pt\/#\/schema\/person\/c4278d4a6028830caff9ee44b42d32ed\",\"name\":\"Telinha\",\"image\":{\"@type\":\"ImageObject\",\"inLanguage\":\"pt-PT\",\"@id\":\"https:\/\/portaltela.pt\/s.01k8rhncp4jt1\/2025\/11\/talking-bot-125x125.png\",\"url\":\"https:\/\/portaltela.pt\/s.01k8rhncp4jt1\/2025\/11\/talking-bot-125x125.png\",\"contentUrl\":\"https:\/\/portaltela.pt\/s.01k8rhncp4jt1\/2025\/11\/talking-bot-125x125.png\",\"caption\":\"Telinha\"},\"sameAs\":[\"https:\/\/portaltela.pt\/\"],\"url\":\"https:\/\/portaltela.pt\/por\/367410592786\/\"}]}<\/script>\n<!-- \/ Yoast SEO plugin. -->","yoast_head_json":{"title":"Cinquenta agricultores concentram-se em frente \u00e0 AR contra PAC e Mercosul - Portal Tela Portugal","robots":{"index":"index","follow":"follow","max-snippet":"max-snippet:-1","max-image-preview":"max-image-preview:large","max-video-preview":"max-video-preview:-1"},"og_locale":"pt_PT","og_type":"article","og_title":"Cinquenta agricultores concentram-se em frente \u00e0 AR contra PAC e Mercosul - Portal Tela Portugal","og_description":"Cerca de cinquenta agricultores concentram-se em frente \u00e0 Assembleia da Rep\u00fablica. O protesto \u00e9 contra o acordo Mercosul. Os agricultores manifestam-se contra a reforma da Pol\u00edtica Agr\u00edcola Comum (PAC). Exigem ao Governo uma resposta \u00e0s intemp\u00e9ries que afetaram o setor.","og_url":"https:\/\/portaltela.pt\/noticias\/2026\/02\/25\/cinquenta-agricultores-concentram-se-em-frente-a-ar-contra-pac-e-mercosul\/","og_site_name":"Portal Tela Portugal","article_published_time":"2026-02-25T15:59:00+00:00","author":"Telinha","twitter_card":"summary_large_image","twitter_misc":{"Escrito por":"Telinha","Tempo estimado de leitura":"1 minuto"},"schema":{"@context":"https:\/\/schema.org","@graph":[{"@type":"Article","@id":"https:\/\/portaltela.pt\/noticias\/2026\/02\/25\/cinquenta-agricultores-concentram-se-em-frente-a-ar-contra-pac-e-mercosul\/#article","isPartOf":{"@id":"https:\/\/portaltela.pt\/noticias\/2026\/02\/25\/cinquenta-agricultores-concentram-se-em-frente-a-ar-contra-pac-e-mercosul\/"},"author":{"name":"Telinha","@id":"https:\/\/portaltela.pt\/#\/schema\/person\/c4278d4a6028830caff9ee44b42d32ed"},"headline":"Cinquenta agricultores concentram-se em frente \u00e0 AR contra PAC e Mercosul","datePublished":"2026-02-25T15:59:00+00:00","mainEntityOfPage":{"@id":"https:\/\/portaltela.pt\/noticias\/2026\/02\/25\/cinquenta-agricultores-concentram-se-em-frente-a-ar-contra-pac-e-mercosul\/"},"wordCount":116,"image":{"@id":"https:\/\/portaltela.pt\/noticias\/2026\/02\/25\/cinquenta-agricultores-concentram-se-em-frente-a-ar-contra-pac-e-mercosul\/#primaryimage"},"thumbnailUrl":"https:\/\/portaltela.pt\/s.01k8rhncp4jt1\/2026\/02\/CACHE_780X1200_ANALOG_WATERMARKED_46639125_5232761_25022026035431.jpg","keywords":["agricultura","governo","Lisboa","Mercosul","PAC","pol\u00edtica"],"articleSection":["Not\u00edcias","Pol\u00edtica"],"inLanguage":"pt-PT"},{"@type":"WebPage","@id":"https:\/\/portaltela.pt\/noticias\/2026\/02\/25\/cinquenta-agricultores-concentram-se-em-frente-a-ar-contra-pac-e-mercosul\/","url":"https:\/\/portaltela.pt\/noticias\/2026\/02\/25\/cinquenta-agricultores-concentram-se-em-frente-a-ar-contra-pac-e-mercosul\/","name":"Cinquenta agricultores concentram-se em frente \u00e0 AR contra PAC e Mercosul - Portal Tela Portugal","isPartOf":{"@id":"https:\/\/portaltela.pt\/#website"},"primaryImageOfPage":{"@id":"https:\/\/portaltela.pt\/noticias\/2026\/02\/25\/cinquenta-agricultores-concentram-se-em-frente-a-ar-contra-pac-e-mercosul\/#primaryimage"},"image":{"@id":"https:\/\/portaltela.pt\/noticias\/2026\/02\/25\/cinquenta-agricultores-concentram-se-em-frente-a-ar-contra-pac-e-mercosul\/#primaryimage"},"thumbnailUrl":"https:\/\/portaltela.pt\/s.01k8rhncp4jt1\/2026\/02\/CACHE_780X1200_ANALOG_WATERMARKED_46639125_5232761_25022026035431.jpg","datePublished":"2026-02-25T15:59:00+00:00","author":{"@id":"https:\/\/portaltela.pt\/#\/schema\/person\/c4278d4a6028830caff9ee44b42d32ed"},"breadcrumb":{"@id":"https:\/\/portaltela.pt\/noticias\/2026\/02\/25\/cinquenta-agricultores-concentram-se-em-frente-a-ar-contra-pac-e-mercosul\/#breadcrumb"},"inLanguage":"pt-PT","potentialAction":[{"@type":"ReadAction","target":["https:\/\/portaltela.pt\/noticias\/2026\/02\/25\/cinquenta-agricultores-concentram-se-em-frente-a-ar-contra-pac-e-mercosul\/"]}]},{"@type":"ImageObject","inLanguage":"pt-PT","@id":"https:\/\/portaltela.pt\/noticias\/2026\/02\/25\/cinquenta-agricultores-concentram-se-em-frente-a-ar-contra-pac-e-mercosul\/#primaryimage","url":"https:\/\/portaltela.pt\/s.01k8rhncp4jt1\/2026\/02\/CACHE_780X1200_ANALOG_WATERMARKED_46639125_5232761_25022026035431.jpg","contentUrl":"https:\/\/portaltela.pt\/s.01k8rhncp4jt1\/2026\/02\/CACHE_780X1200_ANALOG_WATERMARKED_46639125_5232761_25022026035431.jpg","width":796,"height":448,"caption":"Meia centena de agricultores concentram-se em frente \u00e0 AR contra PAC e acordo Mercosul"},{"@type":"BreadcrumbList","@id":"https:\/\/portaltela.pt\/noticias\/2026\/02\/25\/cinquenta-agricultores-concentram-se-em-frente-a-ar-contra-pac-e-mercosul\/#breadcrumb","itemListElement":[{"@type":"ListItem","position":1,"name":"In\u00edcio","item":"https:\/\/portaltela.pt\/"},{"@type":"ListItem","position":2,"name":"Cinquenta agricultores concentram-se em frente \u00e0 AR contra PAC e Mercosul"}]},{"@type":"WebSite","@id":"https:\/\/portaltela.pt\/#website","url":"https:\/\/portaltela.pt\/","name":"Portal Tela Portugal","description":"","potentialAction":[{"@type":"SearchAction","target":{"@type":"EntryPoint","urlTemplate":"https:\/\/portaltela.pt\/?s={search_term_string}"},"query-input":{"@type":"PropertyValueSpecification","valueRequired":true,"valueName":"search_term_string"}}],"inLanguage":"pt-PT"},{"@type":"Person","@id":"https:\/\/portaltela.pt\/#\/schema\/person\/c4278d4a6028830caff9ee44b42d32ed","name":"Telinha","image":{"@type":"ImageObject","inLanguage":"pt-PT","@id":"https:\/\/portaltela.pt\/s.01k8rhncp4jt1\/2025\/11\/talking-bot-125x125.png","url":"https:\/\/portaltela.pt\/s.01k8rhncp4jt1\/2025\/11\/talking-bot-125x125.png","contentUrl":"https:\/\/portaltela.pt\/s.01k8rhncp4jt1\/2025\/11\/talking-bot-125x125.png","caption":"Telinha"},"sameAs":["https:\/\/portaltela.pt\/"],"url":"https:\/\/portaltela.pt\/por\/367410592786\/"}]}},"_links":{"self":[{"href":"https:\/\/portaltela.pt\/api\/wp\/v2\/posts\/387820","targetHints":{"allow":["GET"]}}],"collection":[{"href":"https:\/\/portaltela.pt\/api\/wp\/v2\/posts"}],"about":[{"href":"https:\/\/portaltela.pt\/api\/wp\/v2\/types\/post"}],"author":[{"embeddable":true,"href":"https:\/\/portaltela.pt\/api\/wp\/v2\/users\/2"}],"replies":[{"embeddable":true,"href":"https:\/\/portaltela.pt\/api\/wp\/v2\/comments?post=387820"}],"version-history":[{"count":0,"href":"https:\/\/portaltela.pt\/api\/wp\/v2\/posts\/387820\/revisions"}],"wp:featuredmedia":[{"embeddable":true,"href":"https:\/\/portaltela.pt\/api\/wp\/v2\/media\/387835"}],"wp:attachment":[{"href":"https:\/\/portaltela.pt\/api\/wp\/v2\/media?parent=387820"}],"wp:term":[{"taxonomy":"category","embeddable":true,"href":"https:\/\/portaltela.pt\/api\/wp\/v2\/categories?post=387820"},{"taxonomy":"post_tag","embeddable":true,"href":"https:\/\/portaltela.pt\/api\/wp\/v2\/tags?post=387820"}],"curies":[{"name":"wp","href":"https:\/\/api.w.org\/{rel}","templated":true}]}}