{"id":387814,"date":"2026-02-25T14:33:00","date_gmt":"2026-02-25T17:33:00","guid":{"rendered":"https:\/\/portaltela.pt\/noticias\/2026\/02\/25\/eliane-radigue-pioneira-da-musica-electronica-falece-aos-93\/"},"modified":"2026-02-25T14:33:00","modified_gmt":"2026-02-25T17:33:00","slug":"eliane-radigue-pioneira-da-musica-electronica-falece-aos-93","status":"publish","type":"post","link":"https:\/\/portaltela.pt\/noticias\/2026\/02\/25\/eliane-radigue-pioneira-da-musica-electronica-falece-aos-93\/","title":{"rendered":"\u00c9liane Radigue, pioneira da m\u00fasica electr\u00f3nica, falece aos 93"},"content":{"rendered":"<p>\u00c9liane Radigue, pioneira da m\u00fasica electr\u00f3nica, morreu em Paris, aos 94 anos, nesta segunda-feira. A timeline aponta uma carreira marcada por um minimalismo meditativo, desenvolvido sobretudo com o sintetizador ARP 2500.<\/p>\n<p>Radigue destacou-se pela cria\u00e7\u00e3o de obras de movimentos lentos e imersivos, onde o tempo \u00e9 elemento central. A sua abordagem sonora abriu caminhos para a cena eletr\u00f3nica experimental.<\/p>\n<p>As ra\u00edzes do percurso remontam a Nice, onde a compositora percebeu, ainda jovem, que o sil\u00eancio ao redor podia tornar-se m\u00fasica. Essa percep\u00e7\u00e3o moldou toda a sua produ\u00e7\u00e3o posterior.<\/p>\n<p>Ao longo da carreira, Radigue tornou-se refer\u00eancia para gera\u00e7\u00f5es de artistas que exploram o gradualismo sonoro e o uso cuidadoso de timbres eletr\u00f3nicos, consolidando-se como uma figura de relevo na m\u00fasica contempor\u00e2nea.<\/p>\n<p>A obra de Radigue permanece como refer\u00eancia do minimalismo sonoro, com uma assinatura que combina paci\u00eancia, textura e uma presen\u00e7a quase meditativa no processamento eletr\u00f4nico.<\/p>\n","protected":false},"excerpt":{"rendered":"<ul>\n<li>\u00c9liane Radigue nasceu em 1932 e faleceu em Paris, aos 94 anos.<\/li>\n<li>Foi pioneira da m\u00fasica electr\u00f3nica e reconhecida pelo minimalismo meditativo das suas obras.<\/li>\n<li>A sua sonoridade surgiu, entre outros instrumentos, com o sintetizador ARP 2500.<\/li>\n<li>A via criativa destacou a ideia de tempo e imers\u00e3o sonora como elementos centrais.<\/li>\n<li>O percurso iniciara-se, segundo a narrativa, num ambiente em Nice, pr\u00f3ximo do aeroporto, onde o som dos avi\u00f5es a levou a perceber a m\u00fasica em tudo.<\/li>\n<\/ul>\n","protected":false},"author":2,"featured_media":387821,"comment_status":"closed","ping_status":"closed","sticky":false,"template":"","format":"standard","meta":{"footnotes":""},"categories":[1],"tags":[70,5064,145,1856,122,3039],"class_list":["post-387814","post","type-post","status-publish","format-standard","has-post-thumbnail","hentry","category-noticias","tag-arte","tag-artistas-internacionais","tag-cultura","tag-franca","tag-musica","tag-musica-teatro-concertos"],"yoast_head":"<!-- This site is optimized with the Yoast SEO plugin v27.2 - https:\/\/yoast.com\/product\/yoast-seo-wordpress\/ -->\n<title>\u00c9liane Radigue, pioneira da m\u00fasica electr\u00f3nica, falece aos 93 - Portal Tela Portugal<\/title>\n<meta name=\"robots\" content=\"index, follow, max-snippet:-1, max-image-preview:large, max-video-preview:-1\" \/>\n<meta property=\"og:locale\" content=\"pt_PT\" \/>\n<meta property=\"og:type\" content=\"article\" \/>\n<meta property=\"og:title\" content=\"\u00c9liane Radigue, pioneira da m\u00fasica electr\u00f3nica, falece aos 93 - Portal Tela Portugal\" \/>\n<meta property=\"og:description\" content=\"\u00c9liane Radigue nasceu em 1932 e faleceu em Paris, aos 94 anos. Foi pioneira da m\u00fasica electr\u00f3nica e reconhecida pelo minimalismo meditativo das suas obras. A sua sonoridade surgiu, entre outros instrumentos, com o sintetizador ARP 2500. A via criativa destacou a ideia de tempo e imers\u00e3o sonora como elementos centrais. O percurso iniciara-se, segundo a narrativa, num ambiente em Nice, pr\u00f3ximo do aeroporto, onde o som dos avi\u00f5es a levou a perceber a m\u00fasica em tudo.\" \/>\n<meta property=\"og:url\" content=\"https:\/\/portaltela.pt\/noticias\/2026\/02\/25\/eliane-radigue-pioneira-da-musica-electronica-falece-aos-93\/\" \/>\n<meta property=\"og:site_name\" content=\"Portal Tela Portugal\" \/>\n<meta property=\"article:published_time\" content=\"2026-02-25T17:33:00+00:00\" \/>\n<meta name=\"author\" content=\"Telinha\" \/>\n<meta name=\"twitter:card\" content=\"summary_large_image\" \/>\n<meta name=\"twitter:label1\" content=\"Escrito por\" \/>\n\t<meta name=\"twitter:data1\" content=\"Telinha\" \/>\n\t<meta name=\"twitter:label2\" content=\"Tempo estimado de leitura\" \/>\n\t<meta name=\"twitter:data2\" content=\"1 minuto\" \/>\n<script type=\"application\/ld+json\" class=\"yoast-schema-graph\">{\"@context\":\"https:\/\/schema.org\",\"@graph\":[{\"@type\":\"Article\",\"@id\":\"https:\/\/portaltela.pt\/noticias\/2026\/02\/25\/eliane-radigue-pioneira-da-musica-electronica-falece-aos-93\/#article\",\"isPartOf\":{\"@id\":\"https:\/\/portaltela.pt\/noticias\/2026\/02\/25\/eliane-radigue-pioneira-da-musica-electronica-falece-aos-93\/\"},\"author\":{\"name\":\"Telinha\",\"@id\":\"https:\/\/portaltela.pt\/#\/schema\/person\/c4278d4a6028830caff9ee44b42d32ed\"},\"headline\":\"\u00c9liane Radigue, pioneira da m\u00fasica electr\u00f3nica, falece aos 93\",\"datePublished\":\"2026-02-25T17:33:00+00:00\",\"mainEntityOfPage\":{\"@id\":\"https:\/\/portaltela.pt\/noticias\/2026\/02\/25\/eliane-radigue-pioneira-da-musica-electronica-falece-aos-93\/\"},\"wordCount\":170,\"image\":{\"@id\":\"https:\/\/portaltela.pt\/noticias\/2026\/02\/25\/eliane-radigue-pioneira-da-musica-electronica-falece-aos-93\/#primaryimage\"},\"thumbnailUrl\":\"https:\/\/portaltela.pt\/s.01k8rhncp4jt1\/2026\/02\/2069743.jpg\",\"keywords\":[\"arte\",\"artistas internacionais\",\"cultura\",\"Fran\u00e7a\",\"m\u00fasica\",\"m\u00fasica\/teatro\/concertos\"],\"articleSection\":[\"Not\u00edcias\"],\"inLanguage\":\"pt-PT\"},{\"@type\":\"WebPage\",\"@id\":\"https:\/\/portaltela.pt\/noticias\/2026\/02\/25\/eliane-radigue-pioneira-da-musica-electronica-falece-aos-93\/\",\"url\":\"https:\/\/portaltela.pt\/noticias\/2026\/02\/25\/eliane-radigue-pioneira-da-musica-electronica-falece-aos-93\/\",\"name\":\"\u00c9liane Radigue, pioneira da m\u00fasica electr\u00f3nica, falece aos 93 - Portal Tela Portugal\",\"isPartOf\":{\"@id\":\"https:\/\/portaltela.pt\/#website\"},\"primaryImageOfPage\":{\"@id\":\"https:\/\/portaltela.pt\/noticias\/2026\/02\/25\/eliane-radigue-pioneira-da-musica-electronica-falece-aos-93\/#primaryimage\"},\"image\":{\"@id\":\"https:\/\/portaltela.pt\/noticias\/2026\/02\/25\/eliane-radigue-pioneira-da-musica-electronica-falece-aos-93\/#primaryimage\"},\"thumbnailUrl\":\"https:\/\/portaltela.pt\/s.01k8rhncp4jt1\/2026\/02\/2069743.jpg\",\"datePublished\":\"2026-02-25T17:33:00+00:00\",\"author\":{\"@id\":\"https:\/\/portaltela.pt\/#\/schema\/person\/c4278d4a6028830caff9ee44b42d32ed\"},\"breadcrumb\":{\"@id\":\"https:\/\/portaltela.pt\/noticias\/2026\/02\/25\/eliane-radigue-pioneira-da-musica-electronica-falece-aos-93\/#breadcrumb\"},\"inLanguage\":\"pt-PT\",\"potentialAction\":[{\"@type\":\"ReadAction\",\"target\":[\"https:\/\/portaltela.pt\/noticias\/2026\/02\/25\/eliane-radigue-pioneira-da-musica-electronica-falece-aos-93\/\"]}]},{\"@type\":\"ImageObject\",\"inLanguage\":\"pt-PT\",\"@id\":\"https:\/\/portaltela.pt\/noticias\/2026\/02\/25\/eliane-radigue-pioneira-da-musica-electronica-falece-aos-93\/#primaryimage\",\"url\":\"https:\/\/portaltela.pt\/s.01k8rhncp4jt1\/2026\/02\/2069743.jpg\",\"contentUrl\":\"https:\/\/portaltela.pt\/s.01k8rhncp4jt1\/2026\/02\/2069743.jpg\",\"width\":796,\"height\":448,\"caption\":\"\u00c9liane Radigue nos anos 1970, com o seu sintetizador ARP 2500\"},{\"@type\":\"BreadcrumbList\",\"@id\":\"https:\/\/portaltela.pt\/noticias\/2026\/02\/25\/eliane-radigue-pioneira-da-musica-electronica-falece-aos-93\/#breadcrumb\",\"itemListElement\":[{\"@type\":\"ListItem\",\"position\":1,\"name\":\"In\u00edcio\",\"item\":\"https:\/\/portaltela.pt\/\"},{\"@type\":\"ListItem\",\"position\":2,\"name\":\"\u00c9liane Radigue, pioneira da m\u00fasica electr\u00f3nica, falece aos 93\"}]},{\"@type\":\"WebSite\",\"@id\":\"https:\/\/portaltela.pt\/#website\",\"url\":\"https:\/\/portaltela.pt\/\",\"name\":\"Portal Tela Portugal\",\"description\":\"\",\"potentialAction\":[{\"@type\":\"SearchAction\",\"target\":{\"@type\":\"EntryPoint\",\"urlTemplate\":\"https:\/\/portaltela.pt\/?s={search_term_string}\"},\"query-input\":{\"@type\":\"PropertyValueSpecification\",\"valueRequired\":true,\"valueName\":\"search_term_string\"}}],\"inLanguage\":\"pt-PT\"},{\"@type\":\"Person\",\"@id\":\"https:\/\/portaltela.pt\/#\/schema\/person\/c4278d4a6028830caff9ee44b42d32ed\",\"name\":\"Telinha\",\"image\":{\"@type\":\"ImageObject\",\"inLanguage\":\"pt-PT\",\"@id\":\"https:\/\/portaltela.pt\/s.01k8rhncp4jt1\/2025\/11\/talking-bot-125x125.png\",\"url\":\"https:\/\/portaltela.pt\/s.01k8rhncp4jt1\/2025\/11\/talking-bot-125x125.png\",\"contentUrl\":\"https:\/\/portaltela.pt\/s.01k8rhncp4jt1\/2025\/11\/talking-bot-125x125.png\",\"caption\":\"Telinha\"},\"sameAs\":[\"https:\/\/portaltela.pt\/\"],\"url\":\"https:\/\/portaltela.pt\/por\/367410592786\/\"}]}<\/script>\n<!-- \/ Yoast SEO plugin. -->","yoast_head_json":{"title":"\u00c9liane Radigue, pioneira da m\u00fasica electr\u00f3nica, falece aos 93 - Portal Tela Portugal","robots":{"index":"index","follow":"follow","max-snippet":"max-snippet:-1","max-image-preview":"max-image-preview:large","max-video-preview":"max-video-preview:-1"},"og_locale":"pt_PT","og_type":"article","og_title":"\u00c9liane Radigue, pioneira da m\u00fasica electr\u00f3nica, falece aos 93 - Portal Tela Portugal","og_description":"\u00c9liane Radigue nasceu em 1932 e faleceu em Paris, aos 94 anos. Foi pioneira da m\u00fasica electr\u00f3nica e reconhecida pelo minimalismo meditativo das suas obras. A sua sonoridade surgiu, entre outros instrumentos, com o sintetizador ARP 2500. A via criativa destacou a ideia de tempo e imers\u00e3o sonora como elementos centrais. O percurso iniciara-se, segundo a narrativa, num ambiente em Nice, pr\u00f3ximo do aeroporto, onde o som dos avi\u00f5es a levou a perceber a m\u00fasica em tudo.","og_url":"https:\/\/portaltela.pt\/noticias\/2026\/02\/25\/eliane-radigue-pioneira-da-musica-electronica-falece-aos-93\/","og_site_name":"Portal Tela Portugal","article_published_time":"2026-02-25T17:33:00+00:00","author":"Telinha","twitter_card":"summary_large_image","twitter_misc":{"Escrito por":"Telinha","Tempo estimado de leitura":"1 minuto"},"schema":{"@context":"https:\/\/schema.org","@graph":[{"@type":"Article","@id":"https:\/\/portaltela.pt\/noticias\/2026\/02\/25\/eliane-radigue-pioneira-da-musica-electronica-falece-aos-93\/#article","isPartOf":{"@id":"https:\/\/portaltela.pt\/noticias\/2026\/02\/25\/eliane-radigue-pioneira-da-musica-electronica-falece-aos-93\/"},"author":{"name":"Telinha","@id":"https:\/\/portaltela.pt\/#\/schema\/person\/c4278d4a6028830caff9ee44b42d32ed"},"headline":"\u00c9liane Radigue, pioneira da m\u00fasica electr\u00f3nica, falece aos 93","datePublished":"2026-02-25T17:33:00+00:00","mainEntityOfPage":{"@id":"https:\/\/portaltela.pt\/noticias\/2026\/02\/25\/eliane-radigue-pioneira-da-musica-electronica-falece-aos-93\/"},"wordCount":170,"image":{"@id":"https:\/\/portaltela.pt\/noticias\/2026\/02\/25\/eliane-radigue-pioneira-da-musica-electronica-falece-aos-93\/#primaryimage"},"thumbnailUrl":"https:\/\/portaltela.pt\/s.01k8rhncp4jt1\/2026\/02\/2069743.jpg","keywords":["arte","artistas internacionais","cultura","Fran\u00e7a","m\u00fasica","m\u00fasica\/teatro\/concertos"],"articleSection":["Not\u00edcias"],"inLanguage":"pt-PT"},{"@type":"WebPage","@id":"https:\/\/portaltela.pt\/noticias\/2026\/02\/25\/eliane-radigue-pioneira-da-musica-electronica-falece-aos-93\/","url":"https:\/\/portaltela.pt\/noticias\/2026\/02\/25\/eliane-radigue-pioneira-da-musica-electronica-falece-aos-93\/","name":"\u00c9liane Radigue, pioneira da m\u00fasica electr\u00f3nica, falece aos 93 - Portal Tela Portugal","isPartOf":{"@id":"https:\/\/portaltela.pt\/#website"},"primaryImageOfPage":{"@id":"https:\/\/portaltela.pt\/noticias\/2026\/02\/25\/eliane-radigue-pioneira-da-musica-electronica-falece-aos-93\/#primaryimage"},"image":{"@id":"https:\/\/portaltela.pt\/noticias\/2026\/02\/25\/eliane-radigue-pioneira-da-musica-electronica-falece-aos-93\/#primaryimage"},"thumbnailUrl":"https:\/\/portaltela.pt\/s.01k8rhncp4jt1\/2026\/02\/2069743.jpg","datePublished":"2026-02-25T17:33:00+00:00","author":{"@id":"https:\/\/portaltela.pt\/#\/schema\/person\/c4278d4a6028830caff9ee44b42d32ed"},"breadcrumb":{"@id":"https:\/\/portaltela.pt\/noticias\/2026\/02\/25\/eliane-radigue-pioneira-da-musica-electronica-falece-aos-93\/#breadcrumb"},"inLanguage":"pt-PT","potentialAction":[{"@type":"ReadAction","target":["https:\/\/portaltela.pt\/noticias\/2026\/02\/25\/eliane-radigue-pioneira-da-musica-electronica-falece-aos-93\/"]}]},{"@type":"ImageObject","inLanguage":"pt-PT","@id":"https:\/\/portaltela.pt\/noticias\/2026\/02\/25\/eliane-radigue-pioneira-da-musica-electronica-falece-aos-93\/#primaryimage","url":"https:\/\/portaltela.pt\/s.01k8rhncp4jt1\/2026\/02\/2069743.jpg","contentUrl":"https:\/\/portaltela.pt\/s.01k8rhncp4jt1\/2026\/02\/2069743.jpg","width":796,"height":448,"caption":"\u00c9liane Radigue nos anos 1970, com o seu sintetizador ARP 2500"},{"@type":"BreadcrumbList","@id":"https:\/\/portaltela.pt\/noticias\/2026\/02\/25\/eliane-radigue-pioneira-da-musica-electronica-falece-aos-93\/#breadcrumb","itemListElement":[{"@type":"ListItem","position":1,"name":"In\u00edcio","item":"https:\/\/portaltela.pt\/"},{"@type":"ListItem","position":2,"name":"\u00c9liane Radigue, pioneira da m\u00fasica electr\u00f3nica, falece aos 93"}]},{"@type":"WebSite","@id":"https:\/\/portaltela.pt\/#website","url":"https:\/\/portaltela.pt\/","name":"Portal Tela Portugal","description":"","potentialAction":[{"@type":"SearchAction","target":{"@type":"EntryPoint","urlTemplate":"https:\/\/portaltela.pt\/?s={search_term_string}"},"query-input":{"@type":"PropertyValueSpecification","valueRequired":true,"valueName":"search_term_string"}}],"inLanguage":"pt-PT"},{"@type":"Person","@id":"https:\/\/portaltela.pt\/#\/schema\/person\/c4278d4a6028830caff9ee44b42d32ed","name":"Telinha","image":{"@type":"ImageObject","inLanguage":"pt-PT","@id":"https:\/\/portaltela.pt\/s.01k8rhncp4jt1\/2025\/11\/talking-bot-125x125.png","url":"https:\/\/portaltela.pt\/s.01k8rhncp4jt1\/2025\/11\/talking-bot-125x125.png","contentUrl":"https:\/\/portaltela.pt\/s.01k8rhncp4jt1\/2025\/11\/talking-bot-125x125.png","caption":"Telinha"},"sameAs":["https:\/\/portaltela.pt\/"],"url":"https:\/\/portaltela.pt\/por\/367410592786\/"}]}},"_links":{"self":[{"href":"https:\/\/portaltela.pt\/api\/wp\/v2\/posts\/387814","targetHints":{"allow":["GET"]}}],"collection":[{"href":"https:\/\/portaltela.pt\/api\/wp\/v2\/posts"}],"about":[{"href":"https:\/\/portaltela.pt\/api\/wp\/v2\/types\/post"}],"author":[{"embeddable":true,"href":"https:\/\/portaltela.pt\/api\/wp\/v2\/users\/2"}],"replies":[{"embeddable":true,"href":"https:\/\/portaltela.pt\/api\/wp\/v2\/comments?post=387814"}],"version-history":[{"count":0,"href":"https:\/\/portaltela.pt\/api\/wp\/v2\/posts\/387814\/revisions"}],"wp:featuredmedia":[{"embeddable":true,"href":"https:\/\/portaltela.pt\/api\/wp\/v2\/media\/387821"}],"wp:attachment":[{"href":"https:\/\/portaltela.pt\/api\/wp\/v2\/media?parent=387814"}],"wp:term":[{"taxonomy":"category","embeddable":true,"href":"https:\/\/portaltela.pt\/api\/wp\/v2\/categories?post=387814"},{"taxonomy":"post_tag","embeddable":true,"href":"https:\/\/portaltela.pt\/api\/wp\/v2\/tags?post=387814"}],"curies":[{"name":"wp","href":"https:\/\/api.w.org\/{rel}","templated":true}]}}