{"id":387799,"date":"2026-02-25T14:42:56","date_gmt":"2026-02-25T17:42:56","guid":{"rendered":"https:\/\/portaltela.pt\/noticias\/2026\/02\/25\/onu-critica-tribunal-brasileiro-por-absolvicao-em-caso-de-violacao-de-menor-de-12-anos\/"},"modified":"2026-02-25T14:42:56","modified_gmt":"2026-02-25T17:42:56","slug":"onu-critica-tribunal-brasileiro-por-absolvicao-em-caso-de-violacao-de-menor-de-12-anos","status":"publish","type":"post","link":"https:\/\/portaltela.pt\/noticias\/2026\/02\/25\/onu-critica-tribunal-brasileiro-por-absolvicao-em-caso-de-violacao-de-menor-de-12-anos\/","title":{"rendered":"ONU critica tribunal brasileiro por absolvi\u00e7\u00e3o em caso de viola\u00e7\u00e3o de menor de 12 anos"},"content":{"rendered":"<p>A Organiza\u00e7\u00e3o das Na\u00e7\u00f5es Unidas criticou a decis\u00e3o do Tribunal de Justi\u00e7a de Minas Gerais (TJMG) que absolveu um homem de 35 anos acusado de violar uma menina de 12 anos. A den\u00fancia, apresentada em abril de 2024 pelo Minist\u00e9rio P\u00fablico de Minas Gerais, envolveu a crian\u00e7a que vivia com o homem, com autoriza\u00e7\u00e3o da m\u00e3e.<\/p>\n<p>Em comunicado conjunto, Unicef, UNFPA e ONU Mulheres expressaram profunda preocupa\u00e7\u00e3o com o veredito, lembrando que o Estatuto da Crian\u00e7a e do Adolescente estabelece que rela\u00e7\u00f5es sexuais com menores de 14 anos s\u00e3o viola\u00e7\u00e3o de vulner\u00e1vel, independentemente de consentimento ou da aprova\u00e7\u00e3o familiar.<\/p>\n<p>Segundo as ag\u00eancias, crian\u00e7as abaixo de 14 anos n\u00e3o possuem capacidade de consentimento e, abaixo dos 16, n\u00e3o podem casar ou realizar atos civis. O texto refor\u00e7a que a crian\u00e7a \u00e9 sempre v\u00edtima, n\u00e3o esposa, e alerta para danos duradouros em caso de viol\u00eancia ou casamento precoce.<\/p>\n<p>A nota das Na\u00e7\u00f5es Unidas aponta que os casos de viola\u00e7\u00e3o e viol\u00eancia sexual contra crian\u00e7as n\u00e3o s\u00e3o isolados no Brasil, citando altas taxas nacionais. Entre 2021 e 2023, mais de 164 mil ocorr\u00eancias de viola\u00e7\u00e3o ou viol\u00eancia contra menores foram registradas, com maior incid\u00eancia entre meninas.<\/p>\n<p>Al\u00e9m disso, o comunicado pede que a sociedade aja para que leis e pol\u00edticas de prote\u00e7\u00e3o \u00e0 inf\u00e2ncia sejam efetivamente aplicadas, com respostas qualificadas e n\u00e3o revitimizantes, fortalecendo o Sistema de Garantia de Direitos e a atua\u00e7\u00e3o educativa.<\/p>\n<h3>Contexto judicial<\/h3>\n<p>Relata-se que o crime ocorreu em Araguari, no interior de Minas, com a m\u00e3e da v\u00edtima denunciando omiss\u00e3o. O suspeito foi preso em flagrante em abril de 2024 e admitiu rela\u00e7\u00f5es sexuais com a v\u00edtima, segundo a imprensa local, que tamb\u00e9m reporta a den\u00fancia da m\u00e3e por abuso.<\/p>\n","protected":false},"excerpt":{"rendered":"<ul>\n<li>ONU critica decis\u00e3o do Tribunal de Justi\u00e7a de Minas Gerais que absolveu um homem de 35 anos acusado de violar uma menina de 12 anos.<\/li>\n<li>Em comunicado conjunto, o Unicef, o UNFPA e a ONU Mulheres expressaram profunda preocupa\u00e7\u00e3o e lembraram que o Estatuto da Crian\u00e7a e do Adolescente, a Constitui\u00e7\u00e3o e compromissos internacionais pro\u00edbem qualquer rela\u00e7\u00e3o sexual com menores de 14 anos.<\/li>\n<li>As ag\u00eancias destacam que crian\u00e7as abaixo de 14 anos n\u00e3o t\u00eam capacidade de consentimento e, abaixo de 16, n\u00e3o podem casar ou realizar atos da vida civil; refor\u00e7am que a v\u00edtima \u00e9 uma crian\u00e7a, nunca esposa.<\/li>\n<li>Dados indicam que, entre 2021 e 2023, foram registados mais de 164 mil casos de viola\u00e7\u00e3o ou viol\u00eancia contra menores de 19 anos, ocorrendo principalmente com meninas dentro de casa e por autores conhecidos da v\u00edtima ou da fam\u00edlia.<\/li>\n<li>No caso concreto, o Minist\u00e9rio P\u00fablico de Minas Gerais denunciou o homem em abril de 2024; em novembro de 2025 houve condena\u00e7\u00e3o da m\u00e3e e do homem, mas a 9.\u00aa C\u00e2mara Criminal do TJMG absolveu-os por maioria de votos.<\/li>\n<\/ul>\n","protected":false},"author":2,"featured_media":387811,"comment_status":"closed","ping_status":"closed","sticky":false,"template":"","format":"standard","meta":{"footnotes":""},"categories":[1],"tags":[1796,2547,6210,5123,2181,1825],"class_list":["post-387799","post","type-post","status-publish","format-standard","has-post-thumbnail","hentry","category-noticias","tag-abuso-sexual-de-menor-dependente","tag-brasil","tag-crimes-contra-menores","tag-onu","tag-protecao-de-menores","tag-violacao"],"yoast_head":"<!-- This site is optimized with the Yoast SEO plugin v27.2 - https:\/\/yoast.com\/product\/yoast-seo-wordpress\/ -->\n<title>ONU critica tribunal brasileiro por absolvi\u00e7\u00e3o em caso de viola\u00e7\u00e3o de menor de 12 anos - Portal Tela Portugal<\/title>\n<meta name=\"robots\" content=\"index, follow, max-snippet:-1, max-image-preview:large, max-video-preview:-1\" \/>\n<meta property=\"og:locale\" content=\"pt_PT\" \/>\n<meta property=\"og:type\" content=\"article\" \/>\n<meta property=\"og:title\" content=\"ONU critica tribunal brasileiro por absolvi\u00e7\u00e3o em caso de viola\u00e7\u00e3o de menor de 12 anos - Portal Tela Portugal\" \/>\n<meta property=\"og:description\" content=\"ONU critica decis\u00e3o do Tribunal de Justi\u00e7a de Minas Gerais que absolveu um homem de 35 anos acusado de violar uma menina de 12 anos. Em comunicado conjunto, o Unicef, o UNFPA e a ONU Mulheres expressaram profunda preocupa\u00e7\u00e3o e lembraram que o Estatuto da Crian\u00e7a e do Adolescente, a Constitui\u00e7\u00e3o e compromissos internacionais pro\u00edbem qualquer rela\u00e7\u00e3o sexual com menores de 14 anos. As ag\u00eancias destacam que crian\u00e7as abaixo de 14 anos n\u00e3o t\u00eam capacidade de consentimento e, abaixo de 16, n\u00e3o podem casar ou realizar atos da vida civil; refor\u00e7am que a v\u00edtima \u00e9 uma crian\u00e7a, nunca esposa. Dados indicam que, entre 2021 e 2023, foram registados mais de 164 mil casos de viola\u00e7\u00e3o ou viol\u00eancia contra menores de 19 anos, ocorrendo principalmente com meninas dentro de casa e por autores conhecidos da v\u00edtima ou da fam\u00edlia. No caso concreto, o Minist\u00e9rio P\u00fablico de Minas Gerais denunciou o homem em abril de 2024; em novembro de 2025 houve condena\u00e7\u00e3o da m\u00e3e e do homem, mas a 9.\u00aa C\u00e2mara Criminal do TJMG absolveu-os por maioria de votos.\" \/>\n<meta property=\"og:url\" content=\"https:\/\/portaltela.pt\/noticias\/2026\/02\/25\/onu-critica-tribunal-brasileiro-por-absolvicao-em-caso-de-violacao-de-menor-de-12-anos\/\" \/>\n<meta property=\"og:site_name\" content=\"Portal Tela Portugal\" \/>\n<meta property=\"article:published_time\" content=\"2026-02-25T17:42:56+00:00\" \/>\n<meta name=\"author\" content=\"Telinha\" \/>\n<meta name=\"twitter:card\" content=\"summary_large_image\" \/>\n<meta name=\"twitter:label1\" content=\"Escrito por\" \/>\n\t<meta name=\"twitter:data1\" content=\"Telinha\" \/>\n\t<meta name=\"twitter:label2\" content=\"Tempo estimado de leitura\" \/>\n\t<meta name=\"twitter:data2\" content=\"2 minutos\" \/>\n<script type=\"application\/ld+json\" class=\"yoast-schema-graph\">{\"@context\":\"https:\/\/schema.org\",\"@graph\":[{\"@type\":\"Article\",\"@id\":\"https:\/\/portaltela.pt\/noticias\/2026\/02\/25\/onu-critica-tribunal-brasileiro-por-absolvicao-em-caso-de-violacao-de-menor-de-12-anos\/#article\",\"isPartOf\":{\"@id\":\"https:\/\/portaltela.pt\/noticias\/2026\/02\/25\/onu-critica-tribunal-brasileiro-por-absolvicao-em-caso-de-violacao-de-menor-de-12-anos\/\"},\"author\":{\"name\":\"Telinha\",\"@id\":\"https:\/\/portaltela.pt\/#\/schema\/person\/c4278d4a6028830caff9ee44b42d32ed\"},\"headline\":\"ONU critica tribunal brasileiro por absolvi\u00e7\u00e3o em caso de viola\u00e7\u00e3o de menor de 12 anos\",\"datePublished\":\"2026-02-25T17:42:56+00:00\",\"mainEntityOfPage\":{\"@id\":\"https:\/\/portaltela.pt\/noticias\/2026\/02\/25\/onu-critica-tribunal-brasileiro-por-absolvicao-em-caso-de-violacao-de-menor-de-12-anos\/\"},\"wordCount\":335,\"image\":{\"@id\":\"https:\/\/portaltela.pt\/noticias\/2026\/02\/25\/onu-critica-tribunal-brasileiro-por-absolvicao-em-caso-de-violacao-de-menor-de-12-anos\/#primaryimage\"},\"thumbnailUrl\":\"https:\/\/portaltela.pt\/s.01k8rhncp4jt1\/2026\/02\/img_1500x1000uu2021-09-28-21-39-14-1085064-1.jpg\",\"keywords\":[\"abuso sexual de menor dependente\",\"Brasil\",\"crimes contra menores\",\"ONU\",\"prote\u00e7\u00e3o de menores\",\"viola\u00e7\u00e3o\"],\"articleSection\":[\"Not\u00edcias\"],\"inLanguage\":\"pt-PT\"},{\"@type\":\"WebPage\",\"@id\":\"https:\/\/portaltela.pt\/noticias\/2026\/02\/25\/onu-critica-tribunal-brasileiro-por-absolvicao-em-caso-de-violacao-de-menor-de-12-anos\/\",\"url\":\"https:\/\/portaltela.pt\/noticias\/2026\/02\/25\/onu-critica-tribunal-brasileiro-por-absolvicao-em-caso-de-violacao-de-menor-de-12-anos\/\",\"name\":\"ONU critica tribunal brasileiro por absolvi\u00e7\u00e3o em caso de viola\u00e7\u00e3o de menor de 12 anos - Portal Tela Portugal\",\"isPartOf\":{\"@id\":\"https:\/\/portaltela.pt\/#website\"},\"primaryImageOfPage\":{\"@id\":\"https:\/\/portaltela.pt\/noticias\/2026\/02\/25\/onu-critica-tribunal-brasileiro-por-absolvicao-em-caso-de-violacao-de-menor-de-12-anos\/#primaryimage\"},\"image\":{\"@id\":\"https:\/\/portaltela.pt\/noticias\/2026\/02\/25\/onu-critica-tribunal-brasileiro-por-absolvicao-em-caso-de-violacao-de-menor-de-12-anos\/#primaryimage\"},\"thumbnailUrl\":\"https:\/\/portaltela.pt\/s.01k8rhncp4jt1\/2026\/02\/img_1500x1000uu2021-09-28-21-39-14-1085064-1.jpg\",\"datePublished\":\"2026-02-25T17:42:56+00:00\",\"author\":{\"@id\":\"https:\/\/portaltela.pt\/#\/schema\/person\/c4278d4a6028830caff9ee44b42d32ed\"},\"breadcrumb\":{\"@id\":\"https:\/\/portaltela.pt\/noticias\/2026\/02\/25\/onu-critica-tribunal-brasileiro-por-absolvicao-em-caso-de-violacao-de-menor-de-12-anos\/#breadcrumb\"},\"inLanguage\":\"pt-PT\",\"potentialAction\":[{\"@type\":\"ReadAction\",\"target\":[\"https:\/\/portaltela.pt\/noticias\/2026\/02\/25\/onu-critica-tribunal-brasileiro-por-absolvicao-em-caso-de-violacao-de-menor-de-12-anos\/\"]}]},{\"@type\":\"ImageObject\",\"inLanguage\":\"pt-PT\",\"@id\":\"https:\/\/portaltela.pt\/noticias\/2026\/02\/25\/onu-critica-tribunal-brasileiro-por-absolvicao-em-caso-de-violacao-de-menor-de-12-anos\/#primaryimage\",\"url\":\"https:\/\/portaltela.pt\/s.01k8rhncp4jt1\/2026\/02\/img_1500x1000uu2021-09-28-21-39-14-1085064-1.jpg\",\"contentUrl\":\"https:\/\/portaltela.pt\/s.01k8rhncp4jt1\/2026\/02\/img_1500x1000uu2021-09-28-21-39-14-1085064-1.jpg\",\"width\":796,\"height\":448,\"caption\":\"Bandeira Brasil\"},{\"@type\":\"BreadcrumbList\",\"@id\":\"https:\/\/portaltela.pt\/noticias\/2026\/02\/25\/onu-critica-tribunal-brasileiro-por-absolvicao-em-caso-de-violacao-de-menor-de-12-anos\/#breadcrumb\",\"itemListElement\":[{\"@type\":\"ListItem\",\"position\":1,\"name\":\"In\u00edcio\",\"item\":\"https:\/\/portaltela.pt\/\"},{\"@type\":\"ListItem\",\"position\":2,\"name\":\"ONU critica tribunal brasileiro por absolvi\u00e7\u00e3o em caso de viola\u00e7\u00e3o de menor de 12 anos\"}]},{\"@type\":\"WebSite\",\"@id\":\"https:\/\/portaltela.pt\/#website\",\"url\":\"https:\/\/portaltela.pt\/\",\"name\":\"Portal Tela Portugal\",\"description\":\"\",\"potentialAction\":[{\"@type\":\"SearchAction\",\"target\":{\"@type\":\"EntryPoint\",\"urlTemplate\":\"https:\/\/portaltela.pt\/?s={search_term_string}\"},\"query-input\":{\"@type\":\"PropertyValueSpecification\",\"valueRequired\":true,\"valueName\":\"search_term_string\"}}],\"inLanguage\":\"pt-PT\"},{\"@type\":\"Person\",\"@id\":\"https:\/\/portaltela.pt\/#\/schema\/person\/c4278d4a6028830caff9ee44b42d32ed\",\"name\":\"Telinha\",\"image\":{\"@type\":\"ImageObject\",\"inLanguage\":\"pt-PT\",\"@id\":\"https:\/\/portaltela.pt\/s.01k8rhncp4jt1\/2025\/11\/talking-bot-125x125.png\",\"url\":\"https:\/\/portaltela.pt\/s.01k8rhncp4jt1\/2025\/11\/talking-bot-125x125.png\",\"contentUrl\":\"https:\/\/portaltela.pt\/s.01k8rhncp4jt1\/2025\/11\/talking-bot-125x125.png\",\"caption\":\"Telinha\"},\"sameAs\":[\"https:\/\/portaltela.pt\/\"],\"url\":\"https:\/\/portaltela.pt\/por\/367410592786\/\"}]}<\/script>\n<!-- \/ Yoast SEO plugin. -->","yoast_head_json":{"title":"ONU critica tribunal brasileiro por absolvi\u00e7\u00e3o em caso de viola\u00e7\u00e3o de menor de 12 anos - Portal Tela Portugal","robots":{"index":"index","follow":"follow","max-snippet":"max-snippet:-1","max-image-preview":"max-image-preview:large","max-video-preview":"max-video-preview:-1"},"og_locale":"pt_PT","og_type":"article","og_title":"ONU critica tribunal brasileiro por absolvi\u00e7\u00e3o em caso de viola\u00e7\u00e3o de menor de 12 anos - Portal Tela Portugal","og_description":"ONU critica decis\u00e3o do Tribunal de Justi\u00e7a de Minas Gerais que absolveu um homem de 35 anos acusado de violar uma menina de 12 anos. Em comunicado conjunto, o Unicef, o UNFPA e a ONU Mulheres expressaram profunda preocupa\u00e7\u00e3o e lembraram que o Estatuto da Crian\u00e7a e do Adolescente, a Constitui\u00e7\u00e3o e compromissos internacionais pro\u00edbem qualquer rela\u00e7\u00e3o sexual com menores de 14 anos. As ag\u00eancias destacam que crian\u00e7as abaixo de 14 anos n\u00e3o t\u00eam capacidade de consentimento e, abaixo de 16, n\u00e3o podem casar ou realizar atos da vida civil; refor\u00e7am que a v\u00edtima \u00e9 uma crian\u00e7a, nunca esposa. Dados indicam que, entre 2021 e 2023, foram registados mais de 164 mil casos de viola\u00e7\u00e3o ou viol\u00eancia contra menores de 19 anos, ocorrendo principalmente com meninas dentro de casa e por autores conhecidos da v\u00edtima ou da fam\u00edlia. No caso concreto, o Minist\u00e9rio P\u00fablico de Minas Gerais denunciou o homem em abril de 2024; em novembro de 2025 houve condena\u00e7\u00e3o da m\u00e3e e do homem, mas a 9.\u00aa C\u00e2mara Criminal do TJMG absolveu-os por maioria de votos.","og_url":"https:\/\/portaltela.pt\/noticias\/2026\/02\/25\/onu-critica-tribunal-brasileiro-por-absolvicao-em-caso-de-violacao-de-menor-de-12-anos\/","og_site_name":"Portal Tela Portugal","article_published_time":"2026-02-25T17:42:56+00:00","author":"Telinha","twitter_card":"summary_large_image","twitter_misc":{"Escrito por":"Telinha","Tempo estimado de leitura":"2 minutos"},"schema":{"@context":"https:\/\/schema.org","@graph":[{"@type":"Article","@id":"https:\/\/portaltela.pt\/noticias\/2026\/02\/25\/onu-critica-tribunal-brasileiro-por-absolvicao-em-caso-de-violacao-de-menor-de-12-anos\/#article","isPartOf":{"@id":"https:\/\/portaltela.pt\/noticias\/2026\/02\/25\/onu-critica-tribunal-brasileiro-por-absolvicao-em-caso-de-violacao-de-menor-de-12-anos\/"},"author":{"name":"Telinha","@id":"https:\/\/portaltela.pt\/#\/schema\/person\/c4278d4a6028830caff9ee44b42d32ed"},"headline":"ONU critica tribunal brasileiro por absolvi\u00e7\u00e3o em caso de viola\u00e7\u00e3o de menor de 12 anos","datePublished":"2026-02-25T17:42:56+00:00","mainEntityOfPage":{"@id":"https:\/\/portaltela.pt\/noticias\/2026\/02\/25\/onu-critica-tribunal-brasileiro-por-absolvicao-em-caso-de-violacao-de-menor-de-12-anos\/"},"wordCount":335,"image":{"@id":"https:\/\/portaltela.pt\/noticias\/2026\/02\/25\/onu-critica-tribunal-brasileiro-por-absolvicao-em-caso-de-violacao-de-menor-de-12-anos\/#primaryimage"},"thumbnailUrl":"https:\/\/portaltela.pt\/s.01k8rhncp4jt1\/2026\/02\/img_1500x1000uu2021-09-28-21-39-14-1085064-1.jpg","keywords":["abuso sexual de menor dependente","Brasil","crimes contra menores","ONU","prote\u00e7\u00e3o de menores","viola\u00e7\u00e3o"],"articleSection":["Not\u00edcias"],"inLanguage":"pt-PT"},{"@type":"WebPage","@id":"https:\/\/portaltela.pt\/noticias\/2026\/02\/25\/onu-critica-tribunal-brasileiro-por-absolvicao-em-caso-de-violacao-de-menor-de-12-anos\/","url":"https:\/\/portaltela.pt\/noticias\/2026\/02\/25\/onu-critica-tribunal-brasileiro-por-absolvicao-em-caso-de-violacao-de-menor-de-12-anos\/","name":"ONU critica tribunal brasileiro por absolvi\u00e7\u00e3o em caso de viola\u00e7\u00e3o de menor de 12 anos - Portal Tela Portugal","isPartOf":{"@id":"https:\/\/portaltela.pt\/#website"},"primaryImageOfPage":{"@id":"https:\/\/portaltela.pt\/noticias\/2026\/02\/25\/onu-critica-tribunal-brasileiro-por-absolvicao-em-caso-de-violacao-de-menor-de-12-anos\/#primaryimage"},"image":{"@id":"https:\/\/portaltela.pt\/noticias\/2026\/02\/25\/onu-critica-tribunal-brasileiro-por-absolvicao-em-caso-de-violacao-de-menor-de-12-anos\/#primaryimage"},"thumbnailUrl":"https:\/\/portaltela.pt\/s.01k8rhncp4jt1\/2026\/02\/img_1500x1000uu2021-09-28-21-39-14-1085064-1.jpg","datePublished":"2026-02-25T17:42:56+00:00","author":{"@id":"https:\/\/portaltela.pt\/#\/schema\/person\/c4278d4a6028830caff9ee44b42d32ed"},"breadcrumb":{"@id":"https:\/\/portaltela.pt\/noticias\/2026\/02\/25\/onu-critica-tribunal-brasileiro-por-absolvicao-em-caso-de-violacao-de-menor-de-12-anos\/#breadcrumb"},"inLanguage":"pt-PT","potentialAction":[{"@type":"ReadAction","target":["https:\/\/portaltela.pt\/noticias\/2026\/02\/25\/onu-critica-tribunal-brasileiro-por-absolvicao-em-caso-de-violacao-de-menor-de-12-anos\/"]}]},{"@type":"ImageObject","inLanguage":"pt-PT","@id":"https:\/\/portaltela.pt\/noticias\/2026\/02\/25\/onu-critica-tribunal-brasileiro-por-absolvicao-em-caso-de-violacao-de-menor-de-12-anos\/#primaryimage","url":"https:\/\/portaltela.pt\/s.01k8rhncp4jt1\/2026\/02\/img_1500x1000uu2021-09-28-21-39-14-1085064-1.jpg","contentUrl":"https:\/\/portaltela.pt\/s.01k8rhncp4jt1\/2026\/02\/img_1500x1000uu2021-09-28-21-39-14-1085064-1.jpg","width":796,"height":448,"caption":"Bandeira Brasil"},{"@type":"BreadcrumbList","@id":"https:\/\/portaltela.pt\/noticias\/2026\/02\/25\/onu-critica-tribunal-brasileiro-por-absolvicao-em-caso-de-violacao-de-menor-de-12-anos\/#breadcrumb","itemListElement":[{"@type":"ListItem","position":1,"name":"In\u00edcio","item":"https:\/\/portaltela.pt\/"},{"@type":"ListItem","position":2,"name":"ONU critica tribunal brasileiro por absolvi\u00e7\u00e3o em caso de viola\u00e7\u00e3o de menor de 12 anos"}]},{"@type":"WebSite","@id":"https:\/\/portaltela.pt\/#website","url":"https:\/\/portaltela.pt\/","name":"Portal Tela Portugal","description":"","potentialAction":[{"@type":"SearchAction","target":{"@type":"EntryPoint","urlTemplate":"https:\/\/portaltela.pt\/?s={search_term_string}"},"query-input":{"@type":"PropertyValueSpecification","valueRequired":true,"valueName":"search_term_string"}}],"inLanguage":"pt-PT"},{"@type":"Person","@id":"https:\/\/portaltela.pt\/#\/schema\/person\/c4278d4a6028830caff9ee44b42d32ed","name":"Telinha","image":{"@type":"ImageObject","inLanguage":"pt-PT","@id":"https:\/\/portaltela.pt\/s.01k8rhncp4jt1\/2025\/11\/talking-bot-125x125.png","url":"https:\/\/portaltela.pt\/s.01k8rhncp4jt1\/2025\/11\/talking-bot-125x125.png","contentUrl":"https:\/\/portaltela.pt\/s.01k8rhncp4jt1\/2025\/11\/talking-bot-125x125.png","caption":"Telinha"},"sameAs":["https:\/\/portaltela.pt\/"],"url":"https:\/\/portaltela.pt\/por\/367410592786\/"}]}},"_links":{"self":[{"href":"https:\/\/portaltela.pt\/api\/wp\/v2\/posts\/387799","targetHints":{"allow":["GET"]}}],"collection":[{"href":"https:\/\/portaltela.pt\/api\/wp\/v2\/posts"}],"about":[{"href":"https:\/\/portaltela.pt\/api\/wp\/v2\/types\/post"}],"author":[{"embeddable":true,"href":"https:\/\/portaltela.pt\/api\/wp\/v2\/users\/2"}],"replies":[{"embeddable":true,"href":"https:\/\/portaltela.pt\/api\/wp\/v2\/comments?post=387799"}],"version-history":[{"count":0,"href":"https:\/\/portaltela.pt\/api\/wp\/v2\/posts\/387799\/revisions"}],"wp:featuredmedia":[{"embeddable":true,"href":"https:\/\/portaltela.pt\/api\/wp\/v2\/media\/387811"}],"wp:attachment":[{"href":"https:\/\/portaltela.pt\/api\/wp\/v2\/media?parent=387799"}],"wp:term":[{"taxonomy":"category","embeddable":true,"href":"https:\/\/portaltela.pt\/api\/wp\/v2\/categories?post=387799"},{"taxonomy":"post_tag","embeddable":true,"href":"https:\/\/portaltela.pt\/api\/wp\/v2\/tags?post=387799"}],"curies":[{"name":"wp","href":"https:\/\/api.w.org\/{rel}","templated":true}]}}