{"id":387793,"date":"2026-02-25T14:43:20","date_gmt":"2026-02-25T17:43:20","guid":{"rendered":"https:\/\/portaltela.pt\/noticias\/2026\/02\/25\/anistia-internacional-lanca-concurso-de-ilustracao-por-50-anos-da-constituicao\/"},"modified":"2026-02-25T14:43:20","modified_gmt":"2026-02-25T17:43:20","slug":"anistia-internacional-lanca-concurso-de-ilustracao-por-50-anos-da-constituicao","status":"publish","type":"post","link":"https:\/\/portaltela.pt\/noticias\/2026\/02\/25\/anistia-internacional-lanca-concurso-de-ilustracao-por-50-anos-da-constituicao\/","title":{"rendered":"Anistia Internacional lan\u00e7a concurso de ilustra\u00e7\u00e3o por 50 anos da Constitui\u00e7\u00e3o"},"content":{"rendered":"<p>A Amnistia Internacional Portugal lan\u00e7ou um concurso de ilustra\u00e7\u00e3o para assinalar os 50 anos da aprova\u00e7\u00e3o da Constitui\u00e7\u00e3o da Rep\u00fablica Portuguesa. O pr\u00e9mio para os tr\u00eas melhores cartazes varia entre 150 e 450 euros, conforme a posi\u00e7\u00e3o final.<\/p>\n<p>O objetivo \u00e9 criar ilustra\u00e7\u00f5es que mostrem como os artigos da Constitui\u00e7\u00e3o promovem e protegem os direitos humanos consagrados na Declara\u00e7\u00e3o Universal dos Direitos Humanos. Participa\u00e7\u00e3o gratuita.<\/p>\n<p>Podem concorrer autores individuais com 18 anos ou mais at\u00e9 14 de mar\u00e7o de 2026. As candidaturas devem ser submetidas mediante formul\u00e1rio online, com cada participante a entregar uma \u00fanica ilustra\u00e7\u00e3o.<\/p>\n<h3>Detalhes do concurso<\/h3>\n<p>O regulamento exige que as ilustra\u00e7\u00f5es sejam originais e n\u00e3o tenham sido publicadas nem apresentadas a j\u00fari anteriormente.<\/p>\n","protected":false},"excerpt":{"rendered":"<ul>\n<li>A Amnistia Internacional Portugal lan\u00e7ou um concurso de ilustra\u00e7\u00e3o para assinalar os 50 anos da aprova\u00e7\u00e3o da Constitui\u00e7\u00e3o da Rep\u00fablica Portuguesa.<\/li>\n<li>Os tr\u00eas melhores cartazes ser\u00e3o premiados com valores monet\u00e1rios entre os 450 e os 150 euros.<\/li>\n<li>O objetivo \u00e9 retratar de que forma os artigos da Constitui\u00e7\u00e3o promovem e protegem os direitos humanos, conforme a Declara\u00e7\u00e3o Universal dos Direitos Humanos.<\/li>\n<li>A participa\u00e7\u00e3o \u00e9 gratuita, destina\u2011se a autores com 18 anos ou mais e decorre at\u00e9 ao dia 14 de mar\u00e7o de 2026, atrav\u00e9s de um formul\u00e1rio online, com uma ilustra\u00e7\u00e3o por participante.<\/li>\n<li>As ilustra\u00e7\u00f5es devem ser originais, n\u00e3o publicadas nem submetidas anteriormente a j\u00fari.<\/li>\n<\/ul>\n","protected":false},"author":2,"featured_media":387807,"comment_status":"closed","ping_status":"closed","sticky":false,"template":"","format":"standard","meta":{"footnotes":""},"categories":[1],"tags":[1730,70,4121,4057,2633,1014],"class_list":["post-387793","post","type-post","status-publish","format-standard","has-post-thumbnail","hentry","category-noticias","tag-amnistia-internacional","tag-arte","tag-concursos","tag-constituicao","tag-direitos-humanos","tag-portugal"],"yoast_head":"<!-- This site is optimized with the Yoast SEO plugin v27.2 - https:\/\/yoast.com\/product\/yoast-seo-wordpress\/ -->\n<title>Anistia Internacional lan\u00e7a concurso de ilustra\u00e7\u00e3o por 50 anos da Constitui\u00e7\u00e3o - Portal Tela Portugal<\/title>\n<meta name=\"robots\" content=\"index, follow, max-snippet:-1, max-image-preview:large, max-video-preview:-1\" \/>\n<meta property=\"og:locale\" content=\"pt_PT\" \/>\n<meta property=\"og:type\" content=\"article\" \/>\n<meta property=\"og:title\" content=\"Anistia Internacional lan\u00e7a concurso de ilustra\u00e7\u00e3o por 50 anos da Constitui\u00e7\u00e3o - Portal Tela Portugal\" \/>\n<meta property=\"og:description\" content=\"A Amnistia Internacional Portugal lan\u00e7ou um concurso de ilustra\u00e7\u00e3o para assinalar os 50 anos da aprova\u00e7\u00e3o da Constitui\u00e7\u00e3o da Rep\u00fablica Portuguesa. Os tr\u00eas melhores cartazes ser\u00e3o premiados com valores monet\u00e1rios entre os 450 e os 150 euros. O objetivo \u00e9 retratar de que forma os artigos da Constitui\u00e7\u00e3o promovem e protegem os direitos humanos, conforme a Declara\u00e7\u00e3o Universal dos Direitos Humanos. A participa\u00e7\u00e3o \u00e9 gratuita, destina\u2011se a autores com 18 anos ou mais e decorre at\u00e9 ao dia 14 de mar\u00e7o de 2026, atrav\u00e9s de um formul\u00e1rio online, com uma ilustra\u00e7\u00e3o por participante. As ilustra\u00e7\u00f5es devem ser originais, n\u00e3o publicadas nem submetidas anteriormente a j\u00fari.\" \/>\n<meta property=\"og:url\" content=\"https:\/\/portaltela.pt\/noticias\/2026\/02\/25\/anistia-internacional-lanca-concurso-de-ilustracao-por-50-anos-da-constituicao\/\" \/>\n<meta property=\"og:site_name\" content=\"Portal Tela Portugal\" \/>\n<meta property=\"article:published_time\" content=\"2026-02-25T17:43:20+00:00\" \/>\n<meta name=\"author\" content=\"Telinha\" \/>\n<meta name=\"twitter:card\" content=\"summary_large_image\" \/>\n<meta name=\"twitter:label1\" content=\"Escrito por\" \/>\n\t<meta name=\"twitter:data1\" content=\"Telinha\" \/>\n\t<meta name=\"twitter:label2\" content=\"Tempo estimado de leitura\" \/>\n\t<meta name=\"twitter:data2\" content=\"1 minuto\" \/>\n<script type=\"application\/ld+json\" class=\"yoast-schema-graph\">{\"@context\":\"https:\/\/schema.org\",\"@graph\":[{\"@type\":\"Article\",\"@id\":\"https:\/\/portaltela.pt\/noticias\/2026\/02\/25\/anistia-internacional-lanca-concurso-de-ilustracao-por-50-anos-da-constituicao\/#article\",\"isPartOf\":{\"@id\":\"https:\/\/portaltela.pt\/noticias\/2026\/02\/25\/anistia-internacional-lanca-concurso-de-ilustracao-por-50-anos-da-constituicao\/\"},\"author\":{\"name\":\"Telinha\",\"@id\":\"https:\/\/portaltela.pt\/#\/schema\/person\/c4278d4a6028830caff9ee44b42d32ed\"},\"headline\":\"Anistia Internacional lan\u00e7a concurso de ilustra\u00e7\u00e3o por 50 anos da Constitui\u00e7\u00e3o\",\"datePublished\":\"2026-02-25T17:43:20+00:00\",\"mainEntityOfPage\":{\"@id\":\"https:\/\/portaltela.pt\/noticias\/2026\/02\/25\/anistia-internacional-lanca-concurso-de-ilustracao-por-50-anos-da-constituicao\/\"},\"wordCount\":141,\"image\":{\"@id\":\"https:\/\/portaltela.pt\/noticias\/2026\/02\/25\/anistia-internacional-lanca-concurso-de-ilustracao-por-50-anos-da-constituicao\/#primaryimage\"},\"thumbnailUrl\":\"https:\/\/portaltela.pt\/s.01k8rhncp4jt1\/2026\/02\/img_1500x1000uu2021-10-08-08-24-11-1088155.jpg\",\"keywords\":[\"Amnistia Internacional\",\"arte\",\"concursos\",\"constitui\u00e7\u00e3o\",\"direitos humanos\",\"Portugal\"],\"articleSection\":[\"Not\u00edcias\"],\"inLanguage\":\"pt-PT\"},{\"@type\":\"WebPage\",\"@id\":\"https:\/\/portaltela.pt\/noticias\/2026\/02\/25\/anistia-internacional-lanca-concurso-de-ilustracao-por-50-anos-da-constituicao\/\",\"url\":\"https:\/\/portaltela.pt\/noticias\/2026\/02\/25\/anistia-internacional-lanca-concurso-de-ilustracao-por-50-anos-da-constituicao\/\",\"name\":\"Anistia Internacional lan\u00e7a concurso de ilustra\u00e7\u00e3o por 50 anos da Constitui\u00e7\u00e3o - Portal Tela Portugal\",\"isPartOf\":{\"@id\":\"https:\/\/portaltela.pt\/#website\"},\"primaryImageOfPage\":{\"@id\":\"https:\/\/portaltela.pt\/noticias\/2026\/02\/25\/anistia-internacional-lanca-concurso-de-ilustracao-por-50-anos-da-constituicao\/#primaryimage\"},\"image\":{\"@id\":\"https:\/\/portaltela.pt\/noticias\/2026\/02\/25\/anistia-internacional-lanca-concurso-de-ilustracao-por-50-anos-da-constituicao\/#primaryimage\"},\"thumbnailUrl\":\"https:\/\/portaltela.pt\/s.01k8rhncp4jt1\/2026\/02\/img_1500x1000uu2021-10-08-08-24-11-1088155.jpg\",\"datePublished\":\"2026-02-25T17:43:20+00:00\",\"author\":{\"@id\":\"https:\/\/portaltela.pt\/#\/schema\/person\/c4278d4a6028830caff9ee44b42d32ed\"},\"breadcrumb\":{\"@id\":\"https:\/\/portaltela.pt\/noticias\/2026\/02\/25\/anistia-internacional-lanca-concurso-de-ilustracao-por-50-anos-da-constituicao\/#breadcrumb\"},\"inLanguage\":\"pt-PT\",\"potentialAction\":[{\"@type\":\"ReadAction\",\"target\":[\"https:\/\/portaltela.pt\/noticias\/2026\/02\/25\/anistia-internacional-lanca-concurso-de-ilustracao-por-50-anos-da-constituicao\/\"]}]},{\"@type\":\"ImageObject\",\"inLanguage\":\"pt-PT\",\"@id\":\"https:\/\/portaltela.pt\/noticias\/2026\/02\/25\/anistia-internacional-lanca-concurso-de-ilustracao-por-50-anos-da-constituicao\/#primaryimage\",\"url\":\"https:\/\/portaltela.pt\/s.01k8rhncp4jt1\/2026\/02\/img_1500x1000uu2021-10-08-08-24-11-1088155.jpg\",\"contentUrl\":\"https:\/\/portaltela.pt\/s.01k8rhncp4jt1\/2026\/02\/img_1500x1000uu2021-10-08-08-24-11-1088155.jpg\",\"width\":796,\"height\":448,\"caption\":\"Amnistia Internacional\"},{\"@type\":\"BreadcrumbList\",\"@id\":\"https:\/\/portaltela.pt\/noticias\/2026\/02\/25\/anistia-internacional-lanca-concurso-de-ilustracao-por-50-anos-da-constituicao\/#breadcrumb\",\"itemListElement\":[{\"@type\":\"ListItem\",\"position\":1,\"name\":\"In\u00edcio\",\"item\":\"https:\/\/portaltela.pt\/\"},{\"@type\":\"ListItem\",\"position\":2,\"name\":\"Anistia Internacional lan\u00e7a concurso de ilustra\u00e7\u00e3o por 50 anos da Constitui\u00e7\u00e3o\"}]},{\"@type\":\"WebSite\",\"@id\":\"https:\/\/portaltela.pt\/#website\",\"url\":\"https:\/\/portaltela.pt\/\",\"name\":\"Portal Tela Portugal\",\"description\":\"\",\"potentialAction\":[{\"@type\":\"SearchAction\",\"target\":{\"@type\":\"EntryPoint\",\"urlTemplate\":\"https:\/\/portaltela.pt\/?s={search_term_string}\"},\"query-input\":{\"@type\":\"PropertyValueSpecification\",\"valueRequired\":true,\"valueName\":\"search_term_string\"}}],\"inLanguage\":\"pt-PT\"},{\"@type\":\"Person\",\"@id\":\"https:\/\/portaltela.pt\/#\/schema\/person\/c4278d4a6028830caff9ee44b42d32ed\",\"name\":\"Telinha\",\"image\":{\"@type\":\"ImageObject\",\"inLanguage\":\"pt-PT\",\"@id\":\"https:\/\/portaltela.pt\/s.01k8rhncp4jt1\/2025\/11\/talking-bot-125x125.png\",\"url\":\"https:\/\/portaltela.pt\/s.01k8rhncp4jt1\/2025\/11\/talking-bot-125x125.png\",\"contentUrl\":\"https:\/\/portaltela.pt\/s.01k8rhncp4jt1\/2025\/11\/talking-bot-125x125.png\",\"caption\":\"Telinha\"},\"sameAs\":[\"https:\/\/portaltela.pt\/\"],\"url\":\"https:\/\/portaltela.pt\/por\/367410592786\/\"}]}<\/script>\n<!-- \/ Yoast SEO plugin. -->","yoast_head_json":{"title":"Anistia Internacional lan\u00e7a concurso de ilustra\u00e7\u00e3o por 50 anos da Constitui\u00e7\u00e3o - Portal Tela Portugal","robots":{"index":"index","follow":"follow","max-snippet":"max-snippet:-1","max-image-preview":"max-image-preview:large","max-video-preview":"max-video-preview:-1"},"og_locale":"pt_PT","og_type":"article","og_title":"Anistia Internacional lan\u00e7a concurso de ilustra\u00e7\u00e3o por 50 anos da Constitui\u00e7\u00e3o - Portal Tela Portugal","og_description":"A Amnistia Internacional Portugal lan\u00e7ou um concurso de ilustra\u00e7\u00e3o para assinalar os 50 anos da aprova\u00e7\u00e3o da Constitui\u00e7\u00e3o da Rep\u00fablica Portuguesa. Os tr\u00eas melhores cartazes ser\u00e3o premiados com valores monet\u00e1rios entre os 450 e os 150 euros. O objetivo \u00e9 retratar de que forma os artigos da Constitui\u00e7\u00e3o promovem e protegem os direitos humanos, conforme a Declara\u00e7\u00e3o Universal dos Direitos Humanos. A participa\u00e7\u00e3o \u00e9 gratuita, destina\u2011se a autores com 18 anos ou mais e decorre at\u00e9 ao dia 14 de mar\u00e7o de 2026, atrav\u00e9s de um formul\u00e1rio online, com uma ilustra\u00e7\u00e3o por participante. As ilustra\u00e7\u00f5es devem ser originais, n\u00e3o publicadas nem submetidas anteriormente a j\u00fari.","og_url":"https:\/\/portaltela.pt\/noticias\/2026\/02\/25\/anistia-internacional-lanca-concurso-de-ilustracao-por-50-anos-da-constituicao\/","og_site_name":"Portal Tela Portugal","article_published_time":"2026-02-25T17:43:20+00:00","author":"Telinha","twitter_card":"summary_large_image","twitter_misc":{"Escrito por":"Telinha","Tempo estimado de leitura":"1 minuto"},"schema":{"@context":"https:\/\/schema.org","@graph":[{"@type":"Article","@id":"https:\/\/portaltela.pt\/noticias\/2026\/02\/25\/anistia-internacional-lanca-concurso-de-ilustracao-por-50-anos-da-constituicao\/#article","isPartOf":{"@id":"https:\/\/portaltela.pt\/noticias\/2026\/02\/25\/anistia-internacional-lanca-concurso-de-ilustracao-por-50-anos-da-constituicao\/"},"author":{"name":"Telinha","@id":"https:\/\/portaltela.pt\/#\/schema\/person\/c4278d4a6028830caff9ee44b42d32ed"},"headline":"Anistia Internacional lan\u00e7a concurso de ilustra\u00e7\u00e3o por 50 anos da Constitui\u00e7\u00e3o","datePublished":"2026-02-25T17:43:20+00:00","mainEntityOfPage":{"@id":"https:\/\/portaltela.pt\/noticias\/2026\/02\/25\/anistia-internacional-lanca-concurso-de-ilustracao-por-50-anos-da-constituicao\/"},"wordCount":141,"image":{"@id":"https:\/\/portaltela.pt\/noticias\/2026\/02\/25\/anistia-internacional-lanca-concurso-de-ilustracao-por-50-anos-da-constituicao\/#primaryimage"},"thumbnailUrl":"https:\/\/portaltela.pt\/s.01k8rhncp4jt1\/2026\/02\/img_1500x1000uu2021-10-08-08-24-11-1088155.jpg","keywords":["Amnistia Internacional","arte","concursos","constitui\u00e7\u00e3o","direitos humanos","Portugal"],"articleSection":["Not\u00edcias"],"inLanguage":"pt-PT"},{"@type":"WebPage","@id":"https:\/\/portaltela.pt\/noticias\/2026\/02\/25\/anistia-internacional-lanca-concurso-de-ilustracao-por-50-anos-da-constituicao\/","url":"https:\/\/portaltela.pt\/noticias\/2026\/02\/25\/anistia-internacional-lanca-concurso-de-ilustracao-por-50-anos-da-constituicao\/","name":"Anistia Internacional lan\u00e7a concurso de ilustra\u00e7\u00e3o por 50 anos da Constitui\u00e7\u00e3o - Portal Tela Portugal","isPartOf":{"@id":"https:\/\/portaltela.pt\/#website"},"primaryImageOfPage":{"@id":"https:\/\/portaltela.pt\/noticias\/2026\/02\/25\/anistia-internacional-lanca-concurso-de-ilustracao-por-50-anos-da-constituicao\/#primaryimage"},"image":{"@id":"https:\/\/portaltela.pt\/noticias\/2026\/02\/25\/anistia-internacional-lanca-concurso-de-ilustracao-por-50-anos-da-constituicao\/#primaryimage"},"thumbnailUrl":"https:\/\/portaltela.pt\/s.01k8rhncp4jt1\/2026\/02\/img_1500x1000uu2021-10-08-08-24-11-1088155.jpg","datePublished":"2026-02-25T17:43:20+00:00","author":{"@id":"https:\/\/portaltela.pt\/#\/schema\/person\/c4278d4a6028830caff9ee44b42d32ed"},"breadcrumb":{"@id":"https:\/\/portaltela.pt\/noticias\/2026\/02\/25\/anistia-internacional-lanca-concurso-de-ilustracao-por-50-anos-da-constituicao\/#breadcrumb"},"inLanguage":"pt-PT","potentialAction":[{"@type":"ReadAction","target":["https:\/\/portaltela.pt\/noticias\/2026\/02\/25\/anistia-internacional-lanca-concurso-de-ilustracao-por-50-anos-da-constituicao\/"]}]},{"@type":"ImageObject","inLanguage":"pt-PT","@id":"https:\/\/portaltela.pt\/noticias\/2026\/02\/25\/anistia-internacional-lanca-concurso-de-ilustracao-por-50-anos-da-constituicao\/#primaryimage","url":"https:\/\/portaltela.pt\/s.01k8rhncp4jt1\/2026\/02\/img_1500x1000uu2021-10-08-08-24-11-1088155.jpg","contentUrl":"https:\/\/portaltela.pt\/s.01k8rhncp4jt1\/2026\/02\/img_1500x1000uu2021-10-08-08-24-11-1088155.jpg","width":796,"height":448,"caption":"Amnistia Internacional"},{"@type":"BreadcrumbList","@id":"https:\/\/portaltela.pt\/noticias\/2026\/02\/25\/anistia-internacional-lanca-concurso-de-ilustracao-por-50-anos-da-constituicao\/#breadcrumb","itemListElement":[{"@type":"ListItem","position":1,"name":"In\u00edcio","item":"https:\/\/portaltela.pt\/"},{"@type":"ListItem","position":2,"name":"Anistia Internacional lan\u00e7a concurso de ilustra\u00e7\u00e3o por 50 anos da Constitui\u00e7\u00e3o"}]},{"@type":"WebSite","@id":"https:\/\/portaltela.pt\/#website","url":"https:\/\/portaltela.pt\/","name":"Portal Tela Portugal","description":"","potentialAction":[{"@type":"SearchAction","target":{"@type":"EntryPoint","urlTemplate":"https:\/\/portaltela.pt\/?s={search_term_string}"},"query-input":{"@type":"PropertyValueSpecification","valueRequired":true,"valueName":"search_term_string"}}],"inLanguage":"pt-PT"},{"@type":"Person","@id":"https:\/\/portaltela.pt\/#\/schema\/person\/c4278d4a6028830caff9ee44b42d32ed","name":"Telinha","image":{"@type":"ImageObject","inLanguage":"pt-PT","@id":"https:\/\/portaltela.pt\/s.01k8rhncp4jt1\/2025\/11\/talking-bot-125x125.png","url":"https:\/\/portaltela.pt\/s.01k8rhncp4jt1\/2025\/11\/talking-bot-125x125.png","contentUrl":"https:\/\/portaltela.pt\/s.01k8rhncp4jt1\/2025\/11\/talking-bot-125x125.png","caption":"Telinha"},"sameAs":["https:\/\/portaltela.pt\/"],"url":"https:\/\/portaltela.pt\/por\/367410592786\/"}]}},"_links":{"self":[{"href":"https:\/\/portaltela.pt\/api\/wp\/v2\/posts\/387793","targetHints":{"allow":["GET"]}}],"collection":[{"href":"https:\/\/portaltela.pt\/api\/wp\/v2\/posts"}],"about":[{"href":"https:\/\/portaltela.pt\/api\/wp\/v2\/types\/post"}],"author":[{"embeddable":true,"href":"https:\/\/portaltela.pt\/api\/wp\/v2\/users\/2"}],"replies":[{"embeddable":true,"href":"https:\/\/portaltela.pt\/api\/wp\/v2\/comments?post=387793"}],"version-history":[{"count":0,"href":"https:\/\/portaltela.pt\/api\/wp\/v2\/posts\/387793\/revisions"}],"wp:featuredmedia":[{"embeddable":true,"href":"https:\/\/portaltela.pt\/api\/wp\/v2\/media\/387807"}],"wp:attachment":[{"href":"https:\/\/portaltela.pt\/api\/wp\/v2\/media?parent=387793"}],"wp:term":[{"taxonomy":"category","embeddable":true,"href":"https:\/\/portaltela.pt\/api\/wp\/v2\/categories?post=387793"},{"taxonomy":"post_tag","embeddable":true,"href":"https:\/\/portaltela.pt\/api\/wp\/v2\/tags?post=387793"}],"curies":[{"name":"wp","href":"https:\/\/api.w.org\/{rel}","templated":true}]}}