{"id":387792,"date":"2026-02-25T14:16:00","date_gmt":"2026-02-25T17:16:00","guid":{"rendered":"https:\/\/portaltela.pt\/noticias\/2026\/02\/25\/estado-da-uniao-factos-e-desmentidos-sobre-o-discurso-de-trump\/"},"modified":"2026-02-25T14:16:00","modified_gmt":"2026-02-25T17:16:00","slug":"estado-da-uniao-factos-e-desmentidos-sobre-o-discurso-de-trump","status":"publish","type":"post","link":"https:\/\/portaltela.pt\/noticias\/politica\/2026\/02\/25\/estado-da-uniao-factos-e-desmentidos-sobre-o-discurso-de-trump\/","title":{"rendered":"Estado da Uni\u00e3o: factos e desmentidos sobre o discurso de Trump"},"content":{"rendered":"<p>Do p\u00fablico analisou oito afirma\u00e7\u00f5es de Donald Trump no discurso ao Congresso, em que abordou infla\u00e7\u00e3o, emprego e quest\u00f5es econ\u00f3micas. A veracidade dos dados foi verificada, com v\u00e1rias afirma\u00e7\u00f5es a divergir dos factos oficiais.<\/p>\n<p>A infla\u00e7\u00e3o em janeiro de 2025, quando Trump tomou posse, situava-se em 3%, segundo o Bureau of Labor Statistics. Esse valor n\u00e3o representa um recorde hist\u00f3rico, j\u00e1 que a infla\u00e7\u00e3o atingiu 9,1% em junho de 2022.<\/p>\n<h3>Infla\u00e7\u00e3o, emprego e impostos<\/h3>\n<p>Marco Rubio recebeu aprova\u00e7\u00e3o un\u00e2nime no Senado para a nomea\u00e7\u00e3o de secret\u00e1rio de Estado, em 20 de janeiro de 2025, com 99 votos a favor e nenhum contra. JD Vance manteve o voto vago, refletindo uma situa\u00e7\u00e3o at\u00edpica na vota\u00e7\u00e3o.<\/p>\n<p>Iryna Zarutska foi assassinada num comboio em Charlotte a 22 de agosto de 2025. O suspeito, Decarlos Dejuan Brown Jr., tem 34 anos e \u00e9 cidad\u00e3o norte-americano, segundo fontes judiciais e reportagens locais.<\/p>\n<h3>Pre\u00e7os da gasolina e custo de vida<\/h3>\n<p>Em 25 de fevereiro de 2026, o pre\u00e7o m\u00e9dio da gasolina nos EUA era de 2,975 d\u00f3lares por gal\u00e3o, com todos os estados acima de 2,30 d\u00f3lares por gal\u00e3o. Existem poucas exce\u00e7\u00f5es de esta\u00e7\u00f5es a 1,99 d\u00f3lares, em Texas e Oklahoma, registadas pelo GasBuddy.<\/p>\n<h3>Emprego e participa\u00e7\u00e3o na for\u00e7a de trabalho<\/h3>\n<p>Segundo o Bureau of Labor Statistics, janeiro de 2026 registou cerca de 158,6 milh\u00f5es de trabalhadores empregados, o maior n\u00famero hist\u00f3rico. No entanto, a taxa de empregabilidade em rela\u00e7\u00e3o \u00e0 popula\u00e7\u00e3o ficou em 59,8%, abaixo de picos de 60% em 2025 e de 61,1% em 2020.<\/p>\n<h3>Homic\u00eddios em Washington DC<\/h3>\n<p>A pol\u00edcia de Washington DC indica 127 homic\u00eddios em 2025, uma redu\u00e7\u00e3o de 32% face a 2024. At\u00e9 25 de fevereiro de 2026, foram registados 10 homic\u00eddios, menos 63% que no mesmo per\u00edodo de 2025, apontando para uma tend\u00eancia de queda.<\/p>\n<h3>Corte de impostos<\/h3>\n<p>Segundo o Tax Foundation, o pacote de cortes de impostos aprovado em julho de 2025 n\u00e3o foi o maior da hist\u00f3ria, mas sim o sexto maior em termos relativos \u00e0 dimens\u00e3o da economia atual.<\/p>\n<h3>Pre\u00e7o dos ovos<\/h3>\n<p>O pre\u00e7o m\u00e9dio dos ovos em janeiro de 2025 era de 4,95 d\u00f3lares. Em janeiro de 2026, situava-se em 2,58 d\u00f3lares, uma queda de cerca de 48%. Contudo, entre mar\u00e7o de 2025 (6,23 d\u00f3lares) e mar\u00e7o de 2026 houve uma redu\u00e7\u00e3o de 59%, alinhando-se com a afirma\u00e7\u00e3o inicial de queda.<\/p>\n","protected":false},"excerpt":{"rendered":"<ul>\n<li>O P\u00fablico analisou oito afirma\u00e7\u00f5es de Donald Trump no discurso ao Congresso, cobrindo infla\u00e7\u00e3o, emprego e outros temas, com nem sempre precis\u00e3o factual.<\/li>\n<li>N\u00e3o \u00e9 verdade que tenha herdado uma na\u00e7\u00e3o com infla\u00e7\u00e3o recorde; em janeiro de 2025, a infla\u00e7\u00e3o era de 3%, longe de um n\u00edvel hist\u00f3rico, com pico de 9,1% em junho de 2022.<\/li>\n<li>Marco Rubio teve 100% dos votos na confirma\u00e7\u00e3o pelo Senado em 20 de janeiro de 2025; JD Vance deixou a vaga no processo, resultando em 99 votos a favor e nenhum contra.<\/li>\n<li>A afirma\u00e7\u00e3o sobre Iryna Zarutska estar morta por um criminoso libertado n\u00e3o corresponde aos feitos; o suspeito \u00e9 um cidad\u00e3o norte-americano, Dejuan Brown Jr., segundo a pol\u00edcia e \u00f3rg\u00e3os de not\u00edcia.<\/li>\n<li>O pre\u00e7o da gasolina n\u00e3o caiu abaixo de 2,30 d\u00f3lares por gal\u00e3o na maioria dos estados; em 25 de fevereiro de 2026 a m\u00e9dia era de 2,975 d\u00f3lares por gal\u00e3o, com alguns lugares a 1,99.<\/li>\n<\/ul>\n","protected":false},"author":2,"featured_media":387804,"comment_status":"closed","ping_status":"closed","sticky":false,"template":"","format":"standard","meta":{"footnotes":""},"categories":[1,5],"tags":[6115,5508,820,6369,3613,2832],"class_list":["post-387792","post","type-post","status-publish","format-standard","has-post-thumbnail","hentry","category-noticias","category-politica","tag-_economia","tag-abastecimento-de-combustivel","tag-desemprego","tag-homicidios","tag-impostos","tag-politica"],"yoast_head":"<!-- This site is optimized with the Yoast SEO plugin v27.2 - https:\/\/yoast.com\/product\/yoast-seo-wordpress\/ -->\n<title>Estado da Uni\u00e3o: factos e desmentidos sobre o discurso de Trump - Portal Tela Portugal<\/title>\n<meta name=\"robots\" content=\"index, follow, max-snippet:-1, max-image-preview:large, max-video-preview:-1\" \/>\n<meta property=\"og:locale\" content=\"pt_PT\" \/>\n<meta property=\"og:type\" content=\"article\" \/>\n<meta property=\"og:title\" content=\"Estado da Uni\u00e3o: factos e desmentidos sobre o discurso de Trump - Portal Tela Portugal\" \/>\n<meta property=\"og:description\" content=\"O P\u00fablico analisou oito afirma\u00e7\u00f5es de Donald Trump no discurso ao Congresso, cobrindo infla\u00e7\u00e3o, emprego e outros temas, com nem sempre precis\u00e3o factual. N\u00e3o \u00e9 verdade que tenha herdado uma na\u00e7\u00e3o com infla\u00e7\u00e3o recorde; em janeiro de 2025, a infla\u00e7\u00e3o era de 3%, longe de um n\u00edvel hist\u00f3rico, com pico de 9,1% em junho de 2022. Marco Rubio teve 100% dos votos na confirma\u00e7\u00e3o pelo Senado em 20 de janeiro de 2025; JD Vance deixou a vaga no processo, resultando em 99 votos a favor e nenhum contra. A afirma\u00e7\u00e3o sobre Iryna Zarutska estar morta por um criminoso libertado n\u00e3o corresponde aos feitos; o suspeito \u00e9 um cidad\u00e3o norte-americano, Dejuan Brown Jr., segundo a pol\u00edcia e \u00f3rg\u00e3os de not\u00edcia. O pre\u00e7o da gasolina n\u00e3o caiu abaixo de 2,30 d\u00f3lares por gal\u00e3o na maioria dos estados; em 25 de fevereiro de 2026 a m\u00e9dia era de 2,975 d\u00f3lares por gal\u00e3o, com alguns lugares a 1,99.\" \/>\n<meta property=\"og:url\" content=\"https:\/\/portaltela.pt\/noticias\/2026\/02\/25\/estado-da-uniao-factos-e-desmentidos-sobre-o-discurso-de-trump\/\" \/>\n<meta property=\"og:site_name\" content=\"Portal Tela Portugal\" \/>\n<meta property=\"article:published_time\" content=\"2026-02-25T17:16:00+00:00\" \/>\n<meta name=\"author\" content=\"Telinha\" \/>\n<meta name=\"twitter:card\" content=\"summary_large_image\" \/>\n<meta name=\"twitter:label1\" content=\"Escrito por\" \/>\n\t<meta name=\"twitter:data1\" content=\"Telinha\" \/>\n\t<meta name=\"twitter:label2\" content=\"Tempo estimado de leitura\" \/>\n\t<meta name=\"twitter:data2\" content=\"2 minutos\" \/>\n<script type=\"application\/ld+json\" class=\"yoast-schema-graph\">{\"@context\":\"https:\/\/schema.org\",\"@graph\":[{\"@type\":\"Article\",\"@id\":\"https:\/\/portaltela.pt\/noticias\/2026\/02\/25\/estado-da-uniao-factos-e-desmentidos-sobre-o-discurso-de-trump\/#article\",\"isPartOf\":{\"@id\":\"https:\/\/portaltela.pt\/noticias\/2026\/02\/25\/estado-da-uniao-factos-e-desmentidos-sobre-o-discurso-de-trump\/\"},\"author\":{\"name\":\"Telinha\",\"@id\":\"https:\/\/portaltela.pt\/#\/schema\/person\/c4278d4a6028830caff9ee44b42d32ed\"},\"headline\":\"Estado da Uni\u00e3o: factos e desmentidos sobre o discurso de Trump\",\"datePublished\":\"2026-02-25T17:16:00+00:00\",\"mainEntityOfPage\":{\"@id\":\"https:\/\/portaltela.pt\/noticias\/2026\/02\/25\/estado-da-uniao-factos-e-desmentidos-sobre-o-discurso-de-trump\/\"},\"wordCount\":411,\"image\":{\"@id\":\"https:\/\/portaltela.pt\/noticias\/2026\/02\/25\/estado-da-uniao-factos-e-desmentidos-sobre-o-discurso-de-trump\/#primaryimage\"},\"thumbnailUrl\":\"https:\/\/portaltela.pt\/s.01k8rhncp4jt1\/2026\/02\/2069744.jpg\",\"keywords\":[\"_economia\",\"abastecimento de combust\u00edvel\",\"desemprego\",\"homic\u00eddios\",\"impostos\",\"pol\u00edtica\"],\"articleSection\":[\"Not\u00edcias\",\"Pol\u00edtica\"],\"inLanguage\":\"pt-PT\"},{\"@type\":\"WebPage\",\"@id\":\"https:\/\/portaltela.pt\/noticias\/2026\/02\/25\/estado-da-uniao-factos-e-desmentidos-sobre-o-discurso-de-trump\/\",\"url\":\"https:\/\/portaltela.pt\/noticias\/2026\/02\/25\/estado-da-uniao-factos-e-desmentidos-sobre-o-discurso-de-trump\/\",\"name\":\"Estado da Uni\u00e3o: factos e desmentidos sobre o discurso de Trump - Portal Tela Portugal\",\"isPartOf\":{\"@id\":\"https:\/\/portaltela.pt\/#website\"},\"primaryImageOfPage\":{\"@id\":\"https:\/\/portaltela.pt\/noticias\/2026\/02\/25\/estado-da-uniao-factos-e-desmentidos-sobre-o-discurso-de-trump\/#primaryimage\"},\"image\":{\"@id\":\"https:\/\/portaltela.pt\/noticias\/2026\/02\/25\/estado-da-uniao-factos-e-desmentidos-sobre-o-discurso-de-trump\/#primaryimage\"},\"thumbnailUrl\":\"https:\/\/portaltela.pt\/s.01k8rhncp4jt1\/2026\/02\/2069744.jpg\",\"datePublished\":\"2026-02-25T17:16:00+00:00\",\"author\":{\"@id\":\"https:\/\/portaltela.pt\/#\/schema\/person\/c4278d4a6028830caff9ee44b42d32ed\"},\"breadcrumb\":{\"@id\":\"https:\/\/portaltela.pt\/noticias\/2026\/02\/25\/estado-da-uniao-factos-e-desmentidos-sobre-o-discurso-de-trump\/#breadcrumb\"},\"inLanguage\":\"pt-PT\",\"potentialAction\":[{\"@type\":\"ReadAction\",\"target\":[\"https:\/\/portaltela.pt\/noticias\/2026\/02\/25\/estado-da-uniao-factos-e-desmentidos-sobre-o-discurso-de-trump\/\"]}]},{\"@type\":\"ImageObject\",\"inLanguage\":\"pt-PT\",\"@id\":\"https:\/\/portaltela.pt\/noticias\/2026\/02\/25\/estado-da-uniao-factos-e-desmentidos-sobre-o-discurso-de-trump\/#primaryimage\",\"url\":\"https:\/\/portaltela.pt\/s.01k8rhncp4jt1\/2026\/02\/2069744.jpg\",\"contentUrl\":\"https:\/\/portaltela.pt\/s.01k8rhncp4jt1\/2026\/02\/2069744.jpg\",\"width\":796,\"height\":448,\"caption\":\"Donald Trump discursou durante cerca de duas horas, esta quarta-feira de madrugada no Congresso\"},{\"@type\":\"BreadcrumbList\",\"@id\":\"https:\/\/portaltela.pt\/noticias\/2026\/02\/25\/estado-da-uniao-factos-e-desmentidos-sobre-o-discurso-de-trump\/#breadcrumb\",\"itemListElement\":[{\"@type\":\"ListItem\",\"position\":1,\"name\":\"In\u00edcio\",\"item\":\"https:\/\/portaltela.pt\/\"},{\"@type\":\"ListItem\",\"position\":2,\"name\":\"Estado da Uni\u00e3o: factos e desmentidos sobre o discurso de Trump\"}]},{\"@type\":\"WebSite\",\"@id\":\"https:\/\/portaltela.pt\/#website\",\"url\":\"https:\/\/portaltela.pt\/\",\"name\":\"Portal Tela Portugal\",\"description\":\"\",\"potentialAction\":[{\"@type\":\"SearchAction\",\"target\":{\"@type\":\"EntryPoint\",\"urlTemplate\":\"https:\/\/portaltela.pt\/?s={search_term_string}\"},\"query-input\":{\"@type\":\"PropertyValueSpecification\",\"valueRequired\":true,\"valueName\":\"search_term_string\"}}],\"inLanguage\":\"pt-PT\"},{\"@type\":\"Person\",\"@id\":\"https:\/\/portaltela.pt\/#\/schema\/person\/c4278d4a6028830caff9ee44b42d32ed\",\"name\":\"Telinha\",\"image\":{\"@type\":\"ImageObject\",\"inLanguage\":\"pt-PT\",\"@id\":\"https:\/\/portaltela.pt\/s.01k8rhncp4jt1\/2025\/11\/talking-bot-125x125.png\",\"url\":\"https:\/\/portaltela.pt\/s.01k8rhncp4jt1\/2025\/11\/talking-bot-125x125.png\",\"contentUrl\":\"https:\/\/portaltela.pt\/s.01k8rhncp4jt1\/2025\/11\/talking-bot-125x125.png\",\"caption\":\"Telinha\"},\"sameAs\":[\"https:\/\/portaltela.pt\/\"],\"url\":\"https:\/\/portaltela.pt\/por\/367410592786\/\"}]}<\/script>\n<!-- \/ Yoast SEO plugin. -->","yoast_head_json":{"title":"Estado da Uni\u00e3o: factos e desmentidos sobre o discurso de Trump - Portal Tela Portugal","robots":{"index":"index","follow":"follow","max-snippet":"max-snippet:-1","max-image-preview":"max-image-preview:large","max-video-preview":"max-video-preview:-1"},"og_locale":"pt_PT","og_type":"article","og_title":"Estado da Uni\u00e3o: factos e desmentidos sobre o discurso de Trump - Portal Tela Portugal","og_description":"O P\u00fablico analisou oito afirma\u00e7\u00f5es de Donald Trump no discurso ao Congresso, cobrindo infla\u00e7\u00e3o, emprego e outros temas, com nem sempre precis\u00e3o factual. N\u00e3o \u00e9 verdade que tenha herdado uma na\u00e7\u00e3o com infla\u00e7\u00e3o recorde; em janeiro de 2025, a infla\u00e7\u00e3o era de 3%, longe de um n\u00edvel hist\u00f3rico, com pico de 9,1% em junho de 2022. Marco Rubio teve 100% dos votos na confirma\u00e7\u00e3o pelo Senado em 20 de janeiro de 2025; JD Vance deixou a vaga no processo, resultando em 99 votos a favor e nenhum contra. A afirma\u00e7\u00e3o sobre Iryna Zarutska estar morta por um criminoso libertado n\u00e3o corresponde aos feitos; o suspeito \u00e9 um cidad\u00e3o norte-americano, Dejuan Brown Jr., segundo a pol\u00edcia e \u00f3rg\u00e3os de not\u00edcia. O pre\u00e7o da gasolina n\u00e3o caiu abaixo de 2,30 d\u00f3lares por gal\u00e3o na maioria dos estados; em 25 de fevereiro de 2026 a m\u00e9dia era de 2,975 d\u00f3lares por gal\u00e3o, com alguns lugares a 1,99.","og_url":"https:\/\/portaltela.pt\/noticias\/2026\/02\/25\/estado-da-uniao-factos-e-desmentidos-sobre-o-discurso-de-trump\/","og_site_name":"Portal Tela Portugal","article_published_time":"2026-02-25T17:16:00+00:00","author":"Telinha","twitter_card":"summary_large_image","twitter_misc":{"Escrito por":"Telinha","Tempo estimado de leitura":"2 minutos"},"schema":{"@context":"https:\/\/schema.org","@graph":[{"@type":"Article","@id":"https:\/\/portaltela.pt\/noticias\/2026\/02\/25\/estado-da-uniao-factos-e-desmentidos-sobre-o-discurso-de-trump\/#article","isPartOf":{"@id":"https:\/\/portaltela.pt\/noticias\/2026\/02\/25\/estado-da-uniao-factos-e-desmentidos-sobre-o-discurso-de-trump\/"},"author":{"name":"Telinha","@id":"https:\/\/portaltela.pt\/#\/schema\/person\/c4278d4a6028830caff9ee44b42d32ed"},"headline":"Estado da Uni\u00e3o: factos e desmentidos sobre o discurso de Trump","datePublished":"2026-02-25T17:16:00+00:00","mainEntityOfPage":{"@id":"https:\/\/portaltela.pt\/noticias\/2026\/02\/25\/estado-da-uniao-factos-e-desmentidos-sobre-o-discurso-de-trump\/"},"wordCount":411,"image":{"@id":"https:\/\/portaltela.pt\/noticias\/2026\/02\/25\/estado-da-uniao-factos-e-desmentidos-sobre-o-discurso-de-trump\/#primaryimage"},"thumbnailUrl":"https:\/\/portaltela.pt\/s.01k8rhncp4jt1\/2026\/02\/2069744.jpg","keywords":["_economia","abastecimento de combust\u00edvel","desemprego","homic\u00eddios","impostos","pol\u00edtica"],"articleSection":["Not\u00edcias","Pol\u00edtica"],"inLanguage":"pt-PT"},{"@type":"WebPage","@id":"https:\/\/portaltela.pt\/noticias\/2026\/02\/25\/estado-da-uniao-factos-e-desmentidos-sobre-o-discurso-de-trump\/","url":"https:\/\/portaltela.pt\/noticias\/2026\/02\/25\/estado-da-uniao-factos-e-desmentidos-sobre-o-discurso-de-trump\/","name":"Estado da Uni\u00e3o: factos e desmentidos sobre o discurso de Trump - Portal Tela Portugal","isPartOf":{"@id":"https:\/\/portaltela.pt\/#website"},"primaryImageOfPage":{"@id":"https:\/\/portaltela.pt\/noticias\/2026\/02\/25\/estado-da-uniao-factos-e-desmentidos-sobre-o-discurso-de-trump\/#primaryimage"},"image":{"@id":"https:\/\/portaltela.pt\/noticias\/2026\/02\/25\/estado-da-uniao-factos-e-desmentidos-sobre-o-discurso-de-trump\/#primaryimage"},"thumbnailUrl":"https:\/\/portaltela.pt\/s.01k8rhncp4jt1\/2026\/02\/2069744.jpg","datePublished":"2026-02-25T17:16:00+00:00","author":{"@id":"https:\/\/portaltela.pt\/#\/schema\/person\/c4278d4a6028830caff9ee44b42d32ed"},"breadcrumb":{"@id":"https:\/\/portaltela.pt\/noticias\/2026\/02\/25\/estado-da-uniao-factos-e-desmentidos-sobre-o-discurso-de-trump\/#breadcrumb"},"inLanguage":"pt-PT","potentialAction":[{"@type":"ReadAction","target":["https:\/\/portaltela.pt\/noticias\/2026\/02\/25\/estado-da-uniao-factos-e-desmentidos-sobre-o-discurso-de-trump\/"]}]},{"@type":"ImageObject","inLanguage":"pt-PT","@id":"https:\/\/portaltela.pt\/noticias\/2026\/02\/25\/estado-da-uniao-factos-e-desmentidos-sobre-o-discurso-de-trump\/#primaryimage","url":"https:\/\/portaltela.pt\/s.01k8rhncp4jt1\/2026\/02\/2069744.jpg","contentUrl":"https:\/\/portaltela.pt\/s.01k8rhncp4jt1\/2026\/02\/2069744.jpg","width":796,"height":448,"caption":"Donald Trump discursou durante cerca de duas horas, esta quarta-feira de madrugada no Congresso"},{"@type":"BreadcrumbList","@id":"https:\/\/portaltela.pt\/noticias\/2026\/02\/25\/estado-da-uniao-factos-e-desmentidos-sobre-o-discurso-de-trump\/#breadcrumb","itemListElement":[{"@type":"ListItem","position":1,"name":"In\u00edcio","item":"https:\/\/portaltela.pt\/"},{"@type":"ListItem","position":2,"name":"Estado da Uni\u00e3o: factos e desmentidos sobre o discurso de Trump"}]},{"@type":"WebSite","@id":"https:\/\/portaltela.pt\/#website","url":"https:\/\/portaltela.pt\/","name":"Portal Tela Portugal","description":"","potentialAction":[{"@type":"SearchAction","target":{"@type":"EntryPoint","urlTemplate":"https:\/\/portaltela.pt\/?s={search_term_string}"},"query-input":{"@type":"PropertyValueSpecification","valueRequired":true,"valueName":"search_term_string"}}],"inLanguage":"pt-PT"},{"@type":"Person","@id":"https:\/\/portaltela.pt\/#\/schema\/person\/c4278d4a6028830caff9ee44b42d32ed","name":"Telinha","image":{"@type":"ImageObject","inLanguage":"pt-PT","@id":"https:\/\/portaltela.pt\/s.01k8rhncp4jt1\/2025\/11\/talking-bot-125x125.png","url":"https:\/\/portaltela.pt\/s.01k8rhncp4jt1\/2025\/11\/talking-bot-125x125.png","contentUrl":"https:\/\/portaltela.pt\/s.01k8rhncp4jt1\/2025\/11\/talking-bot-125x125.png","caption":"Telinha"},"sameAs":["https:\/\/portaltela.pt\/"],"url":"https:\/\/portaltela.pt\/por\/367410592786\/"}]}},"_links":{"self":[{"href":"https:\/\/portaltela.pt\/api\/wp\/v2\/posts\/387792","targetHints":{"allow":["GET"]}}],"collection":[{"href":"https:\/\/portaltela.pt\/api\/wp\/v2\/posts"}],"about":[{"href":"https:\/\/portaltela.pt\/api\/wp\/v2\/types\/post"}],"author":[{"embeddable":true,"href":"https:\/\/portaltela.pt\/api\/wp\/v2\/users\/2"}],"replies":[{"embeddable":true,"href":"https:\/\/portaltela.pt\/api\/wp\/v2\/comments?post=387792"}],"version-history":[{"count":0,"href":"https:\/\/portaltela.pt\/api\/wp\/v2\/posts\/387792\/revisions"}],"wp:featuredmedia":[{"embeddable":true,"href":"https:\/\/portaltela.pt\/api\/wp\/v2\/media\/387804"}],"wp:attachment":[{"href":"https:\/\/portaltela.pt\/api\/wp\/v2\/media?parent=387792"}],"wp:term":[{"taxonomy":"category","embeddable":true,"href":"https:\/\/portaltela.pt\/api\/wp\/v2\/categories?post=387792"},{"taxonomy":"post_tag","embeddable":true,"href":"https:\/\/portaltela.pt\/api\/wp\/v2\/tags?post=387792"}],"curies":[{"name":"wp","href":"https:\/\/api.w.org\/{rel}","templated":true}]}}