{"id":387790,"date":"2026-02-25T14:31:00","date_gmt":"2026-02-25T17:31:00","guid":{"rendered":"https:\/\/portaltela.pt\/noticias\/2026\/02\/25\/ourem-e-constancia-esperam-recuperacao-com-turismo-religioso\/"},"modified":"2026-02-25T14:31:00","modified_gmt":"2026-02-25T17:31:00","slug":"ourem-e-constancia-esperam-recuperacao-com-turismo-religioso","status":"publish","type":"post","link":"https:\/\/portaltela.pt\/noticias\/2026\/02\/25\/ourem-e-constancia-esperam-recuperacao-com-turismo-religioso\/","title":{"rendered":"Our\u00e9m e Const\u00e2ncia esperam recupera\u00e7\u00e3o com turismo religioso"},"content":{"rendered":"<p>Our\u00e9m e Const\u00e2ncia apostam no turismo religioso para enfrentar os estragos da tempestade Kristin e das cheias dos rios Tejo e Z\u00eazere. A aposta surge na BTL, a Bolsa de Turismo de Lisboa, onde se apresentam como destinos de recupera\u00e7\u00e3o.<\/p>\n<p>Lisboa fica a pouco mais de uma hora de carro e as duas vilas trabalham na limpeza e na reposi\u00e7\u00e3o de infraestruturas. A Via Sacra Vila Medieval de Our\u00e9m, prevista para 3 de abril, envolve 200 figurantes e promete atrair milhares de visitantes. O Pa\u00e7o dos Condes dever\u00e1 reabrir em breve, ap\u00f3s a queda de parte da cobertura.<\/p>\n<p>Our\u00e9m estima danos p\u00fablicos de 35 milh\u00f5es de euros e procura apoio financeiro do Governo para a recupera\u00e7\u00e3o. O objetivo \u00e9 manter as celebra\u00e7\u00f5es planeadas e retomar a programa\u00e7\u00e3o cultural de mar\u00e7o, ainda que algumas atividades tenham sido canceladas.<\/p>\n<h3>Roteiro Sagrado e Profano &#8211; Const\u00e2ncia<\/h3>\n<p>Em Const\u00e2ncia, o turismo religioso ganha estrutura com o Roteiro Sagrado e Profano, que inclui oito espa\u00e7os religiosos. O posto de turismo acompanha as visitas, conectando a vertente religiosa e o patrim\u00f3nio hist\u00f3rico de forma gratuita.<\/p>\n<p>O roteiro incentiva visitas \u00e0 igreja matriz e \u00e0 Igreja da Miseric\u00f3rdia, combinando arquitetura, hist\u00f3ria e tradi\u00e7\u00f5es populares. A autarquia prev\u00ea ainda a Festa do Concelho e a Festa de Nossa Senhora da Boa Viagem, entre 3 e 6 de abril, associadas aos mar\u00edtimos.<\/p>\n","protected":false},"excerpt":{"rendered":"<ul>\n<li>Our\u00e9m e Const\u00e2ncia, afetados pela tempestade Kristin e pelas cheias no Tejo e no Z\u00eazere, apostam no turismo religioso como motor de recupera\u00e7\u00e3o.<\/li>\n<li>Na BTL de Lisboa, ambos apresentaram o turismo religioso como fator para atrair visitantes e alongar a estadia na regi\u00e3o.<\/li>\n<li>Em Our\u00e9m, a Via Sacra &#8211; Vila Medieval de Our\u00e9m, na sexta-feira santa, dia 3 de abril, contar\u00e1 com 200 figurantes; h\u00e1 expectativa de reabertura do Pa\u00e7o dos Condes do Castelo nos pr\u00f3ximos meses.<\/li>\n<li>Our\u00e9m aguarda cerca de 35 milh\u00f5es de euros em danos p\u00fablicos e procura apoio financeiro do Governo para recuperar as estruturas afetadas; F\u00e1tima continua a principal refer\u00eancia do turismo religioso do pa\u00eds.<\/li>\n<li>Em Const\u00e2ncia, foi criado o Roteiro Sagrado e Profano \u2013 Igrejas do Concelho para facilitar visitas, que incluem oito espa\u00e7os religiosos, com programa gratuito e dispon\u00edvel conforme a disponibilidade dos visitantes.<\/li>\n<\/ul>\n","protected":false},"author":2,"featured_media":387803,"comment_status":"closed","ping_status":"closed","sticky":false,"template":"","format":"standard","meta":{"footnotes":""},"categories":[1],"tags":[4021,4919,102,2357,1175,169],"class_list":["post-387790","post","type-post","status-publish","format-standard","has-post-thumbnail","hentry","category-noticias","tag-constancia","tag-festas","tag-igreja","tag-ourem","tag-patrimonio-cultural","tag-turismo"],"yoast_head":"<!-- This site is optimized with the Yoast SEO plugin v27.2 - https:\/\/yoast.com\/product\/yoast-seo-wordpress\/ -->\n<title>Our\u00e9m e Const\u00e2ncia esperam recupera\u00e7\u00e3o com turismo religioso - Portal Tela Portugal<\/title>\n<meta name=\"robots\" content=\"index, follow, max-snippet:-1, max-image-preview:large, max-video-preview:-1\" \/>\n<meta property=\"og:locale\" content=\"pt_PT\" \/>\n<meta property=\"og:type\" content=\"article\" \/>\n<meta property=\"og:title\" content=\"Our\u00e9m e Const\u00e2ncia esperam recupera\u00e7\u00e3o com turismo religioso - Portal Tela Portugal\" \/>\n<meta property=\"og:description\" content=\"Our\u00e9m e Const\u00e2ncia, afetados pela tempestade Kristin e pelas cheias no Tejo e no Z\u00eazere, apostam no turismo religioso como motor de recupera\u00e7\u00e3o. Na BTL de Lisboa, ambos apresentaram o turismo religioso como fator para atrair visitantes e alongar a estadia na regi\u00e3o. Em Our\u00e9m, a Via Sacra - Vila Medieval de Our\u00e9m, na sexta-feira santa, dia 3 de abril, contar\u00e1 com 200 figurantes; h\u00e1 expectativa de reabertura do Pa\u00e7o dos Condes do Castelo nos pr\u00f3ximos meses. Our\u00e9m aguarda cerca de 35 milh\u00f5es de euros em danos p\u00fablicos e procura apoio financeiro do Governo para recuperar as estruturas afetadas; F\u00e1tima continua a principal refer\u00eancia do turismo religioso do pa\u00eds. Em Const\u00e2ncia, foi criado o Roteiro Sagrado e Profano \u2013 Igrejas do Concelho para facilitar visitas, que incluem oito espa\u00e7os religiosos, com programa gratuito e dispon\u00edvel conforme a disponibilidade dos visitantes.\" \/>\n<meta property=\"og:url\" content=\"https:\/\/portaltela.pt\/noticias\/2026\/02\/25\/ourem-e-constancia-esperam-recuperacao-com-turismo-religioso\/\" \/>\n<meta property=\"og:site_name\" content=\"Portal Tela Portugal\" \/>\n<meta property=\"article:published_time\" content=\"2026-02-25T17:31:00+00:00\" \/>\n<meta name=\"author\" content=\"Telinha\" \/>\n<meta name=\"twitter:card\" content=\"summary_large_image\" \/>\n<meta name=\"twitter:label1\" content=\"Escrito por\" \/>\n\t<meta name=\"twitter:data1\" content=\"Telinha\" \/>\n\t<meta name=\"twitter:label2\" content=\"Tempo estimado de leitura\" \/>\n\t<meta name=\"twitter:data2\" content=\"1 minuto\" \/>\n<script type=\"application\/ld+json\" class=\"yoast-schema-graph\">{\"@context\":\"https:\/\/schema.org\",\"@graph\":[{\"@type\":\"Article\",\"@id\":\"https:\/\/portaltela.pt\/noticias\/2026\/02\/25\/ourem-e-constancia-esperam-recuperacao-com-turismo-religioso\/#article\",\"isPartOf\":{\"@id\":\"https:\/\/portaltela.pt\/noticias\/2026\/02\/25\/ourem-e-constancia-esperam-recuperacao-com-turismo-religioso\/\"},\"author\":{\"name\":\"Telinha\",\"@id\":\"https:\/\/portaltela.pt\/#\/schema\/person\/c4278d4a6028830caff9ee44b42d32ed\"},\"headline\":\"Our\u00e9m e Const\u00e2ncia esperam recupera\u00e7\u00e3o com turismo religioso\",\"datePublished\":\"2026-02-25T17:31:00+00:00\",\"mainEntityOfPage\":{\"@id\":\"https:\/\/portaltela.pt\/noticias\/2026\/02\/25\/ourem-e-constancia-esperam-recuperacao-com-turismo-religioso\/\"},\"wordCount\":250,\"image\":{\"@id\":\"https:\/\/portaltela.pt\/noticias\/2026\/02\/25\/ourem-e-constancia-esperam-recuperacao-com-turismo-religioso\/#primaryimage\"},\"thumbnailUrl\":\"https:\/\/portaltela.pt\/s.01k8rhncp4jt1\/2026\/02\/b202dca5-fdcd-4d50-a88b-f008967abaf1_1200x675.jpg\",\"keywords\":[\"Const\u00e2ncia\",\"festas\",\"igreja\",\"Our\u00e9m\",\"Patrim\u00f3nio Cultural\",\"turismo\"],\"articleSection\":[\"Not\u00edcias\"],\"inLanguage\":\"pt-PT\"},{\"@type\":\"WebPage\",\"@id\":\"https:\/\/portaltela.pt\/noticias\/2026\/02\/25\/ourem-e-constancia-esperam-recuperacao-com-turismo-religioso\/\",\"url\":\"https:\/\/portaltela.pt\/noticias\/2026\/02\/25\/ourem-e-constancia-esperam-recuperacao-com-turismo-religioso\/\",\"name\":\"Our\u00e9m e Const\u00e2ncia esperam recupera\u00e7\u00e3o com turismo religioso - Portal Tela Portugal\",\"isPartOf\":{\"@id\":\"https:\/\/portaltela.pt\/#website\"},\"primaryImageOfPage\":{\"@id\":\"https:\/\/portaltela.pt\/noticias\/2026\/02\/25\/ourem-e-constancia-esperam-recuperacao-com-turismo-religioso\/#primaryimage\"},\"image\":{\"@id\":\"https:\/\/portaltela.pt\/noticias\/2026\/02\/25\/ourem-e-constancia-esperam-recuperacao-com-turismo-religioso\/#primaryimage\"},\"thumbnailUrl\":\"https:\/\/portaltela.pt\/s.01k8rhncp4jt1\/2026\/02\/b202dca5-fdcd-4d50-a88b-f008967abaf1_1200x675.jpg\",\"datePublished\":\"2026-02-25T17:31:00+00:00\",\"author\":{\"@id\":\"https:\/\/portaltela.pt\/#\/schema\/person\/c4278d4a6028830caff9ee44b42d32ed\"},\"breadcrumb\":{\"@id\":\"https:\/\/portaltela.pt\/noticias\/2026\/02\/25\/ourem-e-constancia-esperam-recuperacao-com-turismo-religioso\/#breadcrumb\"},\"inLanguage\":\"pt-PT\",\"potentialAction\":[{\"@type\":\"ReadAction\",\"target\":[\"https:\/\/portaltela.pt\/noticias\/2026\/02\/25\/ourem-e-constancia-esperam-recuperacao-com-turismo-religioso\/\"]}]},{\"@type\":\"ImageObject\",\"inLanguage\":\"pt-PT\",\"@id\":\"https:\/\/portaltela.pt\/noticias\/2026\/02\/25\/ourem-e-constancia-esperam-recuperacao-com-turismo-religioso\/#primaryimage\",\"url\":\"https:\/\/portaltela.pt\/s.01k8rhncp4jt1\/2026\/02\/b202dca5-fdcd-4d50-a88b-f008967abaf1_1200x675.jpg\",\"contentUrl\":\"https:\/\/portaltela.pt\/s.01k8rhncp4jt1\/2026\/02\/b202dca5-fdcd-4d50-a88b-f008967abaf1_1200x675.jpg\",\"width\":796,\"height\":448,\"caption\":\"Em 2025, Santu\u00e1rio de F\u00e1tima, no concelho de Our\u00e9m, recebeu 6.5 milh\u00f5es de pessoas.\"},{\"@type\":\"BreadcrumbList\",\"@id\":\"https:\/\/portaltela.pt\/noticias\/2026\/02\/25\/ourem-e-constancia-esperam-recuperacao-com-turismo-religioso\/#breadcrumb\",\"itemListElement\":[{\"@type\":\"ListItem\",\"position\":1,\"name\":\"In\u00edcio\",\"item\":\"https:\/\/portaltela.pt\/\"},{\"@type\":\"ListItem\",\"position\":2,\"name\":\"Our\u00e9m e Const\u00e2ncia esperam recupera\u00e7\u00e3o com turismo religioso\"}]},{\"@type\":\"WebSite\",\"@id\":\"https:\/\/portaltela.pt\/#website\",\"url\":\"https:\/\/portaltela.pt\/\",\"name\":\"Portal Tela Portugal\",\"description\":\"\",\"potentialAction\":[{\"@type\":\"SearchAction\",\"target\":{\"@type\":\"EntryPoint\",\"urlTemplate\":\"https:\/\/portaltela.pt\/?s={search_term_string}\"},\"query-input\":{\"@type\":\"PropertyValueSpecification\",\"valueRequired\":true,\"valueName\":\"search_term_string\"}}],\"inLanguage\":\"pt-PT\"},{\"@type\":\"Person\",\"@id\":\"https:\/\/portaltela.pt\/#\/schema\/person\/c4278d4a6028830caff9ee44b42d32ed\",\"name\":\"Telinha\",\"image\":{\"@type\":\"ImageObject\",\"inLanguage\":\"pt-PT\",\"@id\":\"https:\/\/portaltela.pt\/s.01k8rhncp4jt1\/2025\/11\/talking-bot-125x125.png\",\"url\":\"https:\/\/portaltela.pt\/s.01k8rhncp4jt1\/2025\/11\/talking-bot-125x125.png\",\"contentUrl\":\"https:\/\/portaltela.pt\/s.01k8rhncp4jt1\/2025\/11\/talking-bot-125x125.png\",\"caption\":\"Telinha\"},\"sameAs\":[\"https:\/\/portaltela.pt\/\"],\"url\":\"https:\/\/portaltela.pt\/por\/367410592786\/\"}]}<\/script>\n<!-- \/ Yoast SEO plugin. -->","yoast_head_json":{"title":"Our\u00e9m e Const\u00e2ncia esperam recupera\u00e7\u00e3o com turismo religioso - Portal Tela Portugal","robots":{"index":"index","follow":"follow","max-snippet":"max-snippet:-1","max-image-preview":"max-image-preview:large","max-video-preview":"max-video-preview:-1"},"og_locale":"pt_PT","og_type":"article","og_title":"Our\u00e9m e Const\u00e2ncia esperam recupera\u00e7\u00e3o com turismo religioso - Portal Tela Portugal","og_description":"Our\u00e9m e Const\u00e2ncia, afetados pela tempestade Kristin e pelas cheias no Tejo e no Z\u00eazere, apostam no turismo religioso como motor de recupera\u00e7\u00e3o. Na BTL de Lisboa, ambos apresentaram o turismo religioso como fator para atrair visitantes e alongar a estadia na regi\u00e3o. Em Our\u00e9m, a Via Sacra - Vila Medieval de Our\u00e9m, na sexta-feira santa, dia 3 de abril, contar\u00e1 com 200 figurantes; h\u00e1 expectativa de reabertura do Pa\u00e7o dos Condes do Castelo nos pr\u00f3ximos meses. Our\u00e9m aguarda cerca de 35 milh\u00f5es de euros em danos p\u00fablicos e procura apoio financeiro do Governo para recuperar as estruturas afetadas; F\u00e1tima continua a principal refer\u00eancia do turismo religioso do pa\u00eds. Em Const\u00e2ncia, foi criado o Roteiro Sagrado e Profano \u2013 Igrejas do Concelho para facilitar visitas, que incluem oito espa\u00e7os religiosos, com programa gratuito e dispon\u00edvel conforme a disponibilidade dos visitantes.","og_url":"https:\/\/portaltela.pt\/noticias\/2026\/02\/25\/ourem-e-constancia-esperam-recuperacao-com-turismo-religioso\/","og_site_name":"Portal Tela Portugal","article_published_time":"2026-02-25T17:31:00+00:00","author":"Telinha","twitter_card":"summary_large_image","twitter_misc":{"Escrito por":"Telinha","Tempo estimado de leitura":"1 minuto"},"schema":{"@context":"https:\/\/schema.org","@graph":[{"@type":"Article","@id":"https:\/\/portaltela.pt\/noticias\/2026\/02\/25\/ourem-e-constancia-esperam-recuperacao-com-turismo-religioso\/#article","isPartOf":{"@id":"https:\/\/portaltela.pt\/noticias\/2026\/02\/25\/ourem-e-constancia-esperam-recuperacao-com-turismo-religioso\/"},"author":{"name":"Telinha","@id":"https:\/\/portaltela.pt\/#\/schema\/person\/c4278d4a6028830caff9ee44b42d32ed"},"headline":"Our\u00e9m e Const\u00e2ncia esperam recupera\u00e7\u00e3o com turismo religioso","datePublished":"2026-02-25T17:31:00+00:00","mainEntityOfPage":{"@id":"https:\/\/portaltela.pt\/noticias\/2026\/02\/25\/ourem-e-constancia-esperam-recuperacao-com-turismo-religioso\/"},"wordCount":250,"image":{"@id":"https:\/\/portaltela.pt\/noticias\/2026\/02\/25\/ourem-e-constancia-esperam-recuperacao-com-turismo-religioso\/#primaryimage"},"thumbnailUrl":"https:\/\/portaltela.pt\/s.01k8rhncp4jt1\/2026\/02\/b202dca5-fdcd-4d50-a88b-f008967abaf1_1200x675.jpg","keywords":["Const\u00e2ncia","festas","igreja","Our\u00e9m","Patrim\u00f3nio Cultural","turismo"],"articleSection":["Not\u00edcias"],"inLanguage":"pt-PT"},{"@type":"WebPage","@id":"https:\/\/portaltela.pt\/noticias\/2026\/02\/25\/ourem-e-constancia-esperam-recuperacao-com-turismo-religioso\/","url":"https:\/\/portaltela.pt\/noticias\/2026\/02\/25\/ourem-e-constancia-esperam-recuperacao-com-turismo-religioso\/","name":"Our\u00e9m e Const\u00e2ncia esperam recupera\u00e7\u00e3o com turismo religioso - Portal Tela Portugal","isPartOf":{"@id":"https:\/\/portaltela.pt\/#website"},"primaryImageOfPage":{"@id":"https:\/\/portaltela.pt\/noticias\/2026\/02\/25\/ourem-e-constancia-esperam-recuperacao-com-turismo-religioso\/#primaryimage"},"image":{"@id":"https:\/\/portaltela.pt\/noticias\/2026\/02\/25\/ourem-e-constancia-esperam-recuperacao-com-turismo-religioso\/#primaryimage"},"thumbnailUrl":"https:\/\/portaltela.pt\/s.01k8rhncp4jt1\/2026\/02\/b202dca5-fdcd-4d50-a88b-f008967abaf1_1200x675.jpg","datePublished":"2026-02-25T17:31:00+00:00","author":{"@id":"https:\/\/portaltela.pt\/#\/schema\/person\/c4278d4a6028830caff9ee44b42d32ed"},"breadcrumb":{"@id":"https:\/\/portaltela.pt\/noticias\/2026\/02\/25\/ourem-e-constancia-esperam-recuperacao-com-turismo-religioso\/#breadcrumb"},"inLanguage":"pt-PT","potentialAction":[{"@type":"ReadAction","target":["https:\/\/portaltela.pt\/noticias\/2026\/02\/25\/ourem-e-constancia-esperam-recuperacao-com-turismo-religioso\/"]}]},{"@type":"ImageObject","inLanguage":"pt-PT","@id":"https:\/\/portaltela.pt\/noticias\/2026\/02\/25\/ourem-e-constancia-esperam-recuperacao-com-turismo-religioso\/#primaryimage","url":"https:\/\/portaltela.pt\/s.01k8rhncp4jt1\/2026\/02\/b202dca5-fdcd-4d50-a88b-f008967abaf1_1200x675.jpg","contentUrl":"https:\/\/portaltela.pt\/s.01k8rhncp4jt1\/2026\/02\/b202dca5-fdcd-4d50-a88b-f008967abaf1_1200x675.jpg","width":796,"height":448,"caption":"Em 2025, Santu\u00e1rio de F\u00e1tima, no concelho de Our\u00e9m, recebeu 6.5 milh\u00f5es de pessoas."},{"@type":"BreadcrumbList","@id":"https:\/\/portaltela.pt\/noticias\/2026\/02\/25\/ourem-e-constancia-esperam-recuperacao-com-turismo-religioso\/#breadcrumb","itemListElement":[{"@type":"ListItem","position":1,"name":"In\u00edcio","item":"https:\/\/portaltela.pt\/"},{"@type":"ListItem","position":2,"name":"Our\u00e9m e Const\u00e2ncia esperam recupera\u00e7\u00e3o com turismo religioso"}]},{"@type":"WebSite","@id":"https:\/\/portaltela.pt\/#website","url":"https:\/\/portaltela.pt\/","name":"Portal Tela Portugal","description":"","potentialAction":[{"@type":"SearchAction","target":{"@type":"EntryPoint","urlTemplate":"https:\/\/portaltela.pt\/?s={search_term_string}"},"query-input":{"@type":"PropertyValueSpecification","valueRequired":true,"valueName":"search_term_string"}}],"inLanguage":"pt-PT"},{"@type":"Person","@id":"https:\/\/portaltela.pt\/#\/schema\/person\/c4278d4a6028830caff9ee44b42d32ed","name":"Telinha","image":{"@type":"ImageObject","inLanguage":"pt-PT","@id":"https:\/\/portaltela.pt\/s.01k8rhncp4jt1\/2025\/11\/talking-bot-125x125.png","url":"https:\/\/portaltela.pt\/s.01k8rhncp4jt1\/2025\/11\/talking-bot-125x125.png","contentUrl":"https:\/\/portaltela.pt\/s.01k8rhncp4jt1\/2025\/11\/talking-bot-125x125.png","caption":"Telinha"},"sameAs":["https:\/\/portaltela.pt\/"],"url":"https:\/\/portaltela.pt\/por\/367410592786\/"}]}},"_links":{"self":[{"href":"https:\/\/portaltela.pt\/api\/wp\/v2\/posts\/387790","targetHints":{"allow":["GET"]}}],"collection":[{"href":"https:\/\/portaltela.pt\/api\/wp\/v2\/posts"}],"about":[{"href":"https:\/\/portaltela.pt\/api\/wp\/v2\/types\/post"}],"author":[{"embeddable":true,"href":"https:\/\/portaltela.pt\/api\/wp\/v2\/users\/2"}],"replies":[{"embeddable":true,"href":"https:\/\/portaltela.pt\/api\/wp\/v2\/comments?post=387790"}],"version-history":[{"count":0,"href":"https:\/\/portaltela.pt\/api\/wp\/v2\/posts\/387790\/revisions"}],"wp:featuredmedia":[{"embeddable":true,"href":"https:\/\/portaltela.pt\/api\/wp\/v2\/media\/387803"}],"wp:attachment":[{"href":"https:\/\/portaltela.pt\/api\/wp\/v2\/media?parent=387790"}],"wp:term":[{"taxonomy":"category","embeddable":true,"href":"https:\/\/portaltela.pt\/api\/wp\/v2\/categories?post=387790"},{"taxonomy":"post_tag","embeddable":true,"href":"https:\/\/portaltela.pt\/api\/wp\/v2\/tags?post=387790"}],"curies":[{"name":"wp","href":"https:\/\/api.w.org\/{rel}","templated":true}]}}