{"id":387786,"date":"2026-02-25T14:47:07","date_gmt":"2026-02-25T17:47:07","guid":{"rendered":"https:\/\/portaltela.pt\/noticias\/2026\/02\/25\/1500-paraquedistas-de-24-paises-participam-no-exercicio-orion-26-em-franca\/"},"modified":"2026-02-25T14:47:07","modified_gmt":"2026-02-25T17:47:07","slug":"1500-paraquedistas-de-24-paises-participam-no-exercicio-orion-26-em-franca","status":"publish","type":"post","link":"https:\/\/portaltela.pt\/noticias\/2026\/02\/25\/1500-paraquedistas-de-24-paises-participam-no-exercicio-orion-26-em-franca\/","title":{"rendered":"1500 paraquedistas de 24 pa\u00edses participam no exerc\u00edcio Orion-26 em Fran\u00e7a"},"content":{"rendered":"<p>Dois mil e quinhentos par\u00e1grafos n\u00e3o cabem aqui. Desculpe, vamos direto ao conte\u00fado.<\/p>\n<p>Orion-26 \u00e9 o maior exerc\u00edcio militar da Fran\u00e7a desde a Guerra Fria, envolvendo 1500 paraquedistas de 24 pa\u00edses. A manobra decorre na Base 123, em Orl\u00e9ans-Bricy, com lan\u00e7amentos sobre a base de Co\u00ebtquidan, na Bretanha. O treino visa aperfei\u00e7oar a coopera\u00e7\u00e3o entre for\u00e7as nacionais e aliadas, num contexto de escalada de amea\u00e7as reais.<\/p>\n<p>A a\u00e7\u00e3o envolve for\u00e7as francesas e brit\u00e2nicas, com um cen\u00e1rio de alto n\u00edvel operacional. O coronel Colomban de Poncharra destaca a ousadia da opera\u00e7\u00e3o, que testa rapidez, resist\u00eancia e autonomia das unidades aerotransportadas em 48 a 72 horas. O objetivo \u00e9 criar brechas t\u00e1ticas para avan\u00e7ar com apoio de recursos pesados.<\/p>\n<h3>Detalhes da composi\u00e7\u00e3o e das capacidades<\/h3>\n<p>O exerc\u00edcio, com dura\u00e7\u00e3o de tr\u00eas meses, come\u00e7ou h\u00e1 duas semanas e mobiliza 12.500 militares, 25 navios e 140 aeronaves. A iniciativa fomenta treino interservi\u00e7os entre marinha, for\u00e7a a\u00e9rea e, de forma multinacional, com participa\u00e7\u00e3o de brit\u00e2nicos, italianos e outros. O tenente Dorian salienta a dimens\u00e3o interinstitucional do evento.<\/p>\n<p>Oficiais de liga\u00e7\u00e3o destacam a import\u00e2ncia de trabalhar em conjunto e de aprender com as diferentes forma\u00e7\u00f5es. O comandante brit\u00e2nico Nick descreve Orion como oportunidade de integra\u00e7\u00e3o entre brigadas, refor\u00e7ando que o exerc\u00edcio envolve, al\u00e9m das for\u00e7as francesas, parceiros de outros pa\u00edses.<\/p>\n<p>O cen\u00e1rio simulado descreve um conflito entre dois estados fict\u00edcios, Arnland e Mercury, substituto da atual amea\u00e7a russa na Europa. A simula\u00e7\u00e3o foca a\u00e7\u00f5es coordenadas para manter mobilidade, resili\u00eancia e capacidade de retomar opera\u00e7\u00f5es com recursos avan\u00e7ados.<\/p>\n","protected":false},"excerpt":{"rendered":"<ul>\n<li>1500 paraquedistas de 24 pa\u00edses participam no exerc\u00edcio Orion-26 na Fran\u00e7a, o maior desde a Guerra Fria.<\/li>\n<li>A Base 123, em Orl\u00e9ans-Bricy, \u00e9 o palco do treino, com lan\u00e7a\u00admentos a ocorrer sobre Co\u00ebtquidan, na Bretanha.<\/li>\n<li>O objetivo \u00e9 testar rapidez de a\u00e7\u00e3o, resist\u00eancia e autonomia, com uma for\u00e7a aerotransportada capaz de resistir 48 a 72 horas com recursos pr\u00f3prios.<\/li>\n<li>O exerc\u00edcio envolve interservi\u00e7os (marinha e for\u00e7a a\u00e9rea) e participa\u00e7\u00e3o multinacional, incluindo militares brit\u00e2nicos e italianos.<\/li>\n<li>O cen\u00e1rio simula um conflito de alta intensidade entre dois pa\u00edses fict\u00edcios, Arnland e Mercury, num grande exerc\u00edcio que envolve 12.500 soldados, 25 navios e 140 aeronaves.<\/li>\n<\/ul>\n","protected":false},"author":2,"featured_media":387801,"comment_status":"closed","ping_status":"closed","sticky":false,"template":"","format":"standard","meta":{"footnotes":""},"categories":[1],"tags":[4558,256,5193,1779,1856,4556],"class_list":["post-387786","post","type-post","status-publish","format-standard","has-post-thumbnail","hentry","category-noticias","tag-a-aeronautica","tag-cooperacao-internacional","tag-exercicios-internacionais","tag-forcas-armadas","tag-franca","tag-navios"],"yoast_head":"<!-- This site is optimized with the Yoast SEO plugin v27.2 - https:\/\/yoast.com\/product\/yoast-seo-wordpress\/ -->\n<title>1500 paraquedistas de 24 pa\u00edses participam no exerc\u00edcio Orion-26 em Fran\u00e7a - Portal Tela Portugal<\/title>\n<meta name=\"robots\" content=\"index, follow, max-snippet:-1, max-image-preview:large, max-video-preview:-1\" \/>\n<meta property=\"og:locale\" content=\"pt_PT\" \/>\n<meta property=\"og:type\" content=\"article\" \/>\n<meta property=\"og:title\" content=\"1500 paraquedistas de 24 pa\u00edses participam no exerc\u00edcio Orion-26 em Fran\u00e7a - Portal Tela Portugal\" \/>\n<meta property=\"og:description\" content=\"1500 paraquedistas de 24 pa\u00edses participam no exerc\u00edcio Orion-26 na Fran\u00e7a, o maior desde a Guerra Fria. A Base 123, em Orl\u00e9ans-Bricy, \u00e9 o palco do treino, com lan\u00e7a\u00admentos a ocorrer sobre Co\u00ebtquidan, na Bretanha. O objetivo \u00e9 testar rapidez de a\u00e7\u00e3o, resist\u00eancia e autonomia, com uma for\u00e7a aerotransportada capaz de resistir 48 a 72 horas com recursos pr\u00f3prios. O exerc\u00edcio envolve interservi\u00e7os (marinha e for\u00e7a a\u00e9rea) e participa\u00e7\u00e3o multinacional, incluindo militares brit\u00e2nicos e italianos. O cen\u00e1rio simula um conflito de alta intensidade entre dois pa\u00edses fict\u00edcios, Arnland e Mercury, num grande exerc\u00edcio que envolve 12.500 soldados, 25 navios e 140 aeronaves.\" \/>\n<meta property=\"og:url\" content=\"https:\/\/portaltela.pt\/noticias\/2026\/02\/25\/1500-paraquedistas-de-24-paises-participam-no-exercicio-orion-26-em-franca\/\" \/>\n<meta property=\"og:site_name\" content=\"Portal Tela Portugal\" \/>\n<meta property=\"article:published_time\" content=\"2026-02-25T17:47:07+00:00\" \/>\n<meta name=\"author\" content=\"Telinha\" \/>\n<meta name=\"twitter:card\" content=\"summary_large_image\" \/>\n<meta name=\"twitter:label1\" content=\"Escrito por\" \/>\n\t<meta name=\"twitter:data1\" content=\"Telinha\" \/>\n\t<meta name=\"twitter:label2\" content=\"Tempo estimado de leitura\" \/>\n\t<meta name=\"twitter:data2\" content=\"1 minuto\" \/>\n<script type=\"application\/ld+json\" class=\"yoast-schema-graph\">{\"@context\":\"https:\/\/schema.org\",\"@graph\":[{\"@type\":\"Article\",\"@id\":\"https:\/\/portaltela.pt\/noticias\/2026\/02\/25\/1500-paraquedistas-de-24-paises-participam-no-exercicio-orion-26-em-franca\/#article\",\"isPartOf\":{\"@id\":\"https:\/\/portaltela.pt\/noticias\/2026\/02\/25\/1500-paraquedistas-de-24-paises-participam-no-exercicio-orion-26-em-franca\/\"},\"author\":{\"name\":\"Telinha\",\"@id\":\"https:\/\/portaltela.pt\/#\/schema\/person\/c4278d4a6028830caff9ee44b42d32ed\"},\"headline\":\"1500 paraquedistas de 24 pa\u00edses participam no exerc\u00edcio Orion-26 em Fran\u00e7a\",\"datePublished\":\"2026-02-25T17:47:07+00:00\",\"mainEntityOfPage\":{\"@id\":\"https:\/\/portaltela.pt\/noticias\/2026\/02\/25\/1500-paraquedistas-de-24-paises-participam-no-exercicio-orion-26-em-franca\/\"},\"wordCount\":304,\"image\":{\"@id\":\"https:\/\/portaltela.pt\/noticias\/2026\/02\/25\/1500-paraquedistas-de-24-paises-participam-no-exercicio-orion-26-em-franca\/#primaryimage\"},\"thumbnailUrl\":\"https:\/\/portaltela.pt\/s.01k8rhncp4jt1\/2026\/02\/1536x864_cmsv2_f65e376d-7200-52cd-8988-f1211fa64b08-9664995.jpg\",\"keywords\":[\"a aeron\u00e1utica\",\"coopera\u00e7\u00e3o internacional\",\"exerc\u00edcios internacionais\",\"For\u00e7as Armadas\",\"Fran\u00e7a\",\"navios\"],\"articleSection\":[\"Not\u00edcias\"],\"inLanguage\":\"pt-PT\"},{\"@type\":\"WebPage\",\"@id\":\"https:\/\/portaltela.pt\/noticias\/2026\/02\/25\/1500-paraquedistas-de-24-paises-participam-no-exercicio-orion-26-em-franca\/\",\"url\":\"https:\/\/portaltela.pt\/noticias\/2026\/02\/25\/1500-paraquedistas-de-24-paises-participam-no-exercicio-orion-26-em-franca\/\",\"name\":\"1500 paraquedistas de 24 pa\u00edses participam no exerc\u00edcio Orion-26 em Fran\u00e7a - Portal Tela Portugal\",\"isPartOf\":{\"@id\":\"https:\/\/portaltela.pt\/#website\"},\"primaryImageOfPage\":{\"@id\":\"https:\/\/portaltela.pt\/noticias\/2026\/02\/25\/1500-paraquedistas-de-24-paises-participam-no-exercicio-orion-26-em-franca\/#primaryimage\"},\"image\":{\"@id\":\"https:\/\/portaltela.pt\/noticias\/2026\/02\/25\/1500-paraquedistas-de-24-paises-participam-no-exercicio-orion-26-em-franca\/#primaryimage\"},\"thumbnailUrl\":\"https:\/\/portaltela.pt\/s.01k8rhncp4jt1\/2026\/02\/1536x864_cmsv2_f65e376d-7200-52cd-8988-f1211fa64b08-9664995.jpg\",\"datePublished\":\"2026-02-25T17:47:07+00:00\",\"author\":{\"@id\":\"https:\/\/portaltela.pt\/#\/schema\/person\/c4278d4a6028830caff9ee44b42d32ed\"},\"breadcrumb\":{\"@id\":\"https:\/\/portaltela.pt\/noticias\/2026\/02\/25\/1500-paraquedistas-de-24-paises-participam-no-exercicio-orion-26-em-franca\/#breadcrumb\"},\"inLanguage\":\"pt-PT\",\"potentialAction\":[{\"@type\":\"ReadAction\",\"target\":[\"https:\/\/portaltela.pt\/noticias\/2026\/02\/25\/1500-paraquedistas-de-24-paises-participam-no-exercicio-orion-26-em-franca\/\"]}]},{\"@type\":\"ImageObject\",\"inLanguage\":\"pt-PT\",\"@id\":\"https:\/\/portaltela.pt\/noticias\/2026\/02\/25\/1500-paraquedistas-de-24-paises-participam-no-exercicio-orion-26-em-franca\/#primaryimage\",\"url\":\"https:\/\/portaltela.pt\/s.01k8rhncp4jt1\/2026\/02\/1536x864_cmsv2_f65e376d-7200-52cd-8988-f1211fa64b08-9664995.jpg\",\"contentUrl\":\"https:\/\/portaltela.pt\/s.01k8rhncp4jt1\/2026\/02\/1536x864_cmsv2_f65e376d-7200-52cd-8988-f1211fa64b08-9664995.jpg\",\"width\":796,\"height\":448,\"caption\":\"Canva\"},{\"@type\":\"BreadcrumbList\",\"@id\":\"https:\/\/portaltela.pt\/noticias\/2026\/02\/25\/1500-paraquedistas-de-24-paises-participam-no-exercicio-orion-26-em-franca\/#breadcrumb\",\"itemListElement\":[{\"@type\":\"ListItem\",\"position\":1,\"name\":\"In\u00edcio\",\"item\":\"https:\/\/portaltela.pt\/\"},{\"@type\":\"ListItem\",\"position\":2,\"name\":\"1500 paraquedistas de 24 pa\u00edses participam no exerc\u00edcio Orion-26 em Fran\u00e7a\"}]},{\"@type\":\"WebSite\",\"@id\":\"https:\/\/portaltela.pt\/#website\",\"url\":\"https:\/\/portaltela.pt\/\",\"name\":\"Portal Tela Portugal\",\"description\":\"\",\"potentialAction\":[{\"@type\":\"SearchAction\",\"target\":{\"@type\":\"EntryPoint\",\"urlTemplate\":\"https:\/\/portaltela.pt\/?s={search_term_string}\"},\"query-input\":{\"@type\":\"PropertyValueSpecification\",\"valueRequired\":true,\"valueName\":\"search_term_string\"}}],\"inLanguage\":\"pt-PT\"},{\"@type\":\"Person\",\"@id\":\"https:\/\/portaltela.pt\/#\/schema\/person\/c4278d4a6028830caff9ee44b42d32ed\",\"name\":\"Telinha\",\"image\":{\"@type\":\"ImageObject\",\"inLanguage\":\"pt-PT\",\"@id\":\"https:\/\/portaltela.pt\/s.01k8rhncp4jt1\/2025\/11\/talking-bot-125x125.png\",\"url\":\"https:\/\/portaltela.pt\/s.01k8rhncp4jt1\/2025\/11\/talking-bot-125x125.png\",\"contentUrl\":\"https:\/\/portaltela.pt\/s.01k8rhncp4jt1\/2025\/11\/talking-bot-125x125.png\",\"caption\":\"Telinha\"},\"sameAs\":[\"https:\/\/portaltela.pt\/\"],\"url\":\"https:\/\/portaltela.pt\/por\/367410592786\/\"}]}<\/script>\n<!-- \/ Yoast SEO plugin. -->","yoast_head_json":{"title":"1500 paraquedistas de 24 pa\u00edses participam no exerc\u00edcio Orion-26 em Fran\u00e7a - Portal Tela Portugal","robots":{"index":"index","follow":"follow","max-snippet":"max-snippet:-1","max-image-preview":"max-image-preview:large","max-video-preview":"max-video-preview:-1"},"og_locale":"pt_PT","og_type":"article","og_title":"1500 paraquedistas de 24 pa\u00edses participam no exerc\u00edcio Orion-26 em Fran\u00e7a - Portal Tela Portugal","og_description":"1500 paraquedistas de 24 pa\u00edses participam no exerc\u00edcio Orion-26 na Fran\u00e7a, o maior desde a Guerra Fria. A Base 123, em Orl\u00e9ans-Bricy, \u00e9 o palco do treino, com lan\u00e7a\u00admentos a ocorrer sobre Co\u00ebtquidan, na Bretanha. O objetivo \u00e9 testar rapidez de a\u00e7\u00e3o, resist\u00eancia e autonomia, com uma for\u00e7a aerotransportada capaz de resistir 48 a 72 horas com recursos pr\u00f3prios. O exerc\u00edcio envolve interservi\u00e7os (marinha e for\u00e7a a\u00e9rea) e participa\u00e7\u00e3o multinacional, incluindo militares brit\u00e2nicos e italianos. O cen\u00e1rio simula um conflito de alta intensidade entre dois pa\u00edses fict\u00edcios, Arnland e Mercury, num grande exerc\u00edcio que envolve 12.500 soldados, 25 navios e 140 aeronaves.","og_url":"https:\/\/portaltela.pt\/noticias\/2026\/02\/25\/1500-paraquedistas-de-24-paises-participam-no-exercicio-orion-26-em-franca\/","og_site_name":"Portal Tela Portugal","article_published_time":"2026-02-25T17:47:07+00:00","author":"Telinha","twitter_card":"summary_large_image","twitter_misc":{"Escrito por":"Telinha","Tempo estimado de leitura":"1 minuto"},"schema":{"@context":"https:\/\/schema.org","@graph":[{"@type":"Article","@id":"https:\/\/portaltela.pt\/noticias\/2026\/02\/25\/1500-paraquedistas-de-24-paises-participam-no-exercicio-orion-26-em-franca\/#article","isPartOf":{"@id":"https:\/\/portaltela.pt\/noticias\/2026\/02\/25\/1500-paraquedistas-de-24-paises-participam-no-exercicio-orion-26-em-franca\/"},"author":{"name":"Telinha","@id":"https:\/\/portaltela.pt\/#\/schema\/person\/c4278d4a6028830caff9ee44b42d32ed"},"headline":"1500 paraquedistas de 24 pa\u00edses participam no exerc\u00edcio Orion-26 em Fran\u00e7a","datePublished":"2026-02-25T17:47:07+00:00","mainEntityOfPage":{"@id":"https:\/\/portaltela.pt\/noticias\/2026\/02\/25\/1500-paraquedistas-de-24-paises-participam-no-exercicio-orion-26-em-franca\/"},"wordCount":304,"image":{"@id":"https:\/\/portaltela.pt\/noticias\/2026\/02\/25\/1500-paraquedistas-de-24-paises-participam-no-exercicio-orion-26-em-franca\/#primaryimage"},"thumbnailUrl":"https:\/\/portaltela.pt\/s.01k8rhncp4jt1\/2026\/02\/1536x864_cmsv2_f65e376d-7200-52cd-8988-f1211fa64b08-9664995.jpg","keywords":["a aeron\u00e1utica","coopera\u00e7\u00e3o internacional","exerc\u00edcios internacionais","For\u00e7as Armadas","Fran\u00e7a","navios"],"articleSection":["Not\u00edcias"],"inLanguage":"pt-PT"},{"@type":"WebPage","@id":"https:\/\/portaltela.pt\/noticias\/2026\/02\/25\/1500-paraquedistas-de-24-paises-participam-no-exercicio-orion-26-em-franca\/","url":"https:\/\/portaltela.pt\/noticias\/2026\/02\/25\/1500-paraquedistas-de-24-paises-participam-no-exercicio-orion-26-em-franca\/","name":"1500 paraquedistas de 24 pa\u00edses participam no exerc\u00edcio Orion-26 em Fran\u00e7a - Portal Tela Portugal","isPartOf":{"@id":"https:\/\/portaltela.pt\/#website"},"primaryImageOfPage":{"@id":"https:\/\/portaltela.pt\/noticias\/2026\/02\/25\/1500-paraquedistas-de-24-paises-participam-no-exercicio-orion-26-em-franca\/#primaryimage"},"image":{"@id":"https:\/\/portaltela.pt\/noticias\/2026\/02\/25\/1500-paraquedistas-de-24-paises-participam-no-exercicio-orion-26-em-franca\/#primaryimage"},"thumbnailUrl":"https:\/\/portaltela.pt\/s.01k8rhncp4jt1\/2026\/02\/1536x864_cmsv2_f65e376d-7200-52cd-8988-f1211fa64b08-9664995.jpg","datePublished":"2026-02-25T17:47:07+00:00","author":{"@id":"https:\/\/portaltela.pt\/#\/schema\/person\/c4278d4a6028830caff9ee44b42d32ed"},"breadcrumb":{"@id":"https:\/\/portaltela.pt\/noticias\/2026\/02\/25\/1500-paraquedistas-de-24-paises-participam-no-exercicio-orion-26-em-franca\/#breadcrumb"},"inLanguage":"pt-PT","potentialAction":[{"@type":"ReadAction","target":["https:\/\/portaltela.pt\/noticias\/2026\/02\/25\/1500-paraquedistas-de-24-paises-participam-no-exercicio-orion-26-em-franca\/"]}]},{"@type":"ImageObject","inLanguage":"pt-PT","@id":"https:\/\/portaltela.pt\/noticias\/2026\/02\/25\/1500-paraquedistas-de-24-paises-participam-no-exercicio-orion-26-em-franca\/#primaryimage","url":"https:\/\/portaltela.pt\/s.01k8rhncp4jt1\/2026\/02\/1536x864_cmsv2_f65e376d-7200-52cd-8988-f1211fa64b08-9664995.jpg","contentUrl":"https:\/\/portaltela.pt\/s.01k8rhncp4jt1\/2026\/02\/1536x864_cmsv2_f65e376d-7200-52cd-8988-f1211fa64b08-9664995.jpg","width":796,"height":448,"caption":"Canva"},{"@type":"BreadcrumbList","@id":"https:\/\/portaltela.pt\/noticias\/2026\/02\/25\/1500-paraquedistas-de-24-paises-participam-no-exercicio-orion-26-em-franca\/#breadcrumb","itemListElement":[{"@type":"ListItem","position":1,"name":"In\u00edcio","item":"https:\/\/portaltela.pt\/"},{"@type":"ListItem","position":2,"name":"1500 paraquedistas de 24 pa\u00edses participam no exerc\u00edcio Orion-26 em Fran\u00e7a"}]},{"@type":"WebSite","@id":"https:\/\/portaltela.pt\/#website","url":"https:\/\/portaltela.pt\/","name":"Portal Tela Portugal","description":"","potentialAction":[{"@type":"SearchAction","target":{"@type":"EntryPoint","urlTemplate":"https:\/\/portaltela.pt\/?s={search_term_string}"},"query-input":{"@type":"PropertyValueSpecification","valueRequired":true,"valueName":"search_term_string"}}],"inLanguage":"pt-PT"},{"@type":"Person","@id":"https:\/\/portaltela.pt\/#\/schema\/person\/c4278d4a6028830caff9ee44b42d32ed","name":"Telinha","image":{"@type":"ImageObject","inLanguage":"pt-PT","@id":"https:\/\/portaltela.pt\/s.01k8rhncp4jt1\/2025\/11\/talking-bot-125x125.png","url":"https:\/\/portaltela.pt\/s.01k8rhncp4jt1\/2025\/11\/talking-bot-125x125.png","contentUrl":"https:\/\/portaltela.pt\/s.01k8rhncp4jt1\/2025\/11\/talking-bot-125x125.png","caption":"Telinha"},"sameAs":["https:\/\/portaltela.pt\/"],"url":"https:\/\/portaltela.pt\/por\/367410592786\/"}]}},"_links":{"self":[{"href":"https:\/\/portaltela.pt\/api\/wp\/v2\/posts\/387786","targetHints":{"allow":["GET"]}}],"collection":[{"href":"https:\/\/portaltela.pt\/api\/wp\/v2\/posts"}],"about":[{"href":"https:\/\/portaltela.pt\/api\/wp\/v2\/types\/post"}],"author":[{"embeddable":true,"href":"https:\/\/portaltela.pt\/api\/wp\/v2\/users\/2"}],"replies":[{"embeddable":true,"href":"https:\/\/portaltela.pt\/api\/wp\/v2\/comments?post=387786"}],"version-history":[{"count":0,"href":"https:\/\/portaltela.pt\/api\/wp\/v2\/posts\/387786\/revisions"}],"wp:featuredmedia":[{"embeddable":true,"href":"https:\/\/portaltela.pt\/api\/wp\/v2\/media\/387801"}],"wp:attachment":[{"href":"https:\/\/portaltela.pt\/api\/wp\/v2\/media?parent=387786"}],"wp:term":[{"taxonomy":"category","embeddable":true,"href":"https:\/\/portaltela.pt\/api\/wp\/v2\/categories?post=387786"},{"taxonomy":"post_tag","embeddable":true,"href":"https:\/\/portaltela.pt\/api\/wp\/v2\/tags?post=387786"}],"curies":[{"name":"wp","href":"https:\/\/api.w.org\/{rel}","templated":true}]}}