{"id":387785,"date":"2026-02-25T14:44:00","date_gmt":"2026-02-25T17:44:00","guid":{"rendered":"https:\/\/portaltela.pt\/noticias\/2026\/02\/25\/associacao-ativa-mecanismo-para-fornecer-medicamentos-a-afetados-pelo-mau-tempo\/"},"modified":"2026-02-25T14:44:00","modified_gmt":"2026-02-25T17:44:00","slug":"associacao-ativa-mecanismo-para-fornecer-medicamentos-a-afetados-pelo-mau-tempo","status":"publish","type":"post","link":"https:\/\/portaltela.pt\/noticias\/2026\/02\/25\/associacao-ativa-mecanismo-para-fornecer-medicamentos-a-afetados-pelo-mau-tempo\/","title":{"rendered":"Associa\u00e7\u00e3o ativa mecanismo para fornecer medicamentos a afetados pelo mau tempo"},"content":{"rendered":"<p>O mecanismo de emerg\u00eancia abem: foi ativado nesta quarta-feira para facilitar o acesso r\u00e1pido e gratuito a medicamentos para pessoas afetadas pelo mau tempo. A iniciativa j\u00e1 est\u00e1 operacional em Leiria, segundo a associa\u00e7\u00e3o respons\u00e1vel.<\/p>\n<p>A Dignitude, institui\u00e7\u00e3o de solidariedade social, explicou que os benefici\u00e1rios devem dirigir-se \u00e0s entidades parceiras e aos munic\u00edpios que acionaram o mecanismo, como a C\u00e1ritas Diocesana de Leiria. O objetivo \u00e9 que, ap\u00f3s a entrega da receita, os utentes possam obter os medicamentos gratuitamente.<\/p>\n<p>Os servi\u00e7os de sa\u00fade est\u00e3o a disponibilizar o acesso mediante receita m\u00e9dica, com comparticipa\u00e7\u00e3o do Estado. O apoio deve decorrer durante tr\u00eas meses, com possibilidade de renova\u00e7\u00e3o se as fam\u00edlias continuarem a necessitar.<\/p>\n<p>Contexto regional e operacional<\/p>\n<p>O mecanismo abem: abrangeu inicialmente 68 munic\u00edpios em situa\u00e7\u00e3o de calamidade, incluindo Almada e Arruda dos Vinhos, e atende a territ\u00f3rios fortemente afetados pelas depress\u00f5es Kristin, Leonardo e Marta.<\/p>\n<p>As consequ\u00eancias do temporal foram significativas: v\u00e1rias casas e empresas ficaram destru\u00eddas, h\u00e1 estradas, escolas e servi\u00e7os interrompidos, e houve cortes de energia, \u00e1gua e comunica\u00e7\u00f5es. As regi\u00f5es Centro, Lisboa e Vale do Tejo e Alentejo foram as mais atingidas.<\/p>\n<p>Notas adicionais<\/p>\n<p>De acordo com a Dignitude, a iniciativa surge em contexto de sofrimento social elevado e visa evitar que o medicamento se torne uma preocupa\u00e7\u00e3o para as fam\u00edlias. O objetivo \u00e9 assegurar resposta r\u00e1pida e gratuita para necessidades farmac\u00eauticas emergenciais.<\/p>\n<p>Impacto humano e institucional<\/p>\n<p>Entre as consequ\u00eancias humanas est\u00e3o 18 fatalidades registradas at\u00e9 ao momento, com centenas de feridos e desalojados. A coopera\u00e7\u00e3o entre entidades p\u00fablicas e privadas tem sido fundamental para a operacionaliza\u00e7\u00e3o do mecanismo.<\/p>\n","protected":false},"excerpt":{"rendered":"<ul>\n<li>Foi ativado o mecanismo de emerg\u00eancia abem: para ajudar pessoas afetadas pelo mau tempo a obter acesso r\u00e1pido e gratuito a medicamentos, j\u00e1 dispon\u00edvel em Leiria.<\/li>\n<li>O sistema abem: est\u00e1 operativo nos 68 concelhos em situa\u00e7\u00e3o de calamidade, incluindo Almada e Arruda dos Vinhos, com apoio de entidades locais.<\/li>\n<li>As pessoas devem dirigir-se \u00e0s entidades parceiras e aos munic\u00edpios que acionaram o mecanismo; a C\u00e1ritas Diocesana de Leiria j\u00e1 o ativou para responder \u00e0s necessidades locais.<\/li>\n<li>Ap\u00f3s acederem ao medicamento, os utentes podem ir a qualquer farm\u00e1cia com receita m\u00e9dica, sendo o medicamento comparticipado pelo Estado.<\/li>\n<li>O mecanismo estar\u00e1 ativo durante tr\u00eas meses, com possibilidade de renova\u00e7\u00e3o se as fam\u00edlias ainda necessitarem de apoio.<\/li>\n<\/ul>\n","protected":false},"author":2,"featured_media":387800,"comment_status":"closed","ping_status":"closed","sticky":false,"template":"","format":"standard","meta":{"footnotes":""},"categories":[1],"tags":[1084,5764,2172,4687,5952,1385],"class_list":["post-387785","post","type-post","status-publish","format-standard","has-post-thumbnail","hentry","category-noticias","tag-acao-social","tag-assistencia-de-saude","tag-assistencia-social","tag-calamidade-publica","tag-caritas-diocesana","tag-leiria"],"yoast_head":"<!-- This site is optimized with the Yoast SEO plugin v27.2 - https:\/\/yoast.com\/product\/yoast-seo-wordpress\/ -->\n<title>Associa\u00e7\u00e3o ativa mecanismo para fornecer medicamentos a afetados pelo mau tempo - Portal Tela Portugal<\/title>\n<meta name=\"robots\" content=\"index, follow, max-snippet:-1, max-image-preview:large, max-video-preview:-1\" \/>\n<meta property=\"og:locale\" content=\"pt_PT\" \/>\n<meta property=\"og:type\" content=\"article\" \/>\n<meta property=\"og:title\" content=\"Associa\u00e7\u00e3o ativa mecanismo para fornecer medicamentos a afetados pelo mau tempo - Portal Tela Portugal\" \/>\n<meta property=\"og:description\" content=\"Foi ativado o mecanismo de emerg\u00eancia abem: para ajudar pessoas afetadas pelo mau tempo a obter acesso r\u00e1pido e gratuito a medicamentos, j\u00e1 dispon\u00edvel em Leiria. O sistema abem: est\u00e1 operativo nos 68 concelhos em situa\u00e7\u00e3o de calamidade, incluindo Almada e Arruda dos Vinhos, com apoio de entidades locais. As pessoas devem dirigir-se \u00e0s entidades parceiras e aos munic\u00edpios que acionaram o mecanismo; a C\u00e1ritas Diocesana de Leiria j\u00e1 o ativou para responder \u00e0s necessidades locais. Ap\u00f3s acederem ao medicamento, os utentes podem ir a qualquer farm\u00e1cia com receita m\u00e9dica, sendo o medicamento comparticipado pelo Estado. O mecanismo estar\u00e1 ativo durante tr\u00eas meses, com possibilidade de renova\u00e7\u00e3o se as fam\u00edlias ainda necessitarem de apoio.\" \/>\n<meta property=\"og:url\" content=\"https:\/\/portaltela.pt\/noticias\/2026\/02\/25\/associacao-ativa-mecanismo-para-fornecer-medicamentos-a-afetados-pelo-mau-tempo\/\" \/>\n<meta property=\"og:site_name\" content=\"Portal Tela Portugal\" \/>\n<meta property=\"article:published_time\" content=\"2026-02-25T17:44:00+00:00\" \/>\n<meta name=\"author\" content=\"Telinha\" \/>\n<meta name=\"twitter:card\" content=\"summary_large_image\" \/>\n<meta name=\"twitter:label1\" content=\"Escrito por\" \/>\n\t<meta name=\"twitter:data1\" content=\"Telinha\" \/>\n\t<meta name=\"twitter:label2\" content=\"Tempo estimado de leitura\" \/>\n\t<meta name=\"twitter:data2\" content=\"1 minuto\" \/>\n<script type=\"application\/ld+json\" class=\"yoast-schema-graph\">{\"@context\":\"https:\/\/schema.org\",\"@graph\":[{\"@type\":\"Article\",\"@id\":\"https:\/\/portaltela.pt\/noticias\/2026\/02\/25\/associacao-ativa-mecanismo-para-fornecer-medicamentos-a-afetados-pelo-mau-tempo\/#article\",\"isPartOf\":{\"@id\":\"https:\/\/portaltela.pt\/noticias\/2026\/02\/25\/associacao-ativa-mecanismo-para-fornecer-medicamentos-a-afetados-pelo-mau-tempo\/\"},\"author\":{\"name\":\"Telinha\",\"@id\":\"https:\/\/portaltela.pt\/#\/schema\/person\/c4278d4a6028830caff9ee44b42d32ed\"},\"headline\":\"Associa\u00e7\u00e3o ativa mecanismo para fornecer medicamentos a afetados pelo mau tempo\",\"datePublished\":\"2026-02-25T17:44:00+00:00\",\"mainEntityOfPage\":{\"@id\":\"https:\/\/portaltela.pt\/noticias\/2026\/02\/25\/associacao-ativa-mecanismo-para-fornecer-medicamentos-a-afetados-pelo-mau-tempo\/\"},\"wordCount\":306,\"image\":{\"@id\":\"https:\/\/portaltela.pt\/noticias\/2026\/02\/25\/associacao-ativa-mecanismo-para-fornecer-medicamentos-a-afetados-pelo-mau-tempo\/#primaryimage\"},\"thumbnailUrl\":\"https:\/\/portaltela.pt\/s.01k8rhncp4jt1\/2026\/02\/img_1500x1000uu2026-01-30-11-26-00-2248517-3.jpg\",\"keywords\":[\"A\u00e7\u00e3o Social\",\"assist\u00eancia de sa\u00fade\",\"assist\u00eancia social\",\"calamidade p\u00fablica\",\"C\u00e1ritas Diocesana\",\"Leiria\"],\"articleSection\":[\"Not\u00edcias\"],\"inLanguage\":\"pt-PT\"},{\"@type\":\"WebPage\",\"@id\":\"https:\/\/portaltela.pt\/noticias\/2026\/02\/25\/associacao-ativa-mecanismo-para-fornecer-medicamentos-a-afetados-pelo-mau-tempo\/\",\"url\":\"https:\/\/portaltela.pt\/noticias\/2026\/02\/25\/associacao-ativa-mecanismo-para-fornecer-medicamentos-a-afetados-pelo-mau-tempo\/\",\"name\":\"Associa\u00e7\u00e3o ativa mecanismo para fornecer medicamentos a afetados pelo mau tempo - Portal Tela Portugal\",\"isPartOf\":{\"@id\":\"https:\/\/portaltela.pt\/#website\"},\"primaryImageOfPage\":{\"@id\":\"https:\/\/portaltela.pt\/noticias\/2026\/02\/25\/associacao-ativa-mecanismo-para-fornecer-medicamentos-a-afetados-pelo-mau-tempo\/#primaryimage\"},\"image\":{\"@id\":\"https:\/\/portaltela.pt\/noticias\/2026\/02\/25\/associacao-ativa-mecanismo-para-fornecer-medicamentos-a-afetados-pelo-mau-tempo\/#primaryimage\"},\"thumbnailUrl\":\"https:\/\/portaltela.pt\/s.01k8rhncp4jt1\/2026\/02\/img_1500x1000uu2026-01-30-11-26-00-2248517-3.jpg\",\"datePublished\":\"2026-02-25T17:44:00+00:00\",\"author\":{\"@id\":\"https:\/\/portaltela.pt\/#\/schema\/person\/c4278d4a6028830caff9ee44b42d32ed\"},\"breadcrumb\":{\"@id\":\"https:\/\/portaltela.pt\/noticias\/2026\/02\/25\/associacao-ativa-mecanismo-para-fornecer-medicamentos-a-afetados-pelo-mau-tempo\/#breadcrumb\"},\"inLanguage\":\"pt-PT\",\"potentialAction\":[{\"@type\":\"ReadAction\",\"target\":[\"https:\/\/portaltela.pt\/noticias\/2026\/02\/25\/associacao-ativa-mecanismo-para-fornecer-medicamentos-a-afetados-pelo-mau-tempo\/\"]}]},{\"@type\":\"ImageObject\",\"inLanguage\":\"pt-PT\",\"@id\":\"https:\/\/portaltela.pt\/noticias\/2026\/02\/25\/associacao-ativa-mecanismo-para-fornecer-medicamentos-a-afetados-pelo-mau-tempo\/#primaryimage\",\"url\":\"https:\/\/portaltela.pt\/s.01k8rhncp4jt1\/2026\/02\/img_1500x1000uu2026-01-30-11-26-00-2248517-3.jpg\",\"contentUrl\":\"https:\/\/portaltela.pt\/s.01k8rhncp4jt1\/2026\/02\/img_1500x1000uu2026-01-30-11-26-00-2248517-3.jpg\",\"width\":796,\"height\":448,\"caption\":\"Medicamentos\"},{\"@type\":\"BreadcrumbList\",\"@id\":\"https:\/\/portaltela.pt\/noticias\/2026\/02\/25\/associacao-ativa-mecanismo-para-fornecer-medicamentos-a-afetados-pelo-mau-tempo\/#breadcrumb\",\"itemListElement\":[{\"@type\":\"ListItem\",\"position\":1,\"name\":\"In\u00edcio\",\"item\":\"https:\/\/portaltela.pt\/\"},{\"@type\":\"ListItem\",\"position\":2,\"name\":\"Associa\u00e7\u00e3o ativa mecanismo para fornecer medicamentos a afetados pelo mau tempo\"}]},{\"@type\":\"WebSite\",\"@id\":\"https:\/\/portaltela.pt\/#website\",\"url\":\"https:\/\/portaltela.pt\/\",\"name\":\"Portal Tela Portugal\",\"description\":\"\",\"potentialAction\":[{\"@type\":\"SearchAction\",\"target\":{\"@type\":\"EntryPoint\",\"urlTemplate\":\"https:\/\/portaltela.pt\/?s={search_term_string}\"},\"query-input\":{\"@type\":\"PropertyValueSpecification\",\"valueRequired\":true,\"valueName\":\"search_term_string\"}}],\"inLanguage\":\"pt-PT\"},{\"@type\":\"Person\",\"@id\":\"https:\/\/portaltela.pt\/#\/schema\/person\/c4278d4a6028830caff9ee44b42d32ed\",\"name\":\"Telinha\",\"image\":{\"@type\":\"ImageObject\",\"inLanguage\":\"pt-PT\",\"@id\":\"https:\/\/portaltela.pt\/s.01k8rhncp4jt1\/2025\/11\/talking-bot-125x125.png\",\"url\":\"https:\/\/portaltela.pt\/s.01k8rhncp4jt1\/2025\/11\/talking-bot-125x125.png\",\"contentUrl\":\"https:\/\/portaltela.pt\/s.01k8rhncp4jt1\/2025\/11\/talking-bot-125x125.png\",\"caption\":\"Telinha\"},\"sameAs\":[\"https:\/\/portaltela.pt\/\"],\"url\":\"https:\/\/portaltela.pt\/por\/367410592786\/\"}]}<\/script>\n<!-- \/ Yoast SEO plugin. -->","yoast_head_json":{"title":"Associa\u00e7\u00e3o ativa mecanismo para fornecer medicamentos a afetados pelo mau tempo - Portal Tela Portugal","robots":{"index":"index","follow":"follow","max-snippet":"max-snippet:-1","max-image-preview":"max-image-preview:large","max-video-preview":"max-video-preview:-1"},"og_locale":"pt_PT","og_type":"article","og_title":"Associa\u00e7\u00e3o ativa mecanismo para fornecer medicamentos a afetados pelo mau tempo - Portal Tela Portugal","og_description":"Foi ativado o mecanismo de emerg\u00eancia abem: para ajudar pessoas afetadas pelo mau tempo a obter acesso r\u00e1pido e gratuito a medicamentos, j\u00e1 dispon\u00edvel em Leiria. O sistema abem: est\u00e1 operativo nos 68 concelhos em situa\u00e7\u00e3o de calamidade, incluindo Almada e Arruda dos Vinhos, com apoio de entidades locais. As pessoas devem dirigir-se \u00e0s entidades parceiras e aos munic\u00edpios que acionaram o mecanismo; a C\u00e1ritas Diocesana de Leiria j\u00e1 o ativou para responder \u00e0s necessidades locais. Ap\u00f3s acederem ao medicamento, os utentes podem ir a qualquer farm\u00e1cia com receita m\u00e9dica, sendo o medicamento comparticipado pelo Estado. O mecanismo estar\u00e1 ativo durante tr\u00eas meses, com possibilidade de renova\u00e7\u00e3o se as fam\u00edlias ainda necessitarem de apoio.","og_url":"https:\/\/portaltela.pt\/noticias\/2026\/02\/25\/associacao-ativa-mecanismo-para-fornecer-medicamentos-a-afetados-pelo-mau-tempo\/","og_site_name":"Portal Tela Portugal","article_published_time":"2026-02-25T17:44:00+00:00","author":"Telinha","twitter_card":"summary_large_image","twitter_misc":{"Escrito por":"Telinha","Tempo estimado de leitura":"1 minuto"},"schema":{"@context":"https:\/\/schema.org","@graph":[{"@type":"Article","@id":"https:\/\/portaltela.pt\/noticias\/2026\/02\/25\/associacao-ativa-mecanismo-para-fornecer-medicamentos-a-afetados-pelo-mau-tempo\/#article","isPartOf":{"@id":"https:\/\/portaltela.pt\/noticias\/2026\/02\/25\/associacao-ativa-mecanismo-para-fornecer-medicamentos-a-afetados-pelo-mau-tempo\/"},"author":{"name":"Telinha","@id":"https:\/\/portaltela.pt\/#\/schema\/person\/c4278d4a6028830caff9ee44b42d32ed"},"headline":"Associa\u00e7\u00e3o ativa mecanismo para fornecer medicamentos a afetados pelo mau tempo","datePublished":"2026-02-25T17:44:00+00:00","mainEntityOfPage":{"@id":"https:\/\/portaltela.pt\/noticias\/2026\/02\/25\/associacao-ativa-mecanismo-para-fornecer-medicamentos-a-afetados-pelo-mau-tempo\/"},"wordCount":306,"image":{"@id":"https:\/\/portaltela.pt\/noticias\/2026\/02\/25\/associacao-ativa-mecanismo-para-fornecer-medicamentos-a-afetados-pelo-mau-tempo\/#primaryimage"},"thumbnailUrl":"https:\/\/portaltela.pt\/s.01k8rhncp4jt1\/2026\/02\/img_1500x1000uu2026-01-30-11-26-00-2248517-3.jpg","keywords":["A\u00e7\u00e3o Social","assist\u00eancia de sa\u00fade","assist\u00eancia social","calamidade p\u00fablica","C\u00e1ritas Diocesana","Leiria"],"articleSection":["Not\u00edcias"],"inLanguage":"pt-PT"},{"@type":"WebPage","@id":"https:\/\/portaltela.pt\/noticias\/2026\/02\/25\/associacao-ativa-mecanismo-para-fornecer-medicamentos-a-afetados-pelo-mau-tempo\/","url":"https:\/\/portaltela.pt\/noticias\/2026\/02\/25\/associacao-ativa-mecanismo-para-fornecer-medicamentos-a-afetados-pelo-mau-tempo\/","name":"Associa\u00e7\u00e3o ativa mecanismo para fornecer medicamentos a afetados pelo mau tempo - Portal Tela Portugal","isPartOf":{"@id":"https:\/\/portaltela.pt\/#website"},"primaryImageOfPage":{"@id":"https:\/\/portaltela.pt\/noticias\/2026\/02\/25\/associacao-ativa-mecanismo-para-fornecer-medicamentos-a-afetados-pelo-mau-tempo\/#primaryimage"},"image":{"@id":"https:\/\/portaltela.pt\/noticias\/2026\/02\/25\/associacao-ativa-mecanismo-para-fornecer-medicamentos-a-afetados-pelo-mau-tempo\/#primaryimage"},"thumbnailUrl":"https:\/\/portaltela.pt\/s.01k8rhncp4jt1\/2026\/02\/img_1500x1000uu2026-01-30-11-26-00-2248517-3.jpg","datePublished":"2026-02-25T17:44:00+00:00","author":{"@id":"https:\/\/portaltela.pt\/#\/schema\/person\/c4278d4a6028830caff9ee44b42d32ed"},"breadcrumb":{"@id":"https:\/\/portaltela.pt\/noticias\/2026\/02\/25\/associacao-ativa-mecanismo-para-fornecer-medicamentos-a-afetados-pelo-mau-tempo\/#breadcrumb"},"inLanguage":"pt-PT","potentialAction":[{"@type":"ReadAction","target":["https:\/\/portaltela.pt\/noticias\/2026\/02\/25\/associacao-ativa-mecanismo-para-fornecer-medicamentos-a-afetados-pelo-mau-tempo\/"]}]},{"@type":"ImageObject","inLanguage":"pt-PT","@id":"https:\/\/portaltela.pt\/noticias\/2026\/02\/25\/associacao-ativa-mecanismo-para-fornecer-medicamentos-a-afetados-pelo-mau-tempo\/#primaryimage","url":"https:\/\/portaltela.pt\/s.01k8rhncp4jt1\/2026\/02\/img_1500x1000uu2026-01-30-11-26-00-2248517-3.jpg","contentUrl":"https:\/\/portaltela.pt\/s.01k8rhncp4jt1\/2026\/02\/img_1500x1000uu2026-01-30-11-26-00-2248517-3.jpg","width":796,"height":448,"caption":"Medicamentos"},{"@type":"BreadcrumbList","@id":"https:\/\/portaltela.pt\/noticias\/2026\/02\/25\/associacao-ativa-mecanismo-para-fornecer-medicamentos-a-afetados-pelo-mau-tempo\/#breadcrumb","itemListElement":[{"@type":"ListItem","position":1,"name":"In\u00edcio","item":"https:\/\/portaltela.pt\/"},{"@type":"ListItem","position":2,"name":"Associa\u00e7\u00e3o ativa mecanismo para fornecer medicamentos a afetados pelo mau tempo"}]},{"@type":"WebSite","@id":"https:\/\/portaltela.pt\/#website","url":"https:\/\/portaltela.pt\/","name":"Portal Tela Portugal","description":"","potentialAction":[{"@type":"SearchAction","target":{"@type":"EntryPoint","urlTemplate":"https:\/\/portaltela.pt\/?s={search_term_string}"},"query-input":{"@type":"PropertyValueSpecification","valueRequired":true,"valueName":"search_term_string"}}],"inLanguage":"pt-PT"},{"@type":"Person","@id":"https:\/\/portaltela.pt\/#\/schema\/person\/c4278d4a6028830caff9ee44b42d32ed","name":"Telinha","image":{"@type":"ImageObject","inLanguage":"pt-PT","@id":"https:\/\/portaltela.pt\/s.01k8rhncp4jt1\/2025\/11\/talking-bot-125x125.png","url":"https:\/\/portaltela.pt\/s.01k8rhncp4jt1\/2025\/11\/talking-bot-125x125.png","contentUrl":"https:\/\/portaltela.pt\/s.01k8rhncp4jt1\/2025\/11\/talking-bot-125x125.png","caption":"Telinha"},"sameAs":["https:\/\/portaltela.pt\/"],"url":"https:\/\/portaltela.pt\/por\/367410592786\/"}]}},"_links":{"self":[{"href":"https:\/\/portaltela.pt\/api\/wp\/v2\/posts\/387785","targetHints":{"allow":["GET"]}}],"collection":[{"href":"https:\/\/portaltela.pt\/api\/wp\/v2\/posts"}],"about":[{"href":"https:\/\/portaltela.pt\/api\/wp\/v2\/types\/post"}],"author":[{"embeddable":true,"href":"https:\/\/portaltela.pt\/api\/wp\/v2\/users\/2"}],"replies":[{"embeddable":true,"href":"https:\/\/portaltela.pt\/api\/wp\/v2\/comments?post=387785"}],"version-history":[{"count":0,"href":"https:\/\/portaltela.pt\/api\/wp\/v2\/posts\/387785\/revisions"}],"wp:featuredmedia":[{"embeddable":true,"href":"https:\/\/portaltela.pt\/api\/wp\/v2\/media\/387800"}],"wp:attachment":[{"href":"https:\/\/portaltela.pt\/api\/wp\/v2\/media?parent=387785"}],"wp:term":[{"taxonomy":"category","embeddable":true,"href":"https:\/\/portaltela.pt\/api\/wp\/v2\/categories?post=387785"},{"taxonomy":"post_tag","embeddable":true,"href":"https:\/\/portaltela.pt\/api\/wp\/v2\/tags?post=387785"}],"curies":[{"name":"wp","href":"https:\/\/api.w.org\/{rel}","templated":true}]}}