{"id":387757,"date":"2026-02-25T14:21:10","date_gmt":"2026-02-25T17:21:10","guid":{"rendered":"https:\/\/portaltela.pt\/noticias\/2026\/02\/25\/porto-regista-maior-numero-de-acidentes-por-conducao-em-contramao\/"},"modified":"2026-02-25T14:21:10","modified_gmt":"2026-02-25T17:21:10","slug":"porto-regista-maior-numero-de-acidentes-por-conducao-em-contramao","status":"publish","type":"post","link":"https:\/\/portaltela.pt\/noticias\/2026\/02\/25\/porto-regista-maior-numero-de-acidentes-por-conducao-em-contramao\/","title":{"rendered":"Porto regista maior n\u00famero de acidentes por condu\u00e7\u00e3o em contram\u00e3o"},"content":{"rendered":"<p>Em 2025, o Porto registou o maior n\u00famero de acidentes por condu\u00e7\u00e3o em contram\u00e3o em Portugal, segundo dados do Instituto Nacional de Emerg\u00eancia M\u00e9dica (INEM). Foram 13 ocorr\u00eancias na regi\u00e3o.<\/p>\n<p>A 2\u00aa regi\u00e3o com mais casos foi Faro, evidenciando uma tend\u00eancia crescente ao longo dos \u00faltimos anos. As estat\u00edsticas indicam que a condu\u00e7\u00e3o em contram\u00e3o tem vindo a aumentar de forma preocupante.<\/p>\n<p>De acordo com os dados, o incremento face a 2024 foi de cerca de 20%, sinalizando riscos graves n\u00e3o apenas para quem conduz, mas para todos os utilizadores da via. As autoridades t\u00eam promovido campanhas de sensibiliza\u00e7\u00e3o e fiscaliza\u00e7\u00e3o refor\u00e7ada.<\/p>\n<p>A pr\u00e1tica \u00e9 apontada como uma das infra\u00e7\u00f5es rodovi\u00e1rias mais graves, com impacto direto na seguran\u00e7a. A fiscaliza\u00e7\u00e3o eletr\u00f3nica e o aumento de patrulhas em zonas problem\u00e1ticas s\u00e3o estrat\u00e9gias j\u00e1 implementadas para tentar reduzir os epis\u00f3dios.<\/p>\n<p>A popula\u00e7\u00e3o \u00e9 incentivada a colaborar, denunciando comportamentos suspeitos. As autoridades destacam a import\u00e2ncia de uma circula\u00e7\u00e3o mais segura e respons\u00e1vel para diminuir o n\u00famero de acidentes.<\/p>\n","protected":false},"excerpt":{"rendered":"<ul>\n<li>Segundo o INEM, o Porto foi a regi\u00e3o com mais acidentes por condu\u00e7\u00e3o em contram\u00e3o em 2025, com 13 ocorr\u00eancias.<\/li>\n<li>Faro surge como a segunda regi\u00e3o com maior incid\u00eancia.<\/li>\n<li>O n\u00famero de acidentes em contram\u00e3o aumentou 20% face ao ano anterior.<\/li>\n<li>Autoridades t\u00eam intensificado fiscaliza\u00e7\u00e3o e campanhas de sensibiliza\u00e7\u00e3o, mas ainda \u00e9 necess\u00e1ria mais efic\u00e1cia.<\/li>\n<li>A maioria dos acidentes acontece em hor\u00e1rios de maior movimento e em vias urbanas, onde a visibilidade e o fluxo dificultam a dete\u00e7\u00e3o.<\/li>\n<\/ul>\n","protected":false},"author":2,"featured_media":387772,"comment_status":"closed","ping_status":"closed","sticky":false,"template":"","format":"standard","meta":{"footnotes":""},"categories":[1],"tags":[5487,2335,2285,982,1014,2761],"class_list":["post-387757","post","type-post","status-publish","format-standard","has-post-thumbnail","hentry","category-noticias","tag-acidente","tag-acidentes-rodoviarios","tag-infracoes-rodoviarias","tag-porto","tag-portugal","tag-seguranca-rodoviaria"],"yoast_head":"<!-- This site is optimized with the Yoast SEO plugin v27.2 - https:\/\/yoast.com\/product\/yoast-seo-wordpress\/ -->\n<title>Porto regista maior n\u00famero de acidentes por condu\u00e7\u00e3o em contram\u00e3o - Portal Tela Portugal<\/title>\n<meta name=\"robots\" content=\"index, follow, max-snippet:-1, max-image-preview:large, max-video-preview:-1\" \/>\n<meta property=\"og:locale\" content=\"pt_PT\" \/>\n<meta property=\"og:type\" content=\"article\" \/>\n<meta property=\"og:title\" content=\"Porto regista maior n\u00famero de acidentes por condu\u00e7\u00e3o em contram\u00e3o - Portal Tela Portugal\" \/>\n<meta property=\"og:description\" content=\"Segundo o INEM, o Porto foi a regi\u00e3o com mais acidentes por condu\u00e7\u00e3o em contram\u00e3o em 2025, com 13 ocorr\u00eancias. Faro surge como a segunda regi\u00e3o com maior incid\u00eancia. O n\u00famero de acidentes em contram\u00e3o aumentou 20% face ao ano anterior. Autoridades t\u00eam intensificado fiscaliza\u00e7\u00e3o e campanhas de sensibiliza\u00e7\u00e3o, mas ainda \u00e9 necess\u00e1ria mais efic\u00e1cia. A maioria dos acidentes acontece em hor\u00e1rios de maior movimento e em vias urbanas, onde a visibilidade e o fluxo dificultam a dete\u00e7\u00e3o.\" \/>\n<meta property=\"og:url\" content=\"https:\/\/portaltela.pt\/noticias\/2026\/02\/25\/porto-regista-maior-numero-de-acidentes-por-conducao-em-contramao\/\" \/>\n<meta property=\"og:site_name\" content=\"Portal Tela Portugal\" \/>\n<meta property=\"article:published_time\" content=\"2026-02-25T17:21:10+00:00\" \/>\n<meta name=\"author\" content=\"Telinha\" \/>\n<meta name=\"twitter:card\" content=\"summary_large_image\" \/>\n<meta name=\"twitter:label1\" content=\"Escrito por\" \/>\n\t<meta name=\"twitter:data1\" content=\"Telinha\" \/>\n\t<meta name=\"twitter:label2\" content=\"Tempo estimado de leitura\" \/>\n\t<meta name=\"twitter:data2\" content=\"1 minuto\" \/>\n<script type=\"application\/ld+json\" class=\"yoast-schema-graph\">{\"@context\":\"https:\/\/schema.org\",\"@graph\":[{\"@type\":\"Article\",\"@id\":\"https:\/\/portaltela.pt\/noticias\/2026\/02\/25\/porto-regista-maior-numero-de-acidentes-por-conducao-em-contramao\/#article\",\"isPartOf\":{\"@id\":\"https:\/\/portaltela.pt\/noticias\/2026\/02\/25\/porto-regista-maior-numero-de-acidentes-por-conducao-em-contramao\/\"},\"author\":{\"name\":\"Telinha\",\"@id\":\"https:\/\/portaltela.pt\/#\/schema\/person\/c4278d4a6028830caff9ee44b42d32ed\"},\"headline\":\"Porto regista maior n\u00famero de acidentes por condu\u00e7\u00e3o em contram\u00e3o\",\"datePublished\":\"2026-02-25T17:21:10+00:00\",\"mainEntityOfPage\":{\"@id\":\"https:\/\/portaltela.pt\/noticias\/2026\/02\/25\/porto-regista-maior-numero-de-acidentes-por-conducao-em-contramao\/\"},\"wordCount\":203,\"image\":{\"@id\":\"https:\/\/portaltela.pt\/noticias\/2026\/02\/25\/porto-regista-maior-numero-de-acidentes-por-conducao-em-contramao\/#primaryimage\"},\"thumbnailUrl\":\"https:\/\/portaltela.pt\/s.01k8rhncp4jt1\/2026\/02\/img_1280x722uu2026-02-25-13-50-32-2268934.jpg\",\"keywords\":[\"acidente\",\"acidentes rodovi\u00e1rios\",\"infra\u00e7\u00f5es rodovi\u00e1rias\",\"Porto\",\"Portugal\",\"seguran\u00e7a rodovi\u00e1ria\"],\"articleSection\":[\"Not\u00edcias\"],\"inLanguage\":\"pt-PT\"},{\"@type\":\"WebPage\",\"@id\":\"https:\/\/portaltela.pt\/noticias\/2026\/02\/25\/porto-regista-maior-numero-de-acidentes-por-conducao-em-contramao\/\",\"url\":\"https:\/\/portaltela.pt\/noticias\/2026\/02\/25\/porto-regista-maior-numero-de-acidentes-por-conducao-em-contramao\/\",\"name\":\"Porto regista maior n\u00famero de acidentes por condu\u00e7\u00e3o em contram\u00e3o - Portal Tela Portugal\",\"isPartOf\":{\"@id\":\"https:\/\/portaltela.pt\/#website\"},\"primaryImageOfPage\":{\"@id\":\"https:\/\/portaltela.pt\/noticias\/2026\/02\/25\/porto-regista-maior-numero-de-acidentes-por-conducao-em-contramao\/#primaryimage\"},\"image\":{\"@id\":\"https:\/\/portaltela.pt\/noticias\/2026\/02\/25\/porto-regista-maior-numero-de-acidentes-por-conducao-em-contramao\/#primaryimage\"},\"thumbnailUrl\":\"https:\/\/portaltela.pt\/s.01k8rhncp4jt1\/2026\/02\/img_1280x722uu2026-02-25-13-50-32-2268934.jpg\",\"datePublished\":\"2026-02-25T17:21:10+00:00\",\"author\":{\"@id\":\"https:\/\/portaltela.pt\/#\/schema\/person\/c4278d4a6028830caff9ee44b42d32ed\"},\"breadcrumb\":{\"@id\":\"https:\/\/portaltela.pt\/noticias\/2026\/02\/25\/porto-regista-maior-numero-de-acidentes-por-conducao-em-contramao\/#breadcrumb\"},\"inLanguage\":\"pt-PT\",\"potentialAction\":[{\"@type\":\"ReadAction\",\"target\":[\"https:\/\/portaltela.pt\/noticias\/2026\/02\/25\/porto-regista-maior-numero-de-acidentes-por-conducao-em-contramao\/\"]}]},{\"@type\":\"ImageObject\",\"inLanguage\":\"pt-PT\",\"@id\":\"https:\/\/portaltela.pt\/noticias\/2026\/02\/25\/porto-regista-maior-numero-de-acidentes-por-conducao-em-contramao\/#primaryimage\",\"url\":\"https:\/\/portaltela.pt\/s.01k8rhncp4jt1\/2026\/02\/img_1280x722uu2026-02-25-13-50-32-2268934.jpg\",\"contentUrl\":\"https:\/\/portaltela.pt\/s.01k8rhncp4jt1\/2026\/02\/img_1280x722uu2026-02-25-13-50-32-2268934.jpg\",\"width\":796,\"height\":448,\"caption\":\"Porto regista o maior n\u00famero de acidentes por condu\u00e7\u00e3o em contram\u00e3o\"},{\"@type\":\"BreadcrumbList\",\"@id\":\"https:\/\/portaltela.pt\/noticias\/2026\/02\/25\/porto-regista-maior-numero-de-acidentes-por-conducao-em-contramao\/#breadcrumb\",\"itemListElement\":[{\"@type\":\"ListItem\",\"position\":1,\"name\":\"In\u00edcio\",\"item\":\"https:\/\/portaltela.pt\/\"},{\"@type\":\"ListItem\",\"position\":2,\"name\":\"Porto regista maior n\u00famero de acidentes por condu\u00e7\u00e3o em contram\u00e3o\"}]},{\"@type\":\"WebSite\",\"@id\":\"https:\/\/portaltela.pt\/#website\",\"url\":\"https:\/\/portaltela.pt\/\",\"name\":\"Portal Tela Portugal\",\"description\":\"\",\"potentialAction\":[{\"@type\":\"SearchAction\",\"target\":{\"@type\":\"EntryPoint\",\"urlTemplate\":\"https:\/\/portaltela.pt\/?s={search_term_string}\"},\"query-input\":{\"@type\":\"PropertyValueSpecification\",\"valueRequired\":true,\"valueName\":\"search_term_string\"}}],\"inLanguage\":\"pt-PT\"},{\"@type\":\"Person\",\"@id\":\"https:\/\/portaltela.pt\/#\/schema\/person\/c4278d4a6028830caff9ee44b42d32ed\",\"name\":\"Telinha\",\"image\":{\"@type\":\"ImageObject\",\"inLanguage\":\"pt-PT\",\"@id\":\"https:\/\/portaltela.pt\/s.01k8rhncp4jt1\/2025\/11\/talking-bot-125x125.png\",\"url\":\"https:\/\/portaltela.pt\/s.01k8rhncp4jt1\/2025\/11\/talking-bot-125x125.png\",\"contentUrl\":\"https:\/\/portaltela.pt\/s.01k8rhncp4jt1\/2025\/11\/talking-bot-125x125.png\",\"caption\":\"Telinha\"},\"sameAs\":[\"https:\/\/portaltela.pt\/\"],\"url\":\"https:\/\/portaltela.pt\/por\/367410592786\/\"}]}<\/script>\n<!-- \/ Yoast SEO plugin. -->","yoast_head_json":{"title":"Porto regista maior n\u00famero de acidentes por condu\u00e7\u00e3o em contram\u00e3o - Portal Tela Portugal","robots":{"index":"index","follow":"follow","max-snippet":"max-snippet:-1","max-image-preview":"max-image-preview:large","max-video-preview":"max-video-preview:-1"},"og_locale":"pt_PT","og_type":"article","og_title":"Porto regista maior n\u00famero de acidentes por condu\u00e7\u00e3o em contram\u00e3o - Portal Tela Portugal","og_description":"Segundo o INEM, o Porto foi a regi\u00e3o com mais acidentes por condu\u00e7\u00e3o em contram\u00e3o em 2025, com 13 ocorr\u00eancias. Faro surge como a segunda regi\u00e3o com maior incid\u00eancia. O n\u00famero de acidentes em contram\u00e3o aumentou 20% face ao ano anterior. Autoridades t\u00eam intensificado fiscaliza\u00e7\u00e3o e campanhas de sensibiliza\u00e7\u00e3o, mas ainda \u00e9 necess\u00e1ria mais efic\u00e1cia. A maioria dos acidentes acontece em hor\u00e1rios de maior movimento e em vias urbanas, onde a visibilidade e o fluxo dificultam a dete\u00e7\u00e3o.","og_url":"https:\/\/portaltela.pt\/noticias\/2026\/02\/25\/porto-regista-maior-numero-de-acidentes-por-conducao-em-contramao\/","og_site_name":"Portal Tela Portugal","article_published_time":"2026-02-25T17:21:10+00:00","author":"Telinha","twitter_card":"summary_large_image","twitter_misc":{"Escrito por":"Telinha","Tempo estimado de leitura":"1 minuto"},"schema":{"@context":"https:\/\/schema.org","@graph":[{"@type":"Article","@id":"https:\/\/portaltela.pt\/noticias\/2026\/02\/25\/porto-regista-maior-numero-de-acidentes-por-conducao-em-contramao\/#article","isPartOf":{"@id":"https:\/\/portaltela.pt\/noticias\/2026\/02\/25\/porto-regista-maior-numero-de-acidentes-por-conducao-em-contramao\/"},"author":{"name":"Telinha","@id":"https:\/\/portaltela.pt\/#\/schema\/person\/c4278d4a6028830caff9ee44b42d32ed"},"headline":"Porto regista maior n\u00famero de acidentes por condu\u00e7\u00e3o em contram\u00e3o","datePublished":"2026-02-25T17:21:10+00:00","mainEntityOfPage":{"@id":"https:\/\/portaltela.pt\/noticias\/2026\/02\/25\/porto-regista-maior-numero-de-acidentes-por-conducao-em-contramao\/"},"wordCount":203,"image":{"@id":"https:\/\/portaltela.pt\/noticias\/2026\/02\/25\/porto-regista-maior-numero-de-acidentes-por-conducao-em-contramao\/#primaryimage"},"thumbnailUrl":"https:\/\/portaltela.pt\/s.01k8rhncp4jt1\/2026\/02\/img_1280x722uu2026-02-25-13-50-32-2268934.jpg","keywords":["acidente","acidentes rodovi\u00e1rios","infra\u00e7\u00f5es rodovi\u00e1rias","Porto","Portugal","seguran\u00e7a rodovi\u00e1ria"],"articleSection":["Not\u00edcias"],"inLanguage":"pt-PT"},{"@type":"WebPage","@id":"https:\/\/portaltela.pt\/noticias\/2026\/02\/25\/porto-regista-maior-numero-de-acidentes-por-conducao-em-contramao\/","url":"https:\/\/portaltela.pt\/noticias\/2026\/02\/25\/porto-regista-maior-numero-de-acidentes-por-conducao-em-contramao\/","name":"Porto regista maior n\u00famero de acidentes por condu\u00e7\u00e3o em contram\u00e3o - Portal Tela Portugal","isPartOf":{"@id":"https:\/\/portaltela.pt\/#website"},"primaryImageOfPage":{"@id":"https:\/\/portaltela.pt\/noticias\/2026\/02\/25\/porto-regista-maior-numero-de-acidentes-por-conducao-em-contramao\/#primaryimage"},"image":{"@id":"https:\/\/portaltela.pt\/noticias\/2026\/02\/25\/porto-regista-maior-numero-de-acidentes-por-conducao-em-contramao\/#primaryimage"},"thumbnailUrl":"https:\/\/portaltela.pt\/s.01k8rhncp4jt1\/2026\/02\/img_1280x722uu2026-02-25-13-50-32-2268934.jpg","datePublished":"2026-02-25T17:21:10+00:00","author":{"@id":"https:\/\/portaltela.pt\/#\/schema\/person\/c4278d4a6028830caff9ee44b42d32ed"},"breadcrumb":{"@id":"https:\/\/portaltela.pt\/noticias\/2026\/02\/25\/porto-regista-maior-numero-de-acidentes-por-conducao-em-contramao\/#breadcrumb"},"inLanguage":"pt-PT","potentialAction":[{"@type":"ReadAction","target":["https:\/\/portaltela.pt\/noticias\/2026\/02\/25\/porto-regista-maior-numero-de-acidentes-por-conducao-em-contramao\/"]}]},{"@type":"ImageObject","inLanguage":"pt-PT","@id":"https:\/\/portaltela.pt\/noticias\/2026\/02\/25\/porto-regista-maior-numero-de-acidentes-por-conducao-em-contramao\/#primaryimage","url":"https:\/\/portaltela.pt\/s.01k8rhncp4jt1\/2026\/02\/img_1280x722uu2026-02-25-13-50-32-2268934.jpg","contentUrl":"https:\/\/portaltela.pt\/s.01k8rhncp4jt1\/2026\/02\/img_1280x722uu2026-02-25-13-50-32-2268934.jpg","width":796,"height":448,"caption":"Porto regista o maior n\u00famero de acidentes por condu\u00e7\u00e3o em contram\u00e3o"},{"@type":"BreadcrumbList","@id":"https:\/\/portaltela.pt\/noticias\/2026\/02\/25\/porto-regista-maior-numero-de-acidentes-por-conducao-em-contramao\/#breadcrumb","itemListElement":[{"@type":"ListItem","position":1,"name":"In\u00edcio","item":"https:\/\/portaltela.pt\/"},{"@type":"ListItem","position":2,"name":"Porto regista maior n\u00famero de acidentes por condu\u00e7\u00e3o em contram\u00e3o"}]},{"@type":"WebSite","@id":"https:\/\/portaltela.pt\/#website","url":"https:\/\/portaltela.pt\/","name":"Portal Tela Portugal","description":"","potentialAction":[{"@type":"SearchAction","target":{"@type":"EntryPoint","urlTemplate":"https:\/\/portaltela.pt\/?s={search_term_string}"},"query-input":{"@type":"PropertyValueSpecification","valueRequired":true,"valueName":"search_term_string"}}],"inLanguage":"pt-PT"},{"@type":"Person","@id":"https:\/\/portaltela.pt\/#\/schema\/person\/c4278d4a6028830caff9ee44b42d32ed","name":"Telinha","image":{"@type":"ImageObject","inLanguage":"pt-PT","@id":"https:\/\/portaltela.pt\/s.01k8rhncp4jt1\/2025\/11\/talking-bot-125x125.png","url":"https:\/\/portaltela.pt\/s.01k8rhncp4jt1\/2025\/11\/talking-bot-125x125.png","contentUrl":"https:\/\/portaltela.pt\/s.01k8rhncp4jt1\/2025\/11\/talking-bot-125x125.png","caption":"Telinha"},"sameAs":["https:\/\/portaltela.pt\/"],"url":"https:\/\/portaltela.pt\/por\/367410592786\/"}]}},"_links":{"self":[{"href":"https:\/\/portaltela.pt\/api\/wp\/v2\/posts\/387757","targetHints":{"allow":["GET"]}}],"collection":[{"href":"https:\/\/portaltela.pt\/api\/wp\/v2\/posts"}],"about":[{"href":"https:\/\/portaltela.pt\/api\/wp\/v2\/types\/post"}],"author":[{"embeddable":true,"href":"https:\/\/portaltela.pt\/api\/wp\/v2\/users\/2"}],"replies":[{"embeddable":true,"href":"https:\/\/portaltela.pt\/api\/wp\/v2\/comments?post=387757"}],"version-history":[{"count":0,"href":"https:\/\/portaltela.pt\/api\/wp\/v2\/posts\/387757\/revisions"}],"wp:featuredmedia":[{"embeddable":true,"href":"https:\/\/portaltela.pt\/api\/wp\/v2\/media\/387772"}],"wp:attachment":[{"href":"https:\/\/portaltela.pt\/api\/wp\/v2\/media?parent=387757"}],"wp:term":[{"taxonomy":"category","embeddable":true,"href":"https:\/\/portaltela.pt\/api\/wp\/v2\/categories?post=387757"},{"taxonomy":"post_tag","embeddable":true,"href":"https:\/\/portaltela.pt\/api\/wp\/v2\/tags?post=387757"}],"curies":[{"name":"wp","href":"https:\/\/api.w.org\/{rel}","templated":true}]}}