{"id":387735,"date":"2026-02-25T14:11:17","date_gmt":"2026-02-25T17:11:17","guid":{"rendered":"https:\/\/portaltela.pt\/noticias\/2026\/02\/25\/trabalhos-de-limpeza-seguem-em-porto-brandao-apos-deslizamento-de-terras\/"},"modified":"2026-02-25T14:11:17","modified_gmt":"2026-02-25T17:11:17","slug":"trabalhos-de-limpeza-seguem-em-porto-brandao-apos-deslizamento-de-terras","status":"publish","type":"post","link":"https:\/\/portaltela.pt\/noticias\/2026\/02\/25\/trabalhos-de-limpeza-seguem-em-porto-brandao-apos-deslizamento-de-terras\/","title":{"rendered":"Trabalhos de limpeza seguem em Porto Brand\u00e3o ap\u00f3s deslizamento de terras"},"content":{"rendered":"<p>Trabalhos de limpeza est\u00e3o a decorrer em Porto Brand\u00e3o, na sequ\u00eancia de um deslizamento de terras. Funcion\u00e1rios da C\u00e2mara Municipal de Almada est\u00e3o a remover a terra na rua 1.\u00ba de Maio.<\/p>\n<p>A interven\u00e7\u00e3o foi confirmada pela autarquia local e envolve m\u00e1quinas de escava\u00e7\u00e3o para retirar o material solto e transport\u00e1-lo para locais apropriados. N\u00e3o houve indica\u00e7\u00e3o de feridos.<\/p>\n<p>N\u00e3o foram avan\u00e7ados detalhes sobre o n\u00famero de moradores afetados ou a origem exata do deslizamento, mas as autoridades mant\u00eam a \u00e1rea sob monitoriza\u00e7\u00e3o constante.<\/p>\n<h3>Estado atual e pr\u00f3ximos passos<\/h3>\n<p>Segundo fontes municipais, o objetivo \u00e9 estabilizar o talude e evitar novos deslizamentos. As obras devem prosseguir nos pr\u00f3ximos dias, com avalia\u00e7\u00e3o adicional da infraestrutura da via.<\/p>\n","protected":false},"excerpt":{"rendered":"<ul>\n<li>Funcion\u00e1rios da c\u00e2mara de Almada estiveram em Porto Brand\u00e3o, na rua 1.\u00ba de Maio, a remover terra ap\u00f3s o deslizamento de terras.<\/li>\n<li>A interven\u00e7\u00e3o ocorreu nesta quarta-feira, 25 de fevereiro de 2026, com hora indicada \u00e0s 17:11.<\/li>\n<li>O foco da atividade foi limpar a via afetada pelo deslizamento.<\/li>\n<li>N\u00e3o foram divulgadas informa\u00e7\u00f5es sobre danos ou v\u00edtimas.<\/li>\n<li>A opera\u00e7\u00e3o comp\u00f5e-se de a\u00e7\u00f5es de manuten\u00e7\u00e3o urbana implementadas pela autarquia.<\/li>\n<\/ul>\n","protected":false},"author":2,"featured_media":387744,"comment_status":"closed","ping_status":"closed","sticky":false,"template":"","format":"standard","meta":{"footnotes":""},"categories":[1],"tags":[5950,703,3735,4107,320,5537],"class_list":["post-387735","post","type-post","status-publish","format-standard","has-post-thumbnail","hentry","category-noticias","tag-a-almada","tag-camara","tag-deslizamentos","tag-limpeza-de-vias","tag-protecao-civil","tag-vias-cortadas"],"yoast_head":"<!-- This site is optimized with the Yoast SEO plugin v27.2 - https:\/\/yoast.com\/product\/yoast-seo-wordpress\/ -->\n<title>Trabalhos de limpeza seguem em Porto Brand\u00e3o ap\u00f3s deslizamento de terras - Portal Tela Portugal<\/title>\n<meta name=\"robots\" content=\"index, follow, max-snippet:-1, max-image-preview:large, max-video-preview:-1\" \/>\n<meta property=\"og:locale\" content=\"pt_PT\" \/>\n<meta property=\"og:type\" content=\"article\" \/>\n<meta property=\"og:title\" content=\"Trabalhos de limpeza seguem em Porto Brand\u00e3o ap\u00f3s deslizamento de terras - Portal Tela Portugal\" \/>\n<meta property=\"og:description\" content=\"Funcion\u00e1rios da c\u00e2mara de Almada estiveram em Porto Brand\u00e3o, na rua 1.\u00ba de Maio, a remover terra ap\u00f3s o deslizamento de terras. A interven\u00e7\u00e3o ocorreu nesta quarta-feira, 25 de fevereiro de 2026, com hora indicada \u00e0s 17:11. O foco da atividade foi limpar a via afetada pelo deslizamento. N\u00e3o foram divulgadas informa\u00e7\u00f5es sobre danos ou v\u00edtimas. A opera\u00e7\u00e3o comp\u00f5e-se de a\u00e7\u00f5es de manuten\u00e7\u00e3o urbana implementadas pela autarquia.\" \/>\n<meta property=\"og:url\" content=\"https:\/\/portaltela.pt\/noticias\/2026\/02\/25\/trabalhos-de-limpeza-seguem-em-porto-brandao-apos-deslizamento-de-terras\/\" \/>\n<meta property=\"og:site_name\" content=\"Portal Tela Portugal\" \/>\n<meta property=\"article:published_time\" content=\"2026-02-25T17:11:17+00:00\" \/>\n<meta name=\"author\" content=\"Telinha\" \/>\n<meta name=\"twitter:card\" content=\"summary_large_image\" \/>\n<meta name=\"twitter:label1\" content=\"Escrito por\" \/>\n\t<meta name=\"twitter:data1\" content=\"Telinha\" \/>\n\t<meta name=\"twitter:label2\" content=\"Tempo estimado de leitura\" \/>\n\t<meta name=\"twitter:data2\" content=\"1 minuto\" \/>\n<script type=\"application\/ld+json\" class=\"yoast-schema-graph\">{\"@context\":\"https:\/\/schema.org\",\"@graph\":[{\"@type\":\"Article\",\"@id\":\"https:\/\/portaltela.pt\/noticias\/2026\/02\/25\/trabalhos-de-limpeza-seguem-em-porto-brandao-apos-deslizamento-de-terras\/#article\",\"isPartOf\":{\"@id\":\"https:\/\/portaltela.pt\/noticias\/2026\/02\/25\/trabalhos-de-limpeza-seguem-em-porto-brandao-apos-deslizamento-de-terras\/\"},\"author\":{\"name\":\"Telinha\",\"@id\":\"https:\/\/portaltela.pt\/#\/schema\/person\/c4278d4a6028830caff9ee44b42d32ed\"},\"headline\":\"Trabalhos de limpeza seguem em Porto Brand\u00e3o ap\u00f3s deslizamento de terras\",\"datePublished\":\"2026-02-25T17:11:17+00:00\",\"mainEntityOfPage\":{\"@id\":\"https:\/\/portaltela.pt\/noticias\/2026\/02\/25\/trabalhos-de-limpeza-seguem-em-porto-brandao-apos-deslizamento-de-terras\/\"},\"wordCount\":147,\"image\":{\"@id\":\"https:\/\/portaltela.pt\/noticias\/2026\/02\/25\/trabalhos-de-limpeza-seguem-em-porto-brandao-apos-deslizamento-de-terras\/#primaryimage\"},\"thumbnailUrl\":\"https:\/\/portaltela.pt\/s.01k8rhncp4jt1\/2026\/02\/img_1280x722uu2026-02-25-13-53-00-2268935.jpg\",\"keywords\":[\"A Almada\",\"c\u00e2mara\",\"deslizamentos\",\"limpeza de vias\",\"prote\u00e7\u00e3o civil\",\"vias cortadas\"],\"articleSection\":[\"Not\u00edcias\"],\"inLanguage\":\"pt-PT\"},{\"@type\":\"WebPage\",\"@id\":\"https:\/\/portaltela.pt\/noticias\/2026\/02\/25\/trabalhos-de-limpeza-seguem-em-porto-brandao-apos-deslizamento-de-terras\/\",\"url\":\"https:\/\/portaltela.pt\/noticias\/2026\/02\/25\/trabalhos-de-limpeza-seguem-em-porto-brandao-apos-deslizamento-de-terras\/\",\"name\":\"Trabalhos de limpeza seguem em Porto Brand\u00e3o ap\u00f3s deslizamento de terras - Portal Tela Portugal\",\"isPartOf\":{\"@id\":\"https:\/\/portaltela.pt\/#website\"},\"primaryImageOfPage\":{\"@id\":\"https:\/\/portaltela.pt\/noticias\/2026\/02\/25\/trabalhos-de-limpeza-seguem-em-porto-brandao-apos-deslizamento-de-terras\/#primaryimage\"},\"image\":{\"@id\":\"https:\/\/portaltela.pt\/noticias\/2026\/02\/25\/trabalhos-de-limpeza-seguem-em-porto-brandao-apos-deslizamento-de-terras\/#primaryimage\"},\"thumbnailUrl\":\"https:\/\/portaltela.pt\/s.01k8rhncp4jt1\/2026\/02\/img_1280x722uu2026-02-25-13-53-00-2268935.jpg\",\"datePublished\":\"2026-02-25T17:11:17+00:00\",\"author\":{\"@id\":\"https:\/\/portaltela.pt\/#\/schema\/person\/c4278d4a6028830caff9ee44b42d32ed\"},\"breadcrumb\":{\"@id\":\"https:\/\/portaltela.pt\/noticias\/2026\/02\/25\/trabalhos-de-limpeza-seguem-em-porto-brandao-apos-deslizamento-de-terras\/#breadcrumb\"},\"inLanguage\":\"pt-PT\",\"potentialAction\":[{\"@type\":\"ReadAction\",\"target\":[\"https:\/\/portaltela.pt\/noticias\/2026\/02\/25\/trabalhos-de-limpeza-seguem-em-porto-brandao-apos-deslizamento-de-terras\/\"]}]},{\"@type\":\"ImageObject\",\"inLanguage\":\"pt-PT\",\"@id\":\"https:\/\/portaltela.pt\/noticias\/2026\/02\/25\/trabalhos-de-limpeza-seguem-em-porto-brandao-apos-deslizamento-de-terras\/#primaryimage\",\"url\":\"https:\/\/portaltela.pt\/s.01k8rhncp4jt1\/2026\/02\/img_1280x722uu2026-02-25-13-53-00-2268935.jpg\",\"contentUrl\":\"https:\/\/portaltela.pt\/s.01k8rhncp4jt1\/2026\/02\/img_1280x722uu2026-02-25-13-53-00-2268935.jpg\",\"width\":796,\"height\":448,\"caption\":\"Funcion\u00e1rios da c\u00e2mara de Almada estiveram, esta quarta-feira, na rua 1.\u00ba de Maio, em Porto Brand\u00e3o, a remover a terra.\"},{\"@type\":\"BreadcrumbList\",\"@id\":\"https:\/\/portaltela.pt\/noticias\/2026\/02\/25\/trabalhos-de-limpeza-seguem-em-porto-brandao-apos-deslizamento-de-terras\/#breadcrumb\",\"itemListElement\":[{\"@type\":\"ListItem\",\"position\":1,\"name\":\"In\u00edcio\",\"item\":\"https:\/\/portaltela.pt\/\"},{\"@type\":\"ListItem\",\"position\":2,\"name\":\"Trabalhos de limpeza seguem em Porto Brand\u00e3o ap\u00f3s deslizamento de terras\"}]},{\"@type\":\"WebSite\",\"@id\":\"https:\/\/portaltela.pt\/#website\",\"url\":\"https:\/\/portaltela.pt\/\",\"name\":\"Portal Tela Portugal\",\"description\":\"\",\"potentialAction\":[{\"@type\":\"SearchAction\",\"target\":{\"@type\":\"EntryPoint\",\"urlTemplate\":\"https:\/\/portaltela.pt\/?s={search_term_string}\"},\"query-input\":{\"@type\":\"PropertyValueSpecification\",\"valueRequired\":true,\"valueName\":\"search_term_string\"}}],\"inLanguage\":\"pt-PT\"},{\"@type\":\"Person\",\"@id\":\"https:\/\/portaltela.pt\/#\/schema\/person\/c4278d4a6028830caff9ee44b42d32ed\",\"name\":\"Telinha\",\"image\":{\"@type\":\"ImageObject\",\"inLanguage\":\"pt-PT\",\"@id\":\"https:\/\/portaltela.pt\/s.01k8rhncp4jt1\/2025\/11\/talking-bot-125x125.png\",\"url\":\"https:\/\/portaltela.pt\/s.01k8rhncp4jt1\/2025\/11\/talking-bot-125x125.png\",\"contentUrl\":\"https:\/\/portaltela.pt\/s.01k8rhncp4jt1\/2025\/11\/talking-bot-125x125.png\",\"caption\":\"Telinha\"},\"sameAs\":[\"https:\/\/portaltela.pt\/\"],\"url\":\"https:\/\/portaltela.pt\/por\/367410592786\/\"}]}<\/script>\n<!-- \/ Yoast SEO plugin. -->","yoast_head_json":{"title":"Trabalhos de limpeza seguem em Porto Brand\u00e3o ap\u00f3s deslizamento de terras - Portal Tela Portugal","robots":{"index":"index","follow":"follow","max-snippet":"max-snippet:-1","max-image-preview":"max-image-preview:large","max-video-preview":"max-video-preview:-1"},"og_locale":"pt_PT","og_type":"article","og_title":"Trabalhos de limpeza seguem em Porto Brand\u00e3o ap\u00f3s deslizamento de terras - Portal Tela Portugal","og_description":"Funcion\u00e1rios da c\u00e2mara de Almada estiveram em Porto Brand\u00e3o, na rua 1.\u00ba de Maio, a remover terra ap\u00f3s o deslizamento de terras. A interven\u00e7\u00e3o ocorreu nesta quarta-feira, 25 de fevereiro de 2026, com hora indicada \u00e0s 17:11. O foco da atividade foi limpar a via afetada pelo deslizamento. N\u00e3o foram divulgadas informa\u00e7\u00f5es sobre danos ou v\u00edtimas. A opera\u00e7\u00e3o comp\u00f5e-se de a\u00e7\u00f5es de manuten\u00e7\u00e3o urbana implementadas pela autarquia.","og_url":"https:\/\/portaltela.pt\/noticias\/2026\/02\/25\/trabalhos-de-limpeza-seguem-em-porto-brandao-apos-deslizamento-de-terras\/","og_site_name":"Portal Tela Portugal","article_published_time":"2026-02-25T17:11:17+00:00","author":"Telinha","twitter_card":"summary_large_image","twitter_misc":{"Escrito por":"Telinha","Tempo estimado de leitura":"1 minuto"},"schema":{"@context":"https:\/\/schema.org","@graph":[{"@type":"Article","@id":"https:\/\/portaltela.pt\/noticias\/2026\/02\/25\/trabalhos-de-limpeza-seguem-em-porto-brandao-apos-deslizamento-de-terras\/#article","isPartOf":{"@id":"https:\/\/portaltela.pt\/noticias\/2026\/02\/25\/trabalhos-de-limpeza-seguem-em-porto-brandao-apos-deslizamento-de-terras\/"},"author":{"name":"Telinha","@id":"https:\/\/portaltela.pt\/#\/schema\/person\/c4278d4a6028830caff9ee44b42d32ed"},"headline":"Trabalhos de limpeza seguem em Porto Brand\u00e3o ap\u00f3s deslizamento de terras","datePublished":"2026-02-25T17:11:17+00:00","mainEntityOfPage":{"@id":"https:\/\/portaltela.pt\/noticias\/2026\/02\/25\/trabalhos-de-limpeza-seguem-em-porto-brandao-apos-deslizamento-de-terras\/"},"wordCount":147,"image":{"@id":"https:\/\/portaltela.pt\/noticias\/2026\/02\/25\/trabalhos-de-limpeza-seguem-em-porto-brandao-apos-deslizamento-de-terras\/#primaryimage"},"thumbnailUrl":"https:\/\/portaltela.pt\/s.01k8rhncp4jt1\/2026\/02\/img_1280x722uu2026-02-25-13-53-00-2268935.jpg","keywords":["A Almada","c\u00e2mara","deslizamentos","limpeza de vias","prote\u00e7\u00e3o civil","vias cortadas"],"articleSection":["Not\u00edcias"],"inLanguage":"pt-PT"},{"@type":"WebPage","@id":"https:\/\/portaltela.pt\/noticias\/2026\/02\/25\/trabalhos-de-limpeza-seguem-em-porto-brandao-apos-deslizamento-de-terras\/","url":"https:\/\/portaltela.pt\/noticias\/2026\/02\/25\/trabalhos-de-limpeza-seguem-em-porto-brandao-apos-deslizamento-de-terras\/","name":"Trabalhos de limpeza seguem em Porto Brand\u00e3o ap\u00f3s deslizamento de terras - Portal Tela Portugal","isPartOf":{"@id":"https:\/\/portaltela.pt\/#website"},"primaryImageOfPage":{"@id":"https:\/\/portaltela.pt\/noticias\/2026\/02\/25\/trabalhos-de-limpeza-seguem-em-porto-brandao-apos-deslizamento-de-terras\/#primaryimage"},"image":{"@id":"https:\/\/portaltela.pt\/noticias\/2026\/02\/25\/trabalhos-de-limpeza-seguem-em-porto-brandao-apos-deslizamento-de-terras\/#primaryimage"},"thumbnailUrl":"https:\/\/portaltela.pt\/s.01k8rhncp4jt1\/2026\/02\/img_1280x722uu2026-02-25-13-53-00-2268935.jpg","datePublished":"2026-02-25T17:11:17+00:00","author":{"@id":"https:\/\/portaltela.pt\/#\/schema\/person\/c4278d4a6028830caff9ee44b42d32ed"},"breadcrumb":{"@id":"https:\/\/portaltela.pt\/noticias\/2026\/02\/25\/trabalhos-de-limpeza-seguem-em-porto-brandao-apos-deslizamento-de-terras\/#breadcrumb"},"inLanguage":"pt-PT","potentialAction":[{"@type":"ReadAction","target":["https:\/\/portaltela.pt\/noticias\/2026\/02\/25\/trabalhos-de-limpeza-seguem-em-porto-brandao-apos-deslizamento-de-terras\/"]}]},{"@type":"ImageObject","inLanguage":"pt-PT","@id":"https:\/\/portaltela.pt\/noticias\/2026\/02\/25\/trabalhos-de-limpeza-seguem-em-porto-brandao-apos-deslizamento-de-terras\/#primaryimage","url":"https:\/\/portaltela.pt\/s.01k8rhncp4jt1\/2026\/02\/img_1280x722uu2026-02-25-13-53-00-2268935.jpg","contentUrl":"https:\/\/portaltela.pt\/s.01k8rhncp4jt1\/2026\/02\/img_1280x722uu2026-02-25-13-53-00-2268935.jpg","width":796,"height":448,"caption":"Funcion\u00e1rios da c\u00e2mara de Almada estiveram, esta quarta-feira, na rua 1.\u00ba de Maio, em Porto Brand\u00e3o, a remover a terra."},{"@type":"BreadcrumbList","@id":"https:\/\/portaltela.pt\/noticias\/2026\/02\/25\/trabalhos-de-limpeza-seguem-em-porto-brandao-apos-deslizamento-de-terras\/#breadcrumb","itemListElement":[{"@type":"ListItem","position":1,"name":"In\u00edcio","item":"https:\/\/portaltela.pt\/"},{"@type":"ListItem","position":2,"name":"Trabalhos de limpeza seguem em Porto Brand\u00e3o ap\u00f3s deslizamento de terras"}]},{"@type":"WebSite","@id":"https:\/\/portaltela.pt\/#website","url":"https:\/\/portaltela.pt\/","name":"Portal Tela Portugal","description":"","potentialAction":[{"@type":"SearchAction","target":{"@type":"EntryPoint","urlTemplate":"https:\/\/portaltela.pt\/?s={search_term_string}"},"query-input":{"@type":"PropertyValueSpecification","valueRequired":true,"valueName":"search_term_string"}}],"inLanguage":"pt-PT"},{"@type":"Person","@id":"https:\/\/portaltela.pt\/#\/schema\/person\/c4278d4a6028830caff9ee44b42d32ed","name":"Telinha","image":{"@type":"ImageObject","inLanguage":"pt-PT","@id":"https:\/\/portaltela.pt\/s.01k8rhncp4jt1\/2025\/11\/talking-bot-125x125.png","url":"https:\/\/portaltela.pt\/s.01k8rhncp4jt1\/2025\/11\/talking-bot-125x125.png","contentUrl":"https:\/\/portaltela.pt\/s.01k8rhncp4jt1\/2025\/11\/talking-bot-125x125.png","caption":"Telinha"},"sameAs":["https:\/\/portaltela.pt\/"],"url":"https:\/\/portaltela.pt\/por\/367410592786\/"}]}},"_links":{"self":[{"href":"https:\/\/portaltela.pt\/api\/wp\/v2\/posts\/387735","targetHints":{"allow":["GET"]}}],"collection":[{"href":"https:\/\/portaltela.pt\/api\/wp\/v2\/posts"}],"about":[{"href":"https:\/\/portaltela.pt\/api\/wp\/v2\/types\/post"}],"author":[{"embeddable":true,"href":"https:\/\/portaltela.pt\/api\/wp\/v2\/users\/2"}],"replies":[{"embeddable":true,"href":"https:\/\/portaltela.pt\/api\/wp\/v2\/comments?post=387735"}],"version-history":[{"count":0,"href":"https:\/\/portaltela.pt\/api\/wp\/v2\/posts\/387735\/revisions"}],"wp:featuredmedia":[{"embeddable":true,"href":"https:\/\/portaltela.pt\/api\/wp\/v2\/media\/387744"}],"wp:attachment":[{"href":"https:\/\/portaltela.pt\/api\/wp\/v2\/media?parent=387735"}],"wp:term":[{"taxonomy":"category","embeddable":true,"href":"https:\/\/portaltela.pt\/api\/wp\/v2\/categories?post=387735"},{"taxonomy":"post_tag","embeddable":true,"href":"https:\/\/portaltela.pt\/api\/wp\/v2\/tags?post=387735"}],"curies":[{"name":"wp","href":"https:\/\/api.w.org\/{rel}","templated":true}]}}