{"id":387710,"date":"2026-02-25T13:49:14","date_gmt":"2026-02-25T16:49:14","guid":{"rendered":"https:\/\/portaltela.pt\/noticias\/2026\/02\/25\/defesa-de-miguel-arruda-solicita-abertura-de-instrucao-em-caso-de-furto-de-malas\/"},"modified":"2026-02-25T13:49:14","modified_gmt":"2026-02-25T16:49:14","slug":"defesa-de-miguel-arruda-solicita-abertura-de-instrucao-em-caso-de-furto-de-malas","status":"publish","type":"post","link":"https:\/\/portaltela.pt\/noticias\/2026\/02\/25\/defesa-de-miguel-arruda-solicita-abertura-de-instrucao-em-caso-de-furto-de-malas\/","title":{"rendered":"Defesa de Miguel Arruda solicita abertura de instru\u00e7\u00e3o em caso de furto de malas"},"content":{"rendered":"<p>A defesa de Miguel Arruda, ex-deputado do Chega, pediu a abertura de instru\u00e7\u00e3o no processo relacionado ao furto de malas no aeroporto de Lisboa entre outubro de 2024 e janeiro de 2025. O pedido foi confirmado \u00e0 Lusa pelo advogado Jos\u00e9 Manuel Castro.<\/p>\n<p>A acusa\u00e7\u00e3o foi deduzida em 11 de dezembro. Segundo o defesa, o requerimento para instru\u00e7\u00e3o foi apresentado no final de janeiro, e ainda n\u00e3o h\u00e1 data marcada para esta fase, que serve para apurar ind\u00edcios suficientes de culpa para levar o caso a julgamento.<\/p>\n<p>Arruda, de 41 anos, \u00e9 acusado de 21 crimes de furto qualificado, 20 consumados e 1 tentado, enquanto a sua mulher responde por recepta\u00e7\u00e3o. O ex-deputado integrou o Chega e foi eleito em mar\u00e7o de 2024, passando a independente em janeiro de 2025.<\/p>\n<p>Para o Minist\u00e9rio P\u00fablico, Arruda aproveitava viagens semanais entre Ponta Delgada e Lisboa, com atua\u00e7\u00e3o no aeroporto Humberto Delgado, para desviar malas de passageiros. Em pelo menos oito dias ter\u00e1 furtado v\u00e1rias malas; noutros tr\u00eas dias procurou, sem sucesso, malas sem vigil\u00e2ncia.<\/p>\n<p>O valor de parte do conte\u00fado das malas n\u00e3o foi totalmente apurado, mas duas malas contendo roupas, cal\u00e7ado e artigos de luxo conseguiram atingir quase 12 mil euros. Algum material ter\u00e1 sido oferecido \u00e0 esposa ou colocado \u00e0 venda na plataforma Vinted, com morada da Assembleia da Rep\u00fablica.<\/p>\n<p>No in\u00edcio deste ano, a PSP apreendeu seis malas de viagem e uma mochila no gabinete de Miguel Arruda, em 27 de janeiro de 2025. O casal permanece em liberdade, sujeitos a termo de identidade e resid\u00eancia, e Arruda n\u00e3o exerce fun\u00e7\u00f5es de deputado na legislatura atual.<\/p>\n<p>O caso segue para a fase de instru\u00e7\u00e3o, etapa em que se avalia a exist\u00eancia de ind\u00edcios suficientes para levar a julgamento.<\/p>\n","protected":false},"excerpt":{"rendered":"<ul>\n<li>A defesa de Miguel Arruda, ex-deputado do Chega, pediu a abertura de instru\u00e7\u00e3o no processo por furto de malas no aeroporto de Lisboa entre outubro de dois mil e vinte quatro e janeiro de dois mil e vinte e cinco.<\/li>\n<li>A acusa\u00e7\u00e3o foi entregue a 11 de dezembro; a abertura da instru\u00e7\u00e3o foi pedida no final de janeiro e n\u00e3o h\u00e1 data marcada para esta fase.<\/li>\n<li>Arruda \u00e9 acusado de vinte e um crimes de furto qualificado (vinte consumados e um tentado); a mulher \u00e9 acusada de recepta\u00e7\u00e3o por alegadamente ter recebido e usado bens roubados.<\/li>\n<li>Segundo o Minist\u00e9rio P\u00fablico, o antigo deputado aproveitou viagens semanais entre Ponta Delgada e Lisboa para desviar, em pelo menos oito dias, mais de uma dezena de malas de terceiros; apenas duas malas tinham conte\u00fado avaliado em quase 12 mil euros.<\/li>\n<li>Em janeiro de mil e vinte e cinco, o gabinete de Arruda no parlamento foi alvo de apreens\u00e3o de seis malas de viagem e uma mochila; ambos ficam em liberdade sob termo de identidade e resid\u00eancia.<\/li>\n<\/ul>\n","protected":false},"author":2,"featured_media":387719,"comment_status":"closed","ping_status":"closed","sticky":false,"template":"","format":"standard","meta":{"footnotes":""},"categories":[1],"tags":[3302,2142,424,1659,981,2832],"class_list":["post-387710","post","type-post","status-publish","format-standard","has-post-thumbnail","hentry","category-noticias","tag-aeroportos","tag-chega","tag-furto","tag-furto-qualificado","tag-lisboa","tag-politica"],"yoast_head":"<!-- This site is optimized with the Yoast SEO plugin v27.2 - https:\/\/yoast.com\/product\/yoast-seo-wordpress\/ -->\n<title>Defesa de Miguel Arruda solicita abertura de instru\u00e7\u00e3o em caso de furto de malas - Portal Tela Portugal<\/title>\n<meta name=\"robots\" content=\"index, follow, max-snippet:-1, max-image-preview:large, max-video-preview:-1\" \/>\n<meta property=\"og:locale\" content=\"pt_PT\" \/>\n<meta property=\"og:type\" content=\"article\" \/>\n<meta property=\"og:title\" content=\"Defesa de Miguel Arruda solicita abertura de instru\u00e7\u00e3o em caso de furto de malas - Portal Tela Portugal\" \/>\n<meta property=\"og:description\" content=\"A defesa de Miguel Arruda, ex-deputado do Chega, pediu a abertura de instru\u00e7\u00e3o no processo por furto de malas no aeroporto de Lisboa entre outubro de dois mil e vinte quatro e janeiro de dois mil e vinte e cinco. A acusa\u00e7\u00e3o foi entregue a 11 de dezembro; a abertura da instru\u00e7\u00e3o foi pedida no final de janeiro e n\u00e3o h\u00e1 data marcada para esta fase. Arruda \u00e9 acusado de vinte e um crimes de furto qualificado (vinte consumados e um tentado); a mulher \u00e9 acusada de recepta\u00e7\u00e3o por alegadamente ter recebido e usado bens roubados. Segundo o Minist\u00e9rio P\u00fablico, o antigo deputado aproveitou viagens semanais entre Ponta Delgada e Lisboa para desviar, em pelo menos oito dias, mais de uma dezena de malas de terceiros; apenas duas malas tinham conte\u00fado avaliado em quase 12 mil euros. Em janeiro de mil e vinte e cinco, o gabinete de Arruda no parlamento foi alvo de apreens\u00e3o de seis malas de viagem e uma mochila; ambos ficam em liberdade sob termo de identidade e resid\u00eancia.\" \/>\n<meta property=\"og:url\" content=\"https:\/\/portaltela.pt\/noticias\/2026\/02\/25\/defesa-de-miguel-arruda-solicita-abertura-de-instrucao-em-caso-de-furto-de-malas\/\" \/>\n<meta property=\"og:site_name\" content=\"Portal Tela Portugal\" \/>\n<meta property=\"article:published_time\" content=\"2026-02-25T16:49:14+00:00\" \/>\n<meta name=\"author\" content=\"Telinha\" \/>\n<meta name=\"twitter:card\" content=\"summary_large_image\" \/>\n<meta name=\"twitter:label1\" content=\"Escrito por\" \/>\n\t<meta name=\"twitter:data1\" content=\"Telinha\" \/>\n\t<meta name=\"twitter:label2\" content=\"Tempo estimado de leitura\" \/>\n\t<meta name=\"twitter:data2\" content=\"1 minuto\" \/>\n<script type=\"application\/ld+json\" class=\"yoast-schema-graph\">{\"@context\":\"https:\/\/schema.org\",\"@graph\":[{\"@type\":\"Article\",\"@id\":\"https:\/\/portaltela.pt\/noticias\/2026\/02\/25\/defesa-de-miguel-arruda-solicita-abertura-de-instrucao-em-caso-de-furto-de-malas\/#article\",\"isPartOf\":{\"@id\":\"https:\/\/portaltela.pt\/noticias\/2026\/02\/25\/defesa-de-miguel-arruda-solicita-abertura-de-instrucao-em-caso-de-furto-de-malas\/\"},\"author\":{\"name\":\"Telinha\",\"@id\":\"https:\/\/portaltela.pt\/#\/schema\/person\/c4278d4a6028830caff9ee44b42d32ed\"},\"headline\":\"Defesa de Miguel Arruda solicita abertura de instru\u00e7\u00e3o em caso de furto de malas\",\"datePublished\":\"2026-02-25T16:49:14+00:00\",\"mainEntityOfPage\":{\"@id\":\"https:\/\/portaltela.pt\/noticias\/2026\/02\/25\/defesa-de-miguel-arruda-solicita-abertura-de-instrucao-em-caso-de-furto-de-malas\/\"},\"wordCount\":312,\"image\":{\"@id\":\"https:\/\/portaltela.pt\/noticias\/2026\/02\/25\/defesa-de-miguel-arruda-solicita-abertura-de-instrucao-em-caso-de-furto-de-malas\/#primaryimage\"},\"thumbnailUrl\":\"https:\/\/portaltela.pt\/s.01k8rhncp4jt1\/2026\/02\/img_1500x1000uu2025-02-18-17-59-40-2193967.jpg\",\"keywords\":[\"aeroportos\",\"CHEGA\",\"furto\",\"furto qualificado\",\"Lisboa\",\"pol\u00edtica\"],\"articleSection\":[\"Not\u00edcias\"],\"inLanguage\":\"pt-PT\"},{\"@type\":\"WebPage\",\"@id\":\"https:\/\/portaltela.pt\/noticias\/2026\/02\/25\/defesa-de-miguel-arruda-solicita-abertura-de-instrucao-em-caso-de-furto-de-malas\/\",\"url\":\"https:\/\/portaltela.pt\/noticias\/2026\/02\/25\/defesa-de-miguel-arruda-solicita-abertura-de-instrucao-em-caso-de-furto-de-malas\/\",\"name\":\"Defesa de Miguel Arruda solicita abertura de instru\u00e7\u00e3o em caso de furto de malas - Portal Tela Portugal\",\"isPartOf\":{\"@id\":\"https:\/\/portaltela.pt\/#website\"},\"primaryImageOfPage\":{\"@id\":\"https:\/\/portaltela.pt\/noticias\/2026\/02\/25\/defesa-de-miguel-arruda-solicita-abertura-de-instrucao-em-caso-de-furto-de-malas\/#primaryimage\"},\"image\":{\"@id\":\"https:\/\/portaltela.pt\/noticias\/2026\/02\/25\/defesa-de-miguel-arruda-solicita-abertura-de-instrucao-em-caso-de-furto-de-malas\/#primaryimage\"},\"thumbnailUrl\":\"https:\/\/portaltela.pt\/s.01k8rhncp4jt1\/2026\/02\/img_1500x1000uu2025-02-18-17-59-40-2193967.jpg\",\"datePublished\":\"2026-02-25T16:49:14+00:00\",\"author\":{\"@id\":\"https:\/\/portaltela.pt\/#\/schema\/person\/c4278d4a6028830caff9ee44b42d32ed\"},\"breadcrumb\":{\"@id\":\"https:\/\/portaltela.pt\/noticias\/2026\/02\/25\/defesa-de-miguel-arruda-solicita-abertura-de-instrucao-em-caso-de-furto-de-malas\/#breadcrumb\"},\"inLanguage\":\"pt-PT\",\"potentialAction\":[{\"@type\":\"ReadAction\",\"target\":[\"https:\/\/portaltela.pt\/noticias\/2026\/02\/25\/defesa-de-miguel-arruda-solicita-abertura-de-instrucao-em-caso-de-furto-de-malas\/\"]}]},{\"@type\":\"ImageObject\",\"inLanguage\":\"pt-PT\",\"@id\":\"https:\/\/portaltela.pt\/noticias\/2026\/02\/25\/defesa-de-miguel-arruda-solicita-abertura-de-instrucao-em-caso-de-furto-de-malas\/#primaryimage\",\"url\":\"https:\/\/portaltela.pt\/s.01k8rhncp4jt1\/2026\/02\/img_1500x1000uu2025-02-18-17-59-40-2193967.jpg\",\"contentUrl\":\"https:\/\/portaltela.pt\/s.01k8rhncp4jt1\/2026\/02\/img_1500x1000uu2025-02-18-17-59-40-2193967.jpg\",\"width\":796,\"height\":448,\"caption\":\"Miguel Arruda\"},{\"@type\":\"BreadcrumbList\",\"@id\":\"https:\/\/portaltela.pt\/noticias\/2026\/02\/25\/defesa-de-miguel-arruda-solicita-abertura-de-instrucao-em-caso-de-furto-de-malas\/#breadcrumb\",\"itemListElement\":[{\"@type\":\"ListItem\",\"position\":1,\"name\":\"In\u00edcio\",\"item\":\"https:\/\/portaltela.pt\/\"},{\"@type\":\"ListItem\",\"position\":2,\"name\":\"Defesa de Miguel Arruda solicita abertura de instru\u00e7\u00e3o em caso de furto de malas\"}]},{\"@type\":\"WebSite\",\"@id\":\"https:\/\/portaltela.pt\/#website\",\"url\":\"https:\/\/portaltela.pt\/\",\"name\":\"Portal Tela Portugal\",\"description\":\"\",\"potentialAction\":[{\"@type\":\"SearchAction\",\"target\":{\"@type\":\"EntryPoint\",\"urlTemplate\":\"https:\/\/portaltela.pt\/?s={search_term_string}\"},\"query-input\":{\"@type\":\"PropertyValueSpecification\",\"valueRequired\":true,\"valueName\":\"search_term_string\"}}],\"inLanguage\":\"pt-PT\"},{\"@type\":\"Person\",\"@id\":\"https:\/\/portaltela.pt\/#\/schema\/person\/c4278d4a6028830caff9ee44b42d32ed\",\"name\":\"Telinha\",\"image\":{\"@type\":\"ImageObject\",\"inLanguage\":\"pt-PT\",\"@id\":\"https:\/\/portaltela.pt\/s.01k8rhncp4jt1\/2025\/11\/talking-bot-125x125.png\",\"url\":\"https:\/\/portaltela.pt\/s.01k8rhncp4jt1\/2025\/11\/talking-bot-125x125.png\",\"contentUrl\":\"https:\/\/portaltela.pt\/s.01k8rhncp4jt1\/2025\/11\/talking-bot-125x125.png\",\"caption\":\"Telinha\"},\"sameAs\":[\"https:\/\/portaltela.pt\/\"],\"url\":\"https:\/\/portaltela.pt\/por\/367410592786\/\"}]}<\/script>\n<!-- \/ Yoast SEO plugin. -->","yoast_head_json":{"title":"Defesa de Miguel Arruda solicita abertura de instru\u00e7\u00e3o em caso de furto de malas - Portal Tela Portugal","robots":{"index":"index","follow":"follow","max-snippet":"max-snippet:-1","max-image-preview":"max-image-preview:large","max-video-preview":"max-video-preview:-1"},"og_locale":"pt_PT","og_type":"article","og_title":"Defesa de Miguel Arruda solicita abertura de instru\u00e7\u00e3o em caso de furto de malas - Portal Tela Portugal","og_description":"A defesa de Miguel Arruda, ex-deputado do Chega, pediu a abertura de instru\u00e7\u00e3o no processo por furto de malas no aeroporto de Lisboa entre outubro de dois mil e vinte quatro e janeiro de dois mil e vinte e cinco. A acusa\u00e7\u00e3o foi entregue a 11 de dezembro; a abertura da instru\u00e7\u00e3o foi pedida no final de janeiro e n\u00e3o h\u00e1 data marcada para esta fase. Arruda \u00e9 acusado de vinte e um crimes de furto qualificado (vinte consumados e um tentado); a mulher \u00e9 acusada de recepta\u00e7\u00e3o por alegadamente ter recebido e usado bens roubados. Segundo o Minist\u00e9rio P\u00fablico, o antigo deputado aproveitou viagens semanais entre Ponta Delgada e Lisboa para desviar, em pelo menos oito dias, mais de uma dezena de malas de terceiros; apenas duas malas tinham conte\u00fado avaliado em quase 12 mil euros. Em janeiro de mil e vinte e cinco, o gabinete de Arruda no parlamento foi alvo de apreens\u00e3o de seis malas de viagem e uma mochila; ambos ficam em liberdade sob termo de identidade e resid\u00eancia.","og_url":"https:\/\/portaltela.pt\/noticias\/2026\/02\/25\/defesa-de-miguel-arruda-solicita-abertura-de-instrucao-em-caso-de-furto-de-malas\/","og_site_name":"Portal Tela Portugal","article_published_time":"2026-02-25T16:49:14+00:00","author":"Telinha","twitter_card":"summary_large_image","twitter_misc":{"Escrito por":"Telinha","Tempo estimado de leitura":"1 minuto"},"schema":{"@context":"https:\/\/schema.org","@graph":[{"@type":"Article","@id":"https:\/\/portaltela.pt\/noticias\/2026\/02\/25\/defesa-de-miguel-arruda-solicita-abertura-de-instrucao-em-caso-de-furto-de-malas\/#article","isPartOf":{"@id":"https:\/\/portaltela.pt\/noticias\/2026\/02\/25\/defesa-de-miguel-arruda-solicita-abertura-de-instrucao-em-caso-de-furto-de-malas\/"},"author":{"name":"Telinha","@id":"https:\/\/portaltela.pt\/#\/schema\/person\/c4278d4a6028830caff9ee44b42d32ed"},"headline":"Defesa de Miguel Arruda solicita abertura de instru\u00e7\u00e3o em caso de furto de malas","datePublished":"2026-02-25T16:49:14+00:00","mainEntityOfPage":{"@id":"https:\/\/portaltela.pt\/noticias\/2026\/02\/25\/defesa-de-miguel-arruda-solicita-abertura-de-instrucao-em-caso-de-furto-de-malas\/"},"wordCount":312,"image":{"@id":"https:\/\/portaltela.pt\/noticias\/2026\/02\/25\/defesa-de-miguel-arruda-solicita-abertura-de-instrucao-em-caso-de-furto-de-malas\/#primaryimage"},"thumbnailUrl":"https:\/\/portaltela.pt\/s.01k8rhncp4jt1\/2026\/02\/img_1500x1000uu2025-02-18-17-59-40-2193967.jpg","keywords":["aeroportos","CHEGA","furto","furto qualificado","Lisboa","pol\u00edtica"],"articleSection":["Not\u00edcias"],"inLanguage":"pt-PT"},{"@type":"WebPage","@id":"https:\/\/portaltela.pt\/noticias\/2026\/02\/25\/defesa-de-miguel-arruda-solicita-abertura-de-instrucao-em-caso-de-furto-de-malas\/","url":"https:\/\/portaltela.pt\/noticias\/2026\/02\/25\/defesa-de-miguel-arruda-solicita-abertura-de-instrucao-em-caso-de-furto-de-malas\/","name":"Defesa de Miguel Arruda solicita abertura de instru\u00e7\u00e3o em caso de furto de malas - Portal Tela Portugal","isPartOf":{"@id":"https:\/\/portaltela.pt\/#website"},"primaryImageOfPage":{"@id":"https:\/\/portaltela.pt\/noticias\/2026\/02\/25\/defesa-de-miguel-arruda-solicita-abertura-de-instrucao-em-caso-de-furto-de-malas\/#primaryimage"},"image":{"@id":"https:\/\/portaltela.pt\/noticias\/2026\/02\/25\/defesa-de-miguel-arruda-solicita-abertura-de-instrucao-em-caso-de-furto-de-malas\/#primaryimage"},"thumbnailUrl":"https:\/\/portaltela.pt\/s.01k8rhncp4jt1\/2026\/02\/img_1500x1000uu2025-02-18-17-59-40-2193967.jpg","datePublished":"2026-02-25T16:49:14+00:00","author":{"@id":"https:\/\/portaltela.pt\/#\/schema\/person\/c4278d4a6028830caff9ee44b42d32ed"},"breadcrumb":{"@id":"https:\/\/portaltela.pt\/noticias\/2026\/02\/25\/defesa-de-miguel-arruda-solicita-abertura-de-instrucao-em-caso-de-furto-de-malas\/#breadcrumb"},"inLanguage":"pt-PT","potentialAction":[{"@type":"ReadAction","target":["https:\/\/portaltela.pt\/noticias\/2026\/02\/25\/defesa-de-miguel-arruda-solicita-abertura-de-instrucao-em-caso-de-furto-de-malas\/"]}]},{"@type":"ImageObject","inLanguage":"pt-PT","@id":"https:\/\/portaltela.pt\/noticias\/2026\/02\/25\/defesa-de-miguel-arruda-solicita-abertura-de-instrucao-em-caso-de-furto-de-malas\/#primaryimage","url":"https:\/\/portaltela.pt\/s.01k8rhncp4jt1\/2026\/02\/img_1500x1000uu2025-02-18-17-59-40-2193967.jpg","contentUrl":"https:\/\/portaltela.pt\/s.01k8rhncp4jt1\/2026\/02\/img_1500x1000uu2025-02-18-17-59-40-2193967.jpg","width":796,"height":448,"caption":"Miguel Arruda"},{"@type":"BreadcrumbList","@id":"https:\/\/portaltela.pt\/noticias\/2026\/02\/25\/defesa-de-miguel-arruda-solicita-abertura-de-instrucao-em-caso-de-furto-de-malas\/#breadcrumb","itemListElement":[{"@type":"ListItem","position":1,"name":"In\u00edcio","item":"https:\/\/portaltela.pt\/"},{"@type":"ListItem","position":2,"name":"Defesa de Miguel Arruda solicita abertura de instru\u00e7\u00e3o em caso de furto de malas"}]},{"@type":"WebSite","@id":"https:\/\/portaltela.pt\/#website","url":"https:\/\/portaltela.pt\/","name":"Portal Tela Portugal","description":"","potentialAction":[{"@type":"SearchAction","target":{"@type":"EntryPoint","urlTemplate":"https:\/\/portaltela.pt\/?s={search_term_string}"},"query-input":{"@type":"PropertyValueSpecification","valueRequired":true,"valueName":"search_term_string"}}],"inLanguage":"pt-PT"},{"@type":"Person","@id":"https:\/\/portaltela.pt\/#\/schema\/person\/c4278d4a6028830caff9ee44b42d32ed","name":"Telinha","image":{"@type":"ImageObject","inLanguage":"pt-PT","@id":"https:\/\/portaltela.pt\/s.01k8rhncp4jt1\/2025\/11\/talking-bot-125x125.png","url":"https:\/\/portaltela.pt\/s.01k8rhncp4jt1\/2025\/11\/talking-bot-125x125.png","contentUrl":"https:\/\/portaltela.pt\/s.01k8rhncp4jt1\/2025\/11\/talking-bot-125x125.png","caption":"Telinha"},"sameAs":["https:\/\/portaltela.pt\/"],"url":"https:\/\/portaltela.pt\/por\/367410592786\/"}]}},"_links":{"self":[{"href":"https:\/\/portaltela.pt\/api\/wp\/v2\/posts\/387710","targetHints":{"allow":["GET"]}}],"collection":[{"href":"https:\/\/portaltela.pt\/api\/wp\/v2\/posts"}],"about":[{"href":"https:\/\/portaltela.pt\/api\/wp\/v2\/types\/post"}],"author":[{"embeddable":true,"href":"https:\/\/portaltela.pt\/api\/wp\/v2\/users\/2"}],"replies":[{"embeddable":true,"href":"https:\/\/portaltela.pt\/api\/wp\/v2\/comments?post=387710"}],"version-history":[{"count":0,"href":"https:\/\/portaltela.pt\/api\/wp\/v2\/posts\/387710\/revisions"}],"wp:featuredmedia":[{"embeddable":true,"href":"https:\/\/portaltela.pt\/api\/wp\/v2\/media\/387719"}],"wp:attachment":[{"href":"https:\/\/portaltela.pt\/api\/wp\/v2\/media?parent=387710"}],"wp:term":[{"taxonomy":"category","embeddable":true,"href":"https:\/\/portaltela.pt\/api\/wp\/v2\/categories?post=387710"},{"taxonomy":"post_tag","embeddable":true,"href":"https:\/\/portaltela.pt\/api\/wp\/v2\/tags?post=387710"}],"curies":[{"name":"wp","href":"https:\/\/api.w.org\/{rel}","templated":true}]}}