{"id":387664,"date":"2026-02-25T13:36:04","date_gmt":"2026-02-25T16:36:04","guid":{"rendered":"https:\/\/portaltela.pt\/noticias\/2026\/02\/25\/maior-exercicio-alemao-cadeia-de-salvamento-lituania-alemanha\/"},"modified":"2026-02-25T13:36:04","modified_gmt":"2026-02-25T16:36:04","slug":"maior-exercicio-alemao-cadeia-de-salvamento-lituania-alemanha","status":"publish","type":"post","link":"https:\/\/portaltela.pt\/noticias\/2026\/02\/25\/maior-exercicio-alemao-cadeia-de-salvamento-lituania-alemanha\/","title":{"rendered":"Maior exerc\u00edcio alem\u00e3o cadeia de salvamento Litu\u00e2nia Alemanha"},"content":{"rendered":"<p>Perante a amea\u00e7a na regi\u00e3o, a Bundeswehr desencade o maior exerc\u00edcio m\u00e9dico desde o in\u00edcio da guerra na Ucr\u00e2nia. Mais de 1.000 soldados e 250 civis v\u00e3o treinar salvamento e evacua\u00e7\u00e3o r\u00e1pida, desde o local de ferimento na Litu\u00e2nia at\u00e9 aos cuidados em cl\u00ednicas alem\u00e3s.<\/p>\n<p>A prepara\u00e7\u00e3o envolve toda a cadeia de salvamento, incluindo a for\u00e7a a\u00e9rea. O objetivo n\u00e3o \u00e9 apenas treinar, mas mostrar credibilidade das capacidades das for\u00e7as armadas em v\u00e1rias dimens\u00f5es. O exerc\u00edcio Quadriga 2026 est\u00e1 na calha.<\/p>\n<p>No centro da pr\u00e1tica est\u00e3o opera\u00e7\u00f5es de resposta em caso de grande opera\u00e7\u00e3o na Litu\u00e2nia, com participa\u00e7\u00e3o de pa\u00edses parceiros. O esfor\u00e7o integra treino de envio r\u00e1pido de m\u00e9dicos e a cria\u00e7\u00e3o de um centro de salvamento para treino j\u00e1 em fevereiro.<\/p>\n<p>Um comboio de marcha percorre a Alemanha rumo \u00e0 Litu\u00e2nia. Grupos de cerca de 50 ve\u00edculos atravessam Ren\u00e2nia-Palatinado, Ren\u00e2nia do Norte-Vestef\u00e1lia, Baixa Sax\u00f3nia, Bremen, Hamburgo e Schleswig-Holstein, antes de passar para a Pol\u00f3nia.<\/p>\n<p>Este movimento envolve cerca de 600 quil\u00f3metros dentro do territ\u00f3rio alem\u00e3o, com chegada prevista \u00e0 Litu\u00e2nia no in\u00edcio de mar\u00e7o. O exerc\u00edcio envolve cerca de 1.400 soldados no total.<\/p>\n<p>Ao norte, a Brigada da Litu\u00e2nia, que integra a Brigada 45 alem\u00e3, ficar\u00e1 estacionada perto da fronteira com a Bielorr\u00fassia. O conjunto dever\u00e1 contemplar cerca de 200 baixas simuladas, com ferimentos fict\u00edcios.<\/p>\n<p>Para hospitaliza\u00e7\u00e3o simulada, \u00e9 criado um hub de doentes no ExpoCenterAirport do aeroporto de Berlim-Brandemburgo. O utilizador MedEvac entra em a\u00e7\u00e3o para tratamento intensivo a bordo do Airbus A330 MedEvac.<\/p>\n<p>O centro de tratamento inclui unidades de suporte ventilat\u00f3rio e beliches para doentes, com recursos reservados para a tripula\u00e7\u00e3o e a equipa m\u00e9dica. N\u00e3o houve qualquer risco real durante as fases log\u00edsticas.<\/p>\n<p>A participa\u00e7\u00e3o envolve ainda a presen\u00e7a de representantes da Litu\u00e2nia e dos Pa\u00edses Baixos. O objetivo \u00e9 ter resposta pr\u00e1tica a uma eventual opera\u00e7\u00e3o de grande escala na regi\u00e3o.<\/p>\n<p>No plano estrat\u00e9gico, o ministro da Defesa alem\u00e3o, Boris Pistorius, anunciou em 2024 que a Bundeswehr dever\u00e1 estar pronta para a guerra at\u00e9 2029. O exerc\u00edcio refor\u00e7a a fun\u00e7\u00e3o de centro de abastecimento para o flanco oriental da NATO.<\/p>\n","protected":false},"excerpt":{"rendered":"<ul>\n<li>Mais de 1.000 soldados e 250 ajudantes civis v\u00e3o treinar a socorrer feridos e prestar cuidados m\u00e9dicos o mais rapidamente poss\u00edvel, em exerc\u00edcio que se estende da Litu\u00e2nia \u00e0 Alemanha.<\/li>\n<li>O treino cobre toda a cadeia de salvamento, desde o local do ferimento num teatro de opera\u00e7\u00f5es na Litu\u00e2nia at\u00e9 \u00e0 evacua\u00e7\u00e3o m\u00e9dica e cuidados em cl\u00ednicas alem\u00e3s.<\/li>\n<li>O combate m\u00e9dico envolve cerca de 1.400 militares da Bundeswehr e outros participantes da Litu\u00e2nia e dos Pa\u00edses Baixos, com o objetivo de testar uma resposta pr\u00e1tica a uma opera\u00e7\u00e3o de grande escala.<\/li>\n<li>Um ponto de rece\u00e7\u00e3o tempor\u00e1rio de doentes vai ser criado no ExpoCenterAirport do aeroporto de Berlim-Brandeburgo, para apoiar o centro de salvamento em treino.<\/li>\n<li>A bordo do avi\u00e3o Airbus A330 MedEvac, a unidade de cuidados intensivos voadora da Bundeswehr transporta pacientes j\u00e1 com respira\u00e7\u00e3o artificial, com beliches adicionais para o pessoal m\u00e9dico.<\/li>\n<\/ul>\n","protected":false},"author":2,"featured_media":387701,"comment_status":"closed","ping_status":"closed","sticky":false,"template":"","format":"standard","meta":{"footnotes":""},"categories":[1],"tags":[1603,4519,4299,1779,3630,4304],"class_list":["post-387664","post","type-post","status-publish","format-standard","has-post-thumbnail","hentry","category-noticias","tag-alemanha","tag-evacuacoes","tag-forca-aerea","tag-forcas-armadas","tag-lituania","tag-salvamento"],"yoast_head":"<!-- This site is optimized with the Yoast SEO plugin v27.2 - https:\/\/yoast.com\/product\/yoast-seo-wordpress\/ -->\n<title>Maior exerc\u00edcio alem\u00e3o cadeia de salvamento Litu\u00e2nia Alemanha - Portal Tela Portugal<\/title>\n<meta name=\"robots\" content=\"index, follow, max-snippet:-1, max-image-preview:large, max-video-preview:-1\" \/>\n<meta property=\"og:locale\" content=\"pt_PT\" \/>\n<meta property=\"og:type\" content=\"article\" \/>\n<meta property=\"og:title\" content=\"Maior exerc\u00edcio alem\u00e3o cadeia de salvamento Litu\u00e2nia Alemanha - Portal Tela Portugal\" \/>\n<meta property=\"og:description\" content=\"Mais de 1.000 soldados e 250 ajudantes civis v\u00e3o treinar a socorrer feridos e prestar cuidados m\u00e9dicos o mais rapidamente poss\u00edvel, em exerc\u00edcio que se estende da Litu\u00e2nia \u00e0 Alemanha. O treino cobre toda a cadeia de salvamento, desde o local do ferimento num teatro de opera\u00e7\u00f5es na Litu\u00e2nia at\u00e9 \u00e0 evacua\u00e7\u00e3o m\u00e9dica e cuidados em cl\u00ednicas alem\u00e3s. O combate m\u00e9dico envolve cerca de 1.400 militares da Bundeswehr e outros participantes da Litu\u00e2nia e dos Pa\u00edses Baixos, com o objetivo de testar uma resposta pr\u00e1tica a uma opera\u00e7\u00e3o de grande escala. Um ponto de rece\u00e7\u00e3o tempor\u00e1rio de doentes vai ser criado no ExpoCenterAirport do aeroporto de Berlim-Brandeburgo, para apoiar o centro de salvamento em treino. A bordo do avi\u00e3o Airbus A330 MedEvac, a unidade de cuidados intensivos voadora da Bundeswehr transporta pacientes j\u00e1 com respira\u00e7\u00e3o artificial, com beliches adicionais para o pessoal m\u00e9dico.\" \/>\n<meta property=\"og:url\" content=\"https:\/\/portaltela.pt\/noticias\/2026\/02\/25\/maior-exercicio-alemao-cadeia-de-salvamento-lituania-alemanha\/\" \/>\n<meta property=\"og:site_name\" content=\"Portal Tela Portugal\" \/>\n<meta property=\"article:published_time\" content=\"2026-02-25T16:36:04+00:00\" \/>\n<meta name=\"author\" content=\"Telinha\" \/>\n<meta name=\"twitter:card\" content=\"summary_large_image\" \/>\n<meta name=\"twitter:label1\" content=\"Escrito por\" \/>\n\t<meta name=\"twitter:data1\" content=\"Telinha\" \/>\n\t<meta name=\"twitter:label2\" content=\"Tempo estimado de leitura\" \/>\n\t<meta name=\"twitter:data2\" content=\"2 minutos\" \/>\n<script type=\"application\/ld+json\" class=\"yoast-schema-graph\">{\"@context\":\"https:\/\/schema.org\",\"@graph\":[{\"@type\":\"Article\",\"@id\":\"https:\/\/portaltela.pt\/noticias\/2026\/02\/25\/maior-exercicio-alemao-cadeia-de-salvamento-lituania-alemanha\/#article\",\"isPartOf\":{\"@id\":\"https:\/\/portaltela.pt\/noticias\/2026\/02\/25\/maior-exercicio-alemao-cadeia-de-salvamento-lituania-alemanha\/\"},\"author\":{\"name\":\"Telinha\",\"@id\":\"https:\/\/portaltela.pt\/#\/schema\/person\/c4278d4a6028830caff9ee44b42d32ed\"},\"headline\":\"Maior exerc\u00edcio alem\u00e3o cadeia de salvamento Litu\u00e2nia Alemanha\",\"datePublished\":\"2026-02-25T16:36:04+00:00\",\"mainEntityOfPage\":{\"@id\":\"https:\/\/portaltela.pt\/noticias\/2026\/02\/25\/maior-exercicio-alemao-cadeia-de-salvamento-lituania-alemanha\/\"},\"wordCount\":410,\"image\":{\"@id\":\"https:\/\/portaltela.pt\/noticias\/2026\/02\/25\/maior-exercicio-alemao-cadeia-de-salvamento-lituania-alemanha\/#primaryimage\"},\"thumbnailUrl\":\"https:\/\/portaltela.pt\/s.01k8rhncp4jt1\/2026\/02\/1536x864_cmsv2_14f963de-2307-542e-9895-4d6a7679a728-9665143.jpg\",\"keywords\":[\"Alemanha\",\"evacua\u00e7\u00f5es\",\"For\u00e7a A\u00e9rea\",\"For\u00e7as Armadas\",\"Litu\u00e2nia\",\"salvamento\"],\"articleSection\":[\"Not\u00edcias\"],\"inLanguage\":\"pt-PT\"},{\"@type\":\"WebPage\",\"@id\":\"https:\/\/portaltela.pt\/noticias\/2026\/02\/25\/maior-exercicio-alemao-cadeia-de-salvamento-lituania-alemanha\/\",\"url\":\"https:\/\/portaltela.pt\/noticias\/2026\/02\/25\/maior-exercicio-alemao-cadeia-de-salvamento-lituania-alemanha\/\",\"name\":\"Maior exerc\u00edcio alem\u00e3o cadeia de salvamento Litu\u00e2nia Alemanha - Portal Tela Portugal\",\"isPartOf\":{\"@id\":\"https:\/\/portaltela.pt\/#website\"},\"primaryImageOfPage\":{\"@id\":\"https:\/\/portaltela.pt\/noticias\/2026\/02\/25\/maior-exercicio-alemao-cadeia-de-salvamento-lituania-alemanha\/#primaryimage\"},\"image\":{\"@id\":\"https:\/\/portaltela.pt\/noticias\/2026\/02\/25\/maior-exercicio-alemao-cadeia-de-salvamento-lituania-alemanha\/#primaryimage\"},\"thumbnailUrl\":\"https:\/\/portaltela.pt\/s.01k8rhncp4jt1\/2026\/02\/1536x864_cmsv2_14f963de-2307-542e-9895-4d6a7679a728-9665143.jpg\",\"datePublished\":\"2026-02-25T16:36:04+00:00\",\"author\":{\"@id\":\"https:\/\/portaltela.pt\/#\/schema\/person\/c4278d4a6028830caff9ee44b42d32ed\"},\"breadcrumb\":{\"@id\":\"https:\/\/portaltela.pt\/noticias\/2026\/02\/25\/maior-exercicio-alemao-cadeia-de-salvamento-lituania-alemanha\/#breadcrumb\"},\"inLanguage\":\"pt-PT\",\"potentialAction\":[{\"@type\":\"ReadAction\",\"target\":[\"https:\/\/portaltela.pt\/noticias\/2026\/02\/25\/maior-exercicio-alemao-cadeia-de-salvamento-lituania-alemanha\/\"]}]},{\"@type\":\"ImageObject\",\"inLanguage\":\"pt-PT\",\"@id\":\"https:\/\/portaltela.pt\/noticias\/2026\/02\/25\/maior-exercicio-alemao-cadeia-de-salvamento-lituania-alemanha\/#primaryimage\",\"url\":\"https:\/\/portaltela.pt\/s.01k8rhncp4jt1\/2026\/02\/1536x864_cmsv2_14f963de-2307-542e-9895-4d6a7679a728-9665143.jpg\",\"contentUrl\":\"https:\/\/portaltela.pt\/s.01k8rhncp4jt1\/2026\/02\/1536x864_cmsv2_14f963de-2307-542e-9895-4d6a7679a728-9665143.jpg\",\"width\":796,\"height\":448,\"caption\":\"Um comboio de ambul\u00e2ncias atravessa a Alemanha na quarta-feira.\"},{\"@type\":\"BreadcrumbList\",\"@id\":\"https:\/\/portaltela.pt\/noticias\/2026\/02\/25\/maior-exercicio-alemao-cadeia-de-salvamento-lituania-alemanha\/#breadcrumb\",\"itemListElement\":[{\"@type\":\"ListItem\",\"position\":1,\"name\":\"In\u00edcio\",\"item\":\"https:\/\/portaltela.pt\/\"},{\"@type\":\"ListItem\",\"position\":2,\"name\":\"Maior exerc\u00edcio alem\u00e3o cadeia de salvamento Litu\u00e2nia Alemanha\"}]},{\"@type\":\"WebSite\",\"@id\":\"https:\/\/portaltela.pt\/#website\",\"url\":\"https:\/\/portaltela.pt\/\",\"name\":\"Portal Tela Portugal\",\"description\":\"\",\"potentialAction\":[{\"@type\":\"SearchAction\",\"target\":{\"@type\":\"EntryPoint\",\"urlTemplate\":\"https:\/\/portaltela.pt\/?s={search_term_string}\"},\"query-input\":{\"@type\":\"PropertyValueSpecification\",\"valueRequired\":true,\"valueName\":\"search_term_string\"}}],\"inLanguage\":\"pt-PT\"},{\"@type\":\"Person\",\"@id\":\"https:\/\/portaltela.pt\/#\/schema\/person\/c4278d4a6028830caff9ee44b42d32ed\",\"name\":\"Telinha\",\"image\":{\"@type\":\"ImageObject\",\"inLanguage\":\"pt-PT\",\"@id\":\"https:\/\/portaltela.pt\/s.01k8rhncp4jt1\/2025\/11\/talking-bot-125x125.png\",\"url\":\"https:\/\/portaltela.pt\/s.01k8rhncp4jt1\/2025\/11\/talking-bot-125x125.png\",\"contentUrl\":\"https:\/\/portaltela.pt\/s.01k8rhncp4jt1\/2025\/11\/talking-bot-125x125.png\",\"caption\":\"Telinha\"},\"sameAs\":[\"https:\/\/portaltela.pt\/\"],\"url\":\"https:\/\/portaltela.pt\/por\/367410592786\/\"}]}<\/script>\n<!-- \/ Yoast SEO plugin. -->","yoast_head_json":{"title":"Maior exerc\u00edcio alem\u00e3o cadeia de salvamento Litu\u00e2nia Alemanha - Portal Tela Portugal","robots":{"index":"index","follow":"follow","max-snippet":"max-snippet:-1","max-image-preview":"max-image-preview:large","max-video-preview":"max-video-preview:-1"},"og_locale":"pt_PT","og_type":"article","og_title":"Maior exerc\u00edcio alem\u00e3o cadeia de salvamento Litu\u00e2nia Alemanha - Portal Tela Portugal","og_description":"Mais de 1.000 soldados e 250 ajudantes civis v\u00e3o treinar a socorrer feridos e prestar cuidados m\u00e9dicos o mais rapidamente poss\u00edvel, em exerc\u00edcio que se estende da Litu\u00e2nia \u00e0 Alemanha. O treino cobre toda a cadeia de salvamento, desde o local do ferimento num teatro de opera\u00e7\u00f5es na Litu\u00e2nia at\u00e9 \u00e0 evacua\u00e7\u00e3o m\u00e9dica e cuidados em cl\u00ednicas alem\u00e3s. O combate m\u00e9dico envolve cerca de 1.400 militares da Bundeswehr e outros participantes da Litu\u00e2nia e dos Pa\u00edses Baixos, com o objetivo de testar uma resposta pr\u00e1tica a uma opera\u00e7\u00e3o de grande escala. Um ponto de rece\u00e7\u00e3o tempor\u00e1rio de doentes vai ser criado no ExpoCenterAirport do aeroporto de Berlim-Brandeburgo, para apoiar o centro de salvamento em treino. A bordo do avi\u00e3o Airbus A330 MedEvac, a unidade de cuidados intensivos voadora da Bundeswehr transporta pacientes j\u00e1 com respira\u00e7\u00e3o artificial, com beliches adicionais para o pessoal m\u00e9dico.","og_url":"https:\/\/portaltela.pt\/noticias\/2026\/02\/25\/maior-exercicio-alemao-cadeia-de-salvamento-lituania-alemanha\/","og_site_name":"Portal Tela Portugal","article_published_time":"2026-02-25T16:36:04+00:00","author":"Telinha","twitter_card":"summary_large_image","twitter_misc":{"Escrito por":"Telinha","Tempo estimado de leitura":"2 minutos"},"schema":{"@context":"https:\/\/schema.org","@graph":[{"@type":"Article","@id":"https:\/\/portaltela.pt\/noticias\/2026\/02\/25\/maior-exercicio-alemao-cadeia-de-salvamento-lituania-alemanha\/#article","isPartOf":{"@id":"https:\/\/portaltela.pt\/noticias\/2026\/02\/25\/maior-exercicio-alemao-cadeia-de-salvamento-lituania-alemanha\/"},"author":{"name":"Telinha","@id":"https:\/\/portaltela.pt\/#\/schema\/person\/c4278d4a6028830caff9ee44b42d32ed"},"headline":"Maior exerc\u00edcio alem\u00e3o cadeia de salvamento Litu\u00e2nia Alemanha","datePublished":"2026-02-25T16:36:04+00:00","mainEntityOfPage":{"@id":"https:\/\/portaltela.pt\/noticias\/2026\/02\/25\/maior-exercicio-alemao-cadeia-de-salvamento-lituania-alemanha\/"},"wordCount":410,"image":{"@id":"https:\/\/portaltela.pt\/noticias\/2026\/02\/25\/maior-exercicio-alemao-cadeia-de-salvamento-lituania-alemanha\/#primaryimage"},"thumbnailUrl":"https:\/\/portaltela.pt\/s.01k8rhncp4jt1\/2026\/02\/1536x864_cmsv2_14f963de-2307-542e-9895-4d6a7679a728-9665143.jpg","keywords":["Alemanha","evacua\u00e7\u00f5es","For\u00e7a A\u00e9rea","For\u00e7as Armadas","Litu\u00e2nia","salvamento"],"articleSection":["Not\u00edcias"],"inLanguage":"pt-PT"},{"@type":"WebPage","@id":"https:\/\/portaltela.pt\/noticias\/2026\/02\/25\/maior-exercicio-alemao-cadeia-de-salvamento-lituania-alemanha\/","url":"https:\/\/portaltela.pt\/noticias\/2026\/02\/25\/maior-exercicio-alemao-cadeia-de-salvamento-lituania-alemanha\/","name":"Maior exerc\u00edcio alem\u00e3o cadeia de salvamento Litu\u00e2nia Alemanha - Portal Tela Portugal","isPartOf":{"@id":"https:\/\/portaltela.pt\/#website"},"primaryImageOfPage":{"@id":"https:\/\/portaltela.pt\/noticias\/2026\/02\/25\/maior-exercicio-alemao-cadeia-de-salvamento-lituania-alemanha\/#primaryimage"},"image":{"@id":"https:\/\/portaltela.pt\/noticias\/2026\/02\/25\/maior-exercicio-alemao-cadeia-de-salvamento-lituania-alemanha\/#primaryimage"},"thumbnailUrl":"https:\/\/portaltela.pt\/s.01k8rhncp4jt1\/2026\/02\/1536x864_cmsv2_14f963de-2307-542e-9895-4d6a7679a728-9665143.jpg","datePublished":"2026-02-25T16:36:04+00:00","author":{"@id":"https:\/\/portaltela.pt\/#\/schema\/person\/c4278d4a6028830caff9ee44b42d32ed"},"breadcrumb":{"@id":"https:\/\/portaltela.pt\/noticias\/2026\/02\/25\/maior-exercicio-alemao-cadeia-de-salvamento-lituania-alemanha\/#breadcrumb"},"inLanguage":"pt-PT","potentialAction":[{"@type":"ReadAction","target":["https:\/\/portaltela.pt\/noticias\/2026\/02\/25\/maior-exercicio-alemao-cadeia-de-salvamento-lituania-alemanha\/"]}]},{"@type":"ImageObject","inLanguage":"pt-PT","@id":"https:\/\/portaltela.pt\/noticias\/2026\/02\/25\/maior-exercicio-alemao-cadeia-de-salvamento-lituania-alemanha\/#primaryimage","url":"https:\/\/portaltela.pt\/s.01k8rhncp4jt1\/2026\/02\/1536x864_cmsv2_14f963de-2307-542e-9895-4d6a7679a728-9665143.jpg","contentUrl":"https:\/\/portaltela.pt\/s.01k8rhncp4jt1\/2026\/02\/1536x864_cmsv2_14f963de-2307-542e-9895-4d6a7679a728-9665143.jpg","width":796,"height":448,"caption":"Um comboio de ambul\u00e2ncias atravessa a Alemanha na quarta-feira."},{"@type":"BreadcrumbList","@id":"https:\/\/portaltela.pt\/noticias\/2026\/02\/25\/maior-exercicio-alemao-cadeia-de-salvamento-lituania-alemanha\/#breadcrumb","itemListElement":[{"@type":"ListItem","position":1,"name":"In\u00edcio","item":"https:\/\/portaltela.pt\/"},{"@type":"ListItem","position":2,"name":"Maior exerc\u00edcio alem\u00e3o cadeia de salvamento Litu\u00e2nia Alemanha"}]},{"@type":"WebSite","@id":"https:\/\/portaltela.pt\/#website","url":"https:\/\/portaltela.pt\/","name":"Portal Tela Portugal","description":"","potentialAction":[{"@type":"SearchAction","target":{"@type":"EntryPoint","urlTemplate":"https:\/\/portaltela.pt\/?s={search_term_string}"},"query-input":{"@type":"PropertyValueSpecification","valueRequired":true,"valueName":"search_term_string"}}],"inLanguage":"pt-PT"},{"@type":"Person","@id":"https:\/\/portaltela.pt\/#\/schema\/person\/c4278d4a6028830caff9ee44b42d32ed","name":"Telinha","image":{"@type":"ImageObject","inLanguage":"pt-PT","@id":"https:\/\/portaltela.pt\/s.01k8rhncp4jt1\/2025\/11\/talking-bot-125x125.png","url":"https:\/\/portaltela.pt\/s.01k8rhncp4jt1\/2025\/11\/talking-bot-125x125.png","contentUrl":"https:\/\/portaltela.pt\/s.01k8rhncp4jt1\/2025\/11\/talking-bot-125x125.png","caption":"Telinha"},"sameAs":["https:\/\/portaltela.pt\/"],"url":"https:\/\/portaltela.pt\/por\/367410592786\/"}]}},"_links":{"self":[{"href":"https:\/\/portaltela.pt\/api\/wp\/v2\/posts\/387664","targetHints":{"allow":["GET"]}}],"collection":[{"href":"https:\/\/portaltela.pt\/api\/wp\/v2\/posts"}],"about":[{"href":"https:\/\/portaltela.pt\/api\/wp\/v2\/types\/post"}],"author":[{"embeddable":true,"href":"https:\/\/portaltela.pt\/api\/wp\/v2\/users\/2"}],"replies":[{"embeddable":true,"href":"https:\/\/portaltela.pt\/api\/wp\/v2\/comments?post=387664"}],"version-history":[{"count":0,"href":"https:\/\/portaltela.pt\/api\/wp\/v2\/posts\/387664\/revisions"}],"wp:featuredmedia":[{"embeddable":true,"href":"https:\/\/portaltela.pt\/api\/wp\/v2\/media\/387701"}],"wp:attachment":[{"href":"https:\/\/portaltela.pt\/api\/wp\/v2\/media?parent=387664"}],"wp:term":[{"taxonomy":"category","embeddable":true,"href":"https:\/\/portaltela.pt\/api\/wp\/v2\/categories?post=387664"},{"taxonomy":"post_tag","embeddable":true,"href":"https:\/\/portaltela.pt\/api\/wp\/v2\/tags?post=387664"}],"curies":[{"name":"wp","href":"https:\/\/api.w.org\/{rel}","templated":true}]}}