{"id":387624,"date":"2026-02-25T13:23:00","date_gmt":"2026-02-25T16:23:00","guid":{"rendered":"https:\/\/portaltela.pt\/noticias\/2026\/02\/25\/portugal-adapta-se-ao-clima-que-ja-chegou\/"},"modified":"2026-02-25T13:23:00","modified_gmt":"2026-02-25T16:23:00","slug":"portugal-adapta-se-ao-clima-que-ja-chegou","status":"publish","type":"post","link":"https:\/\/portaltela.pt\/noticias\/2026\/02\/25\/portugal-adapta-se-ao-clima-que-ja-chegou\/","title":{"rendered":"Portugal adapta-se ao clima que j\u00e1 chegou"},"content":{"rendered":"<p>Portugal est\u00e1 a lidar com cheias e inunda\u00e7\u00f5es que evidenciam os impactos concretos das altera\u00e7\u00f5es clim\u00e1ticas. O fen\u00f3meno, j\u00e1 observado em diversas regi\u00f5es, revela fragilidades na ocupa\u00e7\u00e3o do solo, na gest\u00e3o da \u00e1gua e no planeamento urbano.<\/p>\n<p>Especialistas apontam que Portugal \u00e9 um dos pa\u00edses europeus mais vulner\u00e1veis \u00e0s altera\u00e7\u00f5es clim\u00e1ticas, com secas prolongadas, inc\u00eandios rurais, precipita\u00e7\u00e3o intensa e press\u00e3o sobre recursos h\u00eddricos. A adapta\u00e7\u00e3o exige pol\u00edticas p\u00fablicas mais preventivas.<\/p>\n<p>As Solu\u00e7\u00f5es Baseadas na Natureza (NBS) ganham peso como complemento das infraestruturas tradicionais. Estas interven\u00e7\u00f5es utilizam processos naturais para reduzir riscos, gerando benef\u00edcios ambientais, sociais e econ\u00f3micos, e promovem um equil\u00edbrio entre solu\u00e7\u00f5es verdes e cinzentas.<\/p>\n<p>O funcionamento assenta nos servi\u00e7os dos ecossistemas, como regula\u00e7\u00e3o do ciclo da \u00e1gua, sequestra de carbono e regula\u00e7\u00e3o clim\u00e1tica. O valor econ\u00f3mico aparece na redu\u00e7\u00e3o de custos com infraestruturas, energia e sa\u00fade p\u00fablica.<\/p>\n<p>Exemplos nacionais j\u00e1 demonstram o potencial das NBS. A bacia de reten\u00e7\u00e3o do Parque da Cidade, em Set\u00fabal, mostrou a import\u00e2ncia das infraestruturas verdes na gest\u00e3o de precipita\u00e7\u00e3o intensa. No Porto, o Parque Central da Asprela ilustra ganhos na gest\u00e3o da \u00e1gua e na qualifica\u00e7\u00e3o urbana.<\/p>\n<p>Apesar dos avan\u00e7os, a implementa\u00e7\u00e3o continua abaixo da escala necess\u00e1ria. Falta continuidade de pol\u00edticas p\u00fablicas, planeamento de longo prazo e reconhecimento da natureza como infraestrutura funcional com valor econ\u00f3mico real.<\/p>\n<p>A adapta\u00e7\u00e3o do territ\u00f3rio ao novo contexto clim\u00e1tico \u00e9 essencial para estabilidade econ\u00f3mica, seguran\u00e7a das popula\u00e7\u00f5es e qualidade de vida nas pr\u00f3ximas d\u00e9cadas.<\/p>\n","protected":false},"excerpt":{"rendered":"<ul>\n<li>As cheias e inunda\u00e7\u00f5es recentes em Portugal evidenciam os efeitos das altera\u00e7\u00f5es clim\u00e1ticas e as fragilidades do territ\u00f3rio na gest\u00e3o do solo, da \u00e1gua e do planeamento urbano.<\/li>\n<li>A adapta\u00e7\u00e3o clim\u00e1tica precisa de antecipar riscos e reduzir vulnerabilidades, com as Solu\u00e7\u00f5es Baseadas na Natureza (Nature-based solutions) a ganhar peso como complemento \u00e0s infraestruturas tradicionais.<\/li>\n<li>Os servi\u00e7os dos ecossistemas, como regula\u00e7\u00e3o do ciclo da \u00e1gua, sequestra\u00e7\u00e3o de carbono e regula\u00e7\u00e3o clim\u00e1tica, t\u00eam valor econ\u00f3mico e podem baixar custos em infraestruturas, energia e sa\u00fade p\u00fablica.<\/li>\n<li>Interven\u00e7\u00f5es poss\u00edveis incluem recupera\u00e7\u00e3o de zonas h\u00famidas para reten\u00e7\u00e3o de caudais, drenagem urbana sustent\u00e1vel que privilegia infiltra\u00e7\u00e3o e coberturas verdes que aumentam efici\u00eancia energ\u00e9tica e gest\u00e3o de \u00e1guas pluviais.<\/li>\n<li>Exemplos nacionais j\u00e1 demonstram o potencial: bacia de reten\u00e7\u00e3o no Parque da Cidade de Set\u00fabal, e projetos no Porto como o Parque Central da Asprela e o Jardim Paulo Vallada, que melhoram a gest\u00e3o da \u00e1gua e o espa\u00e7o p\u00fablico.<\/li>\n<\/ul>\n","protected":false},"author":2,"featured_media":387699,"comment_status":"closed","ping_status":"closed","sticky":false,"template":"","format":"standard","meta":{"footnotes":""},"categories":[1],"tags":[1503,1272,2665,45,3148,3444],"class_list":["post-387624","post","type-post","status-publish","format-standard","has-post-thumbnail","hentry","category-noticias","tag-abastecimento-de-agua","tag-adaptacao-climatica","tag-alteracoes-climaticas","tag-meio-ambiente","tag-planeamento-urbano","tag-sustentabilidade"],"yoast_head":"<!-- This site is optimized with the Yoast SEO plugin v27.2 - https:\/\/yoast.com\/product\/yoast-seo-wordpress\/ -->\n<title>Portugal adapta-se ao clima que j\u00e1 chegou - Portal Tela Portugal<\/title>\n<meta name=\"robots\" content=\"index, follow, max-snippet:-1, max-image-preview:large, max-video-preview:-1\" \/>\n<meta property=\"og:locale\" content=\"pt_PT\" \/>\n<meta property=\"og:type\" content=\"article\" \/>\n<meta property=\"og:title\" content=\"Portugal adapta-se ao clima que j\u00e1 chegou - Portal Tela Portugal\" \/>\n<meta property=\"og:description\" content=\"As cheias e inunda\u00e7\u00f5es recentes em Portugal evidenciam os efeitos das altera\u00e7\u00f5es clim\u00e1ticas e as fragilidades do territ\u00f3rio na gest\u00e3o do solo, da \u00e1gua e do planeamento urbano. A adapta\u00e7\u00e3o clim\u00e1tica precisa de antecipar riscos e reduzir vulnerabilidades, com as Solu\u00e7\u00f5es Baseadas na Natureza (Nature-based solutions) a ganhar peso como complemento \u00e0s infraestruturas tradicionais. Os servi\u00e7os dos ecossistemas, como regula\u00e7\u00e3o do ciclo da \u00e1gua, sequestra\u00e7\u00e3o de carbono e regula\u00e7\u00e3o clim\u00e1tica, t\u00eam valor econ\u00f3mico e podem baixar custos em infraestruturas, energia e sa\u00fade p\u00fablica. Interven\u00e7\u00f5es poss\u00edveis incluem recupera\u00e7\u00e3o de zonas h\u00famidas para reten\u00e7\u00e3o de caudais, drenagem urbana sustent\u00e1vel que privilegia infiltra\u00e7\u00e3o e coberturas verdes que aumentam efici\u00eancia energ\u00e9tica e gest\u00e3o de \u00e1guas pluviais. Exemplos nacionais j\u00e1 demonstram o potencial: bacia de reten\u00e7\u00e3o no Parque da Cidade de Set\u00fabal, e projetos no Porto como o Parque Central da Asprela e o Jardim Paulo Vallada, que melhoram a gest\u00e3o da \u00e1gua e o espa\u00e7o p\u00fablico.\" \/>\n<meta property=\"og:url\" content=\"https:\/\/portaltela.pt\/noticias\/2026\/02\/25\/portugal-adapta-se-ao-clima-que-ja-chegou\/\" \/>\n<meta property=\"og:site_name\" content=\"Portal Tela Portugal\" \/>\n<meta property=\"article:published_time\" content=\"2026-02-25T16:23:00+00:00\" \/>\n<meta name=\"author\" content=\"Telinha\" \/>\n<meta name=\"twitter:card\" content=\"summary_large_image\" \/>\n<meta name=\"twitter:label1\" content=\"Escrito por\" \/>\n\t<meta name=\"twitter:data1\" content=\"Telinha\" \/>\n\t<meta name=\"twitter:label2\" content=\"Tempo estimado de leitura\" \/>\n\t<meta name=\"twitter:data2\" content=\"1 minuto\" \/>\n<script type=\"application\/ld+json\" class=\"yoast-schema-graph\">{\"@context\":\"https:\/\/schema.org\",\"@graph\":[{\"@type\":\"Article\",\"@id\":\"https:\/\/portaltela.pt\/noticias\/2026\/02\/25\/portugal-adapta-se-ao-clima-que-ja-chegou\/#article\",\"isPartOf\":{\"@id\":\"https:\/\/portaltela.pt\/noticias\/2026\/02\/25\/portugal-adapta-se-ao-clima-que-ja-chegou\/\"},\"author\":{\"name\":\"Telinha\",\"@id\":\"https:\/\/portaltela.pt\/#\/schema\/person\/c4278d4a6028830caff9ee44b42d32ed\"},\"headline\":\"Portugal adapta-se ao clima que j\u00e1 chegou\",\"datePublished\":\"2026-02-25T16:23:00+00:00\",\"mainEntityOfPage\":{\"@id\":\"https:\/\/portaltela.pt\/noticias\/2026\/02\/25\/portugal-adapta-se-ao-clima-que-ja-chegou\/\"},\"wordCount\":296,\"image\":{\"@id\":\"https:\/\/portaltela.pt\/noticias\/2026\/02\/25\/portugal-adapta-se-ao-clima-que-ja-chegou\/#primaryimage\"},\"thumbnailUrl\":\"https:\/\/portaltela.pt\/s.01k8rhncp4jt1\/2026\/02\/2165960.jpg\",\"keywords\":[\"abastecimento de \u00e1gua\",\"adapta\u00e7\u00e3o clim\u00e1tica\",\"Altera\u00e7\u00f5es Clim\u00e1ticas\",\"meio-ambiente\",\"planeamento urbano\",\"Sustentabilidade\"],\"articleSection\":[\"Not\u00edcias\"],\"inLanguage\":\"pt-PT\"},{\"@type\":\"WebPage\",\"@id\":\"https:\/\/portaltela.pt\/noticias\/2026\/02\/25\/portugal-adapta-se-ao-clima-que-ja-chegou\/\",\"url\":\"https:\/\/portaltela.pt\/noticias\/2026\/02\/25\/portugal-adapta-se-ao-clima-que-ja-chegou\/\",\"name\":\"Portugal adapta-se ao clima que j\u00e1 chegou - Portal Tela Portugal\",\"isPartOf\":{\"@id\":\"https:\/\/portaltela.pt\/#website\"},\"primaryImageOfPage\":{\"@id\":\"https:\/\/portaltela.pt\/noticias\/2026\/02\/25\/portugal-adapta-se-ao-clima-que-ja-chegou\/#primaryimage\"},\"image\":{\"@id\":\"https:\/\/portaltela.pt\/noticias\/2026\/02\/25\/portugal-adapta-se-ao-clima-que-ja-chegou\/#primaryimage\"},\"thumbnailUrl\":\"https:\/\/portaltela.pt\/s.01k8rhncp4jt1\/2026\/02\/2165960.jpg\",\"datePublished\":\"2026-02-25T16:23:00+00:00\",\"author\":{\"@id\":\"https:\/\/portaltela.pt\/#\/schema\/person\/c4278d4a6028830caff9ee44b42d32ed\"},\"breadcrumb\":{\"@id\":\"https:\/\/portaltela.pt\/noticias\/2026\/02\/25\/portugal-adapta-se-ao-clima-que-ja-chegou\/#breadcrumb\"},\"inLanguage\":\"pt-PT\",\"potentialAction\":[{\"@type\":\"ReadAction\",\"target\":[\"https:\/\/portaltela.pt\/noticias\/2026\/02\/25\/portugal-adapta-se-ao-clima-que-ja-chegou\/\"]}]},{\"@type\":\"ImageObject\",\"inLanguage\":\"pt-PT\",\"@id\":\"https:\/\/portaltela.pt\/noticias\/2026\/02\/25\/portugal-adapta-se-ao-clima-que-ja-chegou\/#primaryimage\",\"url\":\"https:\/\/portaltela.pt\/s.01k8rhncp4jt1\/2026\/02\/2165960.jpg\",\"contentUrl\":\"https:\/\/portaltela.pt\/s.01k8rhncp4jt1\/2026\/02\/2165960.jpg\",\"width\":796,\"height\":448,\"caption\":\"Photo\"},{\"@type\":\"BreadcrumbList\",\"@id\":\"https:\/\/portaltela.pt\/noticias\/2026\/02\/25\/portugal-adapta-se-ao-clima-que-ja-chegou\/#breadcrumb\",\"itemListElement\":[{\"@type\":\"ListItem\",\"position\":1,\"name\":\"In\u00edcio\",\"item\":\"https:\/\/portaltela.pt\/\"},{\"@type\":\"ListItem\",\"position\":2,\"name\":\"Portugal adapta-se ao clima que j\u00e1 chegou\"}]},{\"@type\":\"WebSite\",\"@id\":\"https:\/\/portaltela.pt\/#website\",\"url\":\"https:\/\/portaltela.pt\/\",\"name\":\"Portal Tela Portugal\",\"description\":\"\",\"potentialAction\":[{\"@type\":\"SearchAction\",\"target\":{\"@type\":\"EntryPoint\",\"urlTemplate\":\"https:\/\/portaltela.pt\/?s={search_term_string}\"},\"query-input\":{\"@type\":\"PropertyValueSpecification\",\"valueRequired\":true,\"valueName\":\"search_term_string\"}}],\"inLanguage\":\"pt-PT\"},{\"@type\":\"Person\",\"@id\":\"https:\/\/portaltela.pt\/#\/schema\/person\/c4278d4a6028830caff9ee44b42d32ed\",\"name\":\"Telinha\",\"image\":{\"@type\":\"ImageObject\",\"inLanguage\":\"pt-PT\",\"@id\":\"https:\/\/portaltela.pt\/s.01k8rhncp4jt1\/2025\/11\/talking-bot-125x125.png\",\"url\":\"https:\/\/portaltela.pt\/s.01k8rhncp4jt1\/2025\/11\/talking-bot-125x125.png\",\"contentUrl\":\"https:\/\/portaltela.pt\/s.01k8rhncp4jt1\/2025\/11\/talking-bot-125x125.png\",\"caption\":\"Telinha\"},\"sameAs\":[\"https:\/\/portaltela.pt\/\"],\"url\":\"https:\/\/portaltela.pt\/por\/367410592786\/\"}]}<\/script>\n<!-- \/ Yoast SEO plugin. -->","yoast_head_json":{"title":"Portugal adapta-se ao clima que j\u00e1 chegou - Portal Tela Portugal","robots":{"index":"index","follow":"follow","max-snippet":"max-snippet:-1","max-image-preview":"max-image-preview:large","max-video-preview":"max-video-preview:-1"},"og_locale":"pt_PT","og_type":"article","og_title":"Portugal adapta-se ao clima que j\u00e1 chegou - Portal Tela Portugal","og_description":"As cheias e inunda\u00e7\u00f5es recentes em Portugal evidenciam os efeitos das altera\u00e7\u00f5es clim\u00e1ticas e as fragilidades do territ\u00f3rio na gest\u00e3o do solo, da \u00e1gua e do planeamento urbano. A adapta\u00e7\u00e3o clim\u00e1tica precisa de antecipar riscos e reduzir vulnerabilidades, com as Solu\u00e7\u00f5es Baseadas na Natureza (Nature-based solutions) a ganhar peso como complemento \u00e0s infraestruturas tradicionais. Os servi\u00e7os dos ecossistemas, como regula\u00e7\u00e3o do ciclo da \u00e1gua, sequestra\u00e7\u00e3o de carbono e regula\u00e7\u00e3o clim\u00e1tica, t\u00eam valor econ\u00f3mico e podem baixar custos em infraestruturas, energia e sa\u00fade p\u00fablica. Interven\u00e7\u00f5es poss\u00edveis incluem recupera\u00e7\u00e3o de zonas h\u00famidas para reten\u00e7\u00e3o de caudais, drenagem urbana sustent\u00e1vel que privilegia infiltra\u00e7\u00e3o e coberturas verdes que aumentam efici\u00eancia energ\u00e9tica e gest\u00e3o de \u00e1guas pluviais. Exemplos nacionais j\u00e1 demonstram o potencial: bacia de reten\u00e7\u00e3o no Parque da Cidade de Set\u00fabal, e projetos no Porto como o Parque Central da Asprela e o Jardim Paulo Vallada, que melhoram a gest\u00e3o da \u00e1gua e o espa\u00e7o p\u00fablico.","og_url":"https:\/\/portaltela.pt\/noticias\/2026\/02\/25\/portugal-adapta-se-ao-clima-que-ja-chegou\/","og_site_name":"Portal Tela Portugal","article_published_time":"2026-02-25T16:23:00+00:00","author":"Telinha","twitter_card":"summary_large_image","twitter_misc":{"Escrito por":"Telinha","Tempo estimado de leitura":"1 minuto"},"schema":{"@context":"https:\/\/schema.org","@graph":[{"@type":"Article","@id":"https:\/\/portaltela.pt\/noticias\/2026\/02\/25\/portugal-adapta-se-ao-clima-que-ja-chegou\/#article","isPartOf":{"@id":"https:\/\/portaltela.pt\/noticias\/2026\/02\/25\/portugal-adapta-se-ao-clima-que-ja-chegou\/"},"author":{"name":"Telinha","@id":"https:\/\/portaltela.pt\/#\/schema\/person\/c4278d4a6028830caff9ee44b42d32ed"},"headline":"Portugal adapta-se ao clima que j\u00e1 chegou","datePublished":"2026-02-25T16:23:00+00:00","mainEntityOfPage":{"@id":"https:\/\/portaltela.pt\/noticias\/2026\/02\/25\/portugal-adapta-se-ao-clima-que-ja-chegou\/"},"wordCount":296,"image":{"@id":"https:\/\/portaltela.pt\/noticias\/2026\/02\/25\/portugal-adapta-se-ao-clima-que-ja-chegou\/#primaryimage"},"thumbnailUrl":"https:\/\/portaltela.pt\/s.01k8rhncp4jt1\/2026\/02\/2165960.jpg","keywords":["abastecimento de \u00e1gua","adapta\u00e7\u00e3o clim\u00e1tica","Altera\u00e7\u00f5es Clim\u00e1ticas","meio-ambiente","planeamento urbano","Sustentabilidade"],"articleSection":["Not\u00edcias"],"inLanguage":"pt-PT"},{"@type":"WebPage","@id":"https:\/\/portaltela.pt\/noticias\/2026\/02\/25\/portugal-adapta-se-ao-clima-que-ja-chegou\/","url":"https:\/\/portaltela.pt\/noticias\/2026\/02\/25\/portugal-adapta-se-ao-clima-que-ja-chegou\/","name":"Portugal adapta-se ao clima que j\u00e1 chegou - Portal Tela Portugal","isPartOf":{"@id":"https:\/\/portaltela.pt\/#website"},"primaryImageOfPage":{"@id":"https:\/\/portaltela.pt\/noticias\/2026\/02\/25\/portugal-adapta-se-ao-clima-que-ja-chegou\/#primaryimage"},"image":{"@id":"https:\/\/portaltela.pt\/noticias\/2026\/02\/25\/portugal-adapta-se-ao-clima-que-ja-chegou\/#primaryimage"},"thumbnailUrl":"https:\/\/portaltela.pt\/s.01k8rhncp4jt1\/2026\/02\/2165960.jpg","datePublished":"2026-02-25T16:23:00+00:00","author":{"@id":"https:\/\/portaltela.pt\/#\/schema\/person\/c4278d4a6028830caff9ee44b42d32ed"},"breadcrumb":{"@id":"https:\/\/portaltela.pt\/noticias\/2026\/02\/25\/portugal-adapta-se-ao-clima-que-ja-chegou\/#breadcrumb"},"inLanguage":"pt-PT","potentialAction":[{"@type":"ReadAction","target":["https:\/\/portaltela.pt\/noticias\/2026\/02\/25\/portugal-adapta-se-ao-clima-que-ja-chegou\/"]}]},{"@type":"ImageObject","inLanguage":"pt-PT","@id":"https:\/\/portaltela.pt\/noticias\/2026\/02\/25\/portugal-adapta-se-ao-clima-que-ja-chegou\/#primaryimage","url":"https:\/\/portaltela.pt\/s.01k8rhncp4jt1\/2026\/02\/2165960.jpg","contentUrl":"https:\/\/portaltela.pt\/s.01k8rhncp4jt1\/2026\/02\/2165960.jpg","width":796,"height":448,"caption":"Photo"},{"@type":"BreadcrumbList","@id":"https:\/\/portaltela.pt\/noticias\/2026\/02\/25\/portugal-adapta-se-ao-clima-que-ja-chegou\/#breadcrumb","itemListElement":[{"@type":"ListItem","position":1,"name":"In\u00edcio","item":"https:\/\/portaltela.pt\/"},{"@type":"ListItem","position":2,"name":"Portugal adapta-se ao clima que j\u00e1 chegou"}]},{"@type":"WebSite","@id":"https:\/\/portaltela.pt\/#website","url":"https:\/\/portaltela.pt\/","name":"Portal Tela Portugal","description":"","potentialAction":[{"@type":"SearchAction","target":{"@type":"EntryPoint","urlTemplate":"https:\/\/portaltela.pt\/?s={search_term_string}"},"query-input":{"@type":"PropertyValueSpecification","valueRequired":true,"valueName":"search_term_string"}}],"inLanguage":"pt-PT"},{"@type":"Person","@id":"https:\/\/portaltela.pt\/#\/schema\/person\/c4278d4a6028830caff9ee44b42d32ed","name":"Telinha","image":{"@type":"ImageObject","inLanguage":"pt-PT","@id":"https:\/\/portaltela.pt\/s.01k8rhncp4jt1\/2025\/11\/talking-bot-125x125.png","url":"https:\/\/portaltela.pt\/s.01k8rhncp4jt1\/2025\/11\/talking-bot-125x125.png","contentUrl":"https:\/\/portaltela.pt\/s.01k8rhncp4jt1\/2025\/11\/talking-bot-125x125.png","caption":"Telinha"},"sameAs":["https:\/\/portaltela.pt\/"],"url":"https:\/\/portaltela.pt\/por\/367410592786\/"}]}},"_links":{"self":[{"href":"https:\/\/portaltela.pt\/api\/wp\/v2\/posts\/387624","targetHints":{"allow":["GET"]}}],"collection":[{"href":"https:\/\/portaltela.pt\/api\/wp\/v2\/posts"}],"about":[{"href":"https:\/\/portaltela.pt\/api\/wp\/v2\/types\/post"}],"author":[{"embeddable":true,"href":"https:\/\/portaltela.pt\/api\/wp\/v2\/users\/2"}],"replies":[{"embeddable":true,"href":"https:\/\/portaltela.pt\/api\/wp\/v2\/comments?post=387624"}],"version-history":[{"count":0,"href":"https:\/\/portaltela.pt\/api\/wp\/v2\/posts\/387624\/revisions"}],"wp:featuredmedia":[{"embeddable":true,"href":"https:\/\/portaltela.pt\/api\/wp\/v2\/media\/387699"}],"wp:attachment":[{"href":"https:\/\/portaltela.pt\/api\/wp\/v2\/media?parent=387624"}],"wp:term":[{"taxonomy":"category","embeddable":true,"href":"https:\/\/portaltela.pt\/api\/wp\/v2\/categories?post=387624"},{"taxonomy":"post_tag","embeddable":true,"href":"https:\/\/portaltela.pt\/api\/wp\/v2\/tags?post=387624"}],"curies":[{"name":"wp","href":"https:\/\/api.w.org\/{rel}","templated":true}]}}