{"id":3806,"date":"2025-11-14T05:45:00","date_gmt":"2025-11-14T05:45:00","guid":{"rendered":"https:\/\/portaltela.pt\/2025\/11\/14\/hoje-pode-ver-em-direto-na-tv\/"},"modified":"2025-11-14T05:45:00","modified_gmt":"2025-11-14T05:45:00","slug":"hoje-pode-ver-em-direto-na-tv","status":"publish","type":"post","link":"https:\/\/portaltela.pt\/desporto\/futebol\/2025\/11\/14\/hoje-pode-ver-em-direto-na-tv\/","title":{"rendered":"Hoje pode ver em direto na TV."},"content":{"rendered":"<p>A programa\u00e7\u00e3o de transmiss\u00e3o para o dia re\u00fane diversos jogos e eventos desportivos dispon\u00edveis em v\u00e1rias plataformas, incluindo Benfica TV, DAZN e SPORT TV. O conjunto de hor\u00e1rios j\u00e1 tinha sido divulgado previamente, sem an\u00fancios de novidades.<\/p>\n<p>Segundo a listagem, destacam-se partidas de futebol, futsal e golfe, entre outros desportos. As emiss\u00f5es incluem provas nacionais e internacionais, com v\u00e1rias op\u00e7\u00f5es ao longo da tarde e da noite.<\/p>\n<p>A maior parte da grade \u00e9 repetida ao longo das plataformas, com hor\u00e1rios escalonados para facilitar a escolha dos espectadores. N\u00e3o se verificam mudan\u00e7as significativas em rela\u00e7\u00e3o ao que j\u00e1 havia sido anunciado.<\/p>\n<h3>Benfica TV<\/h3>\n<ul>\n<li>19h30: Futsal, Campeonato Nacional \u2014 Benfica-Famalic\u00e3o<\/li>\n<li>21h00: Futsal, Campeonato Nacional \u2014 Ferreira do Z\u00eazere-Le\u00f5es de Porto Salvo<\/li>\n<\/ul>\n<h3>DAZN<\/h3>\n<ul>\n<li>19h30: Futebol, La Liga 2 \u2014 Valladolid-Las Palmas<\/li>\n<\/ul>\n<h3>EUROSPORT 2<\/h3>\n<ul>\n<li>18h00: Golfe \u2014 Butterfield Bermuda Championship<\/li>\n<\/ul>\n<h3>SPORT TV 1<\/h3>\n<ul>\n<li>13h00: T\u00e9nis \u2014 ATP Finals<\/li>\n<li>17h00: Futebol, Qualifica\u00e7\u00e3o Mundial-2026 \u2014 Finl\u00e2ndia-Malta<\/li>\n<\/ul>\n<h3>SPORT TV 2<\/h3>\n<ul>\n<li>19h45: Futebol, Qualifica\u00e7\u00e3o Mundial-2026 \u2014 Pol\u00f3nia-Pa\u00edses Baixos<\/li>\n<li>03h30 (dia seguinte): Automobilismo, FIA F4 World Cup \u2014 Macau<\/li>\n<\/ul>\n<h3>SPORT TV 3<\/h3>\n<ul>\n<li>07h00 e 10h00: Golfe \u2014 DP World Tour Championship<\/li>\n<li>16h00: Judo \u2014 GP Zagreb<\/li>\n<li>19h45: Futebol, Qualifica\u00e7\u00e3o Mundial-2026 \u2014 Cro\u00e1cia-Ilhas Faro\u00e9<\/li>\n<li>00h00: H\u00f3quei no gelo, NHL \u2014 Carolina Hurricanes-Vancouver Canucks<\/li>\n<\/ul>\n<h3>SPORT TV 4<\/h3>\n<ul>\n<li>07h55 a 13h55 (v\u00e1rios hor\u00e1rios): MotoGP, Treinos livres \u2014 GP Comunidade Valenciana<\/li>\n<\/ul>\n<h3>SPORT TV 5<\/h3>\n<ul>\n<li>19h30: Basquetebol, Euroliga \u2014 Barcelona-Virtus Bolonha<\/li>\n<li>05h00 a 01h00 (hor\u00e1rio ao longo do dia): Billie Jean King Cup e partidas entre Austr\u00e1lia e Portugal; v\u00e1rias sess\u00f5es<\/li>\n<\/ul>\n<h3>SPORT TV 6<\/h3>\n<ul>\n<li>19h30: T\u00e9nis \u2014 ATP Finals<\/li>\n<li>01h00 e 03h00: Billie Jean King Cup \u2014 Austr\u00e1lia-Portugal<\/li>\n<\/ul>\n<h3>SPORT TV 7<\/h3>\n<ul>\n<li>08h00 a 18h00: Padel, Premier Padel \u2014 Dubai (v\u00e1rios hor\u00e1rios ao longo do dia)<\/li>\n<\/ul>\n<p>Observa\u00e7\u00e3o: a lista consolida a grade publicada pela maioria das plataformas para o dia, sem inclus\u00e3o de eventos novos ou mudan\u00e7as relevantes no conte\u00fado j\u00e1 divulgado. Os hor\u00e1rios podem sofrer ajustes locais. As fontes seguem as informa\u00e7\u00f5es oficiais de cada emissora.<\/p>\n","protected":false},"excerpt":{"rendered":"<ul>\n<li>A grade de transmiss\u00e3o para v\u00e1rias plataformas j\u00e1 publicada para o dia inclui Benfica TV, DAZN, Eurosport 2 e SPORT TV, entre outras, com hor\u00e1rios e jogos informados.<\/li>\n<li>Benfica TV oferece futsal (Campeonato Nacional) Benfica-Famalic\u00e3o \u00e0s 19h30; futebol da Liga Revela\u00e7\u00e3o Santa Clara-Sporting \u00e0s 15h30; futebol Sub-20 It\u00e1lia-Portugal \u00e0s 17h30; e futsal Benfica-Famalic\u00e3o \u00e0s 19h30; futsal Ferreira do Z\u00eazere-Le\u00f5es de Porto Salvo \u00e0s 21h00.<\/li>\n<li>DAZN transmite futebol da La Liga 2 Valladolid-Las Palmas \u00e0s 19h30.<\/li>\n<li>SPORT TV cobre diversas modalidades, incluindo ATP Finals (t\u00e9nis) \u00e0s 13h00; futebol de qualifica\u00e7\u00e3o para a Copa do Mundo de 2026 Finl\u00e2ndia-Malta \u00e0s 17h45; e outras sess\u00f5es ao longo do dia, incluindo GP Valencia de MotoGP e eventos de h\u00f3quei, automobilismo e basquetebol.<\/li>\n<li>SPORT TV 7 repete programa\u00e7\u00e3o de Premier Padel Dubai ao longo do dia, com v\u00e1rias sess\u00f5es de 8h00 a 18h00.<\/li>\n<\/ul>\n","protected":false},"author":2,"featured_media":3807,"comment_status":"closed","ping_status":"closed","sticky":false,"template":"","format":"standard","meta":{"footnotes":""},"categories":[21,24],"tags":[85,32,161,109,162,94],"class_list":["post-3806","post","type-post","status-publish","format-standard","has-post-thumbnail","hentry","category-desporto","category-futebol","tag-basquete","tag-futebol","tag-futsal","tag-golfe","tag-hoquei-no-gelo","tag-tenis"],"yoast_head":"<!-- This site is optimized with the Yoast SEO plugin v27.2 - https:\/\/yoast.com\/product\/yoast-seo-wordpress\/ -->\n<title>Hoje pode ver em direto na TV. - Portal Tela Portugal<\/title>\n<meta name=\"robots\" content=\"index, follow, max-snippet:-1, max-image-preview:large, max-video-preview:-1\" \/>\n<meta property=\"og:locale\" content=\"pt_PT\" \/>\n<meta property=\"og:type\" content=\"article\" \/>\n<meta property=\"og:title\" content=\"Hoje pode ver em direto na TV. - Portal Tela Portugal\" \/>\n<meta property=\"og:description\" content=\"A grade de transmiss\u00e3o para v\u00e1rias plataformas j\u00e1 publicada para o dia inclui Benfica TV, DAZN, Eurosport 2 e SPORT TV, entre outras, com hor\u00e1rios e jogos informados. Benfica TV oferece futsal (Campeonato Nacional) Benfica-Famalic\u00e3o \u00e0s 19h30; futebol da Liga Revela\u00e7\u00e3o Santa Clara-Sporting \u00e0s 15h30; futebol Sub-20 It\u00e1lia-Portugal \u00e0s 17h30; e futsal Benfica-Famalic\u00e3o \u00e0s 19h30; futsal Ferreira do Z\u00eazere-Le\u00f5es de Porto Salvo \u00e0s 21h00. DAZN transmite futebol da La Liga 2 Valladolid-Las Palmas \u00e0s 19h30. SPORT TV cobre diversas modalidades, incluindo ATP Finals (t\u00e9nis) \u00e0s 13h00; futebol de qualifica\u00e7\u00e3o para a Copa do Mundo de 2026 Finl\u00e2ndia-Malta \u00e0s 17h45; e outras sess\u00f5es ao longo do dia, incluindo GP Valencia de MotoGP e eventos de h\u00f3quei, automobilismo e basquetebol. SPORT TV 7 repete programa\u00e7\u00e3o de Premier Padel Dubai ao longo do dia, com v\u00e1rias sess\u00f5es de 8h00 a 18h00.\" \/>\n<meta property=\"og:url\" content=\"https:\/\/portaltela.pt\/desporto\/futebol\/2025\/11\/14\/hoje-pode-ver-em-direto-na-tv\/\" \/>\n<meta property=\"og:site_name\" content=\"Portal Tela Portugal\" \/>\n<meta property=\"article:published_time\" content=\"2025-11-14T05:45:00+00:00\" \/>\n<meta property=\"og:image\" content=\"https:\/\/portaltela.pt\/s.01k8rhncp4jt1\/2025\/11\/6e691358-3a38-4eb8-80b6-29d7e8f3269f.jpg\" \/>\n\t<meta property=\"og:image:width\" content=\"796\" \/>\n\t<meta property=\"og:image:height\" content=\"448\" \/>\n\t<meta property=\"og:image:type\" content=\"image\/jpeg\" \/>\n<meta name=\"author\" content=\"Telinha\" \/>\n<meta name=\"twitter:card\" content=\"summary_large_image\" \/>\n<meta name=\"twitter:label1\" content=\"Escrito por\" \/>\n\t<meta name=\"twitter:data1\" content=\"Telinha\" \/>\n\t<meta name=\"twitter:label2\" content=\"Tempo estimado de leitura\" \/>\n\t<meta name=\"twitter:data2\" content=\"2 minutos\" \/>\n<script type=\"application\/ld+json\" class=\"yoast-schema-graph\">{\"@context\":\"https:\/\/schema.org\",\"@graph\":[{\"@type\":\"Article\",\"@id\":\"https:\/\/portaltela.pt\/desporto\/futebol\/2025\/11\/14\/hoje-pode-ver-em-direto-na-tv\/#article\",\"isPartOf\":{\"@id\":\"https:\/\/portaltela.pt\/desporto\/futebol\/2025\/11\/14\/hoje-pode-ver-em-direto-na-tv\/\"},\"author\":{\"name\":\"Telinha\",\"@id\":\"https:\/\/portaltela.pt\/#\/schema\/person\/c4278d4a6028830caff9ee44b42d32ed\"},\"headline\":\"Hoje pode ver em direto na TV.\",\"datePublished\":\"2025-11-14T05:45:00+00:00\",\"mainEntityOfPage\":{\"@id\":\"https:\/\/portaltela.pt\/desporto\/futebol\/2025\/11\/14\/hoje-pode-ver-em-direto-na-tv\/\"},\"wordCount\":344,\"image\":{\"@id\":\"https:\/\/portaltela.pt\/desporto\/futebol\/2025\/11\/14\/hoje-pode-ver-em-direto-na-tv\/#primaryimage\"},\"thumbnailUrl\":\"https:\/\/portaltela.pt\/s.01k8rhncp4jt1\/2025\/11\/6e691358-3a38-4eb8-80b6-29d7e8f3269f.jpg\",\"keywords\":[\"basquete\",\"futebol\",\"futsal\",\"golfe\",\"H\u00f3quei no gelo\",\"t\u00eanis\"],\"articleSection\":[\"Desporto\",\"Futebol\"],\"inLanguage\":\"pt-PT\"},{\"@type\":\"WebPage\",\"@id\":\"https:\/\/portaltela.pt\/desporto\/futebol\/2025\/11\/14\/hoje-pode-ver-em-direto-na-tv\/\",\"url\":\"https:\/\/portaltela.pt\/desporto\/futebol\/2025\/11\/14\/hoje-pode-ver-em-direto-na-tv\/\",\"name\":\"Hoje pode ver em direto na TV. - Portal Tela Portugal\",\"isPartOf\":{\"@id\":\"https:\/\/portaltela.pt\/#website\"},\"primaryImageOfPage\":{\"@id\":\"https:\/\/portaltela.pt\/desporto\/futebol\/2025\/11\/14\/hoje-pode-ver-em-direto-na-tv\/#primaryimage\"},\"image\":{\"@id\":\"https:\/\/portaltela.pt\/desporto\/futebol\/2025\/11\/14\/hoje-pode-ver-em-direto-na-tv\/#primaryimage\"},\"thumbnailUrl\":\"https:\/\/portaltela.pt\/s.01k8rhncp4jt1\/2025\/11\/6e691358-3a38-4eb8-80b6-29d7e8f3269f.jpg\",\"datePublished\":\"2025-11-14T05:45:00+00:00\",\"author\":{\"@id\":\"https:\/\/portaltela.pt\/#\/schema\/person\/c4278d4a6028830caff9ee44b42d32ed\"},\"breadcrumb\":{\"@id\":\"https:\/\/portaltela.pt\/desporto\/futebol\/2025\/11\/14\/hoje-pode-ver-em-direto-na-tv\/#breadcrumb\"},\"inLanguage\":\"pt-PT\",\"potentialAction\":[{\"@type\":\"ReadAction\",\"target\":[\"https:\/\/portaltela.pt\/desporto\/futebol\/2025\/11\/14\/hoje-pode-ver-em-direto-na-tv\/\"]}]},{\"@type\":\"ImageObject\",\"inLanguage\":\"pt-PT\",\"@id\":\"https:\/\/portaltela.pt\/desporto\/futebol\/2025\/11\/14\/hoje-pode-ver-em-direto-na-tv\/#primaryimage\",\"url\":\"https:\/\/portaltela.pt\/s.01k8rhncp4jt1\/2025\/11\/6e691358-3a38-4eb8-80b6-29d7e8f3269f.jpg\",\"contentUrl\":\"https:\/\/portaltela.pt\/s.01k8rhncp4jt1\/2025\/11\/6e691358-3a38-4eb8-80b6-29d7e8f3269f.jpg\",\"width\":796,\"height\":448,\"caption\":\"Hoje pode ver em direto na TV.\"},{\"@type\":\"BreadcrumbList\",\"@id\":\"https:\/\/portaltela.pt\/desporto\/futebol\/2025\/11\/14\/hoje-pode-ver-em-direto-na-tv\/#breadcrumb\",\"itemListElement\":[{\"@type\":\"ListItem\",\"position\":1,\"name\":\"In\u00edcio\",\"item\":\"https:\/\/portaltela.pt\/\"},{\"@type\":\"ListItem\",\"position\":2,\"name\":\"Hoje pode ver em direto na TV.\"}]},{\"@type\":\"WebSite\",\"@id\":\"https:\/\/portaltela.pt\/#website\",\"url\":\"https:\/\/portaltela.pt\/\",\"name\":\"Portal Tela Portugal\",\"description\":\"\",\"potentialAction\":[{\"@type\":\"SearchAction\",\"target\":{\"@type\":\"EntryPoint\",\"urlTemplate\":\"https:\/\/portaltela.pt\/?s={search_term_string}\"},\"query-input\":{\"@type\":\"PropertyValueSpecification\",\"valueRequired\":true,\"valueName\":\"search_term_string\"}}],\"inLanguage\":\"pt-PT\"},{\"@type\":\"Person\",\"@id\":\"https:\/\/portaltela.pt\/#\/schema\/person\/c4278d4a6028830caff9ee44b42d32ed\",\"name\":\"Telinha\",\"image\":{\"@type\":\"ImageObject\",\"inLanguage\":\"pt-PT\",\"@id\":\"https:\/\/portaltela.pt\/s.01k8rhncp4jt1\/2025\/11\/talking-bot-125x125.png\",\"url\":\"https:\/\/portaltela.pt\/s.01k8rhncp4jt1\/2025\/11\/talking-bot-125x125.png\",\"contentUrl\":\"https:\/\/portaltela.pt\/s.01k8rhncp4jt1\/2025\/11\/talking-bot-125x125.png\",\"caption\":\"Telinha\"},\"sameAs\":[\"https:\/\/portaltela.pt\/\"],\"url\":\"https:\/\/portaltela.pt\/por\/367410592786\/\"}]}<\/script>\n<!-- \/ Yoast SEO plugin. -->","yoast_head_json":{"title":"Hoje pode ver em direto na TV. - Portal Tela Portugal","robots":{"index":"index","follow":"follow","max-snippet":"max-snippet:-1","max-image-preview":"max-image-preview:large","max-video-preview":"max-video-preview:-1"},"og_locale":"pt_PT","og_type":"article","og_title":"Hoje pode ver em direto na TV. - Portal Tela Portugal","og_description":"A grade de transmiss\u00e3o para v\u00e1rias plataformas j\u00e1 publicada para o dia inclui Benfica TV, DAZN, Eurosport 2 e SPORT TV, entre outras, com hor\u00e1rios e jogos informados. Benfica TV oferece futsal (Campeonato Nacional) Benfica-Famalic\u00e3o \u00e0s 19h30; futebol da Liga Revela\u00e7\u00e3o Santa Clara-Sporting \u00e0s 15h30; futebol Sub-20 It\u00e1lia-Portugal \u00e0s 17h30; e futsal Benfica-Famalic\u00e3o \u00e0s 19h30; futsal Ferreira do Z\u00eazere-Le\u00f5es de Porto Salvo \u00e0s 21h00. DAZN transmite futebol da La Liga 2 Valladolid-Las Palmas \u00e0s 19h30. SPORT TV cobre diversas modalidades, incluindo ATP Finals (t\u00e9nis) \u00e0s 13h00; futebol de qualifica\u00e7\u00e3o para a Copa do Mundo de 2026 Finl\u00e2ndia-Malta \u00e0s 17h45; e outras sess\u00f5es ao longo do dia, incluindo GP Valencia de MotoGP e eventos de h\u00f3quei, automobilismo e basquetebol. SPORT TV 7 repete programa\u00e7\u00e3o de Premier Padel Dubai ao longo do dia, com v\u00e1rias sess\u00f5es de 8h00 a 18h00.","og_url":"https:\/\/portaltela.pt\/desporto\/futebol\/2025\/11\/14\/hoje-pode-ver-em-direto-na-tv\/","og_site_name":"Portal Tela Portugal","article_published_time":"2025-11-14T05:45:00+00:00","og_image":[{"width":796,"height":448,"url":"https:\/\/portaltela.pt\/s.01k8rhncp4jt1\/2025\/11\/6e691358-3a38-4eb8-80b6-29d7e8f3269f.jpg","type":"image\/jpeg"}],"author":"Telinha","twitter_card":"summary_large_image","twitter_misc":{"Escrito por":"Telinha","Tempo estimado de leitura":"2 minutos"},"schema":{"@context":"https:\/\/schema.org","@graph":[{"@type":"Article","@id":"https:\/\/portaltela.pt\/desporto\/futebol\/2025\/11\/14\/hoje-pode-ver-em-direto-na-tv\/#article","isPartOf":{"@id":"https:\/\/portaltela.pt\/desporto\/futebol\/2025\/11\/14\/hoje-pode-ver-em-direto-na-tv\/"},"author":{"name":"Telinha","@id":"https:\/\/portaltela.pt\/#\/schema\/person\/c4278d4a6028830caff9ee44b42d32ed"},"headline":"Hoje pode ver em direto na TV.","datePublished":"2025-11-14T05:45:00+00:00","mainEntityOfPage":{"@id":"https:\/\/portaltela.pt\/desporto\/futebol\/2025\/11\/14\/hoje-pode-ver-em-direto-na-tv\/"},"wordCount":344,"image":{"@id":"https:\/\/portaltela.pt\/desporto\/futebol\/2025\/11\/14\/hoje-pode-ver-em-direto-na-tv\/#primaryimage"},"thumbnailUrl":"https:\/\/portaltela.pt\/s.01k8rhncp4jt1\/2025\/11\/6e691358-3a38-4eb8-80b6-29d7e8f3269f.jpg","keywords":["basquete","futebol","futsal","golfe","H\u00f3quei no gelo","t\u00eanis"],"articleSection":["Desporto","Futebol"],"inLanguage":"pt-PT"},{"@type":"WebPage","@id":"https:\/\/portaltela.pt\/desporto\/futebol\/2025\/11\/14\/hoje-pode-ver-em-direto-na-tv\/","url":"https:\/\/portaltela.pt\/desporto\/futebol\/2025\/11\/14\/hoje-pode-ver-em-direto-na-tv\/","name":"Hoje pode ver em direto na TV. - Portal Tela Portugal","isPartOf":{"@id":"https:\/\/portaltela.pt\/#website"},"primaryImageOfPage":{"@id":"https:\/\/portaltela.pt\/desporto\/futebol\/2025\/11\/14\/hoje-pode-ver-em-direto-na-tv\/#primaryimage"},"image":{"@id":"https:\/\/portaltela.pt\/desporto\/futebol\/2025\/11\/14\/hoje-pode-ver-em-direto-na-tv\/#primaryimage"},"thumbnailUrl":"https:\/\/portaltela.pt\/s.01k8rhncp4jt1\/2025\/11\/6e691358-3a38-4eb8-80b6-29d7e8f3269f.jpg","datePublished":"2025-11-14T05:45:00+00:00","author":{"@id":"https:\/\/portaltela.pt\/#\/schema\/person\/c4278d4a6028830caff9ee44b42d32ed"},"breadcrumb":{"@id":"https:\/\/portaltela.pt\/desporto\/futebol\/2025\/11\/14\/hoje-pode-ver-em-direto-na-tv\/#breadcrumb"},"inLanguage":"pt-PT","potentialAction":[{"@type":"ReadAction","target":["https:\/\/portaltela.pt\/desporto\/futebol\/2025\/11\/14\/hoje-pode-ver-em-direto-na-tv\/"]}]},{"@type":"ImageObject","inLanguage":"pt-PT","@id":"https:\/\/portaltela.pt\/desporto\/futebol\/2025\/11\/14\/hoje-pode-ver-em-direto-na-tv\/#primaryimage","url":"https:\/\/portaltela.pt\/s.01k8rhncp4jt1\/2025\/11\/6e691358-3a38-4eb8-80b6-29d7e8f3269f.jpg","contentUrl":"https:\/\/portaltela.pt\/s.01k8rhncp4jt1\/2025\/11\/6e691358-3a38-4eb8-80b6-29d7e8f3269f.jpg","width":796,"height":448,"caption":"Hoje pode ver em direto na TV."},{"@type":"BreadcrumbList","@id":"https:\/\/portaltela.pt\/desporto\/futebol\/2025\/11\/14\/hoje-pode-ver-em-direto-na-tv\/#breadcrumb","itemListElement":[{"@type":"ListItem","position":1,"name":"In\u00edcio","item":"https:\/\/portaltela.pt\/"},{"@type":"ListItem","position":2,"name":"Hoje pode ver em direto na TV."}]},{"@type":"WebSite","@id":"https:\/\/portaltela.pt\/#website","url":"https:\/\/portaltela.pt\/","name":"Portal Tela Portugal","description":"","potentialAction":[{"@type":"SearchAction","target":{"@type":"EntryPoint","urlTemplate":"https:\/\/portaltela.pt\/?s={search_term_string}"},"query-input":{"@type":"PropertyValueSpecification","valueRequired":true,"valueName":"search_term_string"}}],"inLanguage":"pt-PT"},{"@type":"Person","@id":"https:\/\/portaltela.pt\/#\/schema\/person\/c4278d4a6028830caff9ee44b42d32ed","name":"Telinha","image":{"@type":"ImageObject","inLanguage":"pt-PT","@id":"https:\/\/portaltela.pt\/s.01k8rhncp4jt1\/2025\/11\/talking-bot-125x125.png","url":"https:\/\/portaltela.pt\/s.01k8rhncp4jt1\/2025\/11\/talking-bot-125x125.png","contentUrl":"https:\/\/portaltela.pt\/s.01k8rhncp4jt1\/2025\/11\/talking-bot-125x125.png","caption":"Telinha"},"sameAs":["https:\/\/portaltela.pt\/"],"url":"https:\/\/portaltela.pt\/por\/367410592786\/"}]}},"_links":{"self":[{"href":"https:\/\/portaltela.pt\/api\/wp\/v2\/posts\/3806","targetHints":{"allow":["GET"]}}],"collection":[{"href":"https:\/\/portaltela.pt\/api\/wp\/v2\/posts"}],"about":[{"href":"https:\/\/portaltela.pt\/api\/wp\/v2\/types\/post"}],"author":[{"embeddable":true,"href":"https:\/\/portaltela.pt\/api\/wp\/v2\/users\/2"}],"replies":[{"embeddable":true,"href":"https:\/\/portaltela.pt\/api\/wp\/v2\/comments?post=3806"}],"version-history":[{"count":0,"href":"https:\/\/portaltela.pt\/api\/wp\/v2\/posts\/3806\/revisions"}],"wp:featuredmedia":[{"embeddable":true,"href":"https:\/\/portaltela.pt\/api\/wp\/v2\/media\/3807"}],"wp:attachment":[{"href":"https:\/\/portaltela.pt\/api\/wp\/v2\/media?parent=3806"}],"wp:term":[{"taxonomy":"category","embeddable":true,"href":"https:\/\/portaltela.pt\/api\/wp\/v2\/categories?post=3806"},{"taxonomy":"post_tag","embeddable":true,"href":"https:\/\/portaltela.pt\/api\/wp\/v2\/tags?post=3806"}],"curies":[{"name":"wp","href":"https:\/\/api.w.org\/{rel}","templated":true}]}}