{"id":378410,"date":"2026-02-17T17:06:42","date_gmt":"2026-02-17T20:06:42","guid":{"rendered":"https:\/\/www.portaltela.pt\/?p=378410"},"modified":"2026-03-05T17:18:52","modified_gmt":"2026-03-05T20:18:52","slug":"selecao-nova-zelandia","status":"publish","type":"post","link":"https:\/\/portaltela.pt\/desporto\/copa-do-mundo\/2026\/02\/17\/selecao-nova-zelandia\/","title":{"rendered":"Nova Zel\u00e2ndia"},"content":{"rendered":"\n<p>A Nova Zel\u00e2ndia tem presen\u00e7a discreta, mas curiosa, na hist\u00f3ria das Copas do Mundo. A sele\u00e7\u00e3o disputou o torneio duas vezes, em 1982 e 2010. Na campanha de 2010, alcan\u00e7ou um feito incomum: terminou a fase de grupos invicta, com tr\u00eas empates, mas acabou eliminada pelo saldo de gols. O pa\u00eds nunca foi sede de uma Copa do Mundo.&nbsp;<\/p>\n\n\n\n<p>Mesmo com poucas participa\u00e7\u00f5es, a equipe deixou sua marca ao mostrar competitividade e organiza\u00e7\u00e3o, especialmente na edi\u00e7\u00e3o da \u00c1frica do Sul, quando saiu do torneio sem derrotas,&nbsp;um registro raro na hist\u00f3ria dos Mundiais.&nbsp;<\/p>\n\n\n\n<p>Na Oceania, o pa\u00eds \u00e9 uma das principais for\u00e7as e soma v\u00e1rios t\u00edtulos da OFC\u00a0Nations\u00a0Cup, incluindo as conquistas de 1973, 1998, 2002, 2008 e 2016. Entre os nomes mais lembrados est\u00e3o Wynton\u00a0Rufer, maior refer\u00eancia hist\u00f3rica do futebol neozeland\u00eas, e Winston\u00a0Reid, autor do gol decisivo contra a Eslov\u00e1quia na Copa de 2010. Mais recentemente, Chris Wood se tornou o principal rosto da sele\u00e7\u00e3o, liderando a tentativa de levar os\u00a0All\u00a0Whites\u00a0de volta ao Mundial.\u00a0<\/p>\n\n\n\n<p><\/p>\n","protected":false},"excerpt":{"rendered":"<p>A Nova Zel\u00e2ndia tem presen\u00e7a discreta, mas curiosa, na hist\u00f3ria das Copas do Mundo. A sele\u00e7\u00e3o disputou o torneio duas vezes, em 1982 e 2010. Na campanha de 2010, alcan\u00e7ou um feito incomum: terminou a fase de grupos invicta, com tr\u00eas empates, mas acabou eliminada pelo saldo de gols. O pa\u00eds nunca foi sede de [&hellip;]<\/p>\n","protected":false},"author":2,"featured_media":388995,"comment_status":"closed","ping_status":"closed","sticky":false,"template":"","format":"standard","meta":{"footnotes":""},"categories":[6695,21],"tags":[6366],"class_list":["post-378410","post","type-post","status-publish","format-standard","has-post-thumbnail","hentry","category-copa-do-mundo","category-desporto","tag-selecoes-da-copa-do-mundo"],"yoast_head":"<!-- This site is optimized with the Yoast SEO plugin v27.2 - https:\/\/yoast.com\/product\/yoast-seo-wordpress\/ -->\n<title>Nova Zel\u00e2ndia - Portal Tela Portugal<\/title>\n<meta name=\"robots\" content=\"index, follow, max-snippet:-1, max-image-preview:large, max-video-preview:-1\" \/>\n<meta property=\"og:locale\" content=\"pt_PT\" \/>\n<meta property=\"og:type\" content=\"article\" \/>\n<meta property=\"og:title\" content=\"Nova Zel\u00e2ndia - Portal Tela Portugal\" \/>\n<meta property=\"og:description\" content=\"A Nova Zel\u00e2ndia tem presen\u00e7a discreta, mas curiosa, na hist\u00f3ria das Copas do Mundo. A sele\u00e7\u00e3o disputou o torneio duas vezes, em 1982 e 2010. Na campanha de 2010, alcan\u00e7ou um feito incomum: terminou a fase de grupos invicta, com tr\u00eas empates, mas acabou eliminada pelo saldo de gols. O pa\u00eds nunca foi sede de [&hellip;]\" \/>\n<meta property=\"og:url\" content=\"https:\/\/portaltela.pt\/desporto\/copa-do-mundo\/2026\/02\/17\/selecao-nova-zelandia\/\" \/>\n<meta property=\"og:site_name\" content=\"Portal Tela Portugal\" \/>\n<meta property=\"article:published_time\" content=\"2026-02-17T20:06:42+00:00\" \/>\n<meta property=\"article:modified_time\" content=\"2026-03-05T20:18:52+00:00\" \/>\n<meta property=\"og:image\" content=\"https:\/\/portaltela.pt\/s.01k8rhncp4jt1\/2026\/02\/novazelandia.jpg\" \/>\n\t<meta property=\"og:image:width\" content=\"1536\" \/>\n\t<meta property=\"og:image:height\" content=\"910\" \/>\n\t<meta property=\"og:image:type\" content=\"image\/jpeg\" \/>\n<meta name=\"author\" content=\"Telinha\" \/>\n<meta name=\"twitter:card\" content=\"summary_large_image\" \/>\n<meta name=\"twitter:label1\" content=\"Escrito por\" \/>\n\t<meta name=\"twitter:data1\" content=\"Telinha\" \/>\n\t<meta name=\"twitter:label2\" content=\"Tempo estimado de leitura\" \/>\n\t<meta name=\"twitter:data2\" content=\"1 minuto\" \/>\n<script type=\"application\/ld+json\" class=\"yoast-schema-graph\">{\"@context\":\"https:\/\/schema.org\",\"@graph\":[{\"@type\":\"Article\",\"@id\":\"https:\/\/portaltela.pt\/desporto\/copa-do-mundo\/2026\/02\/17\/selecao-nova-zelandia\/#article\",\"isPartOf\":{\"@id\":\"https:\/\/portaltela.pt\/desporto\/copa-do-mundo\/2026\/02\/17\/selecao-nova-zelandia\/\"},\"author\":{\"name\":\"Telinha\",\"@id\":\"https:\/\/portaltela.pt\/#\/schema\/person\/c4278d4a6028830caff9ee44b42d32ed\"},\"headline\":\"Nova Zel\u00e2ndia\",\"datePublished\":\"2026-02-17T20:06:42+00:00\",\"dateModified\":\"2026-03-05T20:18:52+00:00\",\"mainEntityOfPage\":{\"@id\":\"https:\/\/portaltela.pt\/desporto\/copa-do-mundo\/2026\/02\/17\/selecao-nova-zelandia\/\"},\"wordCount\":188,\"image\":{\"@id\":\"https:\/\/portaltela.pt\/desporto\/copa-do-mundo\/2026\/02\/17\/selecao-nova-zelandia\/#primaryimage\"},\"thumbnailUrl\":\"https:\/\/portaltela.pt\/s.01k8rhncp4jt1\/2026\/02\/novazelandia.jpg\",\"keywords\":[\"Sele\u00e7\u00f5es da Copa do Mundo\"],\"articleSection\":[\"Copa do Mundo\",\"Desporto\"],\"inLanguage\":\"pt-PT\"},{\"@type\":\"WebPage\",\"@id\":\"https:\/\/portaltela.pt\/desporto\/copa-do-mundo\/2026\/02\/17\/selecao-nova-zelandia\/\",\"url\":\"https:\/\/portaltela.pt\/desporto\/copa-do-mundo\/2026\/02\/17\/selecao-nova-zelandia\/\",\"name\":\"Nova Zel\u00e2ndia - Portal Tela Portugal\",\"isPartOf\":{\"@id\":\"https:\/\/portaltela.pt\/#website\"},\"primaryImageOfPage\":{\"@id\":\"https:\/\/portaltela.pt\/desporto\/copa-do-mundo\/2026\/02\/17\/selecao-nova-zelandia\/#primaryimage\"},\"image\":{\"@id\":\"https:\/\/portaltela.pt\/desporto\/copa-do-mundo\/2026\/02\/17\/selecao-nova-zelandia\/#primaryimage\"},\"thumbnailUrl\":\"https:\/\/portaltela.pt\/s.01k8rhncp4jt1\/2026\/02\/novazelandia.jpg\",\"datePublished\":\"2026-02-17T20:06:42+00:00\",\"dateModified\":\"2026-03-05T20:18:52+00:00\",\"author\":{\"@id\":\"https:\/\/portaltela.pt\/#\/schema\/person\/c4278d4a6028830caff9ee44b42d32ed\"},\"breadcrumb\":{\"@id\":\"https:\/\/portaltela.pt\/desporto\/copa-do-mundo\/2026\/02\/17\/selecao-nova-zelandia\/#breadcrumb\"},\"inLanguage\":\"pt-PT\",\"potentialAction\":[{\"@type\":\"ReadAction\",\"target\":[\"https:\/\/portaltela.pt\/desporto\/copa-do-mundo\/2026\/02\/17\/selecao-nova-zelandia\/\"]}]},{\"@type\":\"ImageObject\",\"inLanguage\":\"pt-PT\",\"@id\":\"https:\/\/portaltela.pt\/desporto\/copa-do-mundo\/2026\/02\/17\/selecao-nova-zelandia\/#primaryimage\",\"url\":\"https:\/\/portaltela.pt\/s.01k8rhncp4jt1\/2026\/02\/novazelandia.jpg\",\"contentUrl\":\"https:\/\/portaltela.pt\/s.01k8rhncp4jt1\/2026\/02\/novazelandia.jpg\",\"width\":1536,\"height\":910},{\"@type\":\"BreadcrumbList\",\"@id\":\"https:\/\/portaltela.pt\/desporto\/copa-do-mundo\/2026\/02\/17\/selecao-nova-zelandia\/#breadcrumb\",\"itemListElement\":[{\"@type\":\"ListItem\",\"position\":1,\"name\":\"In\u00edcio\",\"item\":\"https:\/\/portaltela.pt\/\"},{\"@type\":\"ListItem\",\"position\":2,\"name\":\"Nova Zel\u00e2ndia\"}]},{\"@type\":\"WebSite\",\"@id\":\"https:\/\/portaltela.pt\/#website\",\"url\":\"https:\/\/portaltela.pt\/\",\"name\":\"Portal Tela Portugal\",\"description\":\"\",\"potentialAction\":[{\"@type\":\"SearchAction\",\"target\":{\"@type\":\"EntryPoint\",\"urlTemplate\":\"https:\/\/portaltela.pt\/?s={search_term_string}\"},\"query-input\":{\"@type\":\"PropertyValueSpecification\",\"valueRequired\":true,\"valueName\":\"search_term_string\"}}],\"inLanguage\":\"pt-PT\"},{\"@type\":\"Person\",\"@id\":\"https:\/\/portaltela.pt\/#\/schema\/person\/c4278d4a6028830caff9ee44b42d32ed\",\"name\":\"Telinha\",\"image\":{\"@type\":\"ImageObject\",\"inLanguage\":\"pt-PT\",\"@id\":\"https:\/\/portaltela.pt\/s.01k8rhncp4jt1\/2025\/11\/talking-bot-125x125.png\",\"url\":\"https:\/\/portaltela.pt\/s.01k8rhncp4jt1\/2025\/11\/talking-bot-125x125.png\",\"contentUrl\":\"https:\/\/portaltela.pt\/s.01k8rhncp4jt1\/2025\/11\/talking-bot-125x125.png\",\"caption\":\"Telinha\"},\"sameAs\":[\"https:\/\/portaltela.pt\/\"],\"url\":\"https:\/\/portaltela.pt\/por\/367410592786\/\"}]}<\/script>\n<!-- \/ Yoast SEO plugin. -->","yoast_head_json":{"title":"Nova Zel\u00e2ndia - Portal Tela Portugal","robots":{"index":"index","follow":"follow","max-snippet":"max-snippet:-1","max-image-preview":"max-image-preview:large","max-video-preview":"max-video-preview:-1"},"og_locale":"pt_PT","og_type":"article","og_title":"Nova Zel\u00e2ndia - Portal Tela Portugal","og_description":"A Nova Zel\u00e2ndia tem presen\u00e7a discreta, mas curiosa, na hist\u00f3ria das Copas do Mundo. A sele\u00e7\u00e3o disputou o torneio duas vezes, em 1982 e 2010. Na campanha de 2010, alcan\u00e7ou um feito incomum: terminou a fase de grupos invicta, com tr\u00eas empates, mas acabou eliminada pelo saldo de gols. O pa\u00eds nunca foi sede de [&hellip;]","og_url":"https:\/\/portaltela.pt\/desporto\/copa-do-mundo\/2026\/02\/17\/selecao-nova-zelandia\/","og_site_name":"Portal Tela Portugal","article_published_time":"2026-02-17T20:06:42+00:00","article_modified_time":"2026-03-05T20:18:52+00:00","og_image":[{"width":1536,"height":910,"url":"https:\/\/portaltela.pt\/s.01k8rhncp4jt1\/2026\/02\/novazelandia.jpg","type":"image\/jpeg"}],"author":"Telinha","twitter_card":"summary_large_image","twitter_misc":{"Escrito por":"Telinha","Tempo estimado de leitura":"1 minuto"},"schema":{"@context":"https:\/\/schema.org","@graph":[{"@type":"Article","@id":"https:\/\/portaltela.pt\/desporto\/copa-do-mundo\/2026\/02\/17\/selecao-nova-zelandia\/#article","isPartOf":{"@id":"https:\/\/portaltela.pt\/desporto\/copa-do-mundo\/2026\/02\/17\/selecao-nova-zelandia\/"},"author":{"name":"Telinha","@id":"https:\/\/portaltela.pt\/#\/schema\/person\/c4278d4a6028830caff9ee44b42d32ed"},"headline":"Nova Zel\u00e2ndia","datePublished":"2026-02-17T20:06:42+00:00","dateModified":"2026-03-05T20:18:52+00:00","mainEntityOfPage":{"@id":"https:\/\/portaltela.pt\/desporto\/copa-do-mundo\/2026\/02\/17\/selecao-nova-zelandia\/"},"wordCount":188,"image":{"@id":"https:\/\/portaltela.pt\/desporto\/copa-do-mundo\/2026\/02\/17\/selecao-nova-zelandia\/#primaryimage"},"thumbnailUrl":"https:\/\/portaltela.pt\/s.01k8rhncp4jt1\/2026\/02\/novazelandia.jpg","keywords":["Sele\u00e7\u00f5es da Copa do Mundo"],"articleSection":["Copa do Mundo","Desporto"],"inLanguage":"pt-PT"},{"@type":"WebPage","@id":"https:\/\/portaltela.pt\/desporto\/copa-do-mundo\/2026\/02\/17\/selecao-nova-zelandia\/","url":"https:\/\/portaltela.pt\/desporto\/copa-do-mundo\/2026\/02\/17\/selecao-nova-zelandia\/","name":"Nova Zel\u00e2ndia - Portal Tela Portugal","isPartOf":{"@id":"https:\/\/portaltela.pt\/#website"},"primaryImageOfPage":{"@id":"https:\/\/portaltela.pt\/desporto\/copa-do-mundo\/2026\/02\/17\/selecao-nova-zelandia\/#primaryimage"},"image":{"@id":"https:\/\/portaltela.pt\/desporto\/copa-do-mundo\/2026\/02\/17\/selecao-nova-zelandia\/#primaryimage"},"thumbnailUrl":"https:\/\/portaltela.pt\/s.01k8rhncp4jt1\/2026\/02\/novazelandia.jpg","datePublished":"2026-02-17T20:06:42+00:00","dateModified":"2026-03-05T20:18:52+00:00","author":{"@id":"https:\/\/portaltela.pt\/#\/schema\/person\/c4278d4a6028830caff9ee44b42d32ed"},"breadcrumb":{"@id":"https:\/\/portaltela.pt\/desporto\/copa-do-mundo\/2026\/02\/17\/selecao-nova-zelandia\/#breadcrumb"},"inLanguage":"pt-PT","potentialAction":[{"@type":"ReadAction","target":["https:\/\/portaltela.pt\/desporto\/copa-do-mundo\/2026\/02\/17\/selecao-nova-zelandia\/"]}]},{"@type":"ImageObject","inLanguage":"pt-PT","@id":"https:\/\/portaltela.pt\/desporto\/copa-do-mundo\/2026\/02\/17\/selecao-nova-zelandia\/#primaryimage","url":"https:\/\/portaltela.pt\/s.01k8rhncp4jt1\/2026\/02\/novazelandia.jpg","contentUrl":"https:\/\/portaltela.pt\/s.01k8rhncp4jt1\/2026\/02\/novazelandia.jpg","width":1536,"height":910},{"@type":"BreadcrumbList","@id":"https:\/\/portaltela.pt\/desporto\/copa-do-mundo\/2026\/02\/17\/selecao-nova-zelandia\/#breadcrumb","itemListElement":[{"@type":"ListItem","position":1,"name":"In\u00edcio","item":"https:\/\/portaltela.pt\/"},{"@type":"ListItem","position":2,"name":"Nova Zel\u00e2ndia"}]},{"@type":"WebSite","@id":"https:\/\/portaltela.pt\/#website","url":"https:\/\/portaltela.pt\/","name":"Portal Tela Portugal","description":"","potentialAction":[{"@type":"SearchAction","target":{"@type":"EntryPoint","urlTemplate":"https:\/\/portaltela.pt\/?s={search_term_string}"},"query-input":{"@type":"PropertyValueSpecification","valueRequired":true,"valueName":"search_term_string"}}],"inLanguage":"pt-PT"},{"@type":"Person","@id":"https:\/\/portaltela.pt\/#\/schema\/person\/c4278d4a6028830caff9ee44b42d32ed","name":"Telinha","image":{"@type":"ImageObject","inLanguage":"pt-PT","@id":"https:\/\/portaltela.pt\/s.01k8rhncp4jt1\/2025\/11\/talking-bot-125x125.png","url":"https:\/\/portaltela.pt\/s.01k8rhncp4jt1\/2025\/11\/talking-bot-125x125.png","contentUrl":"https:\/\/portaltela.pt\/s.01k8rhncp4jt1\/2025\/11\/talking-bot-125x125.png","caption":"Telinha"},"sameAs":["https:\/\/portaltela.pt\/"],"url":"https:\/\/portaltela.pt\/por\/367410592786\/"}]}},"_links":{"self":[{"href":"https:\/\/portaltela.pt\/api\/wp\/v2\/posts\/378410","targetHints":{"allow":["GET"]}}],"collection":[{"href":"https:\/\/portaltela.pt\/api\/wp\/v2\/posts"}],"about":[{"href":"https:\/\/portaltela.pt\/api\/wp\/v2\/types\/post"}],"author":[{"embeddable":true,"href":"https:\/\/portaltela.pt\/api\/wp\/v2\/users\/2"}],"replies":[{"embeddable":true,"href":"https:\/\/portaltela.pt\/api\/wp\/v2\/comments?post=378410"}],"version-history":[{"count":0,"href":"https:\/\/portaltela.pt\/api\/wp\/v2\/posts\/378410\/revisions"}],"wp:featuredmedia":[{"embeddable":true,"href":"https:\/\/portaltela.pt\/api\/wp\/v2\/media\/388995"}],"wp:attachment":[{"href":"https:\/\/portaltela.pt\/api\/wp\/v2\/media?parent=378410"}],"wp:term":[{"taxonomy":"category","embeddable":true,"href":"https:\/\/portaltela.pt\/api\/wp\/v2\/categories?post=378410"},{"taxonomy":"post_tag","embeddable":true,"href":"https:\/\/portaltela.pt\/api\/wp\/v2\/tags?post=378410"}],"curies":[{"name":"wp","href":"https:\/\/api.w.org\/{rel}","templated":true}]}}