{"id":378401,"date":"2026-02-17T16:22:51","date_gmt":"2026-02-17T19:22:51","guid":{"rendered":"https:\/\/www.portaltela.pt\/?p=378401"},"modified":"2026-03-05T17:18:53","modified_gmt":"2026-03-05T20:18:53","slug":"selecao-tunisia","status":"publish","type":"post","link":"https:\/\/portaltela.pt\/desporto\/copa-do-mundo\/2026\/02\/17\/selecao-tunisia\/","title":{"rendered":"Tun\u00edsia"},"content":{"rendered":"\n<p>A Tun\u00edsia disputou seis Copas do Mundo, mas nunca passou da fase de grupos \u2014 embora a vit\u00f3ria sobre a Fran\u00e7a em 2022 tenha sido hist\u00f3rica. Nunca sediou o torneio.&nbsp;<\/p>\n\n\n\n<p>Seu maior t\u00edtulo \u00e9 a Copa Africana de Na\u00e7\u00f5es de 2004, conquistada em casa. Ao longo dos anos, jogadores como&nbsp;Wahbi&nbsp;Khazri&nbsp;e Youssef&nbsp;Msakni&nbsp;lideraram uma equipe conhecida pela disciplina e resist\u00eancia.&nbsp;<\/p>\n\n\n\n<p><\/p>\n","protected":false},"excerpt":{"rendered":"<p>A Tun\u00edsia disputou seis Copas do Mundo, mas nunca passou da fase de grupos \u2014 embora a vit\u00f3ria sobre a Fran\u00e7a em 2022 tenha sido hist\u00f3rica. Nunca sediou o torneio.&nbsp; Seu maior t\u00edtulo \u00e9 a Copa Africana de Na\u00e7\u00f5es de 2004, conquistada em casa. Ao longo dos anos, jogadores como&nbsp;Wahbi&nbsp;Khazri&nbsp;e Youssef&nbsp;Msakni&nbsp;lideraram uma equipe conhecida pela [&hellip;]<\/p>\n","protected":false},"author":2,"featured_media":389007,"comment_status":"closed","ping_status":"closed","sticky":false,"template":"","format":"standard","meta":{"footnotes":""},"categories":[6695,21],"tags":[6366],"class_list":["post-378401","post","type-post","status-publish","format-standard","has-post-thumbnail","hentry","category-copa-do-mundo","category-desporto","tag-selecoes-da-copa-do-mundo"],"yoast_head":"<!-- This site is optimized with the Yoast SEO plugin v27.2 - https:\/\/yoast.com\/product\/yoast-seo-wordpress\/ -->\n<title>Tun\u00edsia - Portal Tela Portugal<\/title>\n<meta name=\"robots\" content=\"index, follow, max-snippet:-1, max-image-preview:large, max-video-preview:-1\" \/>\n<meta property=\"og:locale\" content=\"pt_PT\" \/>\n<meta property=\"og:type\" content=\"article\" \/>\n<meta property=\"og:title\" content=\"Tun\u00edsia - Portal Tela Portugal\" \/>\n<meta property=\"og:description\" content=\"A Tun\u00edsia disputou seis Copas do Mundo, mas nunca passou da fase de grupos \u2014 embora a vit\u00f3ria sobre a Fran\u00e7a em 2022 tenha sido hist\u00f3rica. Nunca sediou o torneio.&nbsp; Seu maior t\u00edtulo \u00e9 a Copa Africana de Na\u00e7\u00f5es de 2004, conquistada em casa. Ao longo dos anos, jogadores como&nbsp;Wahbi&nbsp;Khazri&nbsp;e Youssef&nbsp;Msakni&nbsp;lideraram uma equipe conhecida pela [&hellip;]\" \/>\n<meta property=\"og:url\" content=\"https:\/\/portaltela.pt\/desporto\/copa-do-mundo\/2026\/02\/17\/selecao-tunisia\/\" \/>\n<meta property=\"og:site_name\" content=\"Portal Tela Portugal\" \/>\n<meta property=\"article:published_time\" content=\"2026-02-17T19:22:51+00:00\" \/>\n<meta property=\"article:modified_time\" content=\"2026-03-05T20:18:53+00:00\" \/>\n<meta property=\"og:image\" content=\"https:\/\/portaltela.pt\/s.01k8rhncp4jt1\/2026\/02\/tunisia.jpg\" \/>\n\t<meta property=\"og:image:width\" content=\"1536\" \/>\n\t<meta property=\"og:image:height\" content=\"910\" \/>\n\t<meta property=\"og:image:type\" content=\"image\/jpeg\" \/>\n<meta name=\"author\" content=\"Telinha\" \/>\n<meta name=\"twitter:card\" content=\"summary_large_image\" \/>\n<meta name=\"twitter:label1\" content=\"Escrito por\" \/>\n\t<meta name=\"twitter:data1\" content=\"Telinha\" \/>\n\t<meta name=\"twitter:label2\" content=\"Tempo estimado de leitura\" \/>\n\t<meta name=\"twitter:data2\" content=\"1 minuto\" \/>\n<script type=\"application\/ld+json\" class=\"yoast-schema-graph\">{\"@context\":\"https:\/\/schema.org\",\"@graph\":[{\"@type\":\"Article\",\"@id\":\"https:\/\/portaltela.pt\/desporto\/copa-do-mundo\/2026\/02\/17\/selecao-tunisia\/#article\",\"isPartOf\":{\"@id\":\"https:\/\/portaltela.pt\/desporto\/copa-do-mundo\/2026\/02\/17\/selecao-tunisia\/\"},\"author\":{\"name\":\"Telinha\",\"@id\":\"https:\/\/portaltela.pt\/#\/schema\/person\/c4278d4a6028830caff9ee44b42d32ed\"},\"headline\":\"Tun\u00edsia\",\"datePublished\":\"2026-02-17T19:22:51+00:00\",\"dateModified\":\"2026-03-05T20:18:53+00:00\",\"mainEntityOfPage\":{\"@id\":\"https:\/\/portaltela.pt\/desporto\/copa-do-mundo\/2026\/02\/17\/selecao-tunisia\/\"},\"wordCount\":75,\"image\":{\"@id\":\"https:\/\/portaltela.pt\/desporto\/copa-do-mundo\/2026\/02\/17\/selecao-tunisia\/#primaryimage\"},\"thumbnailUrl\":\"https:\/\/portaltela.pt\/s.01k8rhncp4jt1\/2026\/02\/tunisia.jpg\",\"keywords\":[\"Sele\u00e7\u00f5es da Copa do Mundo\"],\"articleSection\":[\"Copa do Mundo\",\"Desporto\"],\"inLanguage\":\"pt-PT\"},{\"@type\":\"WebPage\",\"@id\":\"https:\/\/portaltela.pt\/desporto\/copa-do-mundo\/2026\/02\/17\/selecao-tunisia\/\",\"url\":\"https:\/\/portaltela.pt\/desporto\/copa-do-mundo\/2026\/02\/17\/selecao-tunisia\/\",\"name\":\"Tun\u00edsia - Portal Tela Portugal\",\"isPartOf\":{\"@id\":\"https:\/\/portaltela.pt\/#website\"},\"primaryImageOfPage\":{\"@id\":\"https:\/\/portaltela.pt\/desporto\/copa-do-mundo\/2026\/02\/17\/selecao-tunisia\/#primaryimage\"},\"image\":{\"@id\":\"https:\/\/portaltela.pt\/desporto\/copa-do-mundo\/2026\/02\/17\/selecao-tunisia\/#primaryimage\"},\"thumbnailUrl\":\"https:\/\/portaltela.pt\/s.01k8rhncp4jt1\/2026\/02\/tunisia.jpg\",\"datePublished\":\"2026-02-17T19:22:51+00:00\",\"dateModified\":\"2026-03-05T20:18:53+00:00\",\"author\":{\"@id\":\"https:\/\/portaltela.pt\/#\/schema\/person\/c4278d4a6028830caff9ee44b42d32ed\"},\"breadcrumb\":{\"@id\":\"https:\/\/portaltela.pt\/desporto\/copa-do-mundo\/2026\/02\/17\/selecao-tunisia\/#breadcrumb\"},\"inLanguage\":\"pt-PT\",\"potentialAction\":[{\"@type\":\"ReadAction\",\"target\":[\"https:\/\/portaltela.pt\/desporto\/copa-do-mundo\/2026\/02\/17\/selecao-tunisia\/\"]}]},{\"@type\":\"ImageObject\",\"inLanguage\":\"pt-PT\",\"@id\":\"https:\/\/portaltela.pt\/desporto\/copa-do-mundo\/2026\/02\/17\/selecao-tunisia\/#primaryimage\",\"url\":\"https:\/\/portaltela.pt\/s.01k8rhncp4jt1\/2026\/02\/tunisia.jpg\",\"contentUrl\":\"https:\/\/portaltela.pt\/s.01k8rhncp4jt1\/2026\/02\/tunisia.jpg\",\"width\":1536,\"height\":910},{\"@type\":\"BreadcrumbList\",\"@id\":\"https:\/\/portaltela.pt\/desporto\/copa-do-mundo\/2026\/02\/17\/selecao-tunisia\/#breadcrumb\",\"itemListElement\":[{\"@type\":\"ListItem\",\"position\":1,\"name\":\"In\u00edcio\",\"item\":\"https:\/\/portaltela.pt\/\"},{\"@type\":\"ListItem\",\"position\":2,\"name\":\"Tun\u00edsia\"}]},{\"@type\":\"WebSite\",\"@id\":\"https:\/\/portaltela.pt\/#website\",\"url\":\"https:\/\/portaltela.pt\/\",\"name\":\"Portal Tela Portugal\",\"description\":\"\",\"potentialAction\":[{\"@type\":\"SearchAction\",\"target\":{\"@type\":\"EntryPoint\",\"urlTemplate\":\"https:\/\/portaltela.pt\/?s={search_term_string}\"},\"query-input\":{\"@type\":\"PropertyValueSpecification\",\"valueRequired\":true,\"valueName\":\"search_term_string\"}}],\"inLanguage\":\"pt-PT\"},{\"@type\":\"Person\",\"@id\":\"https:\/\/portaltela.pt\/#\/schema\/person\/c4278d4a6028830caff9ee44b42d32ed\",\"name\":\"Telinha\",\"image\":{\"@type\":\"ImageObject\",\"inLanguage\":\"pt-PT\",\"@id\":\"https:\/\/portaltela.pt\/s.01k8rhncp4jt1\/2025\/11\/talking-bot-125x125.png\",\"url\":\"https:\/\/portaltela.pt\/s.01k8rhncp4jt1\/2025\/11\/talking-bot-125x125.png\",\"contentUrl\":\"https:\/\/portaltela.pt\/s.01k8rhncp4jt1\/2025\/11\/talking-bot-125x125.png\",\"caption\":\"Telinha\"},\"sameAs\":[\"https:\/\/portaltela.pt\/\"],\"url\":\"https:\/\/portaltela.pt\/por\/367410592786\/\"}]}<\/script>\n<!-- \/ Yoast SEO plugin. -->","yoast_head_json":{"title":"Tun\u00edsia - Portal Tela Portugal","robots":{"index":"index","follow":"follow","max-snippet":"max-snippet:-1","max-image-preview":"max-image-preview:large","max-video-preview":"max-video-preview:-1"},"og_locale":"pt_PT","og_type":"article","og_title":"Tun\u00edsia - Portal Tela Portugal","og_description":"A Tun\u00edsia disputou seis Copas do Mundo, mas nunca passou da fase de grupos \u2014 embora a vit\u00f3ria sobre a Fran\u00e7a em 2022 tenha sido hist\u00f3rica. Nunca sediou o torneio.&nbsp; Seu maior t\u00edtulo \u00e9 a Copa Africana de Na\u00e7\u00f5es de 2004, conquistada em casa. Ao longo dos anos, jogadores como&nbsp;Wahbi&nbsp;Khazri&nbsp;e Youssef&nbsp;Msakni&nbsp;lideraram uma equipe conhecida pela [&hellip;]","og_url":"https:\/\/portaltela.pt\/desporto\/copa-do-mundo\/2026\/02\/17\/selecao-tunisia\/","og_site_name":"Portal Tela Portugal","article_published_time":"2026-02-17T19:22:51+00:00","article_modified_time":"2026-03-05T20:18:53+00:00","og_image":[{"width":1536,"height":910,"url":"https:\/\/portaltela.pt\/s.01k8rhncp4jt1\/2026\/02\/tunisia.jpg","type":"image\/jpeg"}],"author":"Telinha","twitter_card":"summary_large_image","twitter_misc":{"Escrito por":"Telinha","Tempo estimado de leitura":"1 minuto"},"schema":{"@context":"https:\/\/schema.org","@graph":[{"@type":"Article","@id":"https:\/\/portaltela.pt\/desporto\/copa-do-mundo\/2026\/02\/17\/selecao-tunisia\/#article","isPartOf":{"@id":"https:\/\/portaltela.pt\/desporto\/copa-do-mundo\/2026\/02\/17\/selecao-tunisia\/"},"author":{"name":"Telinha","@id":"https:\/\/portaltela.pt\/#\/schema\/person\/c4278d4a6028830caff9ee44b42d32ed"},"headline":"Tun\u00edsia","datePublished":"2026-02-17T19:22:51+00:00","dateModified":"2026-03-05T20:18:53+00:00","mainEntityOfPage":{"@id":"https:\/\/portaltela.pt\/desporto\/copa-do-mundo\/2026\/02\/17\/selecao-tunisia\/"},"wordCount":75,"image":{"@id":"https:\/\/portaltela.pt\/desporto\/copa-do-mundo\/2026\/02\/17\/selecao-tunisia\/#primaryimage"},"thumbnailUrl":"https:\/\/portaltela.pt\/s.01k8rhncp4jt1\/2026\/02\/tunisia.jpg","keywords":["Sele\u00e7\u00f5es da Copa do Mundo"],"articleSection":["Copa do Mundo","Desporto"],"inLanguage":"pt-PT"},{"@type":"WebPage","@id":"https:\/\/portaltela.pt\/desporto\/copa-do-mundo\/2026\/02\/17\/selecao-tunisia\/","url":"https:\/\/portaltela.pt\/desporto\/copa-do-mundo\/2026\/02\/17\/selecao-tunisia\/","name":"Tun\u00edsia - Portal Tela Portugal","isPartOf":{"@id":"https:\/\/portaltela.pt\/#website"},"primaryImageOfPage":{"@id":"https:\/\/portaltela.pt\/desporto\/copa-do-mundo\/2026\/02\/17\/selecao-tunisia\/#primaryimage"},"image":{"@id":"https:\/\/portaltela.pt\/desporto\/copa-do-mundo\/2026\/02\/17\/selecao-tunisia\/#primaryimage"},"thumbnailUrl":"https:\/\/portaltela.pt\/s.01k8rhncp4jt1\/2026\/02\/tunisia.jpg","datePublished":"2026-02-17T19:22:51+00:00","dateModified":"2026-03-05T20:18:53+00:00","author":{"@id":"https:\/\/portaltela.pt\/#\/schema\/person\/c4278d4a6028830caff9ee44b42d32ed"},"breadcrumb":{"@id":"https:\/\/portaltela.pt\/desporto\/copa-do-mundo\/2026\/02\/17\/selecao-tunisia\/#breadcrumb"},"inLanguage":"pt-PT","potentialAction":[{"@type":"ReadAction","target":["https:\/\/portaltela.pt\/desporto\/copa-do-mundo\/2026\/02\/17\/selecao-tunisia\/"]}]},{"@type":"ImageObject","inLanguage":"pt-PT","@id":"https:\/\/portaltela.pt\/desporto\/copa-do-mundo\/2026\/02\/17\/selecao-tunisia\/#primaryimage","url":"https:\/\/portaltela.pt\/s.01k8rhncp4jt1\/2026\/02\/tunisia.jpg","contentUrl":"https:\/\/portaltela.pt\/s.01k8rhncp4jt1\/2026\/02\/tunisia.jpg","width":1536,"height":910},{"@type":"BreadcrumbList","@id":"https:\/\/portaltela.pt\/desporto\/copa-do-mundo\/2026\/02\/17\/selecao-tunisia\/#breadcrumb","itemListElement":[{"@type":"ListItem","position":1,"name":"In\u00edcio","item":"https:\/\/portaltela.pt\/"},{"@type":"ListItem","position":2,"name":"Tun\u00edsia"}]},{"@type":"WebSite","@id":"https:\/\/portaltela.pt\/#website","url":"https:\/\/portaltela.pt\/","name":"Portal Tela Portugal","description":"","potentialAction":[{"@type":"SearchAction","target":{"@type":"EntryPoint","urlTemplate":"https:\/\/portaltela.pt\/?s={search_term_string}"},"query-input":{"@type":"PropertyValueSpecification","valueRequired":true,"valueName":"search_term_string"}}],"inLanguage":"pt-PT"},{"@type":"Person","@id":"https:\/\/portaltela.pt\/#\/schema\/person\/c4278d4a6028830caff9ee44b42d32ed","name":"Telinha","image":{"@type":"ImageObject","inLanguage":"pt-PT","@id":"https:\/\/portaltela.pt\/s.01k8rhncp4jt1\/2025\/11\/talking-bot-125x125.png","url":"https:\/\/portaltela.pt\/s.01k8rhncp4jt1\/2025\/11\/talking-bot-125x125.png","contentUrl":"https:\/\/portaltela.pt\/s.01k8rhncp4jt1\/2025\/11\/talking-bot-125x125.png","caption":"Telinha"},"sameAs":["https:\/\/portaltela.pt\/"],"url":"https:\/\/portaltela.pt\/por\/367410592786\/"}]}},"_links":{"self":[{"href":"https:\/\/portaltela.pt\/api\/wp\/v2\/posts\/378401","targetHints":{"allow":["GET"]}}],"collection":[{"href":"https:\/\/portaltela.pt\/api\/wp\/v2\/posts"}],"about":[{"href":"https:\/\/portaltela.pt\/api\/wp\/v2\/types\/post"}],"author":[{"embeddable":true,"href":"https:\/\/portaltela.pt\/api\/wp\/v2\/users\/2"}],"replies":[{"embeddable":true,"href":"https:\/\/portaltela.pt\/api\/wp\/v2\/comments?post=378401"}],"version-history":[{"count":0,"href":"https:\/\/portaltela.pt\/api\/wp\/v2\/posts\/378401\/revisions"}],"wp:featuredmedia":[{"embeddable":true,"href":"https:\/\/portaltela.pt\/api\/wp\/v2\/media\/389007"}],"wp:attachment":[{"href":"https:\/\/portaltela.pt\/api\/wp\/v2\/media?parent=378401"}],"wp:term":[{"taxonomy":"category","embeddable":true,"href":"https:\/\/portaltela.pt\/api\/wp\/v2\/categories?post=378401"},{"taxonomy":"post_tag","embeddable":true,"href":"https:\/\/portaltela.pt\/api\/wp\/v2\/tags?post=378401"}],"curies":[{"name":"wp","href":"https:\/\/api.w.org\/{rel}","templated":true}]}}