{"id":378369,"date":"2026-02-17T15:38:19","date_gmt":"2026-02-17T18:38:19","guid":{"rendered":"https:\/\/www.portaltela.pt\/?p=378369"},"modified":"2026-03-05T17:18:56","modified_gmt":"2026-03-05T20:18:56","slug":"selecao-estados-unidos","status":"publish","type":"post","link":"https:\/\/portaltela.pt\/desporto\/copa-do-mundo\/2026\/02\/17\/selecao-estados-unidos\/","title":{"rendered":"Estados Unidos"},"content":{"rendered":"\n<p>Os Estados Unidos disputaram 11 Copas do Mundo, de 1930 a 2022. O melhor resultado foi o terceiro lugar em 1930, al\u00e9m das quartas de final em 2002. O pa\u00eds sediou o torneio em 1994 e voltar\u00e1 a receber a competi\u00e7\u00e3o em 2026, ao lado de M\u00e9xico e Canad\u00e1.&nbsp;<\/p>\n\n\n\n<p>No cen\u00e1rio continental, soma&nbsp;<strong>sete t\u00edtulos da Copa Ouro da Concacaf<\/strong>.&nbsp;Landon&nbsp;Donovan e Clint Dempsey marcaram gera\u00e7\u00f5es anteriores, enquanto Christian&nbsp;Pulisic, Weston&nbsp;McKennie&nbsp;e Tyler Adams lideram o ciclo atual, refletindo a evolu\u00e7\u00e3o da equipe no cen\u00e1rio regional.&nbsp;<\/p>\n\n\n\n<p><\/p>\n","protected":false},"excerpt":{"rendered":"<p>Os Estados Unidos disputaram 11 Copas do Mundo, de 1930 a 2022. O melhor resultado foi o terceiro lugar em 1930, al\u00e9m das quartas de final em 2002. O pa\u00eds sediou o torneio em 1994 e voltar\u00e1 a receber a competi\u00e7\u00e3o em 2026, ao lado de M\u00e9xico e Canad\u00e1.&nbsp; No cen\u00e1rio continental, soma&nbsp;sete t\u00edtulos da [&hellip;]<\/p>\n","protected":false},"author":2,"featured_media":389048,"comment_status":"closed","ping_status":"closed","sticky":false,"template":"","format":"standard","meta":{"footnotes":""},"categories":[6695,1],"tags":[6366],"class_list":["post-378369","post","type-post","status-publish","format-standard","has-post-thumbnail","hentry","category-copa-do-mundo","category-noticias","tag-selecoes-da-copa-do-mundo"],"yoast_head":"<!-- This site is optimized with the Yoast SEO plugin v27.2 - https:\/\/yoast.com\/product\/yoast-seo-wordpress\/ -->\n<title>Estados Unidos - Portal Tela Portugal<\/title>\n<meta name=\"robots\" content=\"index, follow, max-snippet:-1, max-image-preview:large, max-video-preview:-1\" \/>\n<meta property=\"og:locale\" content=\"pt_PT\" \/>\n<meta property=\"og:type\" content=\"article\" \/>\n<meta property=\"og:title\" content=\"Estados Unidos - Portal Tela Portugal\" \/>\n<meta property=\"og:description\" content=\"Os Estados Unidos disputaram 11 Copas do Mundo, de 1930 a 2022. O melhor resultado foi o terceiro lugar em 1930, al\u00e9m das quartas de final em 2002. O pa\u00eds sediou o torneio em 1994 e voltar\u00e1 a receber a competi\u00e7\u00e3o em 2026, ao lado de M\u00e9xico e Canad\u00e1.&nbsp; No cen\u00e1rio continental, soma&nbsp;sete t\u00edtulos da [&hellip;]\" \/>\n<meta property=\"og:url\" content=\"https:\/\/portaltela.pt\/desporto\/copa-do-mundo\/2026\/02\/17\/selecao-estados-unidos\/\" \/>\n<meta property=\"og:site_name\" content=\"Portal Tela Portugal\" \/>\n<meta property=\"article:published_time\" content=\"2026-02-17T18:38:19+00:00\" \/>\n<meta property=\"article:modified_time\" content=\"2026-03-05T20:18:56+00:00\" \/>\n<meta property=\"og:image\" content=\"https:\/\/portaltela.pt\/s.01k8rhncp4jt1\/2026\/02\/estados-unidos-selecao-copa-do-mundo-2026-1-e1749216896264.png\" \/>\n\t<meta property=\"og:image:width\" content=\"1320\" \/>\n\t<meta property=\"og:image:height\" content=\"741\" \/>\n\t<meta property=\"og:image:type\" content=\"image\/png\" \/>\n<meta name=\"author\" content=\"Telinha\" \/>\n<meta name=\"twitter:card\" content=\"summary_large_image\" \/>\n<meta name=\"twitter:label1\" content=\"Escrito por\" \/>\n\t<meta name=\"twitter:data1\" content=\"Telinha\" \/>\n\t<meta name=\"twitter:label2\" content=\"Tempo estimado de leitura\" \/>\n\t<meta name=\"twitter:data2\" content=\"1 minuto\" \/>\n<script type=\"application\/ld+json\" class=\"yoast-schema-graph\">{\"@context\":\"https:\/\/schema.org\",\"@graph\":[{\"@type\":\"Article\",\"@id\":\"https:\/\/portaltela.pt\/desporto\/copa-do-mundo\/2026\/02\/17\/selecao-estados-unidos\/#article\",\"isPartOf\":{\"@id\":\"https:\/\/portaltela.pt\/desporto\/copa-do-mundo\/2026\/02\/17\/selecao-estados-unidos\/\"},\"author\":{\"name\":\"Telinha\",\"@id\":\"https:\/\/portaltela.pt\/#\/schema\/person\/c4278d4a6028830caff9ee44b42d32ed\"},\"headline\":\"Estados Unidos\",\"datePublished\":\"2026-02-17T18:38:19+00:00\",\"dateModified\":\"2026-03-05T20:18:56+00:00\",\"mainEntityOfPage\":{\"@id\":\"https:\/\/portaltela.pt\/desporto\/copa-do-mundo\/2026\/02\/17\/selecao-estados-unidos\/\"},\"wordCount\":100,\"image\":{\"@id\":\"https:\/\/portaltela.pt\/desporto\/copa-do-mundo\/2026\/02\/17\/selecao-estados-unidos\/#primaryimage\"},\"thumbnailUrl\":\"https:\/\/portaltela.pt\/s.01k8rhncp4jt1\/2026\/02\/estados-unidos-selecao-copa-do-mundo-2026-1-e1749216896264.png\",\"keywords\":[\"Sele\u00e7\u00f5es da Copa do Mundo\"],\"articleSection\":[\"Copa do Mundo\",\"Not\u00edcias\"],\"inLanguage\":\"pt-PT\"},{\"@type\":\"WebPage\",\"@id\":\"https:\/\/portaltela.pt\/desporto\/copa-do-mundo\/2026\/02\/17\/selecao-estados-unidos\/\",\"url\":\"https:\/\/portaltela.pt\/desporto\/copa-do-mundo\/2026\/02\/17\/selecao-estados-unidos\/\",\"name\":\"Estados Unidos - Portal Tela Portugal\",\"isPartOf\":{\"@id\":\"https:\/\/portaltela.pt\/#website\"},\"primaryImageOfPage\":{\"@id\":\"https:\/\/portaltela.pt\/desporto\/copa-do-mundo\/2026\/02\/17\/selecao-estados-unidos\/#primaryimage\"},\"image\":{\"@id\":\"https:\/\/portaltela.pt\/desporto\/copa-do-mundo\/2026\/02\/17\/selecao-estados-unidos\/#primaryimage\"},\"thumbnailUrl\":\"https:\/\/portaltela.pt\/s.01k8rhncp4jt1\/2026\/02\/estados-unidos-selecao-copa-do-mundo-2026-1-e1749216896264.png\",\"datePublished\":\"2026-02-17T18:38:19+00:00\",\"dateModified\":\"2026-03-05T20:18:56+00:00\",\"author\":{\"@id\":\"https:\/\/portaltela.pt\/#\/schema\/person\/c4278d4a6028830caff9ee44b42d32ed\"},\"breadcrumb\":{\"@id\":\"https:\/\/portaltela.pt\/desporto\/copa-do-mundo\/2026\/02\/17\/selecao-estados-unidos\/#breadcrumb\"},\"inLanguage\":\"pt-PT\",\"potentialAction\":[{\"@type\":\"ReadAction\",\"target\":[\"https:\/\/portaltela.pt\/desporto\/copa-do-mundo\/2026\/02\/17\/selecao-estados-unidos\/\"]}]},{\"@type\":\"ImageObject\",\"inLanguage\":\"pt-PT\",\"@id\":\"https:\/\/portaltela.pt\/desporto\/copa-do-mundo\/2026\/02\/17\/selecao-estados-unidos\/#primaryimage\",\"url\":\"https:\/\/portaltela.pt\/s.01k8rhncp4jt1\/2026\/02\/estados-unidos-selecao-copa-do-mundo-2026-1-e1749216896264.png\",\"contentUrl\":\"https:\/\/portaltela.pt\/s.01k8rhncp4jt1\/2026\/02\/estados-unidos-selecao-copa-do-mundo-2026-1-e1749216896264.png\",\"width\":1320,\"height\":741},{\"@type\":\"BreadcrumbList\",\"@id\":\"https:\/\/portaltela.pt\/desporto\/copa-do-mundo\/2026\/02\/17\/selecao-estados-unidos\/#breadcrumb\",\"itemListElement\":[{\"@type\":\"ListItem\",\"position\":1,\"name\":\"In\u00edcio\",\"item\":\"https:\/\/portaltela.pt\/\"},{\"@type\":\"ListItem\",\"position\":2,\"name\":\"Estados Unidos\"}]},{\"@type\":\"WebSite\",\"@id\":\"https:\/\/portaltela.pt\/#website\",\"url\":\"https:\/\/portaltela.pt\/\",\"name\":\"Portal Tela Portugal\",\"description\":\"\",\"potentialAction\":[{\"@type\":\"SearchAction\",\"target\":{\"@type\":\"EntryPoint\",\"urlTemplate\":\"https:\/\/portaltela.pt\/?s={search_term_string}\"},\"query-input\":{\"@type\":\"PropertyValueSpecification\",\"valueRequired\":true,\"valueName\":\"search_term_string\"}}],\"inLanguage\":\"pt-PT\"},{\"@type\":\"Person\",\"@id\":\"https:\/\/portaltela.pt\/#\/schema\/person\/c4278d4a6028830caff9ee44b42d32ed\",\"name\":\"Telinha\",\"image\":{\"@type\":\"ImageObject\",\"inLanguage\":\"pt-PT\",\"@id\":\"https:\/\/portaltela.pt\/s.01k8rhncp4jt1\/2025\/11\/talking-bot-125x125.png\",\"url\":\"https:\/\/portaltela.pt\/s.01k8rhncp4jt1\/2025\/11\/talking-bot-125x125.png\",\"contentUrl\":\"https:\/\/portaltela.pt\/s.01k8rhncp4jt1\/2025\/11\/talking-bot-125x125.png\",\"caption\":\"Telinha\"},\"sameAs\":[\"https:\/\/portaltela.pt\/\"],\"url\":\"https:\/\/portaltela.pt\/por\/367410592786\/\"}]}<\/script>\n<!-- \/ Yoast SEO plugin. -->","yoast_head_json":{"title":"Estados Unidos - Portal Tela Portugal","robots":{"index":"index","follow":"follow","max-snippet":"max-snippet:-1","max-image-preview":"max-image-preview:large","max-video-preview":"max-video-preview:-1"},"og_locale":"pt_PT","og_type":"article","og_title":"Estados Unidos - Portal Tela Portugal","og_description":"Os Estados Unidos disputaram 11 Copas do Mundo, de 1930 a 2022. O melhor resultado foi o terceiro lugar em 1930, al\u00e9m das quartas de final em 2002. O pa\u00eds sediou o torneio em 1994 e voltar\u00e1 a receber a competi\u00e7\u00e3o em 2026, ao lado de M\u00e9xico e Canad\u00e1.&nbsp; No cen\u00e1rio continental, soma&nbsp;sete t\u00edtulos da [&hellip;]","og_url":"https:\/\/portaltela.pt\/desporto\/copa-do-mundo\/2026\/02\/17\/selecao-estados-unidos\/","og_site_name":"Portal Tela Portugal","article_published_time":"2026-02-17T18:38:19+00:00","article_modified_time":"2026-03-05T20:18:56+00:00","og_image":[{"width":1320,"height":741,"url":"https:\/\/portaltela.pt\/s.01k8rhncp4jt1\/2026\/02\/estados-unidos-selecao-copa-do-mundo-2026-1-e1749216896264.png","type":"image\/png"}],"author":"Telinha","twitter_card":"summary_large_image","twitter_misc":{"Escrito por":"Telinha","Tempo estimado de leitura":"1 minuto"},"schema":{"@context":"https:\/\/schema.org","@graph":[{"@type":"Article","@id":"https:\/\/portaltela.pt\/desporto\/copa-do-mundo\/2026\/02\/17\/selecao-estados-unidos\/#article","isPartOf":{"@id":"https:\/\/portaltela.pt\/desporto\/copa-do-mundo\/2026\/02\/17\/selecao-estados-unidos\/"},"author":{"name":"Telinha","@id":"https:\/\/portaltela.pt\/#\/schema\/person\/c4278d4a6028830caff9ee44b42d32ed"},"headline":"Estados Unidos","datePublished":"2026-02-17T18:38:19+00:00","dateModified":"2026-03-05T20:18:56+00:00","mainEntityOfPage":{"@id":"https:\/\/portaltela.pt\/desporto\/copa-do-mundo\/2026\/02\/17\/selecao-estados-unidos\/"},"wordCount":100,"image":{"@id":"https:\/\/portaltela.pt\/desporto\/copa-do-mundo\/2026\/02\/17\/selecao-estados-unidos\/#primaryimage"},"thumbnailUrl":"https:\/\/portaltela.pt\/s.01k8rhncp4jt1\/2026\/02\/estados-unidos-selecao-copa-do-mundo-2026-1-e1749216896264.png","keywords":["Sele\u00e7\u00f5es da Copa do Mundo"],"articleSection":["Copa do Mundo","Not\u00edcias"],"inLanguage":"pt-PT"},{"@type":"WebPage","@id":"https:\/\/portaltela.pt\/desporto\/copa-do-mundo\/2026\/02\/17\/selecao-estados-unidos\/","url":"https:\/\/portaltela.pt\/desporto\/copa-do-mundo\/2026\/02\/17\/selecao-estados-unidos\/","name":"Estados Unidos - Portal Tela Portugal","isPartOf":{"@id":"https:\/\/portaltela.pt\/#website"},"primaryImageOfPage":{"@id":"https:\/\/portaltela.pt\/desporto\/copa-do-mundo\/2026\/02\/17\/selecao-estados-unidos\/#primaryimage"},"image":{"@id":"https:\/\/portaltela.pt\/desporto\/copa-do-mundo\/2026\/02\/17\/selecao-estados-unidos\/#primaryimage"},"thumbnailUrl":"https:\/\/portaltela.pt\/s.01k8rhncp4jt1\/2026\/02\/estados-unidos-selecao-copa-do-mundo-2026-1-e1749216896264.png","datePublished":"2026-02-17T18:38:19+00:00","dateModified":"2026-03-05T20:18:56+00:00","author":{"@id":"https:\/\/portaltela.pt\/#\/schema\/person\/c4278d4a6028830caff9ee44b42d32ed"},"breadcrumb":{"@id":"https:\/\/portaltela.pt\/desporto\/copa-do-mundo\/2026\/02\/17\/selecao-estados-unidos\/#breadcrumb"},"inLanguage":"pt-PT","potentialAction":[{"@type":"ReadAction","target":["https:\/\/portaltela.pt\/desporto\/copa-do-mundo\/2026\/02\/17\/selecao-estados-unidos\/"]}]},{"@type":"ImageObject","inLanguage":"pt-PT","@id":"https:\/\/portaltela.pt\/desporto\/copa-do-mundo\/2026\/02\/17\/selecao-estados-unidos\/#primaryimage","url":"https:\/\/portaltela.pt\/s.01k8rhncp4jt1\/2026\/02\/estados-unidos-selecao-copa-do-mundo-2026-1-e1749216896264.png","contentUrl":"https:\/\/portaltela.pt\/s.01k8rhncp4jt1\/2026\/02\/estados-unidos-selecao-copa-do-mundo-2026-1-e1749216896264.png","width":1320,"height":741},{"@type":"BreadcrumbList","@id":"https:\/\/portaltela.pt\/desporto\/copa-do-mundo\/2026\/02\/17\/selecao-estados-unidos\/#breadcrumb","itemListElement":[{"@type":"ListItem","position":1,"name":"In\u00edcio","item":"https:\/\/portaltela.pt\/"},{"@type":"ListItem","position":2,"name":"Estados Unidos"}]},{"@type":"WebSite","@id":"https:\/\/portaltela.pt\/#website","url":"https:\/\/portaltela.pt\/","name":"Portal Tela Portugal","description":"","potentialAction":[{"@type":"SearchAction","target":{"@type":"EntryPoint","urlTemplate":"https:\/\/portaltela.pt\/?s={search_term_string}"},"query-input":{"@type":"PropertyValueSpecification","valueRequired":true,"valueName":"search_term_string"}}],"inLanguage":"pt-PT"},{"@type":"Person","@id":"https:\/\/portaltela.pt\/#\/schema\/person\/c4278d4a6028830caff9ee44b42d32ed","name":"Telinha","image":{"@type":"ImageObject","inLanguage":"pt-PT","@id":"https:\/\/portaltela.pt\/s.01k8rhncp4jt1\/2025\/11\/talking-bot-125x125.png","url":"https:\/\/portaltela.pt\/s.01k8rhncp4jt1\/2025\/11\/talking-bot-125x125.png","contentUrl":"https:\/\/portaltela.pt\/s.01k8rhncp4jt1\/2025\/11\/talking-bot-125x125.png","caption":"Telinha"},"sameAs":["https:\/\/portaltela.pt\/"],"url":"https:\/\/portaltela.pt\/por\/367410592786\/"}]}},"_links":{"self":[{"href":"https:\/\/portaltela.pt\/api\/wp\/v2\/posts\/378369","targetHints":{"allow":["GET"]}}],"collection":[{"href":"https:\/\/portaltela.pt\/api\/wp\/v2\/posts"}],"about":[{"href":"https:\/\/portaltela.pt\/api\/wp\/v2\/types\/post"}],"author":[{"embeddable":true,"href":"https:\/\/portaltela.pt\/api\/wp\/v2\/users\/2"}],"replies":[{"embeddable":true,"href":"https:\/\/portaltela.pt\/api\/wp\/v2\/comments?post=378369"}],"version-history":[{"count":0,"href":"https:\/\/portaltela.pt\/api\/wp\/v2\/posts\/378369\/revisions"}],"wp:featuredmedia":[{"embeddable":true,"href":"https:\/\/portaltela.pt\/api\/wp\/v2\/media\/389048"}],"wp:attachment":[{"href":"https:\/\/portaltela.pt\/api\/wp\/v2\/media?parent=378369"}],"wp:term":[{"taxonomy":"category","embeddable":true,"href":"https:\/\/portaltela.pt\/api\/wp\/v2\/categories?post=378369"},{"taxonomy":"post_tag","embeddable":true,"href":"https:\/\/portaltela.pt\/api\/wp\/v2\/tags?post=378369"}],"curies":[{"name":"wp","href":"https:\/\/api.w.org\/{rel}","templated":true}]}}