{"id":378343,"date":"2026-02-17T15:05:42","date_gmt":"2026-02-17T18:05:42","guid":{"rendered":"https:\/\/www.portaltela.pt\/?p=378343"},"modified":"2026-03-05T17:19:11","modified_gmt":"2026-03-05T20:19:11","slug":"selecao-coreia-do-sul","status":"publish","type":"post","link":"https:\/\/portaltela.pt\/desporto\/copa-do-mundo\/2026\/02\/17\/selecao-coreia-do-sul\/","title":{"rendered":"Coreia do Sul"},"content":{"rendered":"\n<p>A Coreia do Sul se consolidou como presen\u00e7a constante em Copas do Mundo. J\u00e1 disputou 11 edi\u00e7\u00f5es, com participa\u00e7\u00f5es consecutivas de 1986 a 2022. O auge veio em 2002, quando sediou o torneio ao lado do Jap\u00e3o e alcan\u00e7ou a semifinal. Terminou em quarto lugar, melhor campanha de sua hist\u00f3ria e marco definitivo do futebol no pa\u00eds.&nbsp;<\/p>\n\n\n\n<p>No continente, soma dois t\u00edtulos da Copa da \u00c1sia, conquistados em 1956 e 1960, o que sustenta sua reputa\u00e7\u00e3o de camisa forte na regi\u00e3o. Entre os nomes hist\u00f3ricos est\u00e3o&nbsp;Cha&nbsp;Bum-kun&nbsp;e Hong&nbsp;Myung-bo; Park Ji-sung&nbsp;simboliza a gera\u00e7\u00e3o de 2002, enquanto&nbsp;Son&nbsp;Heung-min lidera a era atual, ao lado do zagueiro Kim Min-jae. Organizada e competitiva, a equipe costuma dificultar a vida dos favoritos mesmo quando n\u00e3o chega como candidata ao t\u00edtulo.&nbsp;<\/p>\n\n\n\n<p><\/p>\n","protected":false},"excerpt":{"rendered":"<p>A Coreia do Sul se consolidou como presen\u00e7a constante em Copas do Mundo. J\u00e1 disputou 11 edi\u00e7\u00f5es, com participa\u00e7\u00f5es consecutivas de 1986 a 2022. O auge veio em 2002, quando sediou o torneio ao lado do Jap\u00e3o e alcan\u00e7ou a semifinal. Terminou em quarto lugar, melhor campanha de sua hist\u00f3ria e marco definitivo do futebol [&hellip;]<\/p>\n","protected":false},"author":2,"featured_media":389056,"comment_status":"closed","ping_status":"closed","sticky":false,"template":"","format":"standard","meta":{"footnotes":""},"categories":[6695,21],"tags":[6366],"class_list":["post-378343","post","type-post","status-publish","format-standard","has-post-thumbnail","hentry","category-copa-do-mundo","category-desporto","tag-selecoes-da-copa-do-mundo"],"yoast_head":"<!-- This site is optimized with the Yoast SEO plugin v27.2 - https:\/\/yoast.com\/product\/yoast-seo-wordpress\/ -->\n<title>Coreia do Sul - Portal Tela Portugal<\/title>\n<meta name=\"robots\" content=\"index, follow, max-snippet:-1, max-image-preview:large, max-video-preview:-1\" \/>\n<meta property=\"og:locale\" content=\"pt_PT\" \/>\n<meta property=\"og:type\" content=\"article\" \/>\n<meta property=\"og:title\" content=\"Coreia do Sul - Portal Tela Portugal\" \/>\n<meta property=\"og:description\" content=\"A Coreia do Sul se consolidou como presen\u00e7a constante em Copas do Mundo. J\u00e1 disputou 11 edi\u00e7\u00f5es, com participa\u00e7\u00f5es consecutivas de 1986 a 2022. O auge veio em 2002, quando sediou o torneio ao lado do Jap\u00e3o e alcan\u00e7ou a semifinal. Terminou em quarto lugar, melhor campanha de sua hist\u00f3ria e marco definitivo do futebol [&hellip;]\" \/>\n<meta property=\"og:url\" content=\"https:\/\/portaltela.pt\/desporto\/copa-do-mundo\/2026\/02\/17\/selecao-coreia-do-sul\/\" \/>\n<meta property=\"og:site_name\" content=\"Portal Tela Portugal\" \/>\n<meta property=\"article:published_time\" content=\"2026-02-17T18:05:42+00:00\" \/>\n<meta property=\"article:modified_time\" content=\"2026-03-05T20:19:11+00:00\" \/>\n<meta property=\"og:image\" content=\"https:\/\/portaltela.pt\/s.01k8rhncp4jt1\/2026\/02\/image-1-1-1024x607.png\" \/>\n\t<meta property=\"og:image:width\" content=\"1024\" \/>\n\t<meta property=\"og:image:height\" content=\"607\" \/>\n\t<meta property=\"og:image:type\" content=\"image\/png\" \/>\n<meta name=\"author\" content=\"Telinha\" \/>\n<meta name=\"twitter:card\" content=\"summary_large_image\" \/>\n<meta name=\"twitter:label1\" content=\"Escrito por\" \/>\n\t<meta name=\"twitter:data1\" content=\"Telinha\" \/>\n\t<meta name=\"twitter:label2\" content=\"Tempo estimado de leitura\" \/>\n\t<meta name=\"twitter:data2\" content=\"1 minuto\" \/>\n<script type=\"application\/ld+json\" class=\"yoast-schema-graph\">{\"@context\":\"https:\/\/schema.org\",\"@graph\":[{\"@type\":\"Article\",\"@id\":\"https:\/\/portaltela.pt\/desporto\/copa-do-mundo\/2026\/02\/17\/selecao-coreia-do-sul\/#article\",\"isPartOf\":{\"@id\":\"https:\/\/portaltela.pt\/desporto\/copa-do-mundo\/2026\/02\/17\/selecao-coreia-do-sul\/\"},\"author\":{\"name\":\"Telinha\",\"@id\":\"https:\/\/portaltela.pt\/#\/schema\/person\/c4278d4a6028830caff9ee44b42d32ed\"},\"headline\":\"Coreia do Sul\",\"datePublished\":\"2026-02-17T18:05:42+00:00\",\"dateModified\":\"2026-03-05T20:19:11+00:00\",\"mainEntityOfPage\":{\"@id\":\"https:\/\/portaltela.pt\/desporto\/copa-do-mundo\/2026\/02\/17\/selecao-coreia-do-sul\/\"},\"wordCount\":150,\"image\":{\"@id\":\"https:\/\/portaltela.pt\/desporto\/copa-do-mundo\/2026\/02\/17\/selecao-coreia-do-sul\/#primaryimage\"},\"thumbnailUrl\":\"https:\/\/portaltela.pt\/s.01k8rhncp4jt1\/2026\/02\/image-1-1.png\",\"keywords\":[\"Sele\u00e7\u00f5es da Copa do Mundo\"],\"articleSection\":[\"Copa do Mundo\",\"Desporto\"],\"inLanguage\":\"pt-PT\"},{\"@type\":\"WebPage\",\"@id\":\"https:\/\/portaltela.pt\/desporto\/copa-do-mundo\/2026\/02\/17\/selecao-coreia-do-sul\/\",\"url\":\"https:\/\/portaltela.pt\/desporto\/copa-do-mundo\/2026\/02\/17\/selecao-coreia-do-sul\/\",\"name\":\"Coreia do Sul - Portal Tela Portugal\",\"isPartOf\":{\"@id\":\"https:\/\/portaltela.pt\/#website\"},\"primaryImageOfPage\":{\"@id\":\"https:\/\/portaltela.pt\/desporto\/copa-do-mundo\/2026\/02\/17\/selecao-coreia-do-sul\/#primaryimage\"},\"image\":{\"@id\":\"https:\/\/portaltela.pt\/desporto\/copa-do-mundo\/2026\/02\/17\/selecao-coreia-do-sul\/#primaryimage\"},\"thumbnailUrl\":\"https:\/\/portaltela.pt\/s.01k8rhncp4jt1\/2026\/02\/image-1-1.png\",\"datePublished\":\"2026-02-17T18:05:42+00:00\",\"dateModified\":\"2026-03-05T20:19:11+00:00\",\"author\":{\"@id\":\"https:\/\/portaltela.pt\/#\/schema\/person\/c4278d4a6028830caff9ee44b42d32ed\"},\"breadcrumb\":{\"@id\":\"https:\/\/portaltela.pt\/desporto\/copa-do-mundo\/2026\/02\/17\/selecao-coreia-do-sul\/#breadcrumb\"},\"inLanguage\":\"pt-PT\",\"potentialAction\":[{\"@type\":\"ReadAction\",\"target\":[\"https:\/\/portaltela.pt\/desporto\/copa-do-mundo\/2026\/02\/17\/selecao-coreia-do-sul\/\"]}]},{\"@type\":\"ImageObject\",\"inLanguage\":\"pt-PT\",\"@id\":\"https:\/\/portaltela.pt\/desporto\/copa-do-mundo\/2026\/02\/17\/selecao-coreia-do-sul\/#primaryimage\",\"url\":\"https:\/\/portaltela.pt\/s.01k8rhncp4jt1\/2026\/02\/image-1-1.png\",\"contentUrl\":\"https:\/\/portaltela.pt\/s.01k8rhncp4jt1\/2026\/02\/image-1-1.png\",\"width\":1536,\"height\":910},{\"@type\":\"BreadcrumbList\",\"@id\":\"https:\/\/portaltela.pt\/desporto\/copa-do-mundo\/2026\/02\/17\/selecao-coreia-do-sul\/#breadcrumb\",\"itemListElement\":[{\"@type\":\"ListItem\",\"position\":1,\"name\":\"In\u00edcio\",\"item\":\"https:\/\/portaltela.pt\/\"},{\"@type\":\"ListItem\",\"position\":2,\"name\":\"Coreia do Sul\"}]},{\"@type\":\"WebSite\",\"@id\":\"https:\/\/portaltela.pt\/#website\",\"url\":\"https:\/\/portaltela.pt\/\",\"name\":\"Portal Tela Portugal\",\"description\":\"\",\"potentialAction\":[{\"@type\":\"SearchAction\",\"target\":{\"@type\":\"EntryPoint\",\"urlTemplate\":\"https:\/\/portaltela.pt\/?s={search_term_string}\"},\"query-input\":{\"@type\":\"PropertyValueSpecification\",\"valueRequired\":true,\"valueName\":\"search_term_string\"}}],\"inLanguage\":\"pt-PT\"},{\"@type\":\"Person\",\"@id\":\"https:\/\/portaltela.pt\/#\/schema\/person\/c4278d4a6028830caff9ee44b42d32ed\",\"name\":\"Telinha\",\"image\":{\"@type\":\"ImageObject\",\"inLanguage\":\"pt-PT\",\"@id\":\"https:\/\/portaltela.pt\/s.01k8rhncp4jt1\/2025\/11\/talking-bot-125x125.png\",\"url\":\"https:\/\/portaltela.pt\/s.01k8rhncp4jt1\/2025\/11\/talking-bot-125x125.png\",\"contentUrl\":\"https:\/\/portaltela.pt\/s.01k8rhncp4jt1\/2025\/11\/talking-bot-125x125.png\",\"caption\":\"Telinha\"},\"sameAs\":[\"https:\/\/portaltela.pt\/\"],\"url\":\"https:\/\/portaltela.pt\/por\/367410592786\/\"}]}<\/script>\n<!-- \/ Yoast SEO plugin. -->","yoast_head_json":{"title":"Coreia do Sul - Portal Tela Portugal","robots":{"index":"index","follow":"follow","max-snippet":"max-snippet:-1","max-image-preview":"max-image-preview:large","max-video-preview":"max-video-preview:-1"},"og_locale":"pt_PT","og_type":"article","og_title":"Coreia do Sul - Portal Tela Portugal","og_description":"A Coreia do Sul se consolidou como presen\u00e7a constante em Copas do Mundo. J\u00e1 disputou 11 edi\u00e7\u00f5es, com participa\u00e7\u00f5es consecutivas de 1986 a 2022. O auge veio em 2002, quando sediou o torneio ao lado do Jap\u00e3o e alcan\u00e7ou a semifinal. Terminou em quarto lugar, melhor campanha de sua hist\u00f3ria e marco definitivo do futebol [&hellip;]","og_url":"https:\/\/portaltela.pt\/desporto\/copa-do-mundo\/2026\/02\/17\/selecao-coreia-do-sul\/","og_site_name":"Portal Tela Portugal","article_published_time":"2026-02-17T18:05:42+00:00","article_modified_time":"2026-03-05T20:19:11+00:00","og_image":[{"width":1024,"height":607,"url":"https:\/\/portaltela.pt\/s.01k8rhncp4jt1\/2026\/02\/image-1-1-1024x607.png","type":"image\/png"}],"author":"Telinha","twitter_card":"summary_large_image","twitter_misc":{"Escrito por":"Telinha","Tempo estimado de leitura":"1 minuto"},"schema":{"@context":"https:\/\/schema.org","@graph":[{"@type":"Article","@id":"https:\/\/portaltela.pt\/desporto\/copa-do-mundo\/2026\/02\/17\/selecao-coreia-do-sul\/#article","isPartOf":{"@id":"https:\/\/portaltela.pt\/desporto\/copa-do-mundo\/2026\/02\/17\/selecao-coreia-do-sul\/"},"author":{"name":"Telinha","@id":"https:\/\/portaltela.pt\/#\/schema\/person\/c4278d4a6028830caff9ee44b42d32ed"},"headline":"Coreia do Sul","datePublished":"2026-02-17T18:05:42+00:00","dateModified":"2026-03-05T20:19:11+00:00","mainEntityOfPage":{"@id":"https:\/\/portaltela.pt\/desporto\/copa-do-mundo\/2026\/02\/17\/selecao-coreia-do-sul\/"},"wordCount":150,"image":{"@id":"https:\/\/portaltela.pt\/desporto\/copa-do-mundo\/2026\/02\/17\/selecao-coreia-do-sul\/#primaryimage"},"thumbnailUrl":"https:\/\/portaltela.pt\/s.01k8rhncp4jt1\/2026\/02\/image-1-1.png","keywords":["Sele\u00e7\u00f5es da Copa do Mundo"],"articleSection":["Copa do Mundo","Desporto"],"inLanguage":"pt-PT"},{"@type":"WebPage","@id":"https:\/\/portaltela.pt\/desporto\/copa-do-mundo\/2026\/02\/17\/selecao-coreia-do-sul\/","url":"https:\/\/portaltela.pt\/desporto\/copa-do-mundo\/2026\/02\/17\/selecao-coreia-do-sul\/","name":"Coreia do Sul - Portal Tela Portugal","isPartOf":{"@id":"https:\/\/portaltela.pt\/#website"},"primaryImageOfPage":{"@id":"https:\/\/portaltela.pt\/desporto\/copa-do-mundo\/2026\/02\/17\/selecao-coreia-do-sul\/#primaryimage"},"image":{"@id":"https:\/\/portaltela.pt\/desporto\/copa-do-mundo\/2026\/02\/17\/selecao-coreia-do-sul\/#primaryimage"},"thumbnailUrl":"https:\/\/portaltela.pt\/s.01k8rhncp4jt1\/2026\/02\/image-1-1.png","datePublished":"2026-02-17T18:05:42+00:00","dateModified":"2026-03-05T20:19:11+00:00","author":{"@id":"https:\/\/portaltela.pt\/#\/schema\/person\/c4278d4a6028830caff9ee44b42d32ed"},"breadcrumb":{"@id":"https:\/\/portaltela.pt\/desporto\/copa-do-mundo\/2026\/02\/17\/selecao-coreia-do-sul\/#breadcrumb"},"inLanguage":"pt-PT","potentialAction":[{"@type":"ReadAction","target":["https:\/\/portaltela.pt\/desporto\/copa-do-mundo\/2026\/02\/17\/selecao-coreia-do-sul\/"]}]},{"@type":"ImageObject","inLanguage":"pt-PT","@id":"https:\/\/portaltela.pt\/desporto\/copa-do-mundo\/2026\/02\/17\/selecao-coreia-do-sul\/#primaryimage","url":"https:\/\/portaltela.pt\/s.01k8rhncp4jt1\/2026\/02\/image-1-1.png","contentUrl":"https:\/\/portaltela.pt\/s.01k8rhncp4jt1\/2026\/02\/image-1-1.png","width":1536,"height":910},{"@type":"BreadcrumbList","@id":"https:\/\/portaltela.pt\/desporto\/copa-do-mundo\/2026\/02\/17\/selecao-coreia-do-sul\/#breadcrumb","itemListElement":[{"@type":"ListItem","position":1,"name":"In\u00edcio","item":"https:\/\/portaltela.pt\/"},{"@type":"ListItem","position":2,"name":"Coreia do Sul"}]},{"@type":"WebSite","@id":"https:\/\/portaltela.pt\/#website","url":"https:\/\/portaltela.pt\/","name":"Portal Tela Portugal","description":"","potentialAction":[{"@type":"SearchAction","target":{"@type":"EntryPoint","urlTemplate":"https:\/\/portaltela.pt\/?s={search_term_string}"},"query-input":{"@type":"PropertyValueSpecification","valueRequired":true,"valueName":"search_term_string"}}],"inLanguage":"pt-PT"},{"@type":"Person","@id":"https:\/\/portaltela.pt\/#\/schema\/person\/c4278d4a6028830caff9ee44b42d32ed","name":"Telinha","image":{"@type":"ImageObject","inLanguage":"pt-PT","@id":"https:\/\/portaltela.pt\/s.01k8rhncp4jt1\/2025\/11\/talking-bot-125x125.png","url":"https:\/\/portaltela.pt\/s.01k8rhncp4jt1\/2025\/11\/talking-bot-125x125.png","contentUrl":"https:\/\/portaltela.pt\/s.01k8rhncp4jt1\/2025\/11\/talking-bot-125x125.png","caption":"Telinha"},"sameAs":["https:\/\/portaltela.pt\/"],"url":"https:\/\/portaltela.pt\/por\/367410592786\/"}]}},"_links":{"self":[{"href":"https:\/\/portaltela.pt\/api\/wp\/v2\/posts\/378343","targetHints":{"allow":["GET"]}}],"collection":[{"href":"https:\/\/portaltela.pt\/api\/wp\/v2\/posts"}],"about":[{"href":"https:\/\/portaltela.pt\/api\/wp\/v2\/types\/post"}],"author":[{"embeddable":true,"href":"https:\/\/portaltela.pt\/api\/wp\/v2\/users\/2"}],"replies":[{"embeddable":true,"href":"https:\/\/portaltela.pt\/api\/wp\/v2\/comments?post=378343"}],"version-history":[{"count":0,"href":"https:\/\/portaltela.pt\/api\/wp\/v2\/posts\/378343\/revisions"}],"wp:featuredmedia":[{"embeddable":true,"href":"https:\/\/portaltela.pt\/api\/wp\/v2\/media\/389056"}],"wp:attachment":[{"href":"https:\/\/portaltela.pt\/api\/wp\/v2\/media?parent=378343"}],"wp:term":[{"taxonomy":"category","embeddable":true,"href":"https:\/\/portaltela.pt\/api\/wp\/v2\/categories?post=378343"},{"taxonomy":"post_tag","embeddable":true,"href":"https:\/\/portaltela.pt\/api\/wp\/v2\/tags?post=378343"}],"curies":[{"name":"wp","href":"https:\/\/api.w.org\/{rel}","templated":true}]}}