{"id":36881,"date":"2025-11-26T21:00:00","date_gmt":"2025-11-27T00:00:00","guid":{"rendered":"https:\/\/portaltela.pt\/noticias\/2025\/11\/26\/sporting-anuncia-premios-stromp-2025-com-varandas-borges-hjulmand-e-simoes\/"},"modified":"2025-11-26T21:00:00","modified_gmt":"2025-11-27T00:00:00","slug":"sporting-anuncia-premios-stromp-2025-com-varandas-borges-hjulmand-e-simoes","status":"publish","type":"post","link":"https:\/\/portaltela.pt\/desporto\/futebol\/2025\/11\/26\/sporting-anuncia-premios-stromp-2025-com-varandas-borges-hjulmand-e-simoes\/","title":{"rendered":"Sporting anuncia Pr\u00e9mios Stromp 2025 com Varandas, Borges, Hjulmand e Sim\u00f5es"},"content":{"rendered":"<p>O Sporting revelou hoje os nomes das personalidades que ser\u00e3o distinguidas na 63.\u00aa edi\u00e7\u00e3o dos Pr\u00e9mios Stromp, a decorrer a 15 de dezembro, em Lisboa, no Hotel Sheraton. Ser\u00e3o atribu\u00eddos 41 galard\u00f5es, descritos pelo clube como os &#8220;\u00d3scares do Sporting&#8221;, numa cerim\u00f3nia que pretende valorizar m\u00e9rito, excel\u00eancia e o esp\u00edrito leonino.<\/p>\n<p>O conjunto de homenageados inclui Frederico Varandas como Dirigente do Ano, Rui Borges e Jo\u00e3o Coelho como T\u00e9cnicos do Ano, e Morten Hjulmand como Futebolista do Ano. Revela\u00e7\u00f5es do Ano ficam com Jo\u00e3o Sim\u00f5es (Futebol) e Matilde Pinto (Modalidades); Eduardo Felic\u00edssimo recebe o pr\u00e9mio Academia, enquanto Gonzalo Romero, conhecido por Nolito, e Patr\u00edcia Silva s\u00e3o Atletas do Ano. A lista abrange ainda pr\u00e9mios Saudade, Carreira e distingu\u00edveis por equipas, s\u00f3cio, coordenador e funcionamento europeu\/mundial.<\/p>\n<h3>Destaques e \u00e1reas premiadas<\/h3>\n<p>Entre os premiados, destacam-se as Equipas do Ano: futebol masculino, andebol masculino, t\u00e9nis de mesa masculino, atletismo feminino e masculino. Revela\u00e7\u00e3o do Ano no Futebol ficou com Jo\u00e3o Sim\u00f5es, j\u00e1 Matilde Pinto foi reconhecida nas Modalidades. O Futebolista do Ano recai sobre Morten Hjulmand; os T\u00e9cnicos do Ano s\u00e3o Rui Borges e Jo\u00e3o Coelho.<\/p>\n<h3>Reconhecimentos especiais e etapas seguintes<\/h3>\n<p>O Tribunal de honra contempla ainda pr\u00e9mios Saudade a Viana Rodrigues, Aur\u00e9lio Pereira e J\u00falio Rendeiro, al\u00e9m do galard\u00e3o Carreira para \u00c2ngelo Gir\u00e3o. V\u00edtor Costa recebe o pr\u00e9mio Especial Funcion\u00e1rio e o N\u00facleo do Sporting CP de Minde \u00e9 distinguido com o pr\u00e9mio Especial N\u00facleos. A cerim\u00f3nia come\u00e7a \u00e0s 20h e reunir\u00e1 diversas \u00e1reas do clube, incluindo a Academia Cristiano Ronaldo e o universo Stromp.<\/p>\n","protected":false},"excerpt":{"rendered":"<ul>\n<li>O Sporting revelou os distinguidos na 63.\u00aa edi\u00e7\u00e3o dos Pr\u00e9mios Stromp, marcada para 15 de dezembro, em Lisboa, no Hotel Sheraton, com 41 galard\u00f5es.<\/li>\n<li>Dirigente do Ano: Frederico Varandas; T\u00e9cnicos do Ano: Rui Borges e Jo\u00e3o Coelho; Futbolista do Ano: Morten Hjulmand.<\/li>\n<li>Revela\u00e7\u00f5es do Ano: Jo\u00e3o Sim\u00f5es (futebol) e Matilde Pinto (modalidades); Academia: Eduardo Felic\u00edssimo; Atletas do Ano: Gonzalo \u201cNolito\u201d Romero e Patr\u00edcia Silva.<\/li>\n<li>Pr\u00e9mios Saudade a Viana Rodrigues, Aur\u00e9lio Pereira e J\u00falio Rendeiro; Carreira: \u00c2ngelo Gir\u00e3o; Especial Carreira\/S\u00f3cio\/Funcion\u00e1rio e N\u00facleo (Minde) tamb\u00e9m destacados.<\/li>\n<li>Pr\u00e9mios por modalidade incluem equipas do ano em v\u00e1rias modalidades e distin\u00e7\u00f5es europeias\/mundiais para v\u00e1rias categorias, conforme a lista completa.<\/li>\n<\/ul>\n","protected":false},"author":2,"featured_media":37099,"comment_status":"closed","ping_status":"closed","sticky":false,"template":"","format":"standard","meta":{"footnotes":""},"categories":[21,24],"tags":[235,152,281,32,184,280],"class_list":["post-36881","post","type-post","status-publish","format-standard","has-post-thumbnail","hentry","category-desporto","category-futebol","tag-carreira","tag-desporto","tag-dirigente-do-ano","tag-futebol","tag-futebolista","tag-treinador-do-ano"],"yoast_head":"<!-- This site is optimized with the Yoast SEO plugin v27.2 - https:\/\/yoast.com\/product\/yoast-seo-wordpress\/ -->\n<title>Sporting anuncia Pr\u00e9mios Stromp 2025 com Varandas, Borges, Hjulmand e Sim\u00f5es - Portal Tela Portugal<\/title>\n<meta name=\"robots\" content=\"index, follow, max-snippet:-1, max-image-preview:large, max-video-preview:-1\" \/>\n<meta property=\"og:locale\" content=\"pt_PT\" \/>\n<meta property=\"og:type\" content=\"article\" \/>\n<meta property=\"og:title\" content=\"Sporting anuncia Pr\u00e9mios Stromp 2025 com Varandas, Borges, Hjulmand e Sim\u00f5es - Portal Tela Portugal\" \/>\n<meta property=\"og:description\" content=\"O Sporting revelou os distinguidos na 63.\u00aa edi\u00e7\u00e3o dos Pr\u00e9mios Stromp, marcada para 15 de dezembro, em Lisboa, no Hotel Sheraton, com 41 galard\u00f5es. Dirigente do Ano: Frederico Varandas; T\u00e9cnicos do Ano: Rui Borges e Jo\u00e3o Coelho; Futbolista do Ano: Morten Hjulmand. Revela\u00e7\u00f5es do Ano: Jo\u00e3o Sim\u00f5es (futebol) e Matilde Pinto (modalidades); Academia: Eduardo Felic\u00edssimo; Atletas do Ano: Gonzalo \u201cNolito\u201d Romero e Patr\u00edcia Silva. Pr\u00e9mios Saudade a Viana Rodrigues, Aur\u00e9lio Pereira e J\u00falio Rendeiro; Carreira: \u00c2ngelo Gir\u00e3o; Especial Carreira\/S\u00f3cio\/Funcion\u00e1rio e N\u00facleo (Minde) tamb\u00e9m destacados. Pr\u00e9mios por modalidade incluem equipas do ano em v\u00e1rias modalidades e distin\u00e7\u00f5es europeias\/mundiais para v\u00e1rias categorias, conforme a lista completa.\" \/>\n<meta property=\"og:url\" content=\"https:\/\/portaltela.pt\/noticias\/2025\/11\/26\/sporting-anuncia-premios-stromp-2025-com-varandas-borges-hjulmand-e-simoes\/\" \/>\n<meta property=\"og:site_name\" content=\"Portal Tela Portugal\" \/>\n<meta property=\"article:published_time\" content=\"2025-11-27T00:00:00+00:00\" \/>\n<meta name=\"author\" content=\"Telinha\" \/>\n<meta name=\"twitter:card\" content=\"summary_large_image\" \/>\n<meta name=\"twitter:label1\" content=\"Escrito por\" \/>\n\t<meta name=\"twitter:data1\" content=\"Telinha\" \/>\n\t<meta name=\"twitter:label2\" content=\"Tempo estimado de leitura\" \/>\n\t<meta name=\"twitter:data2\" content=\"1 minuto\" \/>\n<script type=\"application\/ld+json\" class=\"yoast-schema-graph\">{\"@context\":\"https:\/\/schema.org\",\"@graph\":[{\"@type\":\"Article\",\"@id\":\"https:\/\/portaltela.pt\/noticias\/2025\/11\/26\/sporting-anuncia-premios-stromp-2025-com-varandas-borges-hjulmand-e-simoes\/#article\",\"isPartOf\":{\"@id\":\"https:\/\/portaltela.pt\/noticias\/2025\/11\/26\/sporting-anuncia-premios-stromp-2025-com-varandas-borges-hjulmand-e-simoes\/\"},\"author\":{\"name\":\"Telinha\",\"@id\":\"https:\/\/portaltela.pt\/#\/schema\/person\/c4278d4a6028830caff9ee44b42d32ed\"},\"headline\":\"Sporting anuncia Pr\u00e9mios Stromp 2025 com Varandas, Borges, Hjulmand e Sim\u00f5es\",\"datePublished\":\"2025-11-27T00:00:00+00:00\",\"mainEntityOfPage\":{\"@id\":\"https:\/\/portaltela.pt\/noticias\/2025\/11\/26\/sporting-anuncia-premios-stromp-2025-com-varandas-borges-hjulmand-e-simoes\/\"},\"wordCount\":305,\"image\":{\"@id\":\"https:\/\/portaltela.pt\/noticias\/2025\/11\/26\/sporting-anuncia-premios-stromp-2025-com-varandas-borges-hjulmand-e-simoes\/#primaryimage\"},\"thumbnailUrl\":\"https:\/\/portaltela.pt\/s.01k8rhncp4jt1\/2025\/11\/img_920x518uu2025-11-27-12-32-13-2405353-3.jpg\",\"keywords\":[\"Carreira\",\"desporto\",\"Dirigente do Ano\",\"futebol\",\"futebolista\",\"Treinador do Ano\"],\"articleSection\":[\"Desporto\",\"Futebol\"],\"inLanguage\":\"pt-PT\"},{\"@type\":\"WebPage\",\"@id\":\"https:\/\/portaltela.pt\/noticias\/2025\/11\/26\/sporting-anuncia-premios-stromp-2025-com-varandas-borges-hjulmand-e-simoes\/\",\"url\":\"https:\/\/portaltela.pt\/noticias\/2025\/11\/26\/sporting-anuncia-premios-stromp-2025-com-varandas-borges-hjulmand-e-simoes\/\",\"name\":\"Sporting anuncia Pr\u00e9mios Stromp 2025 com Varandas, Borges, Hjulmand e Sim\u00f5es - Portal Tela Portugal\",\"isPartOf\":{\"@id\":\"https:\/\/portaltela.pt\/#website\"},\"primaryImageOfPage\":{\"@id\":\"https:\/\/portaltela.pt\/noticias\/2025\/11\/26\/sporting-anuncia-premios-stromp-2025-com-varandas-borges-hjulmand-e-simoes\/#primaryimage\"},\"image\":{\"@id\":\"https:\/\/portaltela.pt\/noticias\/2025\/11\/26\/sporting-anuncia-premios-stromp-2025-com-varandas-borges-hjulmand-e-simoes\/#primaryimage\"},\"thumbnailUrl\":\"https:\/\/portaltela.pt\/s.01k8rhncp4jt1\/2025\/11\/img_920x518uu2025-11-27-12-32-13-2405353-3.jpg\",\"datePublished\":\"2025-11-27T00:00:00+00:00\",\"author\":{\"@id\":\"https:\/\/portaltela.pt\/#\/schema\/person\/c4278d4a6028830caff9ee44b42d32ed\"},\"breadcrumb\":{\"@id\":\"https:\/\/portaltela.pt\/noticias\/2025\/11\/26\/sporting-anuncia-premios-stromp-2025-com-varandas-borges-hjulmand-e-simoes\/#breadcrumb\"},\"inLanguage\":\"pt-PT\",\"potentialAction\":[{\"@type\":\"ReadAction\",\"target\":[\"https:\/\/portaltela.pt\/noticias\/2025\/11\/26\/sporting-anuncia-premios-stromp-2025-com-varandas-borges-hjulmand-e-simoes\/\"]}]},{\"@type\":\"ImageObject\",\"inLanguage\":\"pt-PT\",\"@id\":\"https:\/\/portaltela.pt\/noticias\/2025\/11\/26\/sporting-anuncia-premios-stromp-2025-com-varandas-borges-hjulmand-e-simoes\/#primaryimage\",\"url\":\"https:\/\/portaltela.pt\/s.01k8rhncp4jt1\/2025\/11\/img_920x518uu2025-11-27-12-32-13-2405353-3.jpg\",\"contentUrl\":\"https:\/\/portaltela.pt\/s.01k8rhncp4jt1\/2025\/11\/img_920x518uu2025-11-27-12-32-13-2405353-3.jpg\",\"width\":796,\"height\":448,\"caption\":\"Rui Borges, Frederico Varandas e Morten Hjulmand ser\u00e3o distinguidos a 15 de dezembro\"},{\"@type\":\"BreadcrumbList\",\"@id\":\"https:\/\/portaltela.pt\/noticias\/2025\/11\/26\/sporting-anuncia-premios-stromp-2025-com-varandas-borges-hjulmand-e-simoes\/#breadcrumb\",\"itemListElement\":[{\"@type\":\"ListItem\",\"position\":1,\"name\":\"In\u00edcio\",\"item\":\"https:\/\/portaltela.pt\/\"},{\"@type\":\"ListItem\",\"position\":2,\"name\":\"Sporting anuncia Pr\u00e9mios Stromp 2025 com Varandas, Borges, Hjulmand e Sim\u00f5es\"}]},{\"@type\":\"WebSite\",\"@id\":\"https:\/\/portaltela.pt\/#website\",\"url\":\"https:\/\/portaltela.pt\/\",\"name\":\"Portal Tela Portugal\",\"description\":\"\",\"potentialAction\":[{\"@type\":\"SearchAction\",\"target\":{\"@type\":\"EntryPoint\",\"urlTemplate\":\"https:\/\/portaltela.pt\/?s={search_term_string}\"},\"query-input\":{\"@type\":\"PropertyValueSpecification\",\"valueRequired\":true,\"valueName\":\"search_term_string\"}}],\"inLanguage\":\"pt-PT\"},{\"@type\":\"Person\",\"@id\":\"https:\/\/portaltela.pt\/#\/schema\/person\/c4278d4a6028830caff9ee44b42d32ed\",\"name\":\"Telinha\",\"image\":{\"@type\":\"ImageObject\",\"inLanguage\":\"pt-PT\",\"@id\":\"https:\/\/portaltela.pt\/s.01k8rhncp4jt1\/2025\/11\/talking-bot-125x125.png\",\"url\":\"https:\/\/portaltela.pt\/s.01k8rhncp4jt1\/2025\/11\/talking-bot-125x125.png\",\"contentUrl\":\"https:\/\/portaltela.pt\/s.01k8rhncp4jt1\/2025\/11\/talking-bot-125x125.png\",\"caption\":\"Telinha\"},\"sameAs\":[\"https:\/\/portaltela.pt\/\"],\"url\":\"https:\/\/portaltela.pt\/por\/367410592786\/\"}]}<\/script>\n<!-- \/ Yoast SEO plugin. -->","yoast_head_json":{"title":"Sporting anuncia Pr\u00e9mios Stromp 2025 com Varandas, Borges, Hjulmand e Sim\u00f5es - Portal Tela Portugal","robots":{"index":"index","follow":"follow","max-snippet":"max-snippet:-1","max-image-preview":"max-image-preview:large","max-video-preview":"max-video-preview:-1"},"og_locale":"pt_PT","og_type":"article","og_title":"Sporting anuncia Pr\u00e9mios Stromp 2025 com Varandas, Borges, Hjulmand e Sim\u00f5es - Portal Tela Portugal","og_description":"O Sporting revelou os distinguidos na 63.\u00aa edi\u00e7\u00e3o dos Pr\u00e9mios Stromp, marcada para 15 de dezembro, em Lisboa, no Hotel Sheraton, com 41 galard\u00f5es. Dirigente do Ano: Frederico Varandas; T\u00e9cnicos do Ano: Rui Borges e Jo\u00e3o Coelho; Futbolista do Ano: Morten Hjulmand. Revela\u00e7\u00f5es do Ano: Jo\u00e3o Sim\u00f5es (futebol) e Matilde Pinto (modalidades); Academia: Eduardo Felic\u00edssimo; Atletas do Ano: Gonzalo \u201cNolito\u201d Romero e Patr\u00edcia Silva. Pr\u00e9mios Saudade a Viana Rodrigues, Aur\u00e9lio Pereira e J\u00falio Rendeiro; Carreira: \u00c2ngelo Gir\u00e3o; Especial Carreira\/S\u00f3cio\/Funcion\u00e1rio e N\u00facleo (Minde) tamb\u00e9m destacados. Pr\u00e9mios por modalidade incluem equipas do ano em v\u00e1rias modalidades e distin\u00e7\u00f5es europeias\/mundiais para v\u00e1rias categorias, conforme a lista completa.","og_url":"https:\/\/portaltela.pt\/noticias\/2025\/11\/26\/sporting-anuncia-premios-stromp-2025-com-varandas-borges-hjulmand-e-simoes\/","og_site_name":"Portal Tela Portugal","article_published_time":"2025-11-27T00:00:00+00:00","author":"Telinha","twitter_card":"summary_large_image","twitter_misc":{"Escrito por":"Telinha","Tempo estimado de leitura":"1 minuto"},"schema":{"@context":"https:\/\/schema.org","@graph":[{"@type":"Article","@id":"https:\/\/portaltela.pt\/noticias\/2025\/11\/26\/sporting-anuncia-premios-stromp-2025-com-varandas-borges-hjulmand-e-simoes\/#article","isPartOf":{"@id":"https:\/\/portaltela.pt\/noticias\/2025\/11\/26\/sporting-anuncia-premios-stromp-2025-com-varandas-borges-hjulmand-e-simoes\/"},"author":{"name":"Telinha","@id":"https:\/\/portaltela.pt\/#\/schema\/person\/c4278d4a6028830caff9ee44b42d32ed"},"headline":"Sporting anuncia Pr\u00e9mios Stromp 2025 com Varandas, Borges, Hjulmand e Sim\u00f5es","datePublished":"2025-11-27T00:00:00+00:00","mainEntityOfPage":{"@id":"https:\/\/portaltela.pt\/noticias\/2025\/11\/26\/sporting-anuncia-premios-stromp-2025-com-varandas-borges-hjulmand-e-simoes\/"},"wordCount":305,"image":{"@id":"https:\/\/portaltela.pt\/noticias\/2025\/11\/26\/sporting-anuncia-premios-stromp-2025-com-varandas-borges-hjulmand-e-simoes\/#primaryimage"},"thumbnailUrl":"https:\/\/portaltela.pt\/s.01k8rhncp4jt1\/2025\/11\/img_920x518uu2025-11-27-12-32-13-2405353-3.jpg","keywords":["Carreira","desporto","Dirigente do Ano","futebol","futebolista","Treinador do Ano"],"articleSection":["Desporto","Futebol"],"inLanguage":"pt-PT"},{"@type":"WebPage","@id":"https:\/\/portaltela.pt\/noticias\/2025\/11\/26\/sporting-anuncia-premios-stromp-2025-com-varandas-borges-hjulmand-e-simoes\/","url":"https:\/\/portaltela.pt\/noticias\/2025\/11\/26\/sporting-anuncia-premios-stromp-2025-com-varandas-borges-hjulmand-e-simoes\/","name":"Sporting anuncia Pr\u00e9mios Stromp 2025 com Varandas, Borges, Hjulmand e Sim\u00f5es - Portal Tela Portugal","isPartOf":{"@id":"https:\/\/portaltela.pt\/#website"},"primaryImageOfPage":{"@id":"https:\/\/portaltela.pt\/noticias\/2025\/11\/26\/sporting-anuncia-premios-stromp-2025-com-varandas-borges-hjulmand-e-simoes\/#primaryimage"},"image":{"@id":"https:\/\/portaltela.pt\/noticias\/2025\/11\/26\/sporting-anuncia-premios-stromp-2025-com-varandas-borges-hjulmand-e-simoes\/#primaryimage"},"thumbnailUrl":"https:\/\/portaltela.pt\/s.01k8rhncp4jt1\/2025\/11\/img_920x518uu2025-11-27-12-32-13-2405353-3.jpg","datePublished":"2025-11-27T00:00:00+00:00","author":{"@id":"https:\/\/portaltela.pt\/#\/schema\/person\/c4278d4a6028830caff9ee44b42d32ed"},"breadcrumb":{"@id":"https:\/\/portaltela.pt\/noticias\/2025\/11\/26\/sporting-anuncia-premios-stromp-2025-com-varandas-borges-hjulmand-e-simoes\/#breadcrumb"},"inLanguage":"pt-PT","potentialAction":[{"@type":"ReadAction","target":["https:\/\/portaltela.pt\/noticias\/2025\/11\/26\/sporting-anuncia-premios-stromp-2025-com-varandas-borges-hjulmand-e-simoes\/"]}]},{"@type":"ImageObject","inLanguage":"pt-PT","@id":"https:\/\/portaltela.pt\/noticias\/2025\/11\/26\/sporting-anuncia-premios-stromp-2025-com-varandas-borges-hjulmand-e-simoes\/#primaryimage","url":"https:\/\/portaltela.pt\/s.01k8rhncp4jt1\/2025\/11\/img_920x518uu2025-11-27-12-32-13-2405353-3.jpg","contentUrl":"https:\/\/portaltela.pt\/s.01k8rhncp4jt1\/2025\/11\/img_920x518uu2025-11-27-12-32-13-2405353-3.jpg","width":796,"height":448,"caption":"Rui Borges, Frederico Varandas e Morten Hjulmand ser\u00e3o distinguidos a 15 de dezembro"},{"@type":"BreadcrumbList","@id":"https:\/\/portaltela.pt\/noticias\/2025\/11\/26\/sporting-anuncia-premios-stromp-2025-com-varandas-borges-hjulmand-e-simoes\/#breadcrumb","itemListElement":[{"@type":"ListItem","position":1,"name":"In\u00edcio","item":"https:\/\/portaltela.pt\/"},{"@type":"ListItem","position":2,"name":"Sporting anuncia Pr\u00e9mios Stromp 2025 com Varandas, Borges, Hjulmand e Sim\u00f5es"}]},{"@type":"WebSite","@id":"https:\/\/portaltela.pt\/#website","url":"https:\/\/portaltela.pt\/","name":"Portal Tela Portugal","description":"","potentialAction":[{"@type":"SearchAction","target":{"@type":"EntryPoint","urlTemplate":"https:\/\/portaltela.pt\/?s={search_term_string}"},"query-input":{"@type":"PropertyValueSpecification","valueRequired":true,"valueName":"search_term_string"}}],"inLanguage":"pt-PT"},{"@type":"Person","@id":"https:\/\/portaltela.pt\/#\/schema\/person\/c4278d4a6028830caff9ee44b42d32ed","name":"Telinha","image":{"@type":"ImageObject","inLanguage":"pt-PT","@id":"https:\/\/portaltela.pt\/s.01k8rhncp4jt1\/2025\/11\/talking-bot-125x125.png","url":"https:\/\/portaltela.pt\/s.01k8rhncp4jt1\/2025\/11\/talking-bot-125x125.png","contentUrl":"https:\/\/portaltela.pt\/s.01k8rhncp4jt1\/2025\/11\/talking-bot-125x125.png","caption":"Telinha"},"sameAs":["https:\/\/portaltela.pt\/"],"url":"https:\/\/portaltela.pt\/por\/367410592786\/"}]}},"_links":{"self":[{"href":"https:\/\/portaltela.pt\/api\/wp\/v2\/posts\/36881","targetHints":{"allow":["GET"]}}],"collection":[{"href":"https:\/\/portaltela.pt\/api\/wp\/v2\/posts"}],"about":[{"href":"https:\/\/portaltela.pt\/api\/wp\/v2\/types\/post"}],"author":[{"embeddable":true,"href":"https:\/\/portaltela.pt\/api\/wp\/v2\/users\/2"}],"replies":[{"embeddable":true,"href":"https:\/\/portaltela.pt\/api\/wp\/v2\/comments?post=36881"}],"version-history":[{"count":0,"href":"https:\/\/portaltela.pt\/api\/wp\/v2\/posts\/36881\/revisions"}],"wp:featuredmedia":[{"embeddable":true,"href":"https:\/\/portaltela.pt\/api\/wp\/v2\/media\/37099"}],"wp:attachment":[{"href":"https:\/\/portaltela.pt\/api\/wp\/v2\/media?parent=36881"}],"wp:term":[{"taxonomy":"category","embeddable":true,"href":"https:\/\/portaltela.pt\/api\/wp\/v2\/categories?post=36881"},{"taxonomy":"post_tag","embeddable":true,"href":"https:\/\/portaltela.pt\/api\/wp\/v2\/tags?post=36881"}],"curies":[{"name":"wp","href":"https:\/\/api.w.org\/{rel}","templated":true}]}}