{"id":363168,"date":"2026-02-06T16:51:58","date_gmt":"2026-02-06T19:51:58","guid":{"rendered":"https:\/\/www.portaltela.pt\/?p=363168"},"modified":"2026-02-26T10:55:22","modified_gmt":"2026-02-26T13:55:22","slug":"por-que-a-copa-de-2026-vai-ser-mais-americana-do-que-parece","status":"publish","type":"post","link":"https:\/\/portaltela.pt\/noticias\/2026\/02\/06\/por-que-a-copa-de-2026-vai-ser-mais-americana-do-que-parece\/","title":{"rendered":"Por que a Copa de 2026 vai ser \u201cmais americana\u201d do que parece"},"content":{"rendered":"\n<p>Faltam menos de seis meses para o maior evento esportivo do planeta e, no papel, a Copa do Mundo de 2026 ser\u00e1 dividida entre tr\u00eas pa\u00edses: EUA, M\u00e9xico e Canad\u00e1. O desenho oficial do torneio, por\u00e9m, aponta para um eixo bem definido. A forma como a FIFA distribuiu jogos, cidades-sede e fases decisivas deixa claro que os<strong> Estados Unidos <\/strong>concentram o centro esportivo, log\u00edstico e comercial do Mundial.<\/p>\n\n\n\n<p>O calend\u00e1rio tem 104 partidas, das quais 78 acontecem nos EUA, enquanto Canad\u00e1 e M\u00e9xico recebem 13 jogos cada. A maioria dos confrontos, portanto, ser\u00e1 disputada em territ\u00f3rio americano. Isso influencia diretamente o fluxo de torcedores, turistas ou n\u00e3o, a cobertura de TV e o volume de aten\u00e7\u00e3o gerado ao longo da competi\u00e7\u00e3o.<\/p>\n\n\n\n<p>A concentra\u00e7\u00e3o se repete no mapa. Entre as 16 cidades-sede, 11 ficam nos Estados Unidos, contra tr\u00eas no M\u00e9xico e duas no Canad\u00e1. Essa distribui\u00e7\u00e3o molda a rotina do torneio: deslocamentos, grandes p\u00fablicos e as principais narrativas v\u00e3o se formar, em sua maioria, dentro do territ\u00f3rio americano.<\/p>\n\n\n\n<p>Os marcos do evento seguem a mesma l\u00f3gica. A abertura est\u00e1 marcada para 11 de junho de 2026, no M\u00e9xico, enquanto a decis\u00e3o do t\u00edtulo acontece em 19 de julho, no MetLife Stadium, em Nova Jersey, na regi\u00e3o de Nova York. O torneio come\u00e7a fora, mas termina onde est\u00e1 concentrada a maior parte da opera\u00e7\u00e3o.<\/p>\n\n\n\n<h3 class=\"wp-block-heading\" id=\"h-por-que-a-fifa-escolheu-os-eua-como-eixo-do-projeto\">Por que a FIFA escolheu os EUA como eixo do projeto<\/h3>\n\n\n\n<p>O protagonismo americano nasce do crit\u00e9rio adotado pela FIFA ao avaliar a candidatura para a primeira Copa com 48 sele\u00e7\u00f5es. No relat\u00f3rio oficial de avalia\u00e7\u00e3o, a entidade apontou vantagem do projeto liderado pelos Estados Unidos em pontos considerados decisivos: infraestrutura j\u00e1 dispon\u00edvel, capacidade de opera\u00e7\u00e3o e for\u00e7a comercial, com menor depend\u00eancia de obras e menor risco de atraso.<\/p>\n\n\n\n<p>A escolha recaiu sobre um pa\u00eds acostumado a operar eventos de grande porte, com est\u00e1dios amplos, conex\u00f5es a\u00e9reas eficientes, rede hoteleira extensa e servi\u00e7os preparados para receber milh\u00f5es de pessoas. Para um torneio com jogos quase di\u00e1rios por mais de um m\u00eas, esse ambiente reduz imprevistos e simplifica a execu\u00e7\u00e3o.<\/p>\n\n\n\n<h3 class=\"wp-block-heading\" id=\"h-o-mata-mata-como-vitrine-e-motor-financeiro\">O mata-mata como vitrine e motor financeiro<\/h3>\n\n\n\n<p>As partidas mais valiosas do torneio ficam nos Estados Unidos. A fase decisiva, respons\u00e1vel pelos maiores picos de audi\u00eancia e bilheteria, acontece inteira em solo americano, com a final em Nova Jersey. \u00c9 nesse est\u00e1gio que a Copa atinge seu maior peso esportivo e comercial.<\/p>\n\n\n\n<p>A leitura financeira acompanha esse desenho. Em 17 de dezembro de 2025, o Conselho da FIFA aprovou uma contribui\u00e7\u00e3o recorde de US$ 727 milh\u00f5es para as sele\u00e7\u00f5es participantes, valor 50% superior ao destinado ao ciclo de 2022. O aumento indica a expectativa de uma Copa com arrecada\u00e7\u00e3o acima dos padr\u00f5es hist\u00f3ricos, apoiada em um mercado capaz de sustentar esse n\u00edvel de escala.<\/p>\n\n\n\n<p>A ideia de um Mundial dividido entre tr\u00eas pa\u00edses funciona bem como conceito institucional. Os dados publicados pela pr\u00f3pria FIFA mostram outra configura\u00e7\u00e3o: uma Copa com centro nos Estados Unidos, enquanto Canad\u00e1 e M\u00e9xico assumem participa\u00e7\u00e3o mais concentrada na fase inicial.<\/p>\n","protected":false},"excerpt":{"rendered":"<p>Faltam menos de seis meses para o maior evento esportivo do planeta e, no papel, a Copa do Mundo de 2026 ser\u00e1 dividida entre tr\u00eas pa\u00edses: EUA, M\u00e9xico e Canad\u00e1. O desenho oficial do torneio, por\u00e9m, aponta para um eixo bem definido. A forma como a FIFA distribuiu jogos, cidades-sede e fases decisivas deixa claro [&hellip;]<\/p>\n","protected":false},"author":5,"featured_media":389130,"comment_status":"closed","ping_status":"closed","sticky":false,"template":"","format":"standard","meta":{"footnotes":""},"categories":[1],"tags":[6359],"class_list":["post-363168","post","type-post","status-publish","format-standard","has-post-thumbnail","hentry","category-noticias","tag-ultimas-da-copa-do-mundo"],"yoast_head":"<!-- This site is optimized with the Yoast SEO plugin v27.2 - https:\/\/yoast.com\/product\/yoast-seo-wordpress\/ -->\n<title>Por que a Copa de 2026 vai ser \u201cmais americana\u201d do que parece - Portal Tela Portugal<\/title>\n<meta name=\"robots\" content=\"index, follow, max-snippet:-1, max-image-preview:large, max-video-preview:-1\" \/>\n<meta property=\"og:locale\" content=\"pt_PT\" \/>\n<meta property=\"og:type\" content=\"article\" \/>\n<meta property=\"og:title\" content=\"Por que a Copa de 2026 vai ser \u201cmais americana\u201d do que parece - Portal Tela Portugal\" \/>\n<meta property=\"og:description\" content=\"Faltam menos de seis meses para o maior evento esportivo do planeta e, no papel, a Copa do Mundo de 2026 ser\u00e1 dividida entre tr\u00eas pa\u00edses: EUA, M\u00e9xico e Canad\u00e1. O desenho oficial do torneio, por\u00e9m, aponta para um eixo bem definido. A forma como a FIFA distribuiu jogos, cidades-sede e fases decisivas deixa claro [&hellip;]\" \/>\n<meta property=\"og:url\" content=\"https:\/\/portaltela.pt\/desporto\/copa-do-mundo\/2026\/02\/06\/por-que-a-copa-de-2026-vai-ser-mais-americana-do-que-parece\/\" \/>\n<meta property=\"og:site_name\" content=\"Portal Tela Portugal\" \/>\n<meta property=\"article:published_time\" content=\"2026-02-06T19:51:58+00:00\" \/>\n<meta property=\"article:modified_time\" content=\"2026-02-26T13:55:22+00:00\" \/>\n<meta property=\"og:image\" content=\"https:\/\/portaltela.pt\/s.01k8rhncp4jt1\/2026\/02\/50073059656_4dfbddd57d_o-scaled-1.jpg\" \/>\n\t<meta property=\"og:image:width\" content=\"2560\" \/>\n\t<meta property=\"og:image:height\" content=\"1236\" \/>\n\t<meta property=\"og:image:type\" content=\"image\/jpeg\" \/>\n<meta name=\"author\" content=\"Lucas Pires\" \/>\n<meta name=\"twitter:card\" content=\"summary_large_image\" \/>\n<meta name=\"twitter:label1\" content=\"Escrito por\" \/>\n\t<meta name=\"twitter:data1\" content=\"Lucas Pires\" \/>\n\t<meta name=\"twitter:label2\" content=\"Tempo estimado de leitura\" \/>\n\t<meta name=\"twitter:data2\" content=\"3 minutos\" \/>\n<script type=\"application\/ld+json\" class=\"yoast-schema-graph\">{\"@context\":\"https:\/\/schema.org\",\"@graph\":[{\"@type\":\"Article\",\"@id\":\"https:\/\/portaltela.pt\/desporto\/copa-do-mundo\/2026\/02\/06\/por-que-a-copa-de-2026-vai-ser-mais-americana-do-que-parece\/#article\",\"isPartOf\":{\"@id\":\"https:\/\/portaltela.pt\/desporto\/copa-do-mundo\/2026\/02\/06\/por-que-a-copa-de-2026-vai-ser-mais-americana-do-que-parece\/\"},\"author\":{\"name\":\"Lucas Pires\",\"@id\":\"https:\/\/portaltela.pt\/#\/schema\/person\/5a9320d6761bc38022d37ad0bf58bcc1\"},\"headline\":\"Por que a Copa de 2026 vai ser \u201cmais americana\u201d do que parece\",\"datePublished\":\"2026-02-06T19:51:58+00:00\",\"dateModified\":\"2026-02-26T13:55:22+00:00\",\"mainEntityOfPage\":{\"@id\":\"https:\/\/portaltela.pt\/desporto\/copa-do-mundo\/2026\/02\/06\/por-que-a-copa-de-2026-vai-ser-mais-americana-do-que-parece\/\"},\"wordCount\":551,\"image\":{\"@id\":\"https:\/\/portaltela.pt\/desporto\/copa-do-mundo\/2026\/02\/06\/por-que-a-copa-de-2026-vai-ser-mais-americana-do-que-parece\/#primaryimage\"},\"thumbnailUrl\":\"https:\/\/portaltela.pt\/s.01k8rhncp4jt1\/2026\/02\/50073059656_4dfbddd57d_o-scaled-1.jpg\",\"keywords\":[\"\u00daltimas da Copa do Mundo\"],\"articleSection\":[\"Not\u00edcias\"],\"inLanguage\":\"pt-PT\"},{\"@type\":\"WebPage\",\"@id\":\"https:\/\/portaltela.pt\/desporto\/copa-do-mundo\/2026\/02\/06\/por-que-a-copa-de-2026-vai-ser-mais-americana-do-que-parece\/\",\"url\":\"https:\/\/portaltela.pt\/desporto\/copa-do-mundo\/2026\/02\/06\/por-que-a-copa-de-2026-vai-ser-mais-americana-do-que-parece\/\",\"name\":\"Por que a Copa de 2026 vai ser \u201cmais americana\u201d do que parece - Portal Tela Portugal\",\"isPartOf\":{\"@id\":\"https:\/\/portaltela.pt\/#website\"},\"primaryImageOfPage\":{\"@id\":\"https:\/\/portaltela.pt\/desporto\/copa-do-mundo\/2026\/02\/06\/por-que-a-copa-de-2026-vai-ser-mais-americana-do-que-parece\/#primaryimage\"},\"image\":{\"@id\":\"https:\/\/portaltela.pt\/desporto\/copa-do-mundo\/2026\/02\/06\/por-que-a-copa-de-2026-vai-ser-mais-americana-do-que-parece\/#primaryimage\"},\"thumbnailUrl\":\"https:\/\/portaltela.pt\/s.01k8rhncp4jt1\/2026\/02\/50073059656_4dfbddd57d_o-scaled-1.jpg\",\"datePublished\":\"2026-02-06T19:51:58+00:00\",\"dateModified\":\"2026-02-26T13:55:22+00:00\",\"author\":{\"@id\":\"https:\/\/portaltela.pt\/#\/schema\/person\/5a9320d6761bc38022d37ad0bf58bcc1\"},\"breadcrumb\":{\"@id\":\"https:\/\/portaltela.pt\/desporto\/copa-do-mundo\/2026\/02\/06\/por-que-a-copa-de-2026-vai-ser-mais-americana-do-que-parece\/#breadcrumb\"},\"inLanguage\":\"pt-PT\",\"potentialAction\":[{\"@type\":\"ReadAction\",\"target\":[\"https:\/\/portaltela.pt\/desporto\/copa-do-mundo\/2026\/02\/06\/por-que-a-copa-de-2026-vai-ser-mais-americana-do-que-parece\/\"]}]},{\"@type\":\"ImageObject\",\"inLanguage\":\"pt-PT\",\"@id\":\"https:\/\/portaltela.pt\/desporto\/copa-do-mundo\/2026\/02\/06\/por-que-a-copa-de-2026-vai-ser-mais-americana-do-que-parece\/#primaryimage\",\"url\":\"https:\/\/portaltela.pt\/s.01k8rhncp4jt1\/2026\/02\/50073059656_4dfbddd57d_o-scaled-1.jpg\",\"contentUrl\":\"https:\/\/portaltela.pt\/s.01k8rhncp4jt1\/2026\/02\/50073059656_4dfbddd57d_o-scaled-1.jpg\",\"width\":2560,\"height\":1236},{\"@type\":\"BreadcrumbList\",\"@id\":\"https:\/\/portaltela.pt\/desporto\/copa-do-mundo\/2026\/02\/06\/por-que-a-copa-de-2026-vai-ser-mais-americana-do-que-parece\/#breadcrumb\",\"itemListElement\":[{\"@type\":\"ListItem\",\"position\":1,\"name\":\"In\u00edcio\",\"item\":\"https:\/\/portaltela.pt\/\"},{\"@type\":\"ListItem\",\"position\":2,\"name\":\"Por que a Copa de 2026 vai ser \u201cmais americana\u201d do que parece\"}]},{\"@type\":\"WebSite\",\"@id\":\"https:\/\/portaltela.pt\/#website\",\"url\":\"https:\/\/portaltela.pt\/\",\"name\":\"Portal Tela Portugal\",\"description\":\"\",\"potentialAction\":[{\"@type\":\"SearchAction\",\"target\":{\"@type\":\"EntryPoint\",\"urlTemplate\":\"https:\/\/portaltela.pt\/?s={search_term_string}\"},\"query-input\":{\"@type\":\"PropertyValueSpecification\",\"valueRequired\":true,\"valueName\":\"search_term_string\"}}],\"inLanguage\":\"pt-PT\"},{\"@type\":\"Person\",\"@id\":\"https:\/\/portaltela.pt\/#\/schema\/person\/5a9320d6761bc38022d37ad0bf58bcc1\",\"name\":\"Lucas Pires\",\"image\":{\"@type\":\"ImageObject\",\"inLanguage\":\"pt-PT\",\"@id\":\"https:\/\/portaltela.pt\/s.01k8rhncp4jt1\/2026\/01\/a6f3c4d4-8e17-433c-a6f9-91e4da22a054-125x125.jpg\",\"url\":\"https:\/\/portaltela.pt\/s.01k8rhncp4jt1\/2026\/01\/a6f3c4d4-8e17-433c-a6f9-91e4da22a054-125x125.jpg\",\"contentUrl\":\"https:\/\/portaltela.pt\/s.01k8rhncp4jt1\/2026\/01\/a6f3c4d4-8e17-433c-a6f9-91e4da22a054-125x125.jpg\",\"caption\":\"Lucas Pires\"},\"url\":\"https:\/\/portaltela.pt\/por\/lucas-pires\/\"}]}<\/script>\n<!-- \/ Yoast SEO plugin. -->","yoast_head_json":{"title":"Por que a Copa de 2026 vai ser \u201cmais americana\u201d do que parece - Portal Tela Portugal","robots":{"index":"index","follow":"follow","max-snippet":"max-snippet:-1","max-image-preview":"max-image-preview:large","max-video-preview":"max-video-preview:-1"},"og_locale":"pt_PT","og_type":"article","og_title":"Por que a Copa de 2026 vai ser \u201cmais americana\u201d do que parece - Portal Tela Portugal","og_description":"Faltam menos de seis meses para o maior evento esportivo do planeta e, no papel, a Copa do Mundo de 2026 ser\u00e1 dividida entre tr\u00eas pa\u00edses: EUA, M\u00e9xico e Canad\u00e1. O desenho oficial do torneio, por\u00e9m, aponta para um eixo bem definido. A forma como a FIFA distribuiu jogos, cidades-sede e fases decisivas deixa claro [&hellip;]","og_url":"https:\/\/portaltela.pt\/desporto\/copa-do-mundo\/2026\/02\/06\/por-que-a-copa-de-2026-vai-ser-mais-americana-do-que-parece\/","og_site_name":"Portal Tela Portugal","article_published_time":"2026-02-06T19:51:58+00:00","article_modified_time":"2026-02-26T13:55:22+00:00","og_image":[{"width":2560,"height":1236,"url":"https:\/\/portaltela.pt\/s.01k8rhncp4jt1\/2026\/02\/50073059656_4dfbddd57d_o-scaled-1.jpg","type":"image\/jpeg"}],"author":"Lucas Pires","twitter_card":"summary_large_image","twitter_misc":{"Escrito por":"Lucas Pires","Tempo estimado de leitura":"3 minutos"},"schema":{"@context":"https:\/\/schema.org","@graph":[{"@type":"Article","@id":"https:\/\/portaltela.pt\/desporto\/copa-do-mundo\/2026\/02\/06\/por-que-a-copa-de-2026-vai-ser-mais-americana-do-que-parece\/#article","isPartOf":{"@id":"https:\/\/portaltela.pt\/desporto\/copa-do-mundo\/2026\/02\/06\/por-que-a-copa-de-2026-vai-ser-mais-americana-do-que-parece\/"},"author":{"name":"Lucas Pires","@id":"https:\/\/portaltela.pt\/#\/schema\/person\/5a9320d6761bc38022d37ad0bf58bcc1"},"headline":"Por que a Copa de 2026 vai ser \u201cmais americana\u201d do que parece","datePublished":"2026-02-06T19:51:58+00:00","dateModified":"2026-02-26T13:55:22+00:00","mainEntityOfPage":{"@id":"https:\/\/portaltela.pt\/desporto\/copa-do-mundo\/2026\/02\/06\/por-que-a-copa-de-2026-vai-ser-mais-americana-do-que-parece\/"},"wordCount":551,"image":{"@id":"https:\/\/portaltela.pt\/desporto\/copa-do-mundo\/2026\/02\/06\/por-que-a-copa-de-2026-vai-ser-mais-americana-do-que-parece\/#primaryimage"},"thumbnailUrl":"https:\/\/portaltela.pt\/s.01k8rhncp4jt1\/2026\/02\/50073059656_4dfbddd57d_o-scaled-1.jpg","keywords":["\u00daltimas da Copa do Mundo"],"articleSection":["Not\u00edcias"],"inLanguage":"pt-PT"},{"@type":"WebPage","@id":"https:\/\/portaltela.pt\/desporto\/copa-do-mundo\/2026\/02\/06\/por-que-a-copa-de-2026-vai-ser-mais-americana-do-que-parece\/","url":"https:\/\/portaltela.pt\/desporto\/copa-do-mundo\/2026\/02\/06\/por-que-a-copa-de-2026-vai-ser-mais-americana-do-que-parece\/","name":"Por que a Copa de 2026 vai ser \u201cmais americana\u201d do que parece - Portal Tela Portugal","isPartOf":{"@id":"https:\/\/portaltela.pt\/#website"},"primaryImageOfPage":{"@id":"https:\/\/portaltela.pt\/desporto\/copa-do-mundo\/2026\/02\/06\/por-que-a-copa-de-2026-vai-ser-mais-americana-do-que-parece\/#primaryimage"},"image":{"@id":"https:\/\/portaltela.pt\/desporto\/copa-do-mundo\/2026\/02\/06\/por-que-a-copa-de-2026-vai-ser-mais-americana-do-que-parece\/#primaryimage"},"thumbnailUrl":"https:\/\/portaltela.pt\/s.01k8rhncp4jt1\/2026\/02\/50073059656_4dfbddd57d_o-scaled-1.jpg","datePublished":"2026-02-06T19:51:58+00:00","dateModified":"2026-02-26T13:55:22+00:00","author":{"@id":"https:\/\/portaltela.pt\/#\/schema\/person\/5a9320d6761bc38022d37ad0bf58bcc1"},"breadcrumb":{"@id":"https:\/\/portaltela.pt\/desporto\/copa-do-mundo\/2026\/02\/06\/por-que-a-copa-de-2026-vai-ser-mais-americana-do-que-parece\/#breadcrumb"},"inLanguage":"pt-PT","potentialAction":[{"@type":"ReadAction","target":["https:\/\/portaltela.pt\/desporto\/copa-do-mundo\/2026\/02\/06\/por-que-a-copa-de-2026-vai-ser-mais-americana-do-que-parece\/"]}]},{"@type":"ImageObject","inLanguage":"pt-PT","@id":"https:\/\/portaltela.pt\/desporto\/copa-do-mundo\/2026\/02\/06\/por-que-a-copa-de-2026-vai-ser-mais-americana-do-que-parece\/#primaryimage","url":"https:\/\/portaltela.pt\/s.01k8rhncp4jt1\/2026\/02\/50073059656_4dfbddd57d_o-scaled-1.jpg","contentUrl":"https:\/\/portaltela.pt\/s.01k8rhncp4jt1\/2026\/02\/50073059656_4dfbddd57d_o-scaled-1.jpg","width":2560,"height":1236},{"@type":"BreadcrumbList","@id":"https:\/\/portaltela.pt\/desporto\/copa-do-mundo\/2026\/02\/06\/por-que-a-copa-de-2026-vai-ser-mais-americana-do-que-parece\/#breadcrumb","itemListElement":[{"@type":"ListItem","position":1,"name":"In\u00edcio","item":"https:\/\/portaltela.pt\/"},{"@type":"ListItem","position":2,"name":"Por que a Copa de 2026 vai ser \u201cmais americana\u201d do que parece"}]},{"@type":"WebSite","@id":"https:\/\/portaltela.pt\/#website","url":"https:\/\/portaltela.pt\/","name":"Portal Tela Portugal","description":"","potentialAction":[{"@type":"SearchAction","target":{"@type":"EntryPoint","urlTemplate":"https:\/\/portaltela.pt\/?s={search_term_string}"},"query-input":{"@type":"PropertyValueSpecification","valueRequired":true,"valueName":"search_term_string"}}],"inLanguage":"pt-PT"},{"@type":"Person","@id":"https:\/\/portaltela.pt\/#\/schema\/person\/5a9320d6761bc38022d37ad0bf58bcc1","name":"Lucas Pires","image":{"@type":"ImageObject","inLanguage":"pt-PT","@id":"https:\/\/portaltela.pt\/s.01k8rhncp4jt1\/2026\/01\/a6f3c4d4-8e17-433c-a6f9-91e4da22a054-125x125.jpg","url":"https:\/\/portaltela.pt\/s.01k8rhncp4jt1\/2026\/01\/a6f3c4d4-8e17-433c-a6f9-91e4da22a054-125x125.jpg","contentUrl":"https:\/\/portaltela.pt\/s.01k8rhncp4jt1\/2026\/01\/a6f3c4d4-8e17-433c-a6f9-91e4da22a054-125x125.jpg","caption":"Lucas Pires"},"url":"https:\/\/portaltela.pt\/por\/lucas-pires\/"}]}},"_links":{"self":[{"href":"https:\/\/portaltela.pt\/api\/wp\/v2\/posts\/363168","targetHints":{"allow":["GET"]}}],"collection":[{"href":"https:\/\/portaltela.pt\/api\/wp\/v2\/posts"}],"about":[{"href":"https:\/\/portaltela.pt\/api\/wp\/v2\/types\/post"}],"author":[{"embeddable":true,"href":"https:\/\/portaltela.pt\/api\/wp\/v2\/users\/5"}],"replies":[{"embeddable":true,"href":"https:\/\/portaltela.pt\/api\/wp\/v2\/comments?post=363168"}],"version-history":[{"count":0,"href":"https:\/\/portaltela.pt\/api\/wp\/v2\/posts\/363168\/revisions"}],"wp:featuredmedia":[{"embeddable":true,"href":"https:\/\/portaltela.pt\/api\/wp\/v2\/media\/389130"}],"wp:attachment":[{"href":"https:\/\/portaltela.pt\/api\/wp\/v2\/media?parent=363168"}],"wp:term":[{"taxonomy":"category","embeddable":true,"href":"https:\/\/portaltela.pt\/api\/wp\/v2\/categories?post=363168"},{"taxonomy":"post_tag","embeddable":true,"href":"https:\/\/portaltela.pt\/api\/wp\/v2\/tags?post=363168"}],"curies":[{"name":"wp","href":"https:\/\/api.w.org\/{rel}","templated":true}]}}