{"id":363034,"date":"2026-03-06T16:23:45","date_gmt":"2026-03-06T19:23:45","guid":{"rendered":"https:\/\/www.portaltela.pt\/?p=363034"},"modified":"2026-03-09T16:23:11","modified_gmt":"2026-03-09T19:23:11","slug":"do-corte-cascao-aos-8-gols-de-mbappe-a-linha-do-tempo-dos-artilheiros-desde-2002","status":"publish","type":"post","link":"https:\/\/portaltela.pt\/desporto\/copa-do-mundo\/2026\/03\/06\/do-corte-cascao-aos-8-gols-de-mbappe-a-linha-do-tempo-dos-artilheiros-desde-2002\/","title":{"rendered":"Do corte Casc\u00e3o aos 8 gols de Mbapp\u00e9: A linha do tempo dos artilheiros desde 2002"},"content":{"rendered":"\n<p>A artilharia da Copa do Mundo nem sempre coincide com o t\u00edtulo. Nas \u00faltimas seis edi\u00e7\u00f5es, o \u00fanico artilheiro que tamb\u00e9m levantou a ta\u00e7a foi Ronaldo, em 2002. Confira a lista, em ordem cronol\u00f3gica.<\/p>\n\n\n\n<h3 class=\"wp-block-heading\" id=\"h-2022-catar\">2022 &#8211; Catar<\/h3>\n\n\n\n<p>Mesmo com a grande campe\u00e3 sendo a sele\u00e7\u00e3o da Argentina, o artilheiro da Copa foi Kylian Mbapp\u00e9, da Fran\u00e7a. O atacante terminou o Mundial com 8 gols marcados, al\u00e9m de ter feito um <em>hat-trick<\/em> na grande final.<\/p>\n\n\n\n<figure class=\"wp-block-image size-large\"><img decoding=\"async\" src=\"https:\/\/portaltela.pt\/s.01k8r8f7wx8pm\/2026\/02\/image-1-1024x687.png\" alt=\"\" class=\"wp-image-363035\"\/><\/figure>\n\n\n\n<h3 class=\"wp-block-heading\" id=\"h-2018-russia\">2018 &#8211; R\u00fassia<\/h3>\n\n\n\n<p>O centroavante ingl\u00eas Harry Kane, com 6 gols marcados, foi o grande destaque da campanha da sele\u00e7\u00e3o inglesa. O craque do Tottenham ajudou sua equipe a chegar \u00e0s semifinais da competi\u00e7\u00e3o.<\/p>\n\n\n\n<figure class=\"wp-block-image size-large\"><img decoding=\"async\" src=\"https:\/\/portaltela.pt\/s.01k8r8f7wx8pm\/2026\/02\/image-2-1024x768.png\" alt=\"\" class=\"wp-image-363036\"\/><\/figure>\n\n\n\n<h3 class=\"wp-block-heading\" id=\"h-2014-brasil\">2014 &#8211; Brasil<\/h3>\n\n\n\n<p>Ganhador do Pr\u00eamio Pusk\u00e1s da FIFA em 2014, pelo gol marcado contra o Uruguai nas oitavas de final da competi\u00e7\u00e3o, o colombiano James Rodr\u00edguez foi o grande artilheiro da competi\u00e7\u00e3o com 6 gols.<\/p>\n\n\n\n<figure class=\"wp-block-image size-large\"><img decoding=\"async\" src=\"https:\/\/portaltela.pt\/s.01k8r8f7wx8pm\/2026\/02\/image-3-992x1024.png\" alt=\"\" class=\"wp-image-363068\"\/><\/figure>\n\n\n\n<h3 class=\"wp-block-heading\" id=\"h-2010-africa-do-sul-nbsp\">2010 &#8211; \u00c1frica do Sul&nbsp;<\/h3>\n\n\n\n<p>Aos 20 anos, o alem\u00e3o Thomas M\u00fcller, com 5 gols, foi artilheiro da Copa junto com David Villa, Wesley Sneijder e Diego Forl\u00e1n. Mas o pr\u00eamio ficou com o jovem por conta de suas 3 assist\u00eancias ao longo do torneio.<\/p>\n\n\n\n<figure class=\"wp-block-image size-large\"><img decoding=\"async\" src=\"https:\/\/portaltela.pt\/s.01k8r8f7wx8pm\/2026\/02\/image-4-683x1024.png\" alt=\"\" class=\"wp-image-363069\"\/><\/figure>\n\n\n\n<h3 class=\"wp-block-heading\" id=\"h-2006-alemanha\">2006 &#8211; Alemanha<\/h3>\n\n\n\n<p>Dessa vez, o artilheiro foi da sele\u00e7\u00e3o anfitri\u00e3 e, novamente, um alem\u00e3o. Miroslav Klose, o maior artilheiro da hist\u00f3ria das Copas com 16 gols, foi o grande artilheiro do torneio no ano de 2006 com 5 gols. A Alemanha chegou at\u00e9 a semifinal da competi\u00e7\u00e3o.<\/p>\n\n\n\n<figure class=\"wp-block-image size-large\"><img decoding=\"async\" src=\"https:\/\/portaltela.pt\/s.01k8r8f7wx8pm\/2026\/02\/image-5-1024x683.png\" alt=\"\" class=\"wp-image-363070\"\/><\/figure>\n\n\n\n<h3 class=\"wp-block-heading\" id=\"h-2002-coreia-do-sul-e-japao\">2002 &#8211; Coreia do Sul e Jap\u00e3o<\/h3>\n\n\n\n<p>Brasil no topo! A \u00faltima Copa que a sele\u00e7\u00e3o brasileira ganhou foi tamb\u00e9m a \u00faltima em que um brasileiro foi artilheiro. Ronaldo Fen\u00f4meno balan\u00e7ou as redes 8 vezes e trouxe o penta para o Brasil. Essa foi a \u00faltima vez em que o artilheiro foi campe\u00e3o na mesma edi\u00e7\u00e3o.<\/p>\n\n\n\n<figure class=\"wp-block-image size-full is-resized\"><img decoding=\"async\" src=\"https:\/\/portaltela.pt\/s.01k8r8f7wx8pm\/2026\/02\/image-6.png\" alt=\"\" class=\"wp-image-363119\" style=\"width:838px;height:auto\"\/><\/figure>\n","protected":false},"excerpt":{"rendered":"<p>A artilharia da Copa do Mundo nem sempre coincide com o t\u00edtulo. Nas \u00faltimas seis edi\u00e7\u00f5es, o \u00fanico artilheiro que tamb\u00e9m levantou a ta\u00e7a foi Ronaldo, em 2002. Confira a lista, em ordem cronol\u00f3gica. 2022 &#8211; Catar Mesmo com a grande campe\u00e3 sendo a sele\u00e7\u00e3o da Argentina, o artilheiro da Copa foi Kylian Mbapp\u00e9, da [&hellip;]<\/p>\n","protected":false},"author":2,"featured_media":389131,"comment_status":"closed","ping_status":"closed","sticky":false,"template":"","format":"standard","meta":{"footnotes":""},"categories":[6695,21],"tags":[6361],"class_list":["post-363034","post","type-post","status-publish","format-standard","has-post-thumbnail","hentry","category-copa-do-mundo","category-desporto","tag-mais-da-copa-do-mundo"],"yoast_head":"<!-- This site is optimized with the Yoast SEO plugin v27.2 - https:\/\/yoast.com\/product\/yoast-seo-wordpress\/ -->\n<title>Do corte Casc\u00e3o aos 8 gols de Mbapp\u00e9: A linha do tempo dos artilheiros desde 2002 - Portal Tela Portugal<\/title>\n<meta name=\"description\" content=\"Casc\u00e3o e Copa do Mundo: conhe\u00e7a a trajet\u00f3ria dos maiores artilheiros e suas marcas que encantaram os f\u00e3s do futebol.\" \/>\n<meta name=\"robots\" content=\"index, follow, max-snippet:-1, max-image-preview:large, max-video-preview:-1\" \/>\n<meta property=\"og:locale\" content=\"pt_PT\" \/>\n<meta property=\"og:type\" content=\"article\" \/>\n<meta property=\"og:title\" content=\"Do corte Casc\u00e3o aos 8 gols de Mbapp\u00e9: A linha do tempo dos artilheiros desde 2002 - Portal Tela Portugal\" \/>\n<meta property=\"og:description\" content=\"Casc\u00e3o e Copa do Mundo: conhe\u00e7a a trajet\u00f3ria dos maiores artilheiros e suas marcas que encantaram os f\u00e3s do futebol.\" \/>\n<meta property=\"og:url\" content=\"https:\/\/portaltela.pt\/desporto\/copa-do-mundo\/2026\/03\/06\/do-corte-cascao-aos-8-gols-de-mbappe-a-linha-do-tempo-dos-artilheiros-desde-2002\/\" \/>\n<meta property=\"og:site_name\" content=\"Portal Tela Portugal\" \/>\n<meta property=\"article:published_time\" content=\"2026-03-06T19:23:45+00:00\" \/>\n<meta property=\"article:modified_time\" content=\"2026-03-09T19:23:11+00:00\" \/>\n<meta property=\"og:image\" content=\"https:\/\/portaltela.pt\/s.01k8rhncp4jt1\/2026\/02\/000_APP2002062628245-1536x1099-1-1024x733.png\" \/>\n\t<meta property=\"og:image:width\" content=\"1024\" \/>\n\t<meta property=\"og:image:height\" content=\"733\" \/>\n\t<meta property=\"og:image:type\" content=\"image\/png\" \/>\n<meta name=\"author\" content=\"Telinha\" \/>\n<meta name=\"twitter:card\" content=\"summary_large_image\" \/>\n<meta name=\"twitter:label1\" content=\"Escrito por\" \/>\n\t<meta name=\"twitter:data1\" content=\"Telinha\" \/>\n\t<meta name=\"twitter:label2\" content=\"Tempo estimado de leitura\" \/>\n\t<meta name=\"twitter:data2\" content=\"3 minutos\" \/>\n<script type=\"application\/ld+json\" class=\"yoast-schema-graph\">{\"@context\":\"https:\/\/schema.org\",\"@graph\":[{\"@type\":\"Article\",\"@id\":\"https:\/\/portaltela.pt\/desporto\/copa-do-mundo\/2026\/03\/06\/do-corte-cascao-aos-8-gols-de-mbappe-a-linha-do-tempo-dos-artilheiros-desde-2002\/#article\",\"isPartOf\":{\"@id\":\"https:\/\/portaltela.pt\/desporto\/copa-do-mundo\/2026\/03\/06\/do-corte-cascao-aos-8-gols-de-mbappe-a-linha-do-tempo-dos-artilheiros-desde-2002\/\"},\"author\":{\"name\":\"Telinha\",\"@id\":\"https:\/\/portaltela.pt\/#\/schema\/person\/c4278d4a6028830caff9ee44b42d32ed\"},\"headline\":\"Do corte Casc\u00e3o aos 8 gols de Mbapp\u00e9: A linha do tempo dos artilheiros desde 2002\",\"datePublished\":\"2026-03-06T19:23:45+00:00\",\"dateModified\":\"2026-03-09T19:23:11+00:00\",\"mainEntityOfPage\":{\"@id\":\"https:\/\/portaltela.pt\/desporto\/copa-do-mundo\/2026\/03\/06\/do-corte-cascao-aos-8-gols-de-mbappe-a-linha-do-tempo-dos-artilheiros-desde-2002\/\"},\"wordCount\":324,\"image\":{\"@id\":\"https:\/\/portaltela.pt\/desporto\/copa-do-mundo\/2026\/03\/06\/do-corte-cascao-aos-8-gols-de-mbappe-a-linha-do-tempo-dos-artilheiros-desde-2002\/#primaryimage\"},\"thumbnailUrl\":\"https:\/\/portaltela.pt\/s.01k8rhncp4jt1\/2026\/02\/000_APP2002062628245-1536x1099-1.png\",\"keywords\":[\"Mais da Copa do Mundo\"],\"articleSection\":[\"Copa do Mundo\",\"Desporto\"],\"inLanguage\":\"pt-PT\"},{\"@type\":\"WebPage\",\"@id\":\"https:\/\/portaltela.pt\/desporto\/copa-do-mundo\/2026\/03\/06\/do-corte-cascao-aos-8-gols-de-mbappe-a-linha-do-tempo-dos-artilheiros-desde-2002\/\",\"url\":\"https:\/\/portaltela.pt\/desporto\/copa-do-mundo\/2026\/03\/06\/do-corte-cascao-aos-8-gols-de-mbappe-a-linha-do-tempo-dos-artilheiros-desde-2002\/\",\"name\":\"Do corte Casc\u00e3o aos 8 gols de Mbapp\u00e9: A linha do tempo dos artilheiros desde 2002 - Portal Tela Portugal\",\"isPartOf\":{\"@id\":\"https:\/\/portaltela.pt\/#website\"},\"primaryImageOfPage\":{\"@id\":\"https:\/\/portaltela.pt\/desporto\/copa-do-mundo\/2026\/03\/06\/do-corte-cascao-aos-8-gols-de-mbappe-a-linha-do-tempo-dos-artilheiros-desde-2002\/#primaryimage\"},\"image\":{\"@id\":\"https:\/\/portaltela.pt\/desporto\/copa-do-mundo\/2026\/03\/06\/do-corte-cascao-aos-8-gols-de-mbappe-a-linha-do-tempo-dos-artilheiros-desde-2002\/#primaryimage\"},\"thumbnailUrl\":\"https:\/\/portaltela.pt\/s.01k8rhncp4jt1\/2026\/02\/000_APP2002062628245-1536x1099-1.png\",\"datePublished\":\"2026-03-06T19:23:45+00:00\",\"dateModified\":\"2026-03-09T19:23:11+00:00\",\"author\":{\"@id\":\"https:\/\/portaltela.pt\/#\/schema\/person\/c4278d4a6028830caff9ee44b42d32ed\"},\"description\":\"Casc\u00e3o e Copa do Mundo: conhe\u00e7a a trajet\u00f3ria dos maiores artilheiros e suas marcas que encantaram os f\u00e3s do futebol.\",\"breadcrumb\":{\"@id\":\"https:\/\/portaltela.pt\/desporto\/copa-do-mundo\/2026\/03\/06\/do-corte-cascao-aos-8-gols-de-mbappe-a-linha-do-tempo-dos-artilheiros-desde-2002\/#breadcrumb\"},\"inLanguage\":\"pt-PT\",\"potentialAction\":[{\"@type\":\"ReadAction\",\"target\":[\"https:\/\/portaltela.pt\/desporto\/copa-do-mundo\/2026\/03\/06\/do-corte-cascao-aos-8-gols-de-mbappe-a-linha-do-tempo-dos-artilheiros-desde-2002\/\"]}]},{\"@type\":\"ImageObject\",\"inLanguage\":\"pt-PT\",\"@id\":\"https:\/\/portaltela.pt\/desporto\/copa-do-mundo\/2026\/03\/06\/do-corte-cascao-aos-8-gols-de-mbappe-a-linha-do-tempo-dos-artilheiros-desde-2002\/#primaryimage\",\"url\":\"https:\/\/portaltela.pt\/s.01k8rhncp4jt1\/2026\/02\/000_APP2002062628245-1536x1099-1.png\",\"contentUrl\":\"https:\/\/portaltela.pt\/s.01k8rhncp4jt1\/2026\/02\/000_APP2002062628245-1536x1099-1.png\",\"width\":1536,\"height\":1099},{\"@type\":\"BreadcrumbList\",\"@id\":\"https:\/\/portaltela.pt\/desporto\/copa-do-mundo\/2026\/03\/06\/do-corte-cascao-aos-8-gols-de-mbappe-a-linha-do-tempo-dos-artilheiros-desde-2002\/#breadcrumb\",\"itemListElement\":[{\"@type\":\"ListItem\",\"position\":1,\"name\":\"In\u00edcio\",\"item\":\"https:\/\/portaltela.pt\/\"},{\"@type\":\"ListItem\",\"position\":2,\"name\":\"Do corte Casc\u00e3o aos 8 gols de Mbapp\u00e9: A linha do tempo dos artilheiros desde 2002\"}]},{\"@type\":\"WebSite\",\"@id\":\"https:\/\/portaltela.pt\/#website\",\"url\":\"https:\/\/portaltela.pt\/\",\"name\":\"Portal Tela Portugal\",\"description\":\"\",\"potentialAction\":[{\"@type\":\"SearchAction\",\"target\":{\"@type\":\"EntryPoint\",\"urlTemplate\":\"https:\/\/portaltela.pt\/?s={search_term_string}\"},\"query-input\":{\"@type\":\"PropertyValueSpecification\",\"valueRequired\":true,\"valueName\":\"search_term_string\"}}],\"inLanguage\":\"pt-PT\"},{\"@type\":\"Person\",\"@id\":\"https:\/\/portaltela.pt\/#\/schema\/person\/c4278d4a6028830caff9ee44b42d32ed\",\"name\":\"Telinha\",\"image\":{\"@type\":\"ImageObject\",\"inLanguage\":\"pt-PT\",\"@id\":\"https:\/\/portaltela.pt\/s.01k8rhncp4jt1\/2025\/11\/talking-bot-125x125.png\",\"url\":\"https:\/\/portaltela.pt\/s.01k8rhncp4jt1\/2025\/11\/talking-bot-125x125.png\",\"contentUrl\":\"https:\/\/portaltela.pt\/s.01k8rhncp4jt1\/2025\/11\/talking-bot-125x125.png\",\"caption\":\"Telinha\"},\"sameAs\":[\"https:\/\/portaltela.pt\/\"],\"url\":\"https:\/\/portaltela.pt\/por\/367410592786\/\"}]}<\/script>\n<!-- \/ Yoast SEO plugin. -->","yoast_head_json":{"title":"Do corte Casc\u00e3o aos 8 gols de Mbapp\u00e9: A linha do tempo dos artilheiros desde 2002 - Portal Tela Portugal","description":"Casc\u00e3o e Copa do Mundo: conhe\u00e7a a trajet\u00f3ria dos maiores artilheiros e suas marcas que encantaram os f\u00e3s do futebol.","robots":{"index":"index","follow":"follow","max-snippet":"max-snippet:-1","max-image-preview":"max-image-preview:large","max-video-preview":"max-video-preview:-1"},"og_locale":"pt_PT","og_type":"article","og_title":"Do corte Casc\u00e3o aos 8 gols de Mbapp\u00e9: A linha do tempo dos artilheiros desde 2002 - Portal Tela Portugal","og_description":"Casc\u00e3o e Copa do Mundo: conhe\u00e7a a trajet\u00f3ria dos maiores artilheiros e suas marcas que encantaram os f\u00e3s do futebol.","og_url":"https:\/\/portaltela.pt\/desporto\/copa-do-mundo\/2026\/03\/06\/do-corte-cascao-aos-8-gols-de-mbappe-a-linha-do-tempo-dos-artilheiros-desde-2002\/","og_site_name":"Portal Tela Portugal","article_published_time":"2026-03-06T19:23:45+00:00","article_modified_time":"2026-03-09T19:23:11+00:00","og_image":[{"width":1024,"height":733,"url":"https:\/\/portaltela.pt\/s.01k8rhncp4jt1\/2026\/02\/000_APP2002062628245-1536x1099-1-1024x733.png","type":"image\/png"}],"author":"Telinha","twitter_card":"summary_large_image","twitter_misc":{"Escrito por":"Telinha","Tempo estimado de leitura":"3 minutos"},"schema":{"@context":"https:\/\/schema.org","@graph":[{"@type":"Article","@id":"https:\/\/portaltela.pt\/desporto\/copa-do-mundo\/2026\/03\/06\/do-corte-cascao-aos-8-gols-de-mbappe-a-linha-do-tempo-dos-artilheiros-desde-2002\/#article","isPartOf":{"@id":"https:\/\/portaltela.pt\/desporto\/copa-do-mundo\/2026\/03\/06\/do-corte-cascao-aos-8-gols-de-mbappe-a-linha-do-tempo-dos-artilheiros-desde-2002\/"},"author":{"name":"Telinha","@id":"https:\/\/portaltela.pt\/#\/schema\/person\/c4278d4a6028830caff9ee44b42d32ed"},"headline":"Do corte Casc\u00e3o aos 8 gols de Mbapp\u00e9: A linha do tempo dos artilheiros desde 2002","datePublished":"2026-03-06T19:23:45+00:00","dateModified":"2026-03-09T19:23:11+00:00","mainEntityOfPage":{"@id":"https:\/\/portaltela.pt\/desporto\/copa-do-mundo\/2026\/03\/06\/do-corte-cascao-aos-8-gols-de-mbappe-a-linha-do-tempo-dos-artilheiros-desde-2002\/"},"wordCount":324,"image":{"@id":"https:\/\/portaltela.pt\/desporto\/copa-do-mundo\/2026\/03\/06\/do-corte-cascao-aos-8-gols-de-mbappe-a-linha-do-tempo-dos-artilheiros-desde-2002\/#primaryimage"},"thumbnailUrl":"https:\/\/portaltela.pt\/s.01k8rhncp4jt1\/2026\/02\/000_APP2002062628245-1536x1099-1.png","keywords":["Mais da Copa do Mundo"],"articleSection":["Copa do Mundo","Desporto"],"inLanguage":"pt-PT"},{"@type":"WebPage","@id":"https:\/\/portaltela.pt\/desporto\/copa-do-mundo\/2026\/03\/06\/do-corte-cascao-aos-8-gols-de-mbappe-a-linha-do-tempo-dos-artilheiros-desde-2002\/","url":"https:\/\/portaltela.pt\/desporto\/copa-do-mundo\/2026\/03\/06\/do-corte-cascao-aos-8-gols-de-mbappe-a-linha-do-tempo-dos-artilheiros-desde-2002\/","name":"Do corte Casc\u00e3o aos 8 gols de Mbapp\u00e9: A linha do tempo dos artilheiros desde 2002 - Portal Tela Portugal","isPartOf":{"@id":"https:\/\/portaltela.pt\/#website"},"primaryImageOfPage":{"@id":"https:\/\/portaltela.pt\/desporto\/copa-do-mundo\/2026\/03\/06\/do-corte-cascao-aos-8-gols-de-mbappe-a-linha-do-tempo-dos-artilheiros-desde-2002\/#primaryimage"},"image":{"@id":"https:\/\/portaltela.pt\/desporto\/copa-do-mundo\/2026\/03\/06\/do-corte-cascao-aos-8-gols-de-mbappe-a-linha-do-tempo-dos-artilheiros-desde-2002\/#primaryimage"},"thumbnailUrl":"https:\/\/portaltela.pt\/s.01k8rhncp4jt1\/2026\/02\/000_APP2002062628245-1536x1099-1.png","datePublished":"2026-03-06T19:23:45+00:00","dateModified":"2026-03-09T19:23:11+00:00","author":{"@id":"https:\/\/portaltela.pt\/#\/schema\/person\/c4278d4a6028830caff9ee44b42d32ed"},"description":"Casc\u00e3o e Copa do Mundo: conhe\u00e7a a trajet\u00f3ria dos maiores artilheiros e suas marcas que encantaram os f\u00e3s do futebol.","breadcrumb":{"@id":"https:\/\/portaltela.pt\/desporto\/copa-do-mundo\/2026\/03\/06\/do-corte-cascao-aos-8-gols-de-mbappe-a-linha-do-tempo-dos-artilheiros-desde-2002\/#breadcrumb"},"inLanguage":"pt-PT","potentialAction":[{"@type":"ReadAction","target":["https:\/\/portaltela.pt\/desporto\/copa-do-mundo\/2026\/03\/06\/do-corte-cascao-aos-8-gols-de-mbappe-a-linha-do-tempo-dos-artilheiros-desde-2002\/"]}]},{"@type":"ImageObject","inLanguage":"pt-PT","@id":"https:\/\/portaltela.pt\/desporto\/copa-do-mundo\/2026\/03\/06\/do-corte-cascao-aos-8-gols-de-mbappe-a-linha-do-tempo-dos-artilheiros-desde-2002\/#primaryimage","url":"https:\/\/portaltela.pt\/s.01k8rhncp4jt1\/2026\/02\/000_APP2002062628245-1536x1099-1.png","contentUrl":"https:\/\/portaltela.pt\/s.01k8rhncp4jt1\/2026\/02\/000_APP2002062628245-1536x1099-1.png","width":1536,"height":1099},{"@type":"BreadcrumbList","@id":"https:\/\/portaltela.pt\/desporto\/copa-do-mundo\/2026\/03\/06\/do-corte-cascao-aos-8-gols-de-mbappe-a-linha-do-tempo-dos-artilheiros-desde-2002\/#breadcrumb","itemListElement":[{"@type":"ListItem","position":1,"name":"In\u00edcio","item":"https:\/\/portaltela.pt\/"},{"@type":"ListItem","position":2,"name":"Do corte Casc\u00e3o aos 8 gols de Mbapp\u00e9: A linha do tempo dos artilheiros desde 2002"}]},{"@type":"WebSite","@id":"https:\/\/portaltela.pt\/#website","url":"https:\/\/portaltela.pt\/","name":"Portal Tela Portugal","description":"","potentialAction":[{"@type":"SearchAction","target":{"@type":"EntryPoint","urlTemplate":"https:\/\/portaltela.pt\/?s={search_term_string}"},"query-input":{"@type":"PropertyValueSpecification","valueRequired":true,"valueName":"search_term_string"}}],"inLanguage":"pt-PT"},{"@type":"Person","@id":"https:\/\/portaltela.pt\/#\/schema\/person\/c4278d4a6028830caff9ee44b42d32ed","name":"Telinha","image":{"@type":"ImageObject","inLanguage":"pt-PT","@id":"https:\/\/portaltela.pt\/s.01k8rhncp4jt1\/2025\/11\/talking-bot-125x125.png","url":"https:\/\/portaltela.pt\/s.01k8rhncp4jt1\/2025\/11\/talking-bot-125x125.png","contentUrl":"https:\/\/portaltela.pt\/s.01k8rhncp4jt1\/2025\/11\/talking-bot-125x125.png","caption":"Telinha"},"sameAs":["https:\/\/portaltela.pt\/"],"url":"https:\/\/portaltela.pt\/por\/367410592786\/"}]}},"_links":{"self":[{"href":"https:\/\/portaltela.pt\/api\/wp\/v2\/posts\/363034","targetHints":{"allow":["GET"]}}],"collection":[{"href":"https:\/\/portaltela.pt\/api\/wp\/v2\/posts"}],"about":[{"href":"https:\/\/portaltela.pt\/api\/wp\/v2\/types\/post"}],"author":[{"embeddable":true,"href":"https:\/\/portaltela.pt\/api\/wp\/v2\/users\/2"}],"replies":[{"embeddable":true,"href":"https:\/\/portaltela.pt\/api\/wp\/v2\/comments?post=363034"}],"version-history":[{"count":0,"href":"https:\/\/portaltela.pt\/api\/wp\/v2\/posts\/363034\/revisions"}],"wp:featuredmedia":[{"embeddable":true,"href":"https:\/\/portaltela.pt\/api\/wp\/v2\/media\/389131"}],"wp:attachment":[{"href":"https:\/\/portaltela.pt\/api\/wp\/v2\/media?parent=363034"}],"wp:term":[{"taxonomy":"category","embeddable":true,"href":"https:\/\/portaltela.pt\/api\/wp\/v2\/categories?post=363034"},{"taxonomy":"post_tag","embeddable":true,"href":"https:\/\/portaltela.pt\/api\/wp\/v2\/tags?post=363034"}],"curies":[{"name":"wp","href":"https:\/\/api.w.org\/{rel}","templated":true}]}}